{"id":273860,"date":"2025-12-10T15:35:36","date_gmt":"2025-12-10T12:35:36","guid":{"rendered":"https:\/\/www.tgrthaber.com\/mavikadin\/?p=273860"},"modified":"2025-12-10T15:35:37","modified_gmt":"2025-12-10T12:35:37","slug":"kadir-inanir-hastaligi-nedir-kadir-inanir-oldu-mu","status":"publish","type":"post","link":"https:\/\/www.tgrthaber.com\/mavikadin\/kadir-inanir-hastaligi-nedir-kadir-inanir-oldu-mu\/","title":{"rendered":"Kadir \u0130nan\u0131r hastal\u0131\u011f\u0131 nedir? Kadir \u0130nan\u0131r \u00f6ld\u00fc m\u00fc?"},"content":{"rendered":"<p>Son zamanlarda sa\u011fl\u0131k sorunlar\u0131yla dikkatleri \u00fczerine \u00e7eken Kadir \u0130nan\u0131r\u2019\u0131n hastal\u0131\u011f\u0131n\u0131n ne oldu\u011fu da b\u00fcy\u00fck bir merakla ara\u015ft\u0131r\u0131l\u0131yor. T\u00fcrk sinemas\u0131n\u0131n efsane isimleri aras\u0131nda yer alan \u00fcnl\u00fc oyuncunun \u00f6l\u00fcp \u00f6lmedi\u011fi de s\u0131k\u00e7a arat\u0131lan sorular aras\u0131nda yer al\u0131yor. Beyin damar\u0131na p\u0131ht\u0131 atmas\u0131 sonucu inme ge\u00e7iren Kadir \u0130nan\u0131r\u2019\u0131n bir s\u00fcredir tedavi g\u00f6rd\u00fc\u011f\u00fc biliniyor. Peki, Kadir \u0130nan\u0131r hastal\u0131\u011f\u0131 nedir? Kadir \u0130nan\u0131r \u00f6ld\u00fc m\u00fc? Kadir \u0130nan\u0131r\u2019\u0131n hastal\u0131\u011f\u0131 hakk\u0131nda merak edilenleri sizin i\u00e7in ara\u015ft\u0131rd\u0131k. \u0130\u015fte Kadir \u0130nan\u0131r\u2019\u0131n son sa\u011fl\u0131k durumuna dair bilinmeyenler\u2026<\/p>\n<h3>KAD\u0130R \u0130NANIR HASTALI\u011eI NED\u0130R?<\/h3>\n<p>Ye\u015fil\u00e7am\u2019\u0131n unutulmaz isimleri aras\u0131nda yer alan <a href=\"https:\/\/www.tgrthaber.com\/mavikadin\/cagatay-ulusoydan-yeni-kare-geldi-unlu-oyuncuyu-kadir-inanirin-gencligine-benzettiler\/\">Kadir \u0130nan\u0131r<\/a>, son zamanlarda sa\u011fl\u0131k sorunlar\u0131yla magazin d\u00fcnyas\u0131n\u0131n g\u00fcndeminde yer al\u0131yor. 2024 y\u0131l\u0131n\u0131n mart ay\u0131nda beyin damar\u0131na p\u0131ht\u0131 atmas\u0131 sonucu inme ge\u00e7iren \u00fcnl\u00fc oyuncu, ge\u00e7irdi\u011fi rahats\u0131zl\u0131k sonucu ent\u00fcbe edilerek yo\u011fun bak\u0131mda tedavi alt\u0131na al\u0131nm\u0131\u015ft\u0131. Bir s\u00fcredir sa\u011fl\u0131k sorunlar\u0131yla m\u00fccadele eden Ye\u015fil\u00e7am y\u0131ld\u0131z\u0131n\u0131n hastal\u0131\u011f\u0131 merak konusu oldu.<\/p>\n<p><img loading=\"lazy\" decoding=\"async\" class=\"size-full wp-image-273864\" src=\"https:\/\/www.tgrthaber.com\/mavikadin\/wp-content\/uploads\/Kadir-Inanir-5.jpg\" alt=\"Kadir \u0130nan\u0131r hastal\u0131\u011f\u0131 nedir? Kadir \u0130nan\u0131r \u00f6ld\u00fc m\u00fc? \" width=\"1208\" height=\"680\" title=\"\" srcset=\"https:\/\/www.tgrthaber.com\/mavikadin\/wp-content\/uploads\/Kadir-Inanir-5.jpg 1208w, https:\/\/www.tgrthaber.com\/mavikadin\/wp-content\/uploads\/Kadir-Inanir-5-300x169.jpg 300w, https:\/\/www.tgrthaber.com\/mavikadin\/wp-content\/uploads\/Kadir-Inanir-5-1024x576.jpg 1024w, https:\/\/www.tgrthaber.com\/mavikadin\/wp-content\/uploads\/Kadir-Inanir-5-768x432.jpg 768w\" sizes=\"(max-width: 1208px) 100vw, 1208px\" \/><\/p>\n<hr \/>\n<p>24 Mart 2024\u2019te beyin damar\u0131na p\u0131ht\u0131 atmas\u0131 sonucu hastaneye kald\u0131r\u0131lan <a href=\"https:\/\/www.tgrthaber.com\/mavikadin\/bereketli-topraklar-dizisinde-turkan-soray-ve-kadir-inanir-ruzgari-esecek\/\">Kadir \u0130nan\u0131r<\/a>, 4 ay boyunca yo\u011fun bak\u0131mda kalm\u0131\u015ft\u0131. Yo\u011fun bak\u0131mdaki tedavisinin ard\u0131ndan normal odaya al\u0131nan usta oyuncu, bir s\u00fcre sonra taburcu olmu\u015ftu. \u00d6zellikle son zamanlarda sa\u011fl\u0131k sorunlar\u0131yla dikkatleri \u00fczerine \u00e7eken \u0130nan\u0131r, ge\u00e7ti\u011fimiz temmuz ay\u0131nda akci\u011ferinde geli\u015fen enfeksiyon nedeniyle yeniden hastaneye yat\u0131r\u0131larak tedavi alt\u0131na al\u0131nm\u0131\u015ft\u0131.<\/p>\n<p><img loading=\"lazy\" decoding=\"async\" class=\"size-full wp-image-273862\" src=\"https:\/\/www.tgrthaber.com\/mavikadin\/wp-content\/uploads\/Kadir-Inanir-3-1.jpg\" alt=\"Kadir \u0130nan\u0131r hastal\u0131\u011f\u0131 nedir? Kadir \u0130nan\u0131r \u00f6ld\u00fc m\u00fc? \" width=\"1208\" height=\"680\" title=\"\" srcset=\"https:\/\/www.tgrthaber.com\/mavikadin\/wp-content\/uploads\/Kadir-Inanir-3-1.jpg 1208w, https:\/\/www.tgrthaber.com\/mavikadin\/wp-content\/uploads\/Kadir-Inanir-3-1-300x169.jpg 300w, https:\/\/www.tgrthaber.com\/mavikadin\/wp-content\/uploads\/Kadir-Inanir-3-1-1024x576.jpg 1024w, https:\/\/www.tgrthaber.com\/mavikadin\/wp-content\/uploads\/Kadir-Inanir-3-1-768x432.jpg 768w\" sizes=\"(max-width: 1208px) 100vw, 1208px\" \/><\/p>\n<hr \/>\n<p>Ge\u00e7irdi\u011fi rahats\u0131zl\u0131k sonucu fizik tedavi s\u00fcrecine devam eden 76 ya\u015f\u0131ndaki \u0130nan\u0131r\u2019\u0131n \u015fimdilerde g\u00fcncel bir hastal\u0131\u011f\u0131 bulunmuyor. \u0130nme ge\u00e7irdi\u011fi i\u00e7in fizik tedavi s\u00fcrecine devam eden \u00fcnl\u00fc oyuncu, \u015fimdilerde son haliyle ad\u0131ndan s\u00f6z ettiriyor. Tedavi s\u00fcrecini g\u00f6zlerden uzak ger\u00e7ekle\u015ftiren Ye\u015fil\u00e7am y\u0131ld\u0131z\u0131, zaman zaman payla\u015f\u0131lan yeni foto\u011fraflar\u0131yla magazin g\u00fcndeminde yerini al\u0131yor.<\/p>\n<p><img loading=\"lazy\" decoding=\"async\" class=\"size-full wp-image-273863\" src=\"https:\/\/www.tgrthaber.com\/mavikadin\/wp-content\/uploads\/Kadir-Inanir-4.jpg\" alt=\"Kadir \u0130nan\u0131r hastal\u0131\u011f\u0131 nedir? Kadir \u0130nan\u0131r \u00f6ld\u00fc m\u00fc? \" width=\"1208\" height=\"680\" title=\"\" srcset=\"https:\/\/www.tgrthaber.com\/mavikadin\/wp-content\/uploads\/Kadir-Inanir-4.jpg 1208w, https:\/\/www.tgrthaber.com\/mavikadin\/wp-content\/uploads\/Kadir-Inanir-4-300x169.jpg 300w, https:\/\/www.tgrthaber.com\/mavikadin\/wp-content\/uploads\/Kadir-Inanir-4-1024x576.jpg 1024w, https:\/\/www.tgrthaber.com\/mavikadin\/wp-content\/uploads\/Kadir-Inanir-4-768x432.jpg 768w\" sizes=\"(max-width: 1208px) 100vw, 1208px\" \/><\/p>\n<hr \/>\n<h3>KAD\u0130R \u0130NANIR \u00d6LD\u00dc M\u00dc?<\/h3>\n<p>Ye\u015fil\u00e7am\u2019\u0131n usta isimlerinden <a href=\"https:\/\/www.tgrthaber.com\/mavikadin\/kadir-inanirin-son-saglik-durumu-ne-kadir-inanir-hastaligi-neydi\/\">Kadir \u0130nan\u0131r<\/a>, hen\u00fcz \u00f6lmedi. \u0130nan\u0131r\u2019\u0131n zaman zaman \u00f6ld\u00fc\u011f\u00fcne dair haberler \u00e7\u0131ksa da bu bilgiler ger\u00e7e\u011fi yans\u0131tm\u0131yor. Beyin damar\u0131 t\u0131kan\u0131kl\u0131\u011f\u0131 nedeniyle ciddi bir sa\u011fl\u0131k sorunu ya\u015fayan ve yo\u011fun bak\u0131m s\u00fcrecinin ard\u0131ndan tedavisine devam eden \u0130nan\u0131r, \u015fimdilerde sa\u011fl\u0131k sorunlar\u0131yla g\u00fcndeme geliyor.<\/p>\n<p><img loading=\"lazy\" decoding=\"async\" class=\"size-full wp-image-273861\" src=\"https:\/\/www.tgrthaber.com\/mavikadin\/wp-content\/uploads\/Kadir-Inanir-2-1.jpg\" alt=\"Kadir \u0130nan\u0131r hastal\u0131\u011f\u0131 nedir? Kadir \u0130nan\u0131r \u00f6ld\u00fc m\u00fc? \" width=\"1208\" height=\"680\" title=\"\" srcset=\"https:\/\/www.tgrthaber.com\/mavikadin\/wp-content\/uploads\/Kadir-Inanir-2-1.jpg 1208w, https:\/\/www.tgrthaber.com\/mavikadin\/wp-content\/uploads\/Kadir-Inanir-2-1-300x169.jpg 300w, https:\/\/www.tgrthaber.com\/mavikadin\/wp-content\/uploads\/Kadir-Inanir-2-1-1024x576.jpg 1024w, https:\/\/www.tgrthaber.com\/mavikadin\/wp-content\/uploads\/Kadir-Inanir-2-1-768x432.jpg 768w\" sizes=\"(max-width: 1208px) 100vw, 1208px\" \/><\/p>\n<hr \/>\n<p>Beyin damar\u0131na p\u0131ht\u0131 atmas\u0131 sonucu uzun bir s\u00fcre ciddi sa\u011fl\u0131k sorunlar\u0131yla m\u00fccadele eden Kadir \u0130nan\u0131r, yakla\u015f\u0131k 1 y\u0131ld\u0131r fizik tedavisine devam ediyor. \u0130nan\u0131r\u2019\u0131 bu s\u00fcre\u00e7te yak\u0131n \u00e7evresi ve dostlar\u0131 yaln\u0131z b\u0131rakm\u0131yor. \u015eimdilerde fizik tedavi s\u00fcrecine evinde devam eden usta oyuncu, son haliyle g\u00fcndeme geldi.<\/p>\n<p><img loading=\"lazy\" decoding=\"async\" class=\"size-full wp-image-273866\" src=\"https:\/\/www.tgrthaber.com\/mavikadin\/wp-content\/uploads\/Kadir-Inanir-1-1.jpg\" alt=\"Kadir \u0130nan\u0131r hastal\u0131\u011f\u0131 nedir? Kadir \u0130nan\u0131r \u00f6ld\u00fc m\u00fc?\" width=\"1208\" height=\"680\" title=\"\" srcset=\"https:\/\/www.tgrthaber.com\/mavikadin\/wp-content\/uploads\/Kadir-Inanir-1-1.jpg 1208w, https:\/\/www.tgrthaber.com\/mavikadin\/wp-content\/uploads\/Kadir-Inanir-1-1-300x169.jpg 300w, https:\/\/www.tgrthaber.com\/mavikadin\/wp-content\/uploads\/Kadir-Inanir-1-1-1024x576.jpg 1024w, https:\/\/www.tgrthaber.com\/mavikadin\/wp-content\/uploads\/Kadir-Inanir-1-1-768x432.jpg 768w\" sizes=\"(max-width: 1208px) 100vw, 1208px\" \/><\/p>\n<hr \/>\n<p>\u0130stanbul Fatsal\u0131lar Derne\u011fi Ba\u015fkan\u0131 Osman Cayak, Ordu\u2013Fatsa do\u011fumlu usta sanat\u00e7\u0131<a href=\"https:\/\/www.tgrthaber.com\/mavikadin\/kadir-inanirin-son-hali-gorenleri-saskina-cevirdi-hayraninin-paylastigi-fotograf-ortaligi-karistirdi\/\"> Kadir \u0130nan\u0131r\u2019\u0131<\/a> ziyarette bulundu. Cayak\u2019\u0131n \u0130nan\u0131r\u2019la birlikte \u00e7ekildi\u011fi foto\u011fraf k\u0131sa s\u00fcrede magazin d\u00fcnyas\u0131nda b\u00fcy\u00fck ses getirdi. Ziyarette \u00e7ekilen g\u00f6r\u00fcnt\u00fclerde, \u0130nan\u0131r\u2019\u0131n tedavisinin devam etti\u011fi ve iyile\u015fme s\u00fcrecinin s\u00fcrd\u00fc\u011f\u00fc g\u00f6r\u00fcld\u00fc.<\/p>\n<p><img loading=\"lazy\" decoding=\"async\" class=\"size-full wp-image-273865\" src=\"https:\/\/www.tgrthaber.com\/mavikadin\/wp-content\/uploads\/Kadir-Inanir-6.jpg\" alt=\"Kadir \u0130nan\u0131r hastal\u0131\u011f\u0131 nedir? Kadir \u0130nan\u0131r \u00f6ld\u00fc m\u00fc? \" width=\"1208\" height=\"680\" title=\"\" srcset=\"https:\/\/www.tgrthaber.com\/mavikadin\/wp-content\/uploads\/Kadir-Inanir-6.jpg 1208w, https:\/\/www.tgrthaber.com\/mavikadin\/wp-content\/uploads\/Kadir-Inanir-6-300x169.jpg 300w, https:\/\/www.tgrthaber.com\/mavikadin\/wp-content\/uploads\/Kadir-Inanir-6-1024x576.jpg 1024w, https:\/\/www.tgrthaber.com\/mavikadin\/wp-content\/uploads\/Kadir-Inanir-6-768x432.jpg 768w\" sizes=\"(max-width: 1208px) 100vw, 1208px\" \/><\/p>\n<hr \/>\n<p>Usta sanat\u00e7\u0131 ile foto\u011fraf\u0131n\u0131 payla\u015fan \u0130stanbul Fatsal\u0131lar Derne\u011fi Ba\u015fkan\u0131 Osman Cayak, ziyaret sonras\u0131 \u201cYa\u015fayan efsane Kadir \u0130nan\u0131r a\u011fabeyimizin fizik tedavisi t\u00fcm h\u0131z\u0131yla s\u00fcr\u00fcyor. Morali \u00e7ok y\u00fcksek, sohbeti \u00e7ok g\u00fczel\u2026 T\u00fcm sevenlerine selamlar\u0131n\u0131 iletti. Fatsa sevgisini her f\u0131rsatta dile getirdi.\u201d ifadelerine yer verdi.<\/p>\n","protected":false},"excerpt":{"rendered":"<p>T\u00fcrk sinemas\u0131n\u0131n efsane isimleri aras\u0131nda yer alan Kadir \u0130nan\u0131r\u2019\u0131n hastal\u0131\u011f\u0131n\u0131n ne oldu\u011fu merakla ara\u015ft\u0131r\u0131l\u0131yor. Peki, Kadir \u0130nan\u0131r hastal\u0131\u011f\u0131 nedir? Kadir \u0130nan\u0131r \u00f6ld\u00fc m\u00fc? \u0130\u015fte detaylar\u2026<\/p>\n","protected":false},"author":26,"featured_media":273866,"comment_status":"closed","ping_status":"closed","sticky":false,"template":"","format":"standard","meta":{"rank_math_lock_modified_date":false,"footnotes":""},"categories":[76],"tags":[3424,67989,21161,133,2218],"class_list":["post-273860","post","type-post","status-publish","format-standard","has-post-thumbnail","hentry","category-magazin","tag-kadir-inanir","tag-kadir-inanir-hastaligi","tag-kadir-inanir-son-hali","tag-magazin","tag-magazin-haberleri"],"_links":{"self":[{"href":"https:\/\/www.tgrthaber.com\/mavikadin\/wp-json\/wp\/v2\/posts\/273860"}],"collection":[{"href":"https:\/\/www.tgrthaber.com\/mavikadin\/wp-json\/wp\/v2\/posts"}],"about":[{"href":"https:\/\/www.tgrthaber.com\/mavikadin\/wp-json\/wp\/v2\/types\/post"}],"author":[{"embeddable":true,"href":"https:\/\/www.tgrthaber.com\/mavikadin\/wp-json\/wp\/v2\/users\/26"}],"replies":[{"embeddable":true,"href":"https:\/\/www.tgrthaber.com\/mavikadin\/wp-json\/wp\/v2\/comments?post=273860"}],"version-history":[{"count":1,"href":"https:\/\/www.tgrthaber.com\/mavikadin\/wp-json\/wp\/v2\/posts\/273860\/revisions"}],"predecessor-version":[{"id":273867,"href":"https:\/\/www.tgrthaber.com\/mavikadin\/wp-json\/wp\/v2\/posts\/273860\/revisions\/273867"}],"wp:featuredmedia":[{"embeddable":true,"href":"https:\/\/www.tgrthaber.com\/mavikadin\/wp-json\/wp\/v2\/media\/273866"}],"wp:attachment":[{"href":"https:\/\/www.tgrthaber.com\/mavikadin\/wp-json\/wp\/v2\/media?parent=273860"}],"wp:term":[{"taxonomy":"category","embeddable":true,"href":"https:\/\/www.tgrthaber.com\/mavikadin\/wp-json\/wp\/v2\/categories?post=273860"},{"taxonomy":"post_tag","embeddable":true,"href":"https:\/\/www.tgrthaber.com\/mavikadin\/wp-json\/wp\/v2\/tags?post=273860"}],"curies":[{"name":"wp","href":"https:\/\/api.w.org\/{rel}","templated":true}]}}