{"id":273912,"date":"2025-12-10T17:20:33","date_gmt":"2025-12-10T14:20:33","guid":{"rendered":"https:\/\/www.tgrthaber.com\/mavikadin\/?p=273912"},"modified":"2025-12-10T17:20:33","modified_gmt":"2025-12-10T14:20:33","slug":"2026-yilinin-hastaligi-belli-oldu-viruslere-karsi-direnc-guclendiren-karisimlar","status":"publish","type":"post","link":"https:\/\/www.tgrthaber.com\/mavikadin\/2026-yilinin-hastaligi-belli-oldu-viruslere-karsi-direnc-guclendiren-karisimlar\/","title":{"rendered":"2026 y\u0131l\u0131n\u0131n hastal\u0131\u011f\u0131 belli oldu! Vir\u00fcslere kar\u015f\u0131 diren\u00e7 g\u00fc\u00e7lendiren kar\u0131\u015f\u0131mlar"},"content":{"rendered":"<p>2026 y\u0131l\u0131na yakla\u015ft\u0131\u011f\u0131m\u0131z g\u00fcnlerde viral enfeksiyonlarda olduk\u00e7a art\u0131\u015f g\u00f6z\u00fck\u00fcyor. \u00d6zellikle de k\u0131\u015f aylar\u0131n\u0131n da gelmesiyle dikkat \u00e7eken bu hastal\u0131klar adlar\u0131 ile de belli oldu. Bizde vir\u00fcslere kar\u015f\u0131 diren\u00e7 g\u00fc\u00e7lendiren kar\u0131\u015f\u0131mlar\u0131 sizin i\u00e7in ara\u015ft\u0131rd\u0131k. \u0130\u015fte detaylar\u2026<\/p>\n<h3>2026 YILININ HASTALI\u011eI BELL\u0130 OLDU!<\/h3>\n<p>2026 y\u0131l\u0131na girilece\u011fi son g\u00fcnlerde yeni hastal\u0131klarda belli oldu. Viral enfeksiyonlar\u0131n artmas\u0131yla daha \u00e7ok \u00f6n plana \u00e7\u0131kan hastal\u0131klar, sa\u011fl\u0131\u011f\u0131 tehdit eden konular aras\u0131nda yer al\u0131yor. K\u0131\u015f d\u00f6nemlerin de art\u0131\u015f g\u00f6steren <a href=\"https:\/\/www.tgrthaber.com\/mavikadin\/kuru-oksurugu-aninda-bitiren-kur-her-evde-olmasi-gereken-dogal-ilac\/\">grip, so\u011fuk alg\u0131nl\u0131\u011f\u0131 ve solunum yollar\u0131<\/a> gibi durumlar\u0131 da \u00f6n plana \u00e7\u0131kar\u0131yor.<\/p>\n<p><img loading=\"lazy\" decoding=\"async\" class=\"alignnone size-full wp-image-273974\" src=\"https:\/\/www.tgrthaber.com\/mavikadin\/wp-content\/uploads\/ARZU-2025-12-10T171605.380.jpg\" alt=\"2026 y\u0131l\u0131n\u0131n hastal\u0131\u011f\u0131 belli oldu! Vir\u00fcslere kar\u015f\u0131 diren\u00e7 g\u00fc\u00e7lendiren kar\u0131\u015f\u0131mlar\" width=\"1208\" height=\"680\" title=\"\" srcset=\"https:\/\/www.tgrthaber.com\/mavikadin\/wp-content\/uploads\/ARZU-2025-12-10T171605.380.jpg 1208w, https:\/\/www.tgrthaber.com\/mavikadin\/wp-content\/uploads\/ARZU-2025-12-10T171605.380-300x169.jpg 300w, https:\/\/www.tgrthaber.com\/mavikadin\/wp-content\/uploads\/ARZU-2025-12-10T171605.380-1024x576.jpg 1024w, https:\/\/www.tgrthaber.com\/mavikadin\/wp-content\/uploads\/ARZU-2025-12-10T171605.380-768x432.jpg 768w\" sizes=\"(max-width: 1208px) 100vw, 1208px\" \/><\/p>\n<hr \/>\n<p>Ba\u011f\u0131\u015f\u0131kl\u0131\u011f\u0131 zay\u0131f olan ki\u015filerde de risk fakt\u00f6r\u00fc olu\u015fturan hastal\u0131klar ciddi sonu\u00e7lara da neden olabiliyor. Ba\u011f\u0131\u015f\u0131k sistemlerini g\u00fc\u00e7lendirmek ise sizlerin elinde. K\u0131\u015f aylar\u0131nda daha bir dikkatli olman\u0131z gerekiyor. Do\u011fru beslenmenin yan\u0131nda ufak tefek yap\u0131lacak olan takviyeler de hastal\u0131klar\u0131 son derece yok etme de iyi sonu\u00e7 \u00e7\u0131kart\u0131yor.<\/p>\n<p><img loading=\"lazy\" decoding=\"async\" class=\"alignnone size-full wp-image-273977\" src=\"https:\/\/www.tgrthaber.com\/mavikadin\/wp-content\/uploads\/ARZU-2025-12-10T171545.668.jpg\" alt=\"2026 y\u0131l\u0131n\u0131n hastal\u0131\u011f\u0131 belli oldu! Vir\u00fcslere kar\u015f\u0131 diren\u00e7 g\u00fc\u00e7lendiren kar\u0131\u015f\u0131mlar\" width=\"1208\" height=\"680\" title=\"\" srcset=\"https:\/\/www.tgrthaber.com\/mavikadin\/wp-content\/uploads\/ARZU-2025-12-10T171545.668.jpg 1208w, https:\/\/www.tgrthaber.com\/mavikadin\/wp-content\/uploads\/ARZU-2025-12-10T171545.668-300x169.jpg 300w, https:\/\/www.tgrthaber.com\/mavikadin\/wp-content\/uploads\/ARZU-2025-12-10T171545.668-1024x576.jpg 1024w, https:\/\/www.tgrthaber.com\/mavikadin\/wp-content\/uploads\/ARZU-2025-12-10T171545.668-768x432.jpg 768w\" sizes=\"(max-width: 1208px) 100vw, 1208px\" \/><\/p>\n<hr \/>\n<p>Yap\u0131lan her t\u00fcrl\u00fc ara\u015ft\u0131rmada g\u00f6r\u00fcld\u00fc\u011f\u00fc \u00fczere sebze, meyve ve tah\u0131ll\u0131 \u00fcr\u00fcnler ile yap\u0131lan beslenme durumlar\u0131 v\u00fccudun do\u011fal savunma kanallar\u0131n\u0131 etkin hale getiriyor. Vir\u00fcsler hastal\u0131kl\u0131 olabilecek vir\u00fcslerden korunabiliyor. Vitaminler ve \u00e7inko gibi mineraller ba\u011f\u0131\u015f\u0131kl\u0131k sistemini son derece dengeliyor.<\/p>\n<p><img loading=\"lazy\" decoding=\"async\" class=\"alignnone size-full wp-image-273979\" src=\"https:\/\/www.tgrthaber.com\/mavikadin\/wp-content\/uploads\/ARZU-99-20.jpg\" alt=\"2026 y\u0131l\u0131n\u0131n hastal\u0131\u011f\u0131 belli oldu! Vir\u00fcslere kar\u015f\u0131 diren\u00e7 g\u00fc\u00e7lendiren kar\u0131\u015f\u0131mlar\" width=\"1208\" height=\"680\" title=\"\" srcset=\"https:\/\/www.tgrthaber.com\/mavikadin\/wp-content\/uploads\/ARZU-99-20.jpg 1208w, https:\/\/www.tgrthaber.com\/mavikadin\/wp-content\/uploads\/ARZU-99-20-300x169.jpg 300w, https:\/\/www.tgrthaber.com\/mavikadin\/wp-content\/uploads\/ARZU-99-20-1024x576.jpg 1024w, https:\/\/www.tgrthaber.com\/mavikadin\/wp-content\/uploads\/ARZU-99-20-768x432.jpg 768w\" sizes=\"(max-width: 1208px) 100vw, 1208px\" \/><\/p>\n<hr \/>\n<p>A, C, D E gibi vitaminler, ba\u011f\u0131\u015f\u0131kl\u0131k sisteminin g\u00f6revlerini yerine getirmesinde kritik yol oynayabiliyor. \u00d6zellikle de k\u0131\u015f aylar\u0131nda yo\u011furt, kefir gibi ba\u011f\u0131rsak floras\u0131n\u0131n g\u00fc\u00e7lendirecek v\u00fccut direncini art\u0131ran besinler tercih edilmesi gerekiyor. \u00c7\u00fcnk\u00fc ba\u011f\u0131\u015f\u0131kl\u0131\u011f\u0131n b\u00fcy\u00fck bir b\u00f6l\u00fcm\u00fc probiyotik beslenmeyle daha g\u00fc\u00e7l\u00fc oluyor.<\/p>\n<p><img loading=\"lazy\" decoding=\"async\" class=\"alignnone size-full wp-image-273980\" src=\"https:\/\/www.tgrthaber.com\/mavikadin\/wp-content\/uploads\/ARZU-98-20.jpg\" alt=\"2026 y\u0131l\u0131n\u0131n hastal\u0131\u011f\u0131 belli oldu! Vir\u00fcslere kar\u015f\u0131 diren\u00e7 g\u00fc\u00e7lendiren kar\u0131\u015f\u0131mlar\" width=\"1208\" height=\"680\" title=\"\" srcset=\"https:\/\/www.tgrthaber.com\/mavikadin\/wp-content\/uploads\/ARZU-98-20.jpg 1208w, https:\/\/www.tgrthaber.com\/mavikadin\/wp-content\/uploads\/ARZU-98-20-300x169.jpg 300w, https:\/\/www.tgrthaber.com\/mavikadin\/wp-content\/uploads\/ARZU-98-20-1024x576.jpg 1024w, https:\/\/www.tgrthaber.com\/mavikadin\/wp-content\/uploads\/ARZU-98-20-768x432.jpg 768w\" sizes=\"(max-width: 1208px) 100vw, 1208px\" \/><\/p>\n<hr \/>\n<p>Sar\u0131msak, zencefil, zerde\u00e7al, karabiber gibi antioksidanlar \u00f6zellikleri g\u00fcnl\u00fck yemeklerde de kullan\u0131mlar\u0131yla v\u00fccudun savunmas\u0131nda destekler sa\u011flar. \u00dcstelik ba\u011f\u0131\u015f\u0131kl\u0131k kazanabilece\u011finiz kar\u0131\u015f\u0131mlar\u0131 kendiniz de haz\u0131rlayabilirsiniz.<\/p>\n<h3><img loading=\"lazy\" decoding=\"async\" class=\"alignnone size-full wp-image-273971\" src=\"https:\/\/www.tgrthaber.com\/mavikadin\/wp-content\/uploads\/ARZU-2025-12-10T171711.975.jpg\" alt=\"2026 y\u0131l\u0131n\u0131n hastal\u0131\u011f\u0131 belli oldu! Vir\u00fcslere kar\u015f\u0131 diren\u00e7 g\u00fc\u00e7lendiren kar\u0131\u015f\u0131mlar\" width=\"1208\" height=\"680\" title=\"\" srcset=\"https:\/\/www.tgrthaber.com\/mavikadin\/wp-content\/uploads\/ARZU-2025-12-10T171711.975.jpg 1208w, https:\/\/www.tgrthaber.com\/mavikadin\/wp-content\/uploads\/ARZU-2025-12-10T171711.975-300x169.jpg 300w, https:\/\/www.tgrthaber.com\/mavikadin\/wp-content\/uploads\/ARZU-2025-12-10T171711.975-1024x576.jpg 1024w, https:\/\/www.tgrthaber.com\/mavikadin\/wp-content\/uploads\/ARZU-2025-12-10T171711.975-768x432.jpg 768w\" sizes=\"(max-width: 1208px) 100vw, 1208px\" \/><\/h3>\n<hr \/>\n<h3>V\u0130R\u00dcSLERE KAR\u015eI D\u0130REN\u00c7 G\u00dc\u00c7LEND\u0130REN KARI\u015eIMLAR<\/h3>\n<p>Vir\u00fcslere kar\u015f\u0131 diren\u00e7 kazand\u0131ran kar\u0131\u015f\u0131mlar \u00f6zellikle k\u0131\u015f aylar\u0131nda en \u00e7ok ara\u015ft\u0131r\u0131lan konulardan biri oluyor. Ba\u011f\u0131\u015f\u0131kl\u0131\u011f\u0131 destekleyen bu kar\u0131\u015f\u0131mlar portakal, limon ve kivi gibi C vitaminleri zengin meyveler aras\u0131nda yer al\u0131yor. Probiyotik olarak b\u00fcy\u00fck bir beslenme kayna\u011f\u0131 olan besinler ba\u011f\u0131\u015f\u0131kl\u0131\u011f\u0131 da olduk\u00e7a \u00f6nemli derecede etkiliyor.<\/p>\n<p><img loading=\"lazy\" decoding=\"async\" class=\"alignnone size-full wp-image-273972\" src=\"https:\/\/www.tgrthaber.com\/mavikadin\/wp-content\/uploads\/ARZU-2025-12-10T171633.008.jpg\" alt=\"2026 y\u0131l\u0131n\u0131n hastal\u0131\u011f\u0131 belli oldu! Vir\u00fcslere kar\u015f\u0131 diren\u00e7 g\u00fc\u00e7lendiren kar\u0131\u015f\u0131mlar\" width=\"1208\" height=\"680\" title=\"\" srcset=\"https:\/\/www.tgrthaber.com\/mavikadin\/wp-content\/uploads\/ARZU-2025-12-10T171633.008.jpg 1208w, https:\/\/www.tgrthaber.com\/mavikadin\/wp-content\/uploads\/ARZU-2025-12-10T171633.008-300x169.jpg 300w, https:\/\/www.tgrthaber.com\/mavikadin\/wp-content\/uploads\/ARZU-2025-12-10T171633.008-1024x576.jpg 1024w, https:\/\/www.tgrthaber.com\/mavikadin\/wp-content\/uploads\/ARZU-2025-12-10T171633.008-768x432.jpg 768w\" sizes=\"(max-width: 1208px) 100vw, 1208px\" \/><\/p>\n<hr \/>\n<p>Bal ve zencefil birle\u015firse g\u00fc\u00e7l\u00fc bir antioksidan olu\u015fturulur. Daha sonra zerde\u00e7al ve karabiber birle\u015fmesi de hem iltihaplanmay\u0131 hem de viral enfeksiyonlara kar\u015f\u0131 destek sa\u011fl\u0131yor. Yo\u011furt, zencefil, karabiber ve bal\u0131n birle\u015fmesiyle ba\u011f\u0131rsak dostu olmas\u0131 ayr\u0131ca da v\u00fccudun savunma mekanizmas\u0131n\u0131 g\u00fc\u00e7lendirmesiyle de dikkat \u00e7ekiyor.<\/p>\n<p><img loading=\"lazy\" decoding=\"async\" class=\"alignnone size-full wp-image-273973\" src=\"https:\/\/www.tgrthaber.com\/mavikadin\/wp-content\/uploads\/ARZU-2025-12-10T171622.676.jpg\" alt=\"2026 y\u0131l\u0131n\u0131n hastal\u0131\u011f\u0131 belli oldu! Vir\u00fcslere kar\u015f\u0131 diren\u00e7 g\u00fc\u00e7lendiren kar\u0131\u015f\u0131mlar\" width=\"1208\" height=\"680\" title=\"\" srcset=\"https:\/\/www.tgrthaber.com\/mavikadin\/wp-content\/uploads\/ARZU-2025-12-10T171622.676.jpg 1208w, https:\/\/www.tgrthaber.com\/mavikadin\/wp-content\/uploads\/ARZU-2025-12-10T171622.676-300x169.jpg 300w, https:\/\/www.tgrthaber.com\/mavikadin\/wp-content\/uploads\/ARZU-2025-12-10T171622.676-1024x576.jpg 1024w, https:\/\/www.tgrthaber.com\/mavikadin\/wp-content\/uploads\/ARZU-2025-12-10T171622.676-768x432.jpg 768w\" sizes=\"(max-width: 1208px) 100vw, 1208px\" \/><\/p>\n<hr \/>\n<p>\u00d6zellikle de uyku d\u00fczeni, stres y\u00f6netimi be hareketli ya\u015fam da bu hastal\u0131klarla m\u00fccadele de olduk\u00e7a \u00f6nemli yer al\u0131yor. Bunlar\u0131n tam olarak yap\u0131lmad\u0131\u011f\u0131 s\u00fcrece v\u00fccut savunmas\u0131z bir \u015fekilde kalabiliyor. D\u00fczenli y\u00fcr\u00fcy\u00fc\u015f, temiz hava ve g\u00fcn \u0131\u015f\u0131\u011f\u0131ndan dolay\u0131 D vitamini almak da ba\u011f\u0131\u015f\u0131kl\u0131\u011f\u0131n temel ta\u015flad\u0131 aras\u0131nda yer al\u0131yor.<\/p>\n","protected":false},"excerpt":{"rendered":"<p>2026 y\u0131l\u0131n\u0131n hastal\u0131\u011f\u0131 belli oldu. Sizlerde bu hastal\u0131\u011fa yakalanmamak ad\u0131na nas\u0131l korunaca\u011f\u0131n\u0131z\u0131 merak ediyor ve vir\u00fcslere kar\u015f\u0131 diren\u00e7li olmak istiyorsan\u0131z, g\u00fc\u00e7lendiren kar\u0131\u015f\u0131mlar\u0131 tercih etmelisiniz. \u0130\u015fte detaylar\u2026<\/p>\n","protected":false},"author":34,"featured_media":273975,"comment_status":"closed","ping_status":"closed","sticky":false,"template":"","format":"standard","meta":{"rank_math_lock_modified_date":false,"footnotes":""},"categories":[1991],"tags":[67997,3310,18006,173,16668,2108,67998],"class_list":["post-273912","post","type-post","status-publish","format-standard","has-post-thumbnail","hentry","category-saglik","tag-2026-yili-hastalik","tag-dogal-karisimlar","tag-karisim","tag-saglik","tag-saglik-haberleri","tag-virus","tag-viruse-direnc-saglayan-karisimlar"],"_links":{"self":[{"href":"https:\/\/www.tgrthaber.com\/mavikadin\/wp-json\/wp\/v2\/posts\/273912"}],"collection":[{"href":"https:\/\/www.tgrthaber.com\/mavikadin\/wp-json\/wp\/v2\/posts"}],"about":[{"href":"https:\/\/www.tgrthaber.com\/mavikadin\/wp-json\/wp\/v2\/types\/post"}],"author":[{"embeddable":true,"href":"https:\/\/www.tgrthaber.com\/mavikadin\/wp-json\/wp\/v2\/users\/34"}],"replies":[{"embeddable":true,"href":"https:\/\/www.tgrthaber.com\/mavikadin\/wp-json\/wp\/v2\/comments?post=273912"}],"version-history":[{"count":2,"href":"https:\/\/www.tgrthaber.com\/mavikadin\/wp-json\/wp\/v2\/posts\/273912\/revisions"}],"predecessor-version":[{"id":273981,"href":"https:\/\/www.tgrthaber.com\/mavikadin\/wp-json\/wp\/v2\/posts\/273912\/revisions\/273981"}],"wp:featuredmedia":[{"embeddable":true,"href":"https:\/\/www.tgrthaber.com\/mavikadin\/wp-json\/wp\/v2\/media\/273975"}],"wp:attachment":[{"href":"https:\/\/www.tgrthaber.com\/mavikadin\/wp-json\/wp\/v2\/media?parent=273912"}],"wp:term":[{"taxonomy":"category","embeddable":true,"href":"https:\/\/www.tgrthaber.com\/mavikadin\/wp-json\/wp\/v2\/categories?post=273912"},{"taxonomy":"post_tag","embeddable":true,"href":"https:\/\/www.tgrthaber.com\/mavikadin\/wp-json\/wp\/v2\/tags?post=273912"}],"curies":[{"name":"wp","href":"https:\/\/api.w.org\/{rel}","templated":true}]}}