{"id":273914,"date":"2025-12-10T17:00:06","date_gmt":"2025-12-10T14:00:06","guid":{"rendered":"https:\/\/www.tgrthaber.com\/mavikadin\/?p=273914"},"modified":"2025-12-10T17:00:07","modified_gmt":"2025-12-10T14:00:07","slug":"coskun-gogenin-saglik-durumu-nasil-coskun-gogen-oldu-mu","status":"publish","type":"post","link":"https:\/\/www.tgrthaber.com\/mavikadin\/coskun-gogenin-saglik-durumu-nasil-coskun-gogen-oldu-mu\/","title":{"rendered":"Co\u015fkun G\u00f6\u011fen&#8217;in sa\u011fl\u0131k durumu nas\u0131l? Co\u015fkun G\u00f6\u011fen \u00f6ld\u00fc m\u00fc?"},"content":{"rendered":"<p>Ye\u015fil\u00e7am&#8217;\u0131n unutulmaz isimlerinden \u00c7o\u015fkun G\u00f6\u011fen&#8217;in hastaneye kald\u0131r\u0131lmas\u0131 g\u00fcndemim merkezinde yer ald\u0131. Usta oyuncunun sa\u011fl\u0131k durumuna ili\u015fkin arama motorlar\u0131nda t\u00fcm detaylar aara\u015ft\u0131r\u0131l\u0131yor. &#8216;Co\u015fkun G\u00f6\u011fen sa\u011fl\u0131k durumu nas\u0131l?&#8217;, &#8216;Co\u015fkun G\u00f6\u011fen \u00f6ld\u00fc m\u00fc?&#8217; sorular\u0131 h\u0131z kazanm\u0131\u015fken, G\u00f6\u011fen&#8217;in son durumuna ili\u015fkin t\u00fcm detaylar\u0131 haberimizde bulabilirsiniz&#8230;<\/p>\n<h3>CO\u015eKUN G\u00d6\u011eEN SA\u011eLIK DURUMU NASIL?<\/h3>\n<p><a href=\"https:\/\/www.tgrthaber.com\/mavikadin\/esref-ruya-dizisine-bomba-transfer-yesilcamin-usta-ismi-nuri-alco-geliyor\/\">Ye\u015fil\u00e7am<\/a>&#8216;da k\u00f6t\u00fc rolleriyle tan\u0131nan Co\u015fkun G\u00f6\u011fen, nefes darl\u0131\u011f\u0131 ve g\u00f6\u011f\u00fcs b\u00f6lgesindeki rahats\u0131zl\u0131\u011f\u0131n fazlala\u015fmas\u0131 \u00fczerine Antalya \u015eehir Hastanesi\u2019ne kald\u0131r\u0131ld\u0131. Doktorlar taraf\u0131ndan yap\u0131lan m\u00fcdahale sonras\u0131 G\u00f6\u011fen&#8217;de zat\u00fcrre ba\u015flang\u0131c\u0131, nefes yolunda enfeksiyon ve KOAH tespit etti. Ayr\u0131ca kalp damarlar\u0131yla ilgili kritik bir seviyede oldu\u011fu i\u00e7in usta oyuncu, kalp damar cerrahisi servisinde g\u00f6zetim alt\u0131na bulunuyor.<\/p>\n<p><img loading=\"lazy\" decoding=\"async\" class=\"alignnone wp-image-273933\" src=\"https:\/\/www.tgrthaber.com\/mavikadin\/wp-content\/uploads\/2Vct-coskun-gogen-kimdir-kac-yasinda-nereli-oldu-mu-kizi-ve-esi-neden-vefat-etti-300x169.webp\" alt=\"\" width=\"1208\" height=\"680\" title=\"\" srcset=\"https:\/\/www.tgrthaber.com\/mavikadin\/wp-content\/uploads\/2Vct-coskun-gogen-kimdir-kac-yasinda-nereli-oldu-mu-kizi-ve-esi-neden-vefat-etti-300x169.webp 300w, https:\/\/www.tgrthaber.com\/mavikadin\/wp-content\/uploads\/2Vct-coskun-gogen-kimdir-kac-yasinda-nereli-oldu-mu-kizi-ve-esi-neden-vefat-etti-1024x576.webp 1024w, https:\/\/www.tgrthaber.com\/mavikadin\/wp-content\/uploads\/2Vct-coskun-gogen-kimdir-kac-yasinda-nereli-oldu-mu-kizi-ve-esi-neden-vefat-etti-768x432.webp 768w, https:\/\/www.tgrthaber.com\/mavikadin\/wp-content\/uploads\/2Vct-coskun-gogen-kimdir-kac-yasinda-nereli-oldu-mu-kizi-ve-esi-neden-vefat-etti.webp 1280w\" sizes=\"(max-width: 1208px) 100vw, 1208px\" \/><\/p>\n<hr \/>\n<p>Co\u015fkun G\u00f6\u011fen ge\u00e7en y\u0131l e\u015fini kaybetmi\u015f ve sonras\u0131nda h\u0131zla kilo vererek g\u00fcndeme gelmi\u015fti. Bu s\u00fcre\u00e7te ba\u011f\u0131\u015f\u0131kl\u0131k sisteminin zay\u0131flad\u0131\u011f\u0131 s\u00f6yleniyor. Sette \u00e7ekim yapt\u0131\u011f\u0131 s\u0131rada a\u011f\u0131r bir \u00fc\u015f\u00fctme sonras\u0131 ba\u015flayan rahats\u0131zl\u0131\u011f\u0131, akci\u011ferlerinde hasar olu\u015fturmu\u015f.<\/p>\n<p><img loading=\"lazy\" decoding=\"async\" class=\"alignnone wp-image-273937\" src=\"https:\/\/www.tgrthaber.com\/mavikadin\/wp-content\/uploads\/6880da67c25059b6e3093323-300x171.gif\" alt=\"\" width=\"1208\" height=\"689\" title=\"\" srcset=\"https:\/\/www.tgrthaber.com\/mavikadin\/wp-content\/uploads\/6880da67c25059b6e3093323-300x171.gif 300w, https:\/\/www.tgrthaber.com\/mavikadin\/wp-content\/uploads\/6880da67c25059b6e3093323-768x438.gif 768w\" sizes=\"(max-width: 1208px) 100vw, 1208px\" \/><\/p>\n<hr \/>\n<p>Doktorlar\u0131n payla\u015ft\u0131\u011f\u0131 son bilgilere g\u00f6re usta oyuncunun tedavisi ila\u00e7la devam ediyor. Ayr\u0131ca G\u00f6\u011fen&#8217;in kalp fonksiyonlar\u0131 da \u015fu anda d\u00fczenli \u015fekilde takip ediliyor. Hastane tedavisinde G\u00f6\u011fen\u2019in moralinin yerinde oldu\u011fu gelen bilgiler aras\u0131nda. \u00c7evresinin deste\u011fiyle sa\u011fl\u0131k s\u00fcrecini atlatmaya \u00e7al\u0131\u015fan Co\u015fkun G\u00f6\u011fen&#8217;in sa\u011fl\u0131k durumu \u015fu an i\u00e7in doktor kontrol\u00fcnde devam ediyor.<\/p>\n<p><img loading=\"lazy\" decoding=\"async\" class=\"alignnone wp-image-273932\" src=\"https:\/\/www.tgrthaber.com\/mavikadin\/wp-content\/uploads\/coskungogenjpeg-LEEuNG5y8UWfo9nmyZThQQ-300x169.webp\" alt=\"\" width=\"1208\" height=\"679\" title=\"\" srcset=\"https:\/\/www.tgrthaber.com\/mavikadin\/wp-content\/uploads\/coskungogenjpeg-LEEuNG5y8UWfo9nmyZThQQ-300x169.webp 300w, https:\/\/www.tgrthaber.com\/mavikadin\/wp-content\/uploads\/coskungogenjpeg-LEEuNG5y8UWfo9nmyZThQQ-768x432.webp 768w, https:\/\/www.tgrthaber.com\/mavikadin\/wp-content\/uploads\/coskungogenjpeg-LEEuNG5y8UWfo9nmyZThQQ.webp 776w\" sizes=\"(max-width: 1208px) 100vw, 1208px\" \/><\/p>\n<hr \/>\n<h3>CO\u015eKUN G\u00d6\u011eEN \u00d6LD\u00dc M\u00dc?<\/h3>\n<p><a href=\"https:\/\/www.tgrthaber.com\/mavikadin\/necati-bilgic-kimdir-kac-yasinda-yesilcam-oyuncusu-necati-bilgic-hasta-mi-hastaligi-nedir\/\">Ye\u015fil\u00e7am<\/a>&#8216;\u0131n Tecav\u00fczc\u00fc Co\u015fkun&#8217;u olarak haf\u0131zalara kaz\u0131nan ismi Co\u015fkun G\u00f6\u011fen&#8217;in aniden hastaneye kald\u0131r\u0131lmas\u0131 sonras\u0131, sosyal medyada &#8216;Co\u015fkun G\u00f6\u011fen \u00f6ld\u00fc&#8217; iddialar\u0131 yer ald\u0131. Usta oyuncunun \u00f6l\u00fcm\u00fcyle ilgili hi\u00e7bir resmi a\u00e7\u0131klama bulunmuyor. G\u00f6\u011fen, hala Antalya\u2019da tedavi alt\u0131nda ve yap\u0131lan a\u00e7\u0131klamalarda durumunun titizlikle takip edildi\u011fi s\u00f6ylendi.<\/p>\n<p><img loading=\"lazy\" decoding=\"async\" class=\"alignnone wp-image-273939\" src=\"https:\/\/www.tgrthaber.com\/mavikadin\/wp-content\/uploads\/6939326fa05ce6cb7c0cf69b-300x202.webp\" alt=\"\" width=\"1208\" height=\"812\" title=\"\" srcset=\"https:\/\/www.tgrthaber.com\/mavikadin\/wp-content\/uploads\/6939326fa05ce6cb7c0cf69b-300x202.webp 300w, https:\/\/www.tgrthaber.com\/mavikadin\/wp-content\/uploads\/6939326fa05ce6cb7c0cf69b.webp 610w\" sizes=\"(max-width: 1208px) 100vw, 1208px\" \/><\/p>\n<hr \/>\n<p>1946 do\u011fumlu olan Co\u015fkun G\u00f6\u011fen, 80 ya\u015f\u0131nda ve uzun y\u0131llard\u0131r Antalya\u2019da ya\u015f\u0131yor. Ye\u015fil\u00e7am\u2019da Tecav\u00fczc\u00fc Co\u015fkun karakteri ile haf\u0131zalarda yer edinen Co\u015fkun G\u00f6\u011fen, 500\u2019\u00fcn \u00fczerinde filmde rol alm\u0131\u015ft\u0131r.<\/p>\n<p><img loading=\"lazy\" decoding=\"async\" class=\"alignnone wp-image-273941\" src=\"https:\/\/www.tgrthaber.com\/mavikadin\/wp-content\/uploads\/post122097_69396a860d12b-300x169.jpg\" alt=\"\" width=\"1208\" height=\"680\" title=\"\" srcset=\"https:\/\/www.tgrthaber.com\/mavikadin\/wp-content\/uploads\/post122097_69396a860d12b-300x169.jpg 300w, https:\/\/www.tgrthaber.com\/mavikadin\/wp-content\/uploads\/post122097_69396a860d12b-1024x576.jpg 1024w, https:\/\/www.tgrthaber.com\/mavikadin\/wp-content\/uploads\/post122097_69396a860d12b-768x432.jpg 768w, https:\/\/www.tgrthaber.com\/mavikadin\/wp-content\/uploads\/post122097_69396a860d12b.jpg 1280w\" sizes=\"(max-width: 1208px) 100vw, 1208px\" \/><\/p>\n<hr \/>\n<p>Usta oyuncu son y\u0131llarda aile kay\u0131plar\u0131yla g\u00fcndeme gelmi\u015fti. K\u0131z\u0131 D\u00fcnya G\u00f6\u011fen\u2019i gen\u00e7 ya\u015fta kanser nedeniyle kaybetti. 2024 y\u0131l\u0131nda ise e\u015fi Anjelika G\u00f6\u011fen\u2019i de ayn\u0131 hastal\u0131ktan topra\u011fa verdi.<\/p>\n<p><img loading=\"lazy\" decoding=\"async\" class=\"alignnone wp-image-273940\" src=\"https:\/\/www.tgrthaber.com\/mavikadin\/wp-content\/uploads\/coskun-2-1-300x166.webp\" alt=\"\" width=\"1208\" height=\"668\" title=\"\" srcset=\"https:\/\/www.tgrthaber.com\/mavikadin\/wp-content\/uploads\/coskun-2-1-300x166.webp 300w, https:\/\/www.tgrthaber.com\/mavikadin\/wp-content\/uploads\/coskun-2-1.webp 750w\" sizes=\"(max-width: 1208px) 100vw, 1208px\" \/><\/p>\n<hr \/>\n<p>Ya\u015fanan bu \u00fcz\u00fcc\u00fc geli\u015fmeler Co\u015fkun G\u00f6\u011fen&#8217;i hem psikolojik hem de fiziksel a\u00e7\u0131dan olduk\u00e7a yordu. Sosyal medyada G\u00f6\u011fen&#8217;e t\u00fcm hayranlar\u0131ndan ve sevenlerinden ge\u00e7mi\u015f olsun mesajlar\u0131 ya\u011fmaya devam ediyor.<\/p>\n","protected":false},"excerpt":{"rendered":"<p>Ye\u015fil\u00e7am&#8217;\u0131n usta oyuncusu \u00c7o\u015fkun G\u00f6\u011fen&#8217;in sa\u011fl\u0131k durumuna dair ya\u015fanan geli\u015fmeler sonras\u0131, G\u00f6\u011fen&#8217;in \u00f6l\u00fcp \u00f6lmedi\u011fi ara\u015ft\u0131r\u0131l\u0131yor. 80 ya\u015f\u0131ndaki usta oyuncu arama motorlar\u0131nda yerini ald\u0131. Peki \u00c7o\u015fkun G\u00f6\u011fen sa\u011fl\u0131k durumu nas\u0131l? \u00c7o\u015fkun G\u00f6\u011fen \u00f6ld\u00fc m\u00fc? \u0130\u015fte merak edilen t\u00fcm detaylar&#8230;<\/p>\n","protected":false},"author":35,"featured_media":273915,"comment_status":"closed","ping_status":"closed","sticky":false,"template":"","format":"standard","meta":{"rank_math_lock_modified_date":false,"footnotes":""},"categories":[76],"tags":[68003,68001,68002,133,2218],"class_list":["post-273914","post","type-post","status-publish","format-standard","has-post-thumbnail","hentry","category-magazin","tag-coskun-gogen-kimdir","tag-coskun-gogen-oldumu","tag-coskun-gogen-saglik-durumu","tag-magazin","tag-magazin-haberleri"],"_links":{"self":[{"href":"https:\/\/www.tgrthaber.com\/mavikadin\/wp-json\/wp\/v2\/posts\/273914"}],"collection":[{"href":"https:\/\/www.tgrthaber.com\/mavikadin\/wp-json\/wp\/v2\/posts"}],"about":[{"href":"https:\/\/www.tgrthaber.com\/mavikadin\/wp-json\/wp\/v2\/types\/post"}],"author":[{"embeddable":true,"href":"https:\/\/www.tgrthaber.com\/mavikadin\/wp-json\/wp\/v2\/users\/35"}],"replies":[{"embeddable":true,"href":"https:\/\/www.tgrthaber.com\/mavikadin\/wp-json\/wp\/v2\/comments?post=273914"}],"version-history":[{"count":2,"href":"https:\/\/www.tgrthaber.com\/mavikadin\/wp-json\/wp\/v2\/posts\/273914\/revisions"}],"predecessor-version":[{"id":273949,"href":"https:\/\/www.tgrthaber.com\/mavikadin\/wp-json\/wp\/v2\/posts\/273914\/revisions\/273949"}],"wp:featuredmedia":[{"embeddable":true,"href":"https:\/\/www.tgrthaber.com\/mavikadin\/wp-json\/wp\/v2\/media\/273915"}],"wp:attachment":[{"href":"https:\/\/www.tgrthaber.com\/mavikadin\/wp-json\/wp\/v2\/media?parent=273914"}],"wp:term":[{"taxonomy":"category","embeddable":true,"href":"https:\/\/www.tgrthaber.com\/mavikadin\/wp-json\/wp\/v2\/categories?post=273914"},{"taxonomy":"post_tag","embeddable":true,"href":"https:\/\/www.tgrthaber.com\/mavikadin\/wp-json\/wp\/v2\/tags?post=273914"}],"curies":[{"name":"wp","href":"https:\/\/api.w.org\/{rel}","templated":true}]}}