{"id":273924,"date":"2025-12-10T17:02:29","date_gmt":"2025-12-10T14:02:29","guid":{"rendered":"https:\/\/www.tgrthaber.com\/mavikadin\/?p=273924"},"modified":"2025-12-10T17:02:29","modified_gmt":"2025-12-10T14:02:29","slug":"coskun-gogen-kimdir-kac-yasinda-coskun-gogen-evli-mi","status":"publish","type":"post","link":"https:\/\/www.tgrthaber.com\/mavikadin\/coskun-gogen-kimdir-kac-yasinda-coskun-gogen-evli-mi\/","title":{"rendered":"Co\u015fkun G\u00f6\u011fen kimdir ka\u00e7 ya\u015f\u0131nda? \u00c7o\u015fkun G\u00f6\u011fen evli mi?"},"content":{"rendered":"<p>Usta oyuncu \u00c7o\u015fkun G\u00f6\u011fen, ya\u015fad\u0131\u011f\u0131 sa\u011fl\u0131k sorunlar\u0131 sonras\u0131 hayat\u0131 ve kariyeriyle merak edildi. Ye\u015fil\u00e7am\u2019\u0131n sevilen isimlerinden olan \u00c7o\u015fkun G\u00f6\u011fen, arama motorlar\u0131nda ara\u015ft\u0131r\u0131lmaya ba\u015fland\u0131. Peki, Co\u015fkun G\u00f6\u011fen kimdir ka\u00e7 ya\u015f\u0131nda? \u00c7o\u015fkun G\u00f6\u011fen evli mi? sorular\u0131n\u0131 sizin i\u00e7in ara\u015ft\u0131rd\u0131k. \u0130\u015fte detaylar\u2026<\/p>\n<h3>CO\u015eKUN G\u00d6\u011eEN K\u0130MD\u0130R?<\/h3>\n<p>Ye\u015fil\u00e7am oyuncular\u0131ndan olan \u00c7o\u015fkun G\u00f6\u011fen, 14 Haziran 1946 y\u0131l\u0131nda Giresun Bulancak il\u00e7esindeki Eriklik k\u00f6y\u00fcnde d\u00fcnyaya gelmi\u015ftir. Aslen Makedonya k\u00f6kenli olan \u00c7o\u015fkun G\u00f6\u011fen, ilkokulu bitirdikten sonra okumam\u0131\u015ft\u0131r. Giresun\u2019da do\u011fmu\u015f olsa da \u00e7ocuklu\u011fu \u0130stanbul Samatya\u2019da ge\u00e7mi\u015ftir.<\/p>\n<p><img loading=\"lazy\" decoding=\"async\" class=\"alignnone size-full wp-image-273956\" src=\"https:\/\/www.tgrthaber.com\/mavikadin\/wp-content\/uploads\/ARZU-92-19.jpg\" alt=\"Co\u015fkun G\u00f6\u011fen kimdir ka\u00e7 ya\u015f\u0131nda? \u00c7o\u015fkun G\u00f6\u011fen evli mi?\" width=\"1208\" height=\"680\" title=\"\" srcset=\"https:\/\/www.tgrthaber.com\/mavikadin\/wp-content\/uploads\/ARZU-92-19.jpg 1208w, https:\/\/www.tgrthaber.com\/mavikadin\/wp-content\/uploads\/ARZU-92-19-300x169.jpg 300w, https:\/\/www.tgrthaber.com\/mavikadin\/wp-content\/uploads\/ARZU-92-19-1024x576.jpg 1024w, https:\/\/www.tgrthaber.com\/mavikadin\/wp-content\/uploads\/ARZU-92-19-768x432.jpg 768w\" sizes=\"(max-width: 1208px) 100vw, 1208px\" \/><\/p>\n<hr \/>\n<p>\u00c7o\u015fkun G\u00f6\u011fen, gen\u00e7li\u011finde Galatasaray futbol tak\u0131m\u0131 taraftar\u0131 olup amigoluk yamakta oldu\u011fu biliyor. Amigoluk yapmak i\u00e7in Taksim\u2019den Kurtulu\u015f\u2019a ge\u00e7en \u00c7o\u015fkun G\u00f6\u011fen, berber \u00e7\u0131rakl\u0131\u011f\u0131 da yapt\u0131\u011f\u0131 kamuoyunda yazan bilgiler aras\u0131nda yer al\u0131yor.<\/p>\n<p><img loading=\"lazy\" decoding=\"async\" class=\"alignnone size-full wp-image-273955\" src=\"https:\/\/www.tgrthaber.com\/mavikadin\/wp-content\/uploads\/ARZU-93-20.jpg\" alt=\"Co\u015fkun G\u00f6\u011fen kimdir ka\u00e7 ya\u015f\u0131nda? \u00c7o\u015fkun G\u00f6\u011fen evli mi?\" width=\"1208\" height=\"680\" title=\"\" srcset=\"https:\/\/www.tgrthaber.com\/mavikadin\/wp-content\/uploads\/ARZU-93-20.jpg 1208w, https:\/\/www.tgrthaber.com\/mavikadin\/wp-content\/uploads\/ARZU-93-20-300x169.jpg 300w, https:\/\/www.tgrthaber.com\/mavikadin\/wp-content\/uploads\/ARZU-93-20-1024x576.jpg 1024w, https:\/\/www.tgrthaber.com\/mavikadin\/wp-content\/uploads\/ARZU-93-20-768x432.jpg 768w\" sizes=\"(max-width: 1208px) 100vw, 1208px\" \/><\/p>\n<hr \/>\n<p>\u00c7\u0131rakl\u0131k yapt\u0131\u011f\u0131 d\u00f6nemde berberin \u00f6n\u00fcnden ge\u00e7en Ye\u015fil\u00e7am fig\u00fcran otob\u00fcs\u00fcn\u00fc g\u00f6rmesiyle kariyerinde ilk ad\u0131mlar\u0131 at\u0131yor. Fig\u00fcran otob\u00fcs\u00fcne binen \u00c7o\u015fkun G\u00f6\u011fen, rol ald\u0131\u011f\u0131 filmler ile tan\u0131n\u0131rl\u0131k kazanmaya ba\u015fl\u0131yor.<\/p>\n<p><img loading=\"lazy\" decoding=\"async\" class=\"alignnone size-full wp-image-273954\" src=\"https:\/\/www.tgrthaber.com\/mavikadin\/wp-content\/uploads\/ARZU-94-18.jpg\" alt=\"Co\u015fkun G\u00f6\u011fen kimdir ka\u00e7 ya\u015f\u0131nda? \u00c7o\u015fkun G\u00f6\u011fen evli mi?\" width=\"1208\" height=\"680\" title=\"\" srcset=\"https:\/\/www.tgrthaber.com\/mavikadin\/wp-content\/uploads\/ARZU-94-18.jpg 1208w, https:\/\/www.tgrthaber.com\/mavikadin\/wp-content\/uploads\/ARZU-94-18-300x169.jpg 300w, https:\/\/www.tgrthaber.com\/mavikadin\/wp-content\/uploads\/ARZU-94-18-1024x576.jpg 1024w, https:\/\/www.tgrthaber.com\/mavikadin\/wp-content\/uploads\/ARZU-94-18-768x432.jpg 768w\" sizes=\"(max-width: 1208px) 100vw, 1208px\" \/><\/p>\n<hr \/>\n<p>\u0130lk filmi H\u00fclya Ko\u00e7yi\u011fit\u2019le olan \u00c7o\u015fkun G\u00f6\u011fen, daha sonra biribirinden \u00fcnl\u00fc isimler ile \u00e7al\u0131\u015fmaya ba\u015fl\u0131yor. T\u00fcrk sinemas\u0131n\u0131n en pop\u00fcler isimlerinden olan sanat\u00e7\u0131, sinema severler taraf\u0131ndan sevilerek takip ediliyordu.<\/p>\n<h3><img loading=\"lazy\" decoding=\"async\" class=\"alignnone size-full wp-image-273953\" src=\"https:\/\/www.tgrthaber.com\/mavikadin\/wp-content\/uploads\/ARZU-95-20.jpg\" alt=\"Co\u015fkun G\u00f6\u011fen kimdir ka\u00e7 ya\u015f\u0131nda? \u00c7o\u015fkun G\u00f6\u011fen evli mi?\" width=\"1208\" height=\"680\" title=\"\" srcset=\"https:\/\/www.tgrthaber.com\/mavikadin\/wp-content\/uploads\/ARZU-95-20.jpg 1208w, https:\/\/www.tgrthaber.com\/mavikadin\/wp-content\/uploads\/ARZU-95-20-300x169.jpg 300w, https:\/\/www.tgrthaber.com\/mavikadin\/wp-content\/uploads\/ARZU-95-20-1024x576.jpg 1024w, https:\/\/www.tgrthaber.com\/mavikadin\/wp-content\/uploads\/ARZU-95-20-768x432.jpg 768w\" sizes=\"(max-width: 1208px) 100vw, 1208px\" \/><\/h3>\n<hr \/>\n<h3>\u00c7O\u015eKUN G\u00d6\u011eEN KA\u00c7 YA\u015eINDA?<\/h3>\n<p>\u00c7o\u015fkun G\u00f6\u011fen ya\u015f\u0131 ile de ara\u015ft\u0131r\u0131lmaya ba\u015fland\u0131. Usta oyuncu \u015fimdilerde 79 ya\u015f\u0131ndad\u0131r. Oynad\u0131\u011f\u0131 karakterler ile dikkatleri \u00fczerine \u00e7eken \u00c7o\u015fkun G\u00f6\u011fen, dans ve fotoromanl\u0131kla da ilgilendi\u011fi kamuoyunda yazan bilgiler aras\u0131nda yer al\u0131yor. Kimi sayfa da 17 ya\u015f\u0131nda dans grubu sayesinde Ye\u015fil\u00e7am\u2019a girdi\u011fi yazarken kimi sayfa da yukar\u0131da belirtti\u011fimiz durum ile \u00fcnlendi\u011fini yaz\u0131yor.<\/p>\n<p><img loading=\"lazy\" decoding=\"async\" class=\"alignnone size-full wp-image-273951\" src=\"https:\/\/www.tgrthaber.com\/mavikadin\/wp-content\/uploads\/ARZU-97-20.jpg\" alt=\"Co\u015fkun G\u00f6\u011fen kimdir ka\u00e7 ya\u015f\u0131nda? \u00c7o\u015fkun G\u00f6\u011fen evli mi?\" width=\"1208\" height=\"680\" title=\"\" srcset=\"https:\/\/www.tgrthaber.com\/mavikadin\/wp-content\/uploads\/ARZU-97-20.jpg 1208w, https:\/\/www.tgrthaber.com\/mavikadin\/wp-content\/uploads\/ARZU-97-20-300x169.jpg 300w, https:\/\/www.tgrthaber.com\/mavikadin\/wp-content\/uploads\/ARZU-97-20-1024x576.jpg 1024w, https:\/\/www.tgrthaber.com\/mavikadin\/wp-content\/uploads\/ARZU-97-20-768x432.jpg 768w\" sizes=\"(max-width: 1208px) 100vw, 1208px\" \/><\/p>\n<hr \/>\n<p>Ba\u015far\u0131l\u0131 oyuncu \u00c7ok\u015fun G\u00f6\u011fen\u2019in uzun bir s\u00fcre Antalyaspor taraftar\u0131 olarak amigoluk yapt\u0131\u011f\u0131 ve ayn\u0131 zamanda Antalya da bir i\u015fletmesi oldu\u011fu da hayat\u0131yla ilgili kamuoyunda yer alan bilgiler aras\u0131nda.<\/p>\n<h3><img loading=\"lazy\" decoding=\"async\" class=\"alignnone size-full wp-image-273952\" src=\"https:\/\/www.tgrthaber.com\/mavikadin\/wp-content\/uploads\/ARZU-96-20.jpg\" alt=\"Co\u015fkun G\u00f6\u011fen kimdir ka\u00e7 ya\u015f\u0131nda? \u00c7o\u015fkun G\u00f6\u011fen evli mi?\" width=\"1208\" height=\"680\" title=\"\" srcset=\"https:\/\/www.tgrthaber.com\/mavikadin\/wp-content\/uploads\/ARZU-96-20.jpg 1208w, https:\/\/www.tgrthaber.com\/mavikadin\/wp-content\/uploads\/ARZU-96-20-300x169.jpg 300w, https:\/\/www.tgrthaber.com\/mavikadin\/wp-content\/uploads\/ARZU-96-20-1024x576.jpg 1024w, https:\/\/www.tgrthaber.com\/mavikadin\/wp-content\/uploads\/ARZU-96-20-768x432.jpg 768w\" sizes=\"(max-width: 1208px) 100vw, 1208px\" \/><\/h3>\n<hr \/>\n<h3>\u00c7O\u015eKUN G\u00d6\u011eEN EVL\u0130 M\u0130?<\/h3>\n<p>Ye\u015fil\u00e7am\u2019\u0131n unutulmaz isimlerinden biri olan \u00c7o\u015fkun G\u00f6\u011fen, 1973 y\u0131l\u0131nda evlenmi\u015ftir. Ancak evlendi\u011fi ki\u015finin ad\u0131 kamuoyunda bulunamam\u0131\u015ft\u0131r. \u00dc\u00e7 tane \u00e7ocu\u011fu bulunan \u00c7oksun G\u00f6\u011fen, e\u015fi ile 1997 y\u0131l\u0131nda bo\u015fanm\u0131\u015ft\u0131r.<\/p>\n","protected":false},"excerpt":{"rendered":"<p>Ye\u015fil\u00e7am\u2019\u0131n sevilen isimlerinden olan \u00c7o\u015fkun G\u00f6\u011fen, merak edildi. Usta oyuncu hayat\u0131 ve kariyeriyle g\u00fcndeme geldi. Peki, Co\u015fkun G\u00f6\u011fen kimdir ka\u00e7 ya\u015f\u0131nda? \u00c7o\u015fkun G\u00f6\u011fen evli mi? \u0130\u015fte detaylar\u2026<\/p>\n","protected":false},"author":34,"featured_media":273952,"comment_status":"closed","ping_status":"closed","sticky":false,"template":"","format":"standard","meta":{"rank_math_lock_modified_date":false,"footnotes":""},"categories":[491],"tags":[16521,3605,68004,68003],"class_list":["post-273924","post","type-post","status-publish","format-standard","has-post-thumbnail","hentry","category-biyografi","tag-biyografi-haberleri","tag-coskun-gogen","tag-coskun-gogen-kac-yasinda","tag-coskun-gogen-kimdir"],"_links":{"self":[{"href":"https:\/\/www.tgrthaber.com\/mavikadin\/wp-json\/wp\/v2\/posts\/273924"}],"collection":[{"href":"https:\/\/www.tgrthaber.com\/mavikadin\/wp-json\/wp\/v2\/posts"}],"about":[{"href":"https:\/\/www.tgrthaber.com\/mavikadin\/wp-json\/wp\/v2\/types\/post"}],"author":[{"embeddable":true,"href":"https:\/\/www.tgrthaber.com\/mavikadin\/wp-json\/wp\/v2\/users\/34"}],"replies":[{"embeddable":true,"href":"https:\/\/www.tgrthaber.com\/mavikadin\/wp-json\/wp\/v2\/comments?post=273924"}],"version-history":[{"count":2,"href":"https:\/\/www.tgrthaber.com\/mavikadin\/wp-json\/wp\/v2\/posts\/273924\/revisions"}],"predecessor-version":[{"id":273958,"href":"https:\/\/www.tgrthaber.com\/mavikadin\/wp-json\/wp\/v2\/posts\/273924\/revisions\/273958"}],"wp:featuredmedia":[{"embeddable":true,"href":"https:\/\/www.tgrthaber.com\/mavikadin\/wp-json\/wp\/v2\/media\/273952"}],"wp:attachment":[{"href":"https:\/\/www.tgrthaber.com\/mavikadin\/wp-json\/wp\/v2\/media?parent=273924"}],"wp:term":[{"taxonomy":"category","embeddable":true,"href":"https:\/\/www.tgrthaber.com\/mavikadin\/wp-json\/wp\/v2\/categories?post=273924"},{"taxonomy":"post_tag","embeddable":true,"href":"https:\/\/www.tgrthaber.com\/mavikadin\/wp-json\/wp\/v2\/tags?post=273924"}],"curies":[{"name":"wp","href":"https:\/\/api.w.org\/{rel}","templated":true}]}}