{"id":273925,"date":"2025-12-10T17:08:35","date_gmt":"2025-12-10T14:08:35","guid":{"rendered":"https:\/\/www.tgrthaber.com\/mavikadin\/?p=273925"},"modified":"2025-12-10T17:16:58","modified_gmt":"2025-12-10T14:16:58","slug":"coskun-gogenin-kizi-kimdir-coskun-gogenin-kizi-neden-oldu","status":"publish","type":"post","link":"https:\/\/www.tgrthaber.com\/mavikadin\/coskun-gogenin-kizi-kimdir-coskun-gogenin-kizi-neden-oldu\/","title":{"rendered":"Co\u015fkun G\u00f6\u011fen&#8217;in k\u0131z\u0131 kimdir? Co\u015fkun G\u00f6\u011fen&#8217;in k\u0131z\u0131 neden \u00f6ld\u00fc?"},"content":{"rendered":"<p>Ye\u015fil\u00e7am\u2019\u0131n usta sanat\u00e7\u0131lar\u0131ndan <a href=\"https:\/\/www.tgrthaber.com\/mavikadin\/coskun-gogen-kimdir-kac-yasinda-coskun-gogen-evli-mi\/\">Co\u015fkun G\u00f6\u011fen<\/a>\u2019in k\u0131z\u0131 neden \u00f6ld\u00fc merak ediliyor. Uzay ve G\u00fcne\u015f isimli iki k\u0131z\u0131 daha bulunan G\u00f6\u011fen, ac\u0131s\u0131n\u0131 derin bir \u015fekilde ya\u015farken D\u00fcnya\u2019n\u0131n kayb\u0131 sevenlerini de \u00fcz\u00fcnt\u00fcye bo\u011fmu\u015ftu.<\/p>\n<h3>CO\u015eKUN G\u00d6\u011eEN&#8217;\u0130N KIZI K\u0130MD\u0130R?<\/h3>\n<p>Ye\u015fil\u00e7am\u2019\u0131n unutulmaz karakter oyuncular\u0131ndan <a href=\"https:\/\/www.tgrthaber.com\/mavikadin\/coskun-gogenin-saglik-durumu-nasil-coskun-gogen-oldu-mu\/\">Co\u015fkun G\u00f6\u011fen<\/a>\u2019in k\u0131z\u0131 D\u00fcnya G\u00f6\u011fen, babas\u0131n\u0131n g\u00f6lgesinde b\u00fcy\u00fcyen bir isim olarak s\u0131k s\u0131k merak konusu olmu\u015ftur. Medya \u00f6n\u00fcnde nadiren g\u00f6r\u00fcnen D\u00fcnya, \u00f6zel ya\u015fam\u0131n\u0131 korumay\u0131 tercih eden bir profil sergiledi. Babas\u0131 Co\u015fkun G\u00f6\u011fen\u2019in sinema d\u00fcnyas\u0131ndaki renkli ve kimi zaman tart\u0131\u015fmal\u0131 ki\u015fili\u011fine ra\u011fmen, D\u00fcnya G\u00f6\u011fen kendi hayat\u0131n\u0131 daha sakin ve m\u00fctevaz\u0131 bir \u00e7izgide s\u00fcrd\u00fcrmeyi se\u00e7ti.<\/p>\n<p><img loading=\"lazy\" decoding=\"async\" class=\"aligncenter size-full wp-image-273942\" src=\"https:\/\/www.tgrthaber.com\/mavikadin\/wp-content\/uploads\/Coskun-Gogen-1_restored.png\" alt=\"\" width=\"2000\" height=\"1124\" title=\"\" srcset=\"https:\/\/www.tgrthaber.com\/mavikadin\/wp-content\/uploads\/Coskun-Gogen-1_restored.png 2000w, https:\/\/www.tgrthaber.com\/mavikadin\/wp-content\/uploads\/Coskun-Gogen-1_restored-300x169.png 300w, https:\/\/www.tgrthaber.com\/mavikadin\/wp-content\/uploads\/Coskun-Gogen-1_restored-1024x575.png 1024w, https:\/\/www.tgrthaber.com\/mavikadin\/wp-content\/uploads\/Coskun-Gogen-1_restored-768x432.png 768w, https:\/\/www.tgrthaber.com\/mavikadin\/wp-content\/uploads\/Coskun-Gogen-1_restored-1536x863.png 1536w\" sizes=\"(max-width: 2000px) 100vw, 2000px\" \/><\/p>\n<hr \/>\n<p>Ailesine ba\u011fl\u0131l\u0131\u011f\u0131yla bilinen D\u00fcnya, zaman zaman babas\u0131n\u0131n an\u0131lar\u0131n\u0131 ve Ye\u015fil\u00e7am g\u00fcnlerini sosyal medya \u00fczerinden payla\u015farak hem nostaljiye olan ilgisini hem de babas\u0131na olan sevgisini g\u00f6sterdi.<\/p>\n<p>D\u00fcnya G\u00f6\u011fen\u2019in hayat\u0131, Ye\u015fil\u00e7am\u2019\u0131n efsanevi d\u00f6nemiyle ba\u011f\u0131n\u0131 s\u00fcrd\u00fcr\u00fcrken, \u00f6zel ya\u015fam\u0131na sayg\u0131 g\u00f6sterilen nadir isimlerden biri olarak \u00f6ne \u00e7\u0131k\u0131yor. D\u00fcnya G\u00f6\u011fen 2018 y\u0131l\u0131nda kanserden hayat\u0131n\u0131 kaybetti.<\/p>\n<p><img loading=\"lazy\" decoding=\"async\" class=\"aligncenter size-full wp-image-273959\" src=\"https:\/\/www.tgrthaber.com\/mavikadin\/wp-content\/uploads\/Coskun-Gogen-3-2.png\" alt=\"\" width=\"1208\" height=\"680\" title=\"\" srcset=\"https:\/\/www.tgrthaber.com\/mavikadin\/wp-content\/uploads\/Coskun-Gogen-3-2.png 1208w, https:\/\/www.tgrthaber.com\/mavikadin\/wp-content\/uploads\/Coskun-Gogen-3-2-300x169.png 300w, https:\/\/www.tgrthaber.com\/mavikadin\/wp-content\/uploads\/Coskun-Gogen-3-2-1024x576.png 1024w, https:\/\/www.tgrthaber.com\/mavikadin\/wp-content\/uploads\/Coskun-Gogen-3-2-768x432.png 768w\" sizes=\"(max-width: 1208px) 100vw, 1208px\" \/><\/p>\n<hr \/>\n<h3>CO\u015eKUN G\u00d6\u011eEN&#8217;\u0130N KIZI NEDEN \u00d6LD\u00dc?<\/h3>\n<p>Co\u015fkun G\u00f6\u011fen 2018 y\u0131l\u0131nda ya\u015fad\u0131\u011f\u0131 ac\u0131y\u0131 \u201cCuma ezan\u0131 okundu\u011fu vakit k\u0131z\u0131m\u0131 kaybettim. K\u0131z\u0131m\u0131 annemin mezar\u0131n\u0131n \u00fcst\u00fcne g\u00f6mece\u011fim\u201d s\u00f6zleriyle dile getirdi. \u00dcnl\u00fc oyuncu, Sabiha G\u00f6k\u00e7en Havaliman\u0131\u2019nda g\u00f6rev yapan D\u00fcnya ile en son \u00fc\u00e7 hafta \u00f6nce konu\u015ftu\u011funu belirterek, \u201cDi\u011fer k\u0131zlar\u0131m ona destek oluyordu. D\u00fcn geldi\u011fimde ise komadayd\u0131 ve konu\u015fam\u0131yordu. \u00c7ok \u00fczg\u00fcn\u00fcm\u201d \u015feklinde ifade etmi\u015fti.<\/p>\n<p><img loading=\"lazy\" decoding=\"async\" class=\"aligncenter size-full wp-image-273964\" src=\"https:\/\/www.tgrthaber.com\/mavikadin\/wp-content\/uploads\/Coskun-Gogen-4_restored.png\" alt=\"\" width=\"2000\" height=\"1124\" title=\"\" srcset=\"https:\/\/www.tgrthaber.com\/mavikadin\/wp-content\/uploads\/Coskun-Gogen-4_restored.png 2000w, https:\/\/www.tgrthaber.com\/mavikadin\/wp-content\/uploads\/Coskun-Gogen-4_restored-300x169.png 300w, https:\/\/www.tgrthaber.com\/mavikadin\/wp-content\/uploads\/Coskun-Gogen-4_restored-1024x575.png 1024w, https:\/\/www.tgrthaber.com\/mavikadin\/wp-content\/uploads\/Coskun-Gogen-4_restored-768x432.png 768w, https:\/\/www.tgrthaber.com\/mavikadin\/wp-content\/uploads\/Coskun-Gogen-4_restored-1536x863.png 1536w\" sizes=\"(max-width: 2000px) 100vw, 2000px\" \/><\/p>\n<hr \/>\n<p>D\u00fcnya G\u00f6\u011fen\u2019in cenazesi, ikindi namaz\u0131n\u0131n ard\u0131ndan Muratpa\u015fa Camii\u2019nde d\u00fczenlenen t\u00f6renin ard\u0131ndan Uncal\u0131 Mezarl\u0131\u011f\u0131\u2019na defnedilmi\u015fti.<\/p>\n<p><img loading=\"lazy\" decoding=\"async\" class=\"aligncenter size-full wp-image-273960\" src=\"https:\/\/www.tgrthaber.com\/mavikadin\/wp-content\/uploads\/Coskun-Gogen-5-1.png\" alt=\"\" width=\"1208\" height=\"680\" title=\"\" srcset=\"https:\/\/www.tgrthaber.com\/mavikadin\/wp-content\/uploads\/Coskun-Gogen-5-1.png 1208w, https:\/\/www.tgrthaber.com\/mavikadin\/wp-content\/uploads\/Coskun-Gogen-5-1-300x169.png 300w, https:\/\/www.tgrthaber.com\/mavikadin\/wp-content\/uploads\/Coskun-Gogen-5-1-1024x576.png 1024w, https:\/\/www.tgrthaber.com\/mavikadin\/wp-content\/uploads\/Coskun-Gogen-5-1-768x432.png 768w\" sizes=\"(max-width: 1208px) 100vw, 1208px\" \/><\/p>\n<hr \/>\n<h3>USTA \u0130S\u0130MLER\u0130N TAZ\u0130YE MESAJLARI<\/h3>\n<p>Sanat\u00e7\u0131 Nuri Al\u00e7o, Co\u015fkun G\u00f6\u011fen\u2019in ya\u015fad\u0131\u011f\u0131 ac\u0131y\u0131 tarif etmenin m\u00fcmk\u00fcn olmad\u0131\u011f\u0131n\u0131 belirterek, \u201cCan\u0131m arkada\u015f\u0131m Co\u015fkun, bu ac\u0131y\u0131 iki y\u0131ld\u0131r ya\u015f\u0131yordu. Evlatlar\u0131na \u00e7ok d\u00fc\u015fk\u00fcn bir baba. Onun ac\u0131s\u0131 tarif edilemez. Cenaze t\u00f6renine kat\u0131laca\u011f\u0131m\u201d diye konu\u015fmu\u015ftu.<\/p>\n<p><img loading=\"lazy\" decoding=\"async\" class=\"aligncenter size-full wp-image-273961\" src=\"https:\/\/www.tgrthaber.com\/mavikadin\/wp-content\/uploads\/Coskun-Gogen-6-1.png\" alt=\"\" width=\"1208\" height=\"680\" title=\"\" srcset=\"https:\/\/www.tgrthaber.com\/mavikadin\/wp-content\/uploads\/Coskun-Gogen-6-1.png 1208w, https:\/\/www.tgrthaber.com\/mavikadin\/wp-content\/uploads\/Coskun-Gogen-6-1-300x169.png 300w, https:\/\/www.tgrthaber.com\/mavikadin\/wp-content\/uploads\/Coskun-Gogen-6-1-1024x576.png 1024w, https:\/\/www.tgrthaber.com\/mavikadin\/wp-content\/uploads\/Coskun-Gogen-6-1-768x432.png 768w\" sizes=\"(max-width: 1208px) 100vw, 1208px\" \/><\/p>\n<hr \/>\n<p>D\u00fcnya\u2019n\u0131n hastal\u0131\u011f\u0131n\u0131 \u00f6\u011frendi\u011fi d\u00f6nemde, usta oyuncu Co\u015fkun G\u00f6\u011fen\u2019in, \u201cAllah kimseye sevdi\u011finin ac\u0131s\u0131n\u0131 g\u00f6stermesin\u201d payla\u015f\u0131m\u0131n\u0131 yapt\u0131\u011f\u0131 \u00f6\u011frenildi.<\/p>\n<p>Engin Evin de sosyal medya hesab\u0131ndan yapt\u0131\u011f\u0131 payla\u015f\u0131mda, \u201cCan\u0131m Co\u015fkun\u2019umun biricik k\u0131z\u0131 D\u00fcnya\u2019m\u0131z\u0131 kaybettik. Co\u015fkun\u2019um ba\u015f\u0131n sa\u011folsun. Sana ve geride kalanlara sab\u0131rlar dilerim\u201d ifadelerine yer vermi\u015fti.<\/p>\n","protected":false},"excerpt":{"rendered":"<p>&#8216;Co\u015fkun G\u00f6\u011fen&#8217;in k\u0131z\u0131 kimdir? Co\u015fkun G\u00f6\u011fen&#8217;in k\u0131z\u0131 neden \u00f6ld\u00fc?&#8217; gibi sorular\u0131n cevaplar\u0131 merak ediliyor. Ye\u015fil\u00e7am\u2019\u0131n tan\u0131nm\u0131\u015f oyuncular\u0131ndan 80 ya\u015f\u0131ndaki Co\u015fkun G\u00f6\u011fen\u2019in kanser tedavisi g\u00f6ren k\u0131z\u0131 D\u00fcnya G\u00f6\u011fen, tedavi g\u00f6rd\u00fc\u011f\u00fc hastanede 2018 y\u0131l\u0131nda ya\u015fam\u0131n\u0131 yitirdi.<\/p>\n","protected":false},"author":5,"featured_media":273950,"comment_status":"closed","ping_status":"closed","sticky":false,"template":"","format":"standard","meta":{"rank_math_lock_modified_date":false,"footnotes":""},"categories":[491],"tags":[3605,68006,68008,68007],"class_list":["post-273925","post","type-post","status-publish","format-standard","has-post-thumbnail","hentry","category-biyografi","tag-coskun-gogen","tag-coskun-gogen-kizi","tag-coskun-gogen-kizi-dunya","tag-coskun-gogen-kizi-oldu-mu"],"_links":{"self":[{"href":"https:\/\/www.tgrthaber.com\/mavikadin\/wp-json\/wp\/v2\/posts\/273925"}],"collection":[{"href":"https:\/\/www.tgrthaber.com\/mavikadin\/wp-json\/wp\/v2\/posts"}],"about":[{"href":"https:\/\/www.tgrthaber.com\/mavikadin\/wp-json\/wp\/v2\/types\/post"}],"author":[{"embeddable":true,"href":"https:\/\/www.tgrthaber.com\/mavikadin\/wp-json\/wp\/v2\/users\/5"}],"replies":[{"embeddable":true,"href":"https:\/\/www.tgrthaber.com\/mavikadin\/wp-json\/wp\/v2\/comments?post=273925"}],"version-history":[{"count":6,"href":"https:\/\/www.tgrthaber.com\/mavikadin\/wp-json\/wp\/v2\/posts\/273925\/revisions"}],"predecessor-version":[{"id":273970,"href":"https:\/\/www.tgrthaber.com\/mavikadin\/wp-json\/wp\/v2\/posts\/273925\/revisions\/273970"}],"wp:featuredmedia":[{"embeddable":true,"href":"https:\/\/www.tgrthaber.com\/mavikadin\/wp-json\/wp\/v2\/media\/273950"}],"wp:attachment":[{"href":"https:\/\/www.tgrthaber.com\/mavikadin\/wp-json\/wp\/v2\/media?parent=273925"}],"wp:term":[{"taxonomy":"category","embeddable":true,"href":"https:\/\/www.tgrthaber.com\/mavikadin\/wp-json\/wp\/v2\/categories?post=273925"},{"taxonomy":"post_tag","embeddable":true,"href":"https:\/\/www.tgrthaber.com\/mavikadin\/wp-json\/wp\/v2\/tags?post=273925"}],"curies":[{"name":"wp","href":"https:\/\/api.w.org\/{rel}","templated":true}]}}