{"id":274011,"date":"2025-12-10T18:58:18","date_gmt":"2025-12-10T15:58:18","guid":{"rendered":"https:\/\/www.tgrthaber.com\/mavikadin\/?p=274011"},"modified":"2025-12-10T18:58:18","modified_gmt":"2025-12-10T15:58:18","slug":"masterchefte-geceye-damga-vuran-ekmek-arasi-kunefe-tarifi-araplar-bu-lezzete-bayiliyor-bu-tarif-cok-konusulur","status":"publish","type":"post","link":"https:\/\/www.tgrthaber.com\/mavikadin\/masterchefte-geceye-damga-vuran-ekmek-arasi-kunefe-tarifi-araplar-bu-lezzete-bayiliyor-bu-tarif-cok-konusulur\/","title":{"rendered":"MasterChef\u2019te geceye damga vuran ekmek aras\u0131 k\u00fcnefe tarifi! Araplar bu lezzete bay\u0131l\u0131yor, bu tarif \u00e7ok konu\u015fulur"},"content":{"rendered":"<p>TV8 ekranlar\u0131n\u0131n sevilerek seyredilen yar\u0131\u015fma program\u0131 MasterChef T\u00fcrkiye&#8217;de bu ak\u015fam yap\u0131lan ekmek aras\u0131 lezzetlerden biri de en dikkat \u00e7ekeni L\u00fcbnan k\u00fcnefesi oldu. Araplar\u0131n bay\u0131la bay\u0131la yedi\u011fi bu \u015fahane tarifin nas\u0131l yap\u0131ld\u0131\u011f\u0131n\u0131 sizler de merak ediyorsan\u0131z i\u00e7eri\u011fimize g\u00f6z atabilirsiniz. Peki <a href=\"https:\/\/www.tgrthaber.com\/mavikadin\/masterchef-all-star-eleme-adayi-erim-sanal-kimdir-masterchef-all-star-erim-evli-mi-esi-kim\/\">MasterChef<\/a> ekmek aras\u0131 k\u00fcnefe nas\u0131l yap\u0131l\u0131r? \u0130\u015fte detaylar&#8230;<\/p>\n<h3>MASTERCHEF&#8217;TE GECEYE DAMGA VURAN EKMEK ARASI K\u00dcNEFE TAR\u0130F\u0130<\/h3>\n<p class=\"p1\"><b>L\u00fcbnan K\u00fcnefesinin \u015eerbeti i\u00e7in:<\/b><\/p>\n<ul class=\"ul1\">\n<li class=\"li1\">1 su barda\u011f\u0131 toz \u015feker<\/li>\n<li class=\"li1\">2 su barda\u011f\u0131 su<\/li>\n<li class=\"li1\">3-4 damla limon<\/li>\n<\/ul>\n<p><img loading=\"lazy\" decoding=\"async\" class=\"alignnone wp-image-274012 size-full\" src=\"https:\/\/www.tgrthaber.com\/mavikadin\/wp-content\/uploads\/Ekran-Resmi-2025-12-10-18.36.11.png\" alt=\"\" width=\"1678\" height=\"1062\" title=\"\" srcset=\"https:\/\/www.tgrthaber.com\/mavikadin\/wp-content\/uploads\/Ekran-Resmi-2025-12-10-18.36.11.png 1678w, https:\/\/www.tgrthaber.com\/mavikadin\/wp-content\/uploads\/Ekran-Resmi-2025-12-10-18.36.11-300x190.png 300w, https:\/\/www.tgrthaber.com\/mavikadin\/wp-content\/uploads\/Ekran-Resmi-2025-12-10-18.36.11-1024x648.png 1024w, https:\/\/www.tgrthaber.com\/mavikadin\/wp-content\/uploads\/Ekran-Resmi-2025-12-10-18.36.11-768x486.png 768w, https:\/\/www.tgrthaber.com\/mavikadin\/wp-content\/uploads\/Ekran-Resmi-2025-12-10-18.36.11-1536x972.png 1536w\" sizes=\"(max-width: 1678px) 100vw, 1678px\" \/><\/p>\n<hr \/>\n<p class=\"p1\"><strong>L\u00fcbnan K\u00fcnefesinin K\u00fcnefesi \u0130\u00e7in:<\/strong><\/p>\n<ul class=\"ul1\">\n<li class=\"li1\">400 gram k\u00fcnefe peyniri<\/li>\n<li class=\"li1\">300 gram kaday\u0131f<\/li>\n<li class=\"li1\">5 yemek ka\u015f\u0131\u011f\u0131 tereya\u011f\u0131<\/li>\n<li class=\"li1\">1 yemek ka\u015f\u0131\u011f\u0131 pekmez<\/li>\n<\/ul>\n<p class=\"p1\"><strong>L\u00fcbnan K\u00fcnefesinin Servisi i\u00e7in:<\/strong><\/p>\n<ul class=\"ul1\">\n<li class=\"li1\">1 yemek ka\u015f\u0131\u011f\u0131 toz Antep f\u0131st\u0131\u011f\u0131<\/li>\n<\/ul>\n<h3><img loading=\"lazy\" decoding=\"async\" class=\"alignnone wp-image-274013 size-large\" src=\"https:\/\/www.tgrthaber.com\/mavikadin\/wp-content\/uploads\/Ekran-Resmi-2025-12-10-18.36.23-1024x593.png\" alt=\"\" width=\"1024\" height=\"593\" title=\"\" srcset=\"https:\/\/www.tgrthaber.com\/mavikadin\/wp-content\/uploads\/Ekran-Resmi-2025-12-10-18.36.23-1024x593.png 1024w, https:\/\/www.tgrthaber.com\/mavikadin\/wp-content\/uploads\/Ekran-Resmi-2025-12-10-18.36.23-300x174.png 300w, https:\/\/www.tgrthaber.com\/mavikadin\/wp-content\/uploads\/Ekran-Resmi-2025-12-10-18.36.23-768x445.png 768w, https:\/\/www.tgrthaber.com\/mavikadin\/wp-content\/uploads\/Ekran-Resmi-2025-12-10-18.36.23-1536x889.png 1536w, https:\/\/www.tgrthaber.com\/mavikadin\/wp-content\/uploads\/Ekran-Resmi-2025-12-10-18.36.23.png 1658w\" sizes=\"(max-width: 1024px) 100vw, 1024px\" \/><\/h3>\n<hr \/>\n<h3>Haz\u0131rlan\u0131\u015f\u0131:<\/h3>\n<p class=\"p2\">L\u00fcbnan k\u00fcnefesi i\u00e7in ilk olarak 2 su barda\u011f\u0131 su ve 1 su barda\u011f\u0131 \u015fekeri kar\u0131\u015ft\u0131r\u0131n ve kaynat\u0131n. Ard\u0131ndan Kaynayan \u015ferbete 3-4 damla limon suyu s\u0131k\u0131n ve k\u0131s\u0131k ate\u015fte on dakika kadar kaynat\u0131p oca\u011f\u0131n alt\u0131n\u0131 kapat\u0131n.<\/p>\n<p><img loading=\"lazy\" decoding=\"async\" class=\"alignnone wp-image-274014 size-large\" src=\"https:\/\/www.tgrthaber.com\/mavikadin\/wp-content\/uploads\/Ekran-Resmi-2025-12-10-18.36.28-1024x624.png\" alt=\"\" width=\"1024\" height=\"624\" title=\"\" srcset=\"https:\/\/www.tgrthaber.com\/mavikadin\/wp-content\/uploads\/Ekran-Resmi-2025-12-10-18.36.28-1024x624.png 1024w, https:\/\/www.tgrthaber.com\/mavikadin\/wp-content\/uploads\/Ekran-Resmi-2025-12-10-18.36.28-300x183.png 300w, https:\/\/www.tgrthaber.com\/mavikadin\/wp-content\/uploads\/Ekran-Resmi-2025-12-10-18.36.28-768x468.png 768w, https:\/\/www.tgrthaber.com\/mavikadin\/wp-content\/uploads\/Ekran-Resmi-2025-12-10-18.36.28-1536x936.png 1536w, https:\/\/www.tgrthaber.com\/mavikadin\/wp-content\/uploads\/Ekran-Resmi-2025-12-10-18.36.28.png 1614w\" sizes=\"(max-width: 1024px) 100vw, 1024px\" \/><\/p>\n<hr \/>\n<p class=\"p2\">300 gram kaday\u0131f\u0131 ufak par\u00e7alar halinde robottan ge\u00e7irin ve ufac\u0131k yapana kadar k\u00fc\u00e7\u00fclt\u00fcn.<span class=\"Apple-converted-space\">\u00a0 <\/span>\u00dcstlerine 4 yemek ka\u015f\u0131\u011f\u0131 kadar erimi\u015f tereya\u011f\u0131 ve azar azar<span class=\"Apple-converted-space\">\u00a0 <\/span>\u015ferbet ekleyerek robottan ge\u00e7irmeye devam edin. Kaday\u0131flar\u0131 elinile s\u0131k\u0131n ve macun k\u0131vam\u0131n\u0131 al\u0131yorsa e\u011fer haz\u0131r demektedir. Geni\u015f bir tavaya 1 yemek ka\u015f\u0131\u011f\u0131 tereya\u011f\u0131 ve 1 yemek ka\u015f\u0131\u011f\u0131 pekmezi kar\u0131\u015ft\u0131r\u0131p s\u00fcr\u00fcn.<\/p>\n<p><img loading=\"lazy\" decoding=\"async\" class=\"alignnone wp-image-274015 size-large\" src=\"https:\/\/www.tgrthaber.com\/mavikadin\/wp-content\/uploads\/Ekran-Resmi-2025-12-10-18.36.39-1024x565.png\" alt=\"\" width=\"1024\" height=\"565\" title=\"\" srcset=\"https:\/\/www.tgrthaber.com\/mavikadin\/wp-content\/uploads\/Ekran-Resmi-2025-12-10-18.36.39-1024x565.png 1024w, https:\/\/www.tgrthaber.com\/mavikadin\/wp-content\/uploads\/Ekran-Resmi-2025-12-10-18.36.39-300x166.png 300w, https:\/\/www.tgrthaber.com\/mavikadin\/wp-content\/uploads\/Ekran-Resmi-2025-12-10-18.36.39-768x424.png 768w, https:\/\/www.tgrthaber.com\/mavikadin\/wp-content\/uploads\/Ekran-Resmi-2025-12-10-18.36.39.png 1174w\" sizes=\"(max-width: 1024px) 100vw, 1024px\" \/><\/p>\n<hr \/>\n<p class=\"p2\">Kaday\u0131flar\u0131 \u00fczerine yerle\u015ftirin ve s\u0131k\u0131ca bast\u0131r\u0131n. Kenarlar\u0131n\u0131 da d\u00fczeltip iyice bast\u0131rd\u0131\u011f\u0131n\u0131za emin olduktan sonra rendelenmi\u015f 400 gram k\u00fcnefe peynirini ekleyin. Ocakta \u00e7evire \u00e7evire pi\u015firin ve peynir eriyene kadar bu i\u015flemi dikkatli bir \u015fekilde devaml\u0131 yap\u0131n. K\u00fcnefeyi servis taba\u011f\u0131na ters \u00e7evirin. S\u0131cakken hafif bir \u015fekilde \u00fczerine \u015ferbetini gezdirin. S\u0131cak s\u0131cak dilimleyebilirsiniz. \u00dczerine Antep f\u0131st\u0131\u011f\u0131 servis edebilirsiniz. Afiyetler olsun.<\/p>\n<p><img loading=\"lazy\" decoding=\"async\" class=\"alignnone wp-image-274016 size-large\" src=\"https:\/\/www.tgrthaber.com\/mavikadin\/wp-content\/uploads\/Ekran-Resmi-2025-12-10-18.45.35-1024x606.png\" alt=\"\" width=\"1024\" height=\"606\" title=\"\" srcset=\"https:\/\/www.tgrthaber.com\/mavikadin\/wp-content\/uploads\/Ekran-Resmi-2025-12-10-18.45.35-1024x606.png 1024w, https:\/\/www.tgrthaber.com\/mavikadin\/wp-content\/uploads\/Ekran-Resmi-2025-12-10-18.45.35-300x178.png 300w, https:\/\/www.tgrthaber.com\/mavikadin\/wp-content\/uploads\/Ekran-Resmi-2025-12-10-18.45.35-768x454.png 768w, https:\/\/www.tgrthaber.com\/mavikadin\/wp-content\/uploads\/Ekran-Resmi-2025-12-10-18.45.35.png 1460w\" sizes=\"(max-width: 1024px) 100vw, 1024px\" \/><\/p>\n<hr \/>\n<h3 class=\"p1\"><b>MASTERCHEF 9 ARALIK 2025 ELEME ADAYLARI K\u0130MLER OLDU?<\/b><\/h3>\n<p class=\"p1\">MasterChef 9 Aral\u0131k 2025 eleme aday\u0131 Semih oldu. Bireysel dokunulmazl\u0131\u011f\u0131 kazanan isim ise Alican oldu.<\/p>\n<h3 class=\"p1\"><b>MASTERCHEF ALL STAR 8 ARALIK 2025 ELEME ADAYI K\u0130M OLDU?<\/b><\/h3>\n<p class=\"p1\">MasterChef 8 Aral\u0131k 2025 eleme aday\u0131 Erim \u015eanal oldu.<\/p>\n<p><img loading=\"lazy\" decoding=\"async\" class=\"alignnone wp-image-274017 \" src=\"https:\/\/www.tgrthaber.com\/mavikadin\/wp-content\/uploads\/Ekran-Resmi-2025-12-10-18.00.55-1.png\" alt=\"\" width=\"977\" height=\"565\" title=\"\" srcset=\"https:\/\/www.tgrthaber.com\/mavikadin\/wp-content\/uploads\/Ekran-Resmi-2025-12-10-18.00.55-1.png 948w, https:\/\/www.tgrthaber.com\/mavikadin\/wp-content\/uploads\/Ekran-Resmi-2025-12-10-18.00.55-1-300x173.png 300w, https:\/\/www.tgrthaber.com\/mavikadin\/wp-content\/uploads\/Ekran-Resmi-2025-12-10-18.00.55-1-768x444.png 768w\" sizes=\"(max-width: 977px) 100vw, 977px\" \/><\/p>\n<hr \/>\n<h3 class=\"p1\"><b>MASTERCHEF B\u0130REYSEL DOKUNULMAZLIK OYUNUNU K\u0130M KAZANDI?<\/b><\/h3>\n<p class=\"p1\">MasterChef All Star bireysellik oyununun kazanan\u0131 Hakan oldu.<\/p>\n<h3 class=\"p1\"><b>MASTERCHEF ALL STAR MAV\u0130 TAKIM KAPTANI K\u0130M OLDU?<\/b><\/h3>\n<p class=\"p1\">MasterChef All Star mavi tak\u0131m kaptan\u0131 \u00c7a\u011fatay oldu.\u00a0\u00c7a\u011fatay kar\u015f\u0131s\u0131na k\u0131rm\u0131z\u0131 tak\u0131m kaptan\u0131 olarak Sergen\u2019i se\u00e7ti.<\/p>\n<p><img loading=\"lazy\" decoding=\"async\" class=\"alignnone wp-image-274018 size-full\" src=\"https:\/\/www.tgrthaber.com\/mavikadin\/wp-content\/uploads\/Ekran-Resmi-2025-12-10-18.48.04.png\" alt=\"\" width=\"984\" height=\"562\" title=\"\" srcset=\"https:\/\/www.tgrthaber.com\/mavikadin\/wp-content\/uploads\/Ekran-Resmi-2025-12-10-18.48.04.png 984w, https:\/\/www.tgrthaber.com\/mavikadin\/wp-content\/uploads\/Ekran-Resmi-2025-12-10-18.48.04-300x171.png 300w, https:\/\/www.tgrthaber.com\/mavikadin\/wp-content\/uploads\/Ekran-Resmi-2025-12-10-18.48.04-768x439.png 768w\" sizes=\"(max-width: 984px) 100vw, 984px\" \/><\/p>\n<hr \/>\n<h3 class=\"p1\"><b>MASTERCHEF TAKIMLAR NASIL OLDU?<\/b><\/h3>\n<p class=\"p1\"><b>MAV\u0130 TAKIM<\/b><b><\/b><\/p>\n<p class=\"p1\">\u00c7a\u011fatay (Kaptan) &#8211; Hakan, Eda, Semih, Eren, Kerem, Beyza, Alican, Erim<\/p>\n<p class=\"p1\"><b>KIRMIZI TAKIM<\/b><b><\/b><\/p>\n<p class=\"p1\">Sergen (Kaptan) &#8211; Hasan, Ayaz, Barbaros, K\u0131van\u00e7, Tolga, Dilara, Batuhan, Bar\u0131\u015f<\/p>\n<p><img loading=\"lazy\" decoding=\"async\" class=\"alignnone wp-image-274006 size-full\" src=\"https:\/\/www.tgrthaber.com\/mavikadin\/wp-content\/uploads\/Ekran-Resmi-2025-12-09-18.52.42.png\" alt=\"\" width=\"2076\" height=\"1168\" title=\"\" srcset=\"https:\/\/www.tgrthaber.com\/mavikadin\/wp-content\/uploads\/Ekran-Resmi-2025-12-09-18.52.42.png 2076w, https:\/\/www.tgrthaber.com\/mavikadin\/wp-content\/uploads\/Ekran-Resmi-2025-12-09-18.52.42-300x169.png 300w, https:\/\/www.tgrthaber.com\/mavikadin\/wp-content\/uploads\/Ekran-Resmi-2025-12-09-18.52.42-1024x576.png 1024w, https:\/\/www.tgrthaber.com\/mavikadin\/wp-content\/uploads\/Ekran-Resmi-2025-12-09-18.52.42-768x432.png 768w, https:\/\/www.tgrthaber.com\/mavikadin\/wp-content\/uploads\/Ekran-Resmi-2025-12-09-18.52.42-1536x864.png 1536w, https:\/\/www.tgrthaber.com\/mavikadin\/wp-content\/uploads\/Ekran-Resmi-2025-12-09-18.52.42-2048x1152.png 2048w\" sizes=\"(max-width: 2076px) 100vw, 2076px\" \/><\/p>\n<hr \/>\n<h3 class=\"p1\"><b>MASTERCHEF ALTIN KUPA YARI\u015eMACILARI K\u0130MLER?<\/b><\/h3>\n<p class=\"p1\">MasterChef Alt\u0131n Kupa\u2019da yar\u0131\u015facak isimler,<\/p>\n<p class=\"p1\">Alican Sabunsoy<\/p>\n<p class=\"p1\">Ayaz Ge\u00e7er<\/p>\n<p class=\"p1\">Barbaros Yolo\u011flu<\/p>\n<p class=\"p1\">Bar\u0131\u015f Demir<\/p>\n<p class=\"p1\">Batuhan Bay\u0131r<\/p>\n<p><img loading=\"lazy\" decoding=\"async\" class=\"alignnone wp-image-274007 size-large\" src=\"https:\/\/www.tgrthaber.com\/mavikadin\/wp-content\/uploads\/Ekran-Resmi-2025-12-10-18.03.07-1024x616.png\" alt=\"\" width=\"1024\" height=\"616\" title=\"\" srcset=\"https:\/\/www.tgrthaber.com\/mavikadin\/wp-content\/uploads\/Ekran-Resmi-2025-12-10-18.03.07-1024x616.png 1024w, https:\/\/www.tgrthaber.com\/mavikadin\/wp-content\/uploads\/Ekran-Resmi-2025-12-10-18.03.07-300x181.png 300w, https:\/\/www.tgrthaber.com\/mavikadin\/wp-content\/uploads\/Ekran-Resmi-2025-12-10-18.03.07-768x462.png 768w, https:\/\/www.tgrthaber.com\/mavikadin\/wp-content\/uploads\/Ekran-Resmi-2025-12-10-18.03.07.png 1050w\" sizes=\"(max-width: 1024px) 100vw, 1024px\" \/><\/p>\n<hr \/>\n<p class=\"p1\">Dilara Ba\u015faran<\/p>\n<p class=\"p1\">Eda \u00c7a\u011flayan<\/p>\n<p class=\"p1\">Eren Ka\u015f\u0131k\u00e7\u0131<\/p>\n<p class=\"p1\">Erim \u015eanal<\/p>\n<p class=\"p1\">Hasan Biltekin<\/p>\n<p class=\"p1\">Kerem Bilginer<\/p>\n<p><img loading=\"lazy\" decoding=\"async\" class=\"alignnone wp-image-274010 size-full\" src=\"https:\/\/www.tgrthaber.com\/mavikadin\/wp-content\/uploads\/MasterChef-All-Star-10-Aralik-2025-dokunulmazlik-oyununu-kim-kazandi-MasterChef-All-Star-eleme-adaylari-kimler-oldu-.png\" alt=\"\" width=\"1600\" height=\"900\" title=\"\" srcset=\"https:\/\/www.tgrthaber.com\/mavikadin\/wp-content\/uploads\/MasterChef-All-Star-10-Aralik-2025-dokunulmazlik-oyununu-kim-kazandi-MasterChef-All-Star-eleme-adaylari-kimler-oldu-.png 1600w, https:\/\/www.tgrthaber.com\/mavikadin\/wp-content\/uploads\/MasterChef-All-Star-10-Aralik-2025-dokunulmazlik-oyununu-kim-kazandi-MasterChef-All-Star-eleme-adaylari-kimler-oldu--300x169.png 300w, https:\/\/www.tgrthaber.com\/mavikadin\/wp-content\/uploads\/MasterChef-All-Star-10-Aralik-2025-dokunulmazlik-oyununu-kim-kazandi-MasterChef-All-Star-eleme-adaylari-kimler-oldu--1024x576.png 1024w, https:\/\/www.tgrthaber.com\/mavikadin\/wp-content\/uploads\/MasterChef-All-Star-10-Aralik-2025-dokunulmazlik-oyununu-kim-kazandi-MasterChef-All-Star-eleme-adaylari-kimler-oldu--768x432.png 768w, https:\/\/www.tgrthaber.com\/mavikadin\/wp-content\/uploads\/MasterChef-All-Star-10-Aralik-2025-dokunulmazlik-oyununu-kim-kazandi-MasterChef-All-Star-eleme-adaylari-kimler-oldu--1536x864.png 1536w\" sizes=\"(max-width: 1600px) 100vw, 1600px\" \/><\/p>\n<hr \/>\n<p class=\"p1\">K\u0131van\u00e7 Karadeniz<\/p>\n<p class=\"p1\">Semihcan Temiz<\/p>\n<p class=\"p1\">Sergen \u00d6zen<\/p>\n<p class=\"p1\">Tolga \u015eener<\/p>\n<p class=\"p1\">Beyza Huri Ayd\u0131n<\/p>\n<p class=\"p1\">Eski sezon yar\u0131\u015fmac\u0131lar\u0131n\u0131n yan\u0131 s\u0131ra bu sezonun \u015fef ceketi kazanan son 4 ismi; \u00c7a\u011fatay, \u00d6zkan, Sezer ve Hakan da Alt\u0131n Kupa i\u00e7in yar\u0131\u015facak.<\/p>\n","protected":false},"excerpt":{"rendered":"<p>MasterChef T\u00fcrkiye&#8217;de bu ak\u015fam d\u00fcnyadan ekmek aras\u0131 lezzetler yap\u0131ld\u0131. Tarifler i\u00e7erisinde en \u00e7ok dikkat \u00e7ekeni ise L\u00fcnan&#8217;\u0131n me\u015fhur ekmek aras\u0131 k\u00fcnefe tarifi oldu. Araplar\u0131n vazge\u00e7ilmezi olan tarif, sosyal medyada da merak uyand\u0131rd\u0131. Peki MasterChef ekmek aras\u0131 k\u00fcnefe nas\u0131l yap\u0131l\u0131r? \u0130\u015fte detaylar&#8230; <\/p>\n","protected":false},"author":16,"featured_media":274019,"comment_status":"closed","ping_status":"closed","sticky":false,"template":"","format":"standard","meta":{"rank_math_lock_modified_date":false,"footnotes":""},"categories":[191],"tags":[68014,68013,68015,3411],"class_list":["post-274011","post","type-post","status-publish","format-standard","has-post-thumbnail","hentry","category-yemek-tarifleri","tag-masterchef-ekmek-arasi-kunefe-nasil-yapilir","tag-masterchef-ekmek-arasi-kunefe-tarifi","tag-masterhef-tatli-haberleri","tag-yemek-tarifleri"],"_links":{"self":[{"href":"https:\/\/www.tgrthaber.com\/mavikadin\/wp-json\/wp\/v2\/posts\/274011"}],"collection":[{"href":"https:\/\/www.tgrthaber.com\/mavikadin\/wp-json\/wp\/v2\/posts"}],"about":[{"href":"https:\/\/www.tgrthaber.com\/mavikadin\/wp-json\/wp\/v2\/types\/post"}],"author":[{"embeddable":true,"href":"https:\/\/www.tgrthaber.com\/mavikadin\/wp-json\/wp\/v2\/users\/16"}],"replies":[{"embeddable":true,"href":"https:\/\/www.tgrthaber.com\/mavikadin\/wp-json\/wp\/v2\/comments?post=274011"}],"version-history":[{"count":1,"href":"https:\/\/www.tgrthaber.com\/mavikadin\/wp-json\/wp\/v2\/posts\/274011\/revisions"}],"predecessor-version":[{"id":274020,"href":"https:\/\/www.tgrthaber.com\/mavikadin\/wp-json\/wp\/v2\/posts\/274011\/revisions\/274020"}],"wp:featuredmedia":[{"embeddable":true,"href":"https:\/\/www.tgrthaber.com\/mavikadin\/wp-json\/wp\/v2\/media\/274019"}],"wp:attachment":[{"href":"https:\/\/www.tgrthaber.com\/mavikadin\/wp-json\/wp\/v2\/media?parent=274011"}],"wp:term":[{"taxonomy":"category","embeddable":true,"href":"https:\/\/www.tgrthaber.com\/mavikadin\/wp-json\/wp\/v2\/categories?post=274011"},{"taxonomy":"post_tag","embeddable":true,"href":"https:\/\/www.tgrthaber.com\/mavikadin\/wp-json\/wp\/v2\/tags?post=274011"}],"curies":[{"name":"wp","href":"https:\/\/api.w.org\/{rel}","templated":true}]}}