{"id":274021,"date":"2025-12-10T19:36:51","date_gmt":"2025-12-10T16:36:51","guid":{"rendered":"https:\/\/www.tgrthaber.com\/mavikadin\/?p=274021"},"modified":"2025-12-10T19:36:51","modified_gmt":"2025-12-10T16:36:51","slug":"masterchef-all-star-2025-eleme-adayi-semihcan-temiz-kimdir-masterchef-all-star-semih-aslen-nereli-meslegi-ne","status":"publish","type":"post","link":"https:\/\/www.tgrthaber.com\/mavikadin\/masterchef-all-star-2025-eleme-adayi-semihcan-temiz-kimdir-masterchef-all-star-semih-aslen-nereli-meslegi-ne\/","title":{"rendered":"MasterChef All Star 2025 eleme aday\u0131 Semihcan Temiz kimdir? MasterChef All Star Semih aslen nereli, mesle\u011fi ne?"},"content":{"rendered":"<p>TV8 ekranlar\u0131n\u0131n sevilerek seyredilen yar\u0131\u015fmas\u0131 MasterChef T\u00fcrkiye&#8217;nin d\u00fcn ak\u015fam oynanan dokunulmazl\u0131k oyunu sonras\u0131 dokunulmazl\u0131k kazanan tak\u0131m k\u0131rm\u0131z\u0131 tak\u0131m olmu\u015ftu. D\u00fcn ak\u015fam\u0131n eleme aday\u0131 ise Semiz Temiz olmu\u015ftu. Semih&#8217;in eleme aday\u0131 olmas\u0131yla birlikte hayat\u0131 da yeniden merak edildi. Peki<a href=\"https:\/\/www.tgrthaber.com\/mavikadin\/masterchef-all-star-yarismacisi-barbaros-yologlu-evliligini-bitirdi-dovmesindeki-detay-herkesin-dilinde\/\"> MasterChef<\/a> All Star 2025 eleme aday\u0131 Semih Temiz kimdir? MasterChef All Star Semih aslen nereli, mesle\u011fi ne? \u0130\u015fte detaylar&#8230;<\/p>\n<h3>MASTERCHEF ALL STAR 2025 ELEME ADAYI SEM\u0130Z TEM\u0130Z K\u0130MD\u0130R?<\/h3>\n<p class=\"p2\">MasterChef 2024\u2019\u00fcn dikkat \u00e7eken isimlerinden biri olan Semihcan Temiz bu sezon 2025 All Star yar\u0131\u015fmac\u0131lar\u0131 aras\u0131nda yer alan isimlerden biri. Eleme aday\u0131 olan Semihcan Temiz aslen Mersinlidir.<\/p>\n<p><img loading=\"lazy\" decoding=\"async\" class=\"alignnone wp-image-274024 \" src=\"https:\/\/www.tgrthaber.com\/mavikadin\/wp-content\/uploads\/Ekran-Resmi-2025-12-10-19.32.07.png\" alt=\"\" width=\"976\" height=\"572\" title=\"\" srcset=\"https:\/\/www.tgrthaber.com\/mavikadin\/wp-content\/uploads\/Ekran-Resmi-2025-12-10-19.32.07.png 966w, https:\/\/www.tgrthaber.com\/mavikadin\/wp-content\/uploads\/Ekran-Resmi-2025-12-10-19.32.07-300x176.png 300w, https:\/\/www.tgrthaber.com\/mavikadin\/wp-content\/uploads\/Ekran-Resmi-2025-12-10-19.32.07-768x450.png 768w\" sizes=\"(max-width: 976px) 100vw, 976px\" \/><\/p>\n<hr \/>\n<p class=\"p2\">27 ya\u015f\u0131nda olan Semih 13 ya\u015f\u0131ndan beri e\u011fitim nedeniyle yaln\u0131z ya\u015f\u0131yor.<span class=\"Apple-converted-space\">\u00a0 <\/span>\u0130\u015fletme lisans e\u011fitimi alan Semihcan Temiz \u00fcniversitenin 3. S\u0131n\u0131f\u0131nda a\u015f\u00e7\u0131l\u0131k e\u011fitimi almaya ba\u015flam\u0131\u015ft\u0131r. Mutfak d\u00fcnyas\u0131na y\u00f6nelerek farkl\u0131 bir kariyer yapmaya ba\u015flayan yar\u0131\u015fmac\u0131 2018 y\u0131l\u0131ndan beri profesyonel olarak mutfakla ilgilenmektedir.<\/p>\n<p><img loading=\"lazy\" decoding=\"async\" class=\"alignnone wp-image-274026 \" src=\"https:\/\/www.tgrthaber.com\/mavikadin\/wp-content\/uploads\/Ekran-Resmi-2025-12-10-19.32.11.png\" alt=\"\" width=\"977\" height=\"603\" title=\"\" srcset=\"https:\/\/www.tgrthaber.com\/mavikadin\/wp-content\/uploads\/Ekran-Resmi-2025-12-10-19.32.11.png 966w, https:\/\/www.tgrthaber.com\/mavikadin\/wp-content\/uploads\/Ekran-Resmi-2025-12-10-19.32.11-300x185.png 300w, https:\/\/www.tgrthaber.com\/mavikadin\/wp-content\/uploads\/Ekran-Resmi-2025-12-10-19.32.11-768x474.png 768w\" sizes=\"(max-width: 977px) 100vw, 977px\" \/><\/p>\n<hr \/>\n<p class=\"p2\">Sadece teknik bilgi ve becerileriyle de\u011fil, mutfak trendleriyle de dikkatleri \u00fczerine \u00e7eken Semih, kendini s\u00fcrekli geli\u015ftirmeye \u00e7al\u0131\u015fan yar\u0131\u015fmac\u0131lardan biri olarak dikkat \u00e7ekiyor. Bakal\u0131m haz\u0131rlad\u0131\u011f\u0131 tabaklarla dikkatleri \u00fczerine \u00e7eken Semih All Star 2025&#8217;in bu hafta ki eleme potas\u0131ndan kurtulabilecek mi!<\/p>\n<p><img loading=\"lazy\" decoding=\"async\" class=\"alignnone wp-image-274027 \" src=\"https:\/\/www.tgrthaber.com\/mavikadin\/wp-content\/uploads\/Ekran-Resmi-2025-12-10-19.32.16-1024x560.png\" alt=\"\" width=\"997\" height=\"545\" title=\"\" srcset=\"https:\/\/www.tgrthaber.com\/mavikadin\/wp-content\/uploads\/Ekran-Resmi-2025-12-10-19.32.16-1024x560.png 1024w, https:\/\/www.tgrthaber.com\/mavikadin\/wp-content\/uploads\/Ekran-Resmi-2025-12-10-19.32.16-300x164.png 300w, https:\/\/www.tgrthaber.com\/mavikadin\/wp-content\/uploads\/Ekran-Resmi-2025-12-10-19.32.16-768x420.png 768w, https:\/\/www.tgrthaber.com\/mavikadin\/wp-content\/uploads\/Ekran-Resmi-2025-12-10-19.32.16.png 1086w\" sizes=\"(max-width: 997px) 100vw, 997px\" \/><\/p>\n<hr \/>\n<h3 class=\"p1\"><b>MASTERCHEF 9 ARALIK 2025 ELEME ADAYLARI K\u0130MLER OLDU?<\/b><\/h3>\n<p class=\"p1\">MasterChef 9 Aral\u0131k 2025 eleme aday\u0131 Semih oldu. Bireysel dokunulmazl\u0131\u011f\u0131 kazanan isim ise Alican oldu.\u00a0<b>\u00a0<\/b><\/p>\n<p><img loading=\"lazy\" decoding=\"async\" class=\"alignnone wp-image-274022 \" src=\"https:\/\/www.tgrthaber.com\/mavikadin\/wp-content\/uploads\/Ekran-Resmi-2025-12-10-18.00.08-1.png\" alt=\"\" width=\"982\" height=\"610\" title=\"\" srcset=\"https:\/\/www.tgrthaber.com\/mavikadin\/wp-content\/uploads\/Ekran-Resmi-2025-12-10-18.00.08-1.png 918w, https:\/\/www.tgrthaber.com\/mavikadin\/wp-content\/uploads\/Ekran-Resmi-2025-12-10-18.00.08-1-300x186.png 300w, https:\/\/www.tgrthaber.com\/mavikadin\/wp-content\/uploads\/Ekran-Resmi-2025-12-10-18.00.08-1-768x477.png 768w\" sizes=\"(max-width: 982px) 100vw, 982px\" \/><\/p>\n<hr \/>\n<h3 class=\"p1\"><b>MASTERCHEF ALL STAR 8 ARALIK 2025 ELEME ADAYI K\u0130M OLDU?<\/b><\/h3>\n<p class=\"p1\">MasterChef 8 Aral\u0131k 2025 eleme aday\u0131 Erim \u015eanal oldu.<\/p>\n<p><img loading=\"lazy\" decoding=\"async\" class=\"alignnone wp-image-274017 \" src=\"https:\/\/www.tgrthaber.com\/mavikadin\/wp-content\/uploads\/Ekran-Resmi-2025-12-10-18.00.55-1.png\" alt=\"\" width=\"979\" height=\"566\" title=\"\" srcset=\"https:\/\/www.tgrthaber.com\/mavikadin\/wp-content\/uploads\/Ekran-Resmi-2025-12-10-18.00.55-1.png 948w, https:\/\/www.tgrthaber.com\/mavikadin\/wp-content\/uploads\/Ekran-Resmi-2025-12-10-18.00.55-1-300x173.png 300w, https:\/\/www.tgrthaber.com\/mavikadin\/wp-content\/uploads\/Ekran-Resmi-2025-12-10-18.00.55-1-768x444.png 768w\" sizes=\"(max-width: 979px) 100vw, 979px\" \/><\/p>\n<hr \/>\n<h3 class=\"p1\"><b>MASTERCHEF B\u0130REYSEL DOKUNULMAZLIK OYUNUNU K\u0130M KAZANDI?<\/b><\/h3>\n<p class=\"p1\">MasterChef All Star bireysellik oyununun kazanan\u0131 Hakan oldu.<\/p>\n<p><img loading=\"lazy\" decoding=\"async\" class=\"alignnone wp-image-274005 \" src=\"https:\/\/www.tgrthaber.com\/mavikadin\/wp-content\/uploads\/Ekran-Resmi-2025-12-10-18.01.06.png\" alt=\"\" width=\"988\" height=\"622\" title=\"\" srcset=\"https:\/\/www.tgrthaber.com\/mavikadin\/wp-content\/uploads\/Ekran-Resmi-2025-12-10-18.01.06.png 950w, https:\/\/www.tgrthaber.com\/mavikadin\/wp-content\/uploads\/Ekran-Resmi-2025-12-10-18.01.06-300x189.png 300w, https:\/\/www.tgrthaber.com\/mavikadin\/wp-content\/uploads\/Ekran-Resmi-2025-12-10-18.01.06-768x483.png 768w\" sizes=\"(max-width: 988px) 100vw, 988px\" \/><\/p>\n<hr \/>\n<h3 class=\"p1\"><b>MASTERCHEF ALL STAR MAV\u0130 TAKIM KAPTANI K\u0130M OLDU?<\/b><\/h3>\n<p class=\"p1\">MasterChef All Star mavi tak\u0131m kaptan\u0131 \u00c7a\u011fatay oldu.\u00a0\u00c7a\u011fatay kar\u015f\u0131s\u0131na k\u0131rm\u0131z\u0131 tak\u0131m kaptan\u0131 olarak Sergen\u2019i se\u00e7ti.<\/p>\n<h3 class=\"p1\"><b>MASTERCHEF TAKIMLAR NASIL OLDU?<\/b><\/h3>\n<p class=\"p1\"><b>MAV\u0130 TAKIM<\/b><b><\/b><\/p>\n<p class=\"p1\">\u00c7a\u011fatay (Kaptan) &#8211; Hakan, Eda, Semih, Eren, Kerem, Beyza, Alican, Erim<\/p>\n<p class=\"p1\"><b>KIRMIZI TAKIM<\/b><b><\/b><\/p>\n<p class=\"p1\">Sergen (Kaptan) &#8211; Hasan, Ayaz, Barbaros, K\u0131van\u00e7, Tolga, Dilara, Batuhan, Bar\u0131\u015f<\/p>\n<p><img loading=\"lazy\" decoding=\"async\" class=\"alignnone wp-image-274006 size-large\" src=\"https:\/\/www.tgrthaber.com\/mavikadin\/wp-content\/uploads\/Ekran-Resmi-2025-12-09-18.52.42-1024x576.png\" alt=\"\" width=\"1024\" height=\"576\" title=\"\" srcset=\"https:\/\/www.tgrthaber.com\/mavikadin\/wp-content\/uploads\/Ekran-Resmi-2025-12-09-18.52.42-1024x576.png 1024w, https:\/\/www.tgrthaber.com\/mavikadin\/wp-content\/uploads\/Ekran-Resmi-2025-12-09-18.52.42-300x169.png 300w, https:\/\/www.tgrthaber.com\/mavikadin\/wp-content\/uploads\/Ekran-Resmi-2025-12-09-18.52.42-768x432.png 768w, https:\/\/www.tgrthaber.com\/mavikadin\/wp-content\/uploads\/Ekran-Resmi-2025-12-09-18.52.42-1536x864.png 1536w, https:\/\/www.tgrthaber.com\/mavikadin\/wp-content\/uploads\/Ekran-Resmi-2025-12-09-18.52.42-2048x1152.png 2048w\" sizes=\"(max-width: 1024px) 100vw, 1024px\" \/><\/p>\n<hr \/>\n<h3 class=\"p1\"><b>MASTERCHEF ALTIN KUPA YARI\u015eMACILARI K\u0130MLER?<\/b><\/h3>\n<p class=\"p1\">MasterChef Alt\u0131n Kupa\u2019da yar\u0131\u015facak isimler,<\/p>\n<p class=\"p1\">Alican Sabunsoy<\/p>\n<p class=\"p1\">Ayaz Ge\u00e7er<\/p>\n<p class=\"p1\">Barbaros Yolo\u011flu<\/p>\n<p class=\"p1\">Bar\u0131\u015f Demir<\/p>\n<p><img loading=\"lazy\" decoding=\"async\" class=\"alignnone wp-image-274010 size-full\" src=\"https:\/\/www.tgrthaber.com\/mavikadin\/wp-content\/uploads\/MasterChef-All-Star-10-Aralik-2025-dokunulmazlik-oyununu-kim-kazandi-MasterChef-All-Star-eleme-adaylari-kimler-oldu-.png\" alt=\"\" width=\"1600\" height=\"900\" title=\"\" srcset=\"https:\/\/www.tgrthaber.com\/mavikadin\/wp-content\/uploads\/MasterChef-All-Star-10-Aralik-2025-dokunulmazlik-oyununu-kim-kazandi-MasterChef-All-Star-eleme-adaylari-kimler-oldu-.png 1600w, https:\/\/www.tgrthaber.com\/mavikadin\/wp-content\/uploads\/MasterChef-All-Star-10-Aralik-2025-dokunulmazlik-oyununu-kim-kazandi-MasterChef-All-Star-eleme-adaylari-kimler-oldu--300x169.png 300w, https:\/\/www.tgrthaber.com\/mavikadin\/wp-content\/uploads\/MasterChef-All-Star-10-Aralik-2025-dokunulmazlik-oyununu-kim-kazandi-MasterChef-All-Star-eleme-adaylari-kimler-oldu--1024x576.png 1024w, https:\/\/www.tgrthaber.com\/mavikadin\/wp-content\/uploads\/MasterChef-All-Star-10-Aralik-2025-dokunulmazlik-oyununu-kim-kazandi-MasterChef-All-Star-eleme-adaylari-kimler-oldu--768x432.png 768w, https:\/\/www.tgrthaber.com\/mavikadin\/wp-content\/uploads\/MasterChef-All-Star-10-Aralik-2025-dokunulmazlik-oyununu-kim-kazandi-MasterChef-All-Star-eleme-adaylari-kimler-oldu--1536x864.png 1536w\" sizes=\"(max-width: 1600px) 100vw, 1600px\" \/><\/p>\n<hr \/>\n<p class=\"p1\">Batuhan Bay\u0131r<\/p>\n<p class=\"p1\">Dilara Ba\u015faran<\/p>\n<p class=\"p1\">Eda \u00c7a\u011flayan<\/p>\n<p class=\"p1\">Eren Ka\u015f\u0131k\u00e7\u0131<\/p>\n<p class=\"p1\">Erim \u015eanal<\/p>\n<p class=\"p1\">Hasan Biltekin<\/p>\n<p class=\"p1\">Kerem Bilginer<\/p>\n<p><img loading=\"lazy\" decoding=\"async\" class=\"alignnone wp-image-274007 size-large\" src=\"https:\/\/www.tgrthaber.com\/mavikadin\/wp-content\/uploads\/Ekran-Resmi-2025-12-10-18.03.07-1024x616.png\" alt=\"\" width=\"1024\" height=\"616\" title=\"\" srcset=\"https:\/\/www.tgrthaber.com\/mavikadin\/wp-content\/uploads\/Ekran-Resmi-2025-12-10-18.03.07-1024x616.png 1024w, https:\/\/www.tgrthaber.com\/mavikadin\/wp-content\/uploads\/Ekran-Resmi-2025-12-10-18.03.07-300x181.png 300w, https:\/\/www.tgrthaber.com\/mavikadin\/wp-content\/uploads\/Ekran-Resmi-2025-12-10-18.03.07-768x462.png 768w, https:\/\/www.tgrthaber.com\/mavikadin\/wp-content\/uploads\/Ekran-Resmi-2025-12-10-18.03.07.png 1050w\" sizes=\"(max-width: 1024px) 100vw, 1024px\" \/><\/p>\n<p class=\"p1\">K\u0131van\u00e7 Karadeniz<\/p>\n<p class=\"p1\">Semihcan Temiz<\/p>\n<p class=\"p1\">Sergen \u00d6zen<\/p>\n<p class=\"p1\">Tolga \u015eener<\/p>\n<p class=\"p1\">Beyza Huri Ayd\u0131n<\/p>\n","protected":false},"excerpt":{"rendered":"<p>TV8 ekranlar\u0131n\u0131n sevilerek seyredilen yar\u0131\u015fma program\u0131 MasterChef T\u00fcrkiye&#8217;de heyecan dorukta! D\u00fcn ak\u015fam oynanan dokunulmazl\u0131k oyunu sonras\u0131 eleme potas\u0131na giden isim Semih oldu. Semih&#8217;in potaya gitmesiyle birlikte hayat\u0131 da yeniden merak edilip ara\u015ft\u0131r\u0131lmaya ba\u015fland\u0131. Peki MasterChef All Star 2025 eleme aday\u0131 Semih Temiz kimdir? MasterChef All Star Semih aslen nereli, mesle\u011fi ne? \u0130\u015fte hakk\u0131nda bilinmeyeler&#8230; <\/p>\n","protected":false},"author":16,"featured_media":274023,"comment_status":"closed","ping_status":"closed","sticky":false,"template":"","format":"standard","meta":{"rank_math_lock_modified_date":false,"footnotes":""},"categories":[491],"tags":[3374,68016,68017,68018],"class_list":["post-274021","post","type-post","status-publish","format-standard","has-post-thumbnail","hentry","category-biyografi","tag-biyografi","tag-masterchef-all-star-2025-semih-temiz-kimdir","tag-masterchef-all-star-2025-semih-temiz-ne-is-yapiyor","tag-masterchef-all-star-semih-temiz-aslen-nereli"],"_links":{"self":[{"href":"https:\/\/www.tgrthaber.com\/mavikadin\/wp-json\/wp\/v2\/posts\/274021"}],"collection":[{"href":"https:\/\/www.tgrthaber.com\/mavikadin\/wp-json\/wp\/v2\/posts"}],"about":[{"href":"https:\/\/www.tgrthaber.com\/mavikadin\/wp-json\/wp\/v2\/types\/post"}],"author":[{"embeddable":true,"href":"https:\/\/www.tgrthaber.com\/mavikadin\/wp-json\/wp\/v2\/users\/16"}],"replies":[{"embeddable":true,"href":"https:\/\/www.tgrthaber.com\/mavikadin\/wp-json\/wp\/v2\/comments?post=274021"}],"version-history":[{"count":2,"href":"https:\/\/www.tgrthaber.com\/mavikadin\/wp-json\/wp\/v2\/posts\/274021\/revisions"}],"predecessor-version":[{"id":274029,"href":"https:\/\/www.tgrthaber.com\/mavikadin\/wp-json\/wp\/v2\/posts\/274021\/revisions\/274029"}],"wp:featuredmedia":[{"embeddable":true,"href":"https:\/\/www.tgrthaber.com\/mavikadin\/wp-json\/wp\/v2\/media\/274023"}],"wp:attachment":[{"href":"https:\/\/www.tgrthaber.com\/mavikadin\/wp-json\/wp\/v2\/media?parent=274021"}],"wp:term":[{"taxonomy":"category","embeddable":true,"href":"https:\/\/www.tgrthaber.com\/mavikadin\/wp-json\/wp\/v2\/categories?post=274021"},{"taxonomy":"post_tag","embeddable":true,"href":"https:\/\/www.tgrthaber.com\/mavikadin\/wp-json\/wp\/v2\/tags?post=274021"}],"curies":[{"name":"wp","href":"https:\/\/api.w.org\/{rel}","templated":true}]}}