{"id":274030,"date":"2025-12-10T20:08:45","date_gmt":"2025-12-10T17:08:45","guid":{"rendered":"https:\/\/www.tgrthaber.com\/mavikadin\/?p=274030"},"modified":"2025-12-10T20:08:46","modified_gmt":"2025-12-10T17:08:46","slug":"o-ses-turkiye-2026-yilbasi-ozel-jurileri-belli-oldu-adi-gecen-o-oyuncu-gundeme-oturdu","status":"publish","type":"post","link":"https:\/\/www.tgrthaber.com\/mavikadin\/o-ses-turkiye-2026-yilbasi-ozel-jurileri-belli-oldu-adi-gecen-o-oyuncu-gundeme-oturdu\/","title":{"rendered":"O Ses T\u00fcrkiye 2026 y\u0131lba\u015f\u0131 \u00f6zel j\u00fcrileri belli oldu! Ad\u0131 ge\u00e7en o oyuncu g\u00fcndeme oturdu"},"content":{"rendered":"<p class=\"p1\">Y\u0131lba\u015f\u0131 gecelerinin sevilerek seyredilen e\u011flence program\u0131 O Ses T\u00fcrkiye Y\u0131lba\u015f\u0131 \u00d6zel<span class=\"Apple-converted-space\">\u00a0 <\/span>TV8 \u2018de bu sezon da yerini almaya haz\u0131rlan\u0131yor. Her sene merak uyand\u0131ran j\u00fcri kadrosu bu sene de yine merak uyand\u0131rd\u0131. O Ses T\u00fcrkiye sevenler 2026 y\u0131lba\u015f\u0131 gecesi programda j\u00fcri olacak olan ki\u015filerin kimler oldu\u011funu merak edip ara\u015ft\u0131rmaya ba\u015flad\u0131. Peki O Ses T\u00fcrkiye Y\u0131lba\u015f\u0131 \u00d6zel 2026 j\u00fcrileri kimler olacak? \u0130\u015fte detaylar\u2026<\/p>\n<h3>O SES T\u00dcRK\u0130YE 2026 YILBA\u015eI \u00d6ZEL J\u00dcR\u0130LER\u0130 BELL\u0130 OLDU!<\/h3>\n<p class=\"p1\">Sosyal medyada yer alan iddialara g\u00f6re <a href=\"https:\/\/www.tgrthaber.com\/mavikadin\/o-ses-turkiye-yeni-yil-2026-bilet-fiyatlari-belli-oldu-o-ses-turkiye-yeni-yil-ozel-programi\/\">O Ses T\u00fcrkiye Y\u0131lba\u015f\u0131 \u00d6zel<\/a> 2026 e\u011flence program\u0131n\u0131n j\u00fcrileri b\u00fcy\u00fck \u00f6l\u00e7\u00fcde belirlendi.<\/p>\n<p><img loading=\"lazy\" decoding=\"async\" class=\"alignnone wp-image-274036 size-full\" src=\"https:\/\/www.tgrthaber.com\/mavikadin\/wp-content\/uploads\/Ekran-Resmi-2025-12-10-19.58.51.png\" alt=\"\" width=\"1016\" height=\"622\" title=\"\" srcset=\"https:\/\/www.tgrthaber.com\/mavikadin\/wp-content\/uploads\/Ekran-Resmi-2025-12-10-19.58.51.png 1016w, https:\/\/www.tgrthaber.com\/mavikadin\/wp-content\/uploads\/Ekran-Resmi-2025-12-10-19.58.51-300x184.png 300w, https:\/\/www.tgrthaber.com\/mavikadin\/wp-content\/uploads\/Ekran-Resmi-2025-12-10-19.58.51-768x470.png 768w\" sizes=\"(max-width: 1016px) 100vw, 1016px\" \/><\/p>\n<hr \/>\n<p class=\"p1\">Kuliste konu\u015fulanlara g\u00f6re her sezon oldu\u011fu gibi bu sezon da Murat Boz ve Hadise program\u0131n demirba\u015f j\u00fcrileri aras\u0131nda yer alacak. Fakat bu sezon j\u00fcride farkl\u0131 bir de\u011fi\u015fiklik var. Ebru G\u00fcnde\u015f\u2019in yerine oyuncu Gupse \u00d6zay\u2019a teklif gitti\u011fi iddia edildi.<\/p>\n<p><img loading=\"lazy\" decoding=\"async\" class=\"alignnone wp-image-274031 size-large\" src=\"https:\/\/www.tgrthaber.com\/mavikadin\/wp-content\/uploads\/Ekran-Resmi-2025-12-10-19.59.25-1024x533.png\" alt=\"\" width=\"1024\" height=\"533\" title=\"\" srcset=\"https:\/\/www.tgrthaber.com\/mavikadin\/wp-content\/uploads\/Ekran-Resmi-2025-12-10-19.59.25-1024x533.png 1024w, https:\/\/www.tgrthaber.com\/mavikadin\/wp-content\/uploads\/Ekran-Resmi-2025-12-10-19.59.25-300x156.png 300w, https:\/\/www.tgrthaber.com\/mavikadin\/wp-content\/uploads\/Ekran-Resmi-2025-12-10-19.59.25-768x400.png 768w, https:\/\/www.tgrthaber.com\/mavikadin\/wp-content\/uploads\/Ekran-Resmi-2025-12-10-19.59.25.png 1152w\" sizes=\"(max-width: 1024px) 100vw, 1024px\" \/><\/p>\n<hr \/>\n<h3>GUPSE \u00d6ZAY O SES T\u00dcRK\u0130YE J\u00dcR\u0130S\u0130 M\u0130 OLACAK?<\/h3>\n<p class=\"p3\">O Ses T\u00fcrkiye Y\u0131lba\u015f\u0131 \u00d6zel program\u0131n\u0131n en dikkat \u00e7eken j\u00fcrilerinden biri de Gupse \u00d6zay oldu. \u0130ddiaya g\u00f6re \u00fcnl\u00fc oyuncuya j\u00fcrilik i\u00e7in teklif gitti ve Gupse \u00d6zay bu teklifi kabul etti.<\/p>\n<p><img loading=\"lazy\" decoding=\"async\" class=\"alignnone wp-image-274032 size-large\" src=\"https:\/\/www.tgrthaber.com\/mavikadin\/wp-content\/uploads\/Ekran-Resmi-2025-12-10-19.59.14-1024x570.png\" alt=\"\" width=\"1024\" height=\"570\" title=\"\" srcset=\"https:\/\/www.tgrthaber.com\/mavikadin\/wp-content\/uploads\/Ekran-Resmi-2025-12-10-19.59.14-1024x570.png 1024w, https:\/\/www.tgrthaber.com\/mavikadin\/wp-content\/uploads\/Ekran-Resmi-2025-12-10-19.59.14-300x167.png 300w, https:\/\/www.tgrthaber.com\/mavikadin\/wp-content\/uploads\/Ekran-Resmi-2025-12-10-19.59.14-768x428.png 768w, https:\/\/www.tgrthaber.com\/mavikadin\/wp-content\/uploads\/Ekran-Resmi-2025-12-10-19.59.14.png 1052w\" sizes=\"(max-width: 1024px) 100vw, 1024px\" \/><\/p>\n<hr \/>\n<p class=\"p3\">Mizah\u0131 ve sahne enerjisi ile dikkatleri \u00fczerine \u00e7eken ismin programa farkl\u0131 bir hava kataca\u011f\u0131 kesin. Yap\u0131m ekibinden gelen resmi bir a\u00e7\u0131klama hen\u00fcz yok. Bakal\u0131m bu sene O Ses T\u00fcrkiye j\u00fcrisinde \u00fcnl\u00fc oyuncu Gupse \u00d6zay\u2019da yer alacak m\u0131?<\/p>\n<p><img loading=\"lazy\" decoding=\"async\" class=\"alignnone wp-image-274033 size-full\" src=\"https:\/\/www.tgrthaber.com\/mavikadin\/wp-content\/uploads\/Ekran-Resmi-2025-12-10-20.00.29.png\" alt=\"\" width=\"984\" height=\"598\" title=\"\" srcset=\"https:\/\/www.tgrthaber.com\/mavikadin\/wp-content\/uploads\/Ekran-Resmi-2025-12-10-20.00.29.png 984w, https:\/\/www.tgrthaber.com\/mavikadin\/wp-content\/uploads\/Ekran-Resmi-2025-12-10-20.00.29-300x182.png 300w, https:\/\/www.tgrthaber.com\/mavikadin\/wp-content\/uploads\/Ekran-Resmi-2025-12-10-20.00.29-768x467.png 768w\" sizes=\"(max-width: 984px) 100vw, 984px\" \/><\/p>\n<hr \/>\n<h3>GUPSE \u00d6ZAY K\u0130MD\u0130R?<\/h3>\n<p class=\"p1\">Gupse \u00d6zay 1984 y\u0131l\u0131nda d\u00fcnyaya gelmi\u015ftir. \u0130zmir do\u011fumlu olan oyuncunun tam ad\u0131 Gupse \u00d6zay Karayel\u2019dir. \u00c7erkes as\u0131ll\u0131 olan oyuncunun \u00e7ocukluk y\u0131llar\u0131 \u0130zmir Bornova\u2019da ge\u00e7mi\u015ftir.<\/p>\n<p><img loading=\"lazy\" decoding=\"async\" class=\"alignnone wp-image-274034 size-full\" src=\"https:\/\/www.tgrthaber.com\/mavikadin\/wp-content\/uploads\/Ekran-Resmi-2025-12-10-20.02.32.png\" alt=\"\" width=\"994\" height=\"566\" title=\"\" srcset=\"https:\/\/www.tgrthaber.com\/mavikadin\/wp-content\/uploads\/Ekran-Resmi-2025-12-10-20.02.32.png 994w, https:\/\/www.tgrthaber.com\/mavikadin\/wp-content\/uploads\/Ekran-Resmi-2025-12-10-20.02.32-300x171.png 300w, https:\/\/www.tgrthaber.com\/mavikadin\/wp-content\/uploads\/Ekran-Resmi-2025-12-10-20.02.32-768x437.png 768w\" sizes=\"(max-width: 994px) 100vw, 994px\" \/><\/p>\n<hr \/>\n<p class=\"p1\">K\u00fc\u00e7\u00fck ya\u015flardan itibaren yazmay\u0131 seven oyuncu, insanlar\u0131 g\u00fcld\u00fcrmeyi de sevmi\u015f ve bunu kendisine i\u015f edinmi\u015ftir.<span class=\"Apple-converted-space\">\u00a0<\/span><\/p>\n<p><img loading=\"lazy\" decoding=\"async\" class=\"alignnone wp-image-274035 size-large\" src=\"https:\/\/www.tgrthaber.com\/mavikadin\/wp-content\/uploads\/Ekran-Resmi-2025-12-10-20.02.23-1024x595.png\" alt=\"\" width=\"1024\" height=\"595\" title=\"\" srcset=\"https:\/\/www.tgrthaber.com\/mavikadin\/wp-content\/uploads\/Ekran-Resmi-2025-12-10-20.02.23-1024x595.png 1024w, https:\/\/www.tgrthaber.com\/mavikadin\/wp-content\/uploads\/Ekran-Resmi-2025-12-10-20.02.23-300x174.png 300w, https:\/\/www.tgrthaber.com\/mavikadin\/wp-content\/uploads\/Ekran-Resmi-2025-12-10-20.02.23-768x446.png 768w, https:\/\/www.tgrthaber.com\/mavikadin\/wp-content\/uploads\/Ekran-Resmi-2025-12-10-20.02.23.png 1046w\" sizes=\"(max-width: 1024px) 100vw, 1024px\" \/><\/p>\n<hr \/>\n<p class=\"p1\">Ege \u00dcniversitesi Radyo Televizyon ve Sinema B\u00f6l\u00fcm\u00fc&#8217;nde e\u011fitim alan oyuncu \u00fcniversite y\u0131llar\u0131nda hem kamera arkas\u0131nda hem de senaryo yaz\u0131m\u0131nda kendisini geli\u015ftirmi\u015ftir. Okul d\u00f6neminde k\u0131sa film senaryolar\u0131 yazm\u0131\u015f ve \u00e7e\u015fitli televizyon projelerinde yer alarak televizyon sekt\u00f6r\u00fcne ad\u0131m atm\u0131\u015ft\u0131r.<\/p>\n","protected":false},"excerpt":{"rendered":"<p>TV8\u2019in her sene ba\u015f\u0131nda gelenekselle\u015fen O Ses T\u00fcrkiye Y\u0131lba\u015f\u0131 \u00d6zel program\u0131 i\u00e7in j\u00fcri kadrosunun \u015fekillendi\u011fi iddia edildi. Sosyal medyada konu\u015fulanlara g\u00f6re j\u00fcride bu y\u0131l olacak isimler O Ses T\u00fcrkiye sevenlerini heyecanland\u0131racak gibi g\u00f6r\u00fcn\u00fcyor. Peki O Ses T\u00fcrkiye Y\u0131lba\u015f\u0131 \u00d6zel 2026 program\u0131nda j\u00fcride kimler olacak? \u0130\u015fte detaylar\u2026 <\/p>\n","protected":false},"author":16,"featured_media":274037,"comment_status":"closed","ping_status":"closed","sticky":false,"template":"","format":"standard","meta":{"rank_math_lock_modified_date":false,"footnotes":""},"categories":[76],"tags":[133,2218,68020,68019],"class_list":["post-274030","post","type-post","status-publish","format-standard","has-post-thumbnail","hentry","category-magazin","tag-magazin","tag-magazin-haberleri","tag-o-ses-turkiye-2026-yilbasi-ozel-jurileri","tag-o-ses-turkiye-yilbasi-ozel-jurileri-2026"],"_links":{"self":[{"href":"https:\/\/www.tgrthaber.com\/mavikadin\/wp-json\/wp\/v2\/posts\/274030"}],"collection":[{"href":"https:\/\/www.tgrthaber.com\/mavikadin\/wp-json\/wp\/v2\/posts"}],"about":[{"href":"https:\/\/www.tgrthaber.com\/mavikadin\/wp-json\/wp\/v2\/types\/post"}],"author":[{"embeddable":true,"href":"https:\/\/www.tgrthaber.com\/mavikadin\/wp-json\/wp\/v2\/users\/16"}],"replies":[{"embeddable":true,"href":"https:\/\/www.tgrthaber.com\/mavikadin\/wp-json\/wp\/v2\/comments?post=274030"}],"version-history":[{"count":1,"href":"https:\/\/www.tgrthaber.com\/mavikadin\/wp-json\/wp\/v2\/posts\/274030\/revisions"}],"predecessor-version":[{"id":274038,"href":"https:\/\/www.tgrthaber.com\/mavikadin\/wp-json\/wp\/v2\/posts\/274030\/revisions\/274038"}],"wp:featuredmedia":[{"embeddable":true,"href":"https:\/\/www.tgrthaber.com\/mavikadin\/wp-json\/wp\/v2\/media\/274037"}],"wp:attachment":[{"href":"https:\/\/www.tgrthaber.com\/mavikadin\/wp-json\/wp\/v2\/media?parent=274030"}],"wp:term":[{"taxonomy":"category","embeddable":true,"href":"https:\/\/www.tgrthaber.com\/mavikadin\/wp-json\/wp\/v2\/categories?post=274030"},{"taxonomy":"post_tag","embeddable":true,"href":"https:\/\/www.tgrthaber.com\/mavikadin\/wp-json\/wp\/v2\/tags?post=274030"}],"curies":[{"name":"wp","href":"https:\/\/api.w.org\/{rel}","templated":true}]}}