{"id":274050,"date":"2025-12-10T22:40:06","date_gmt":"2025-12-10T19:40:06","guid":{"rendered":"https:\/\/www.tgrthaber.com\/mavikadin\/?p=274050"},"modified":"2025-12-10T22:40:06","modified_gmt":"2025-12-10T19:40:06","slug":"masterchef-tarifiyle-evde-sushi-yapmak-artik-cok-kolay-deneyenler-bir-daha-disaridan-yemeyecek","status":"publish","type":"post","link":"https:\/\/www.tgrthaber.com\/mavikadin\/masterchef-tarifiyle-evde-sushi-yapmak-artik-cok-kolay-deneyenler-bir-daha-disaridan-yemeyecek\/","title":{"rendered":"MasterChef tarifiyle evde sushi yapmak art\u0131k \u00e7ok kolay! Deneyenler bir daha d\u0131\u015far\u0131dan yemeyecek"},"content":{"rendered":"<p>TV8 ekranlar\u0131n\u0131n svilen program\u0131 MasterChef T\u00fcrkiye&#8217;de yap\u0131ld\u0131ktan sonra herkesin tarifini merak etti\u011fi lezzetlerden biri de Sushi Uramaki tarifi oldu. Sushi sevenlerin bay\u0131larak yedi\u011fi bu \u015fahane lezzeti MasterChef&#8217;teki p\u00fcf noktalar\u0131n\u0131 uygulayarak evinizde kolayl\u0131kla haz\u0131rlayabilirsiniz. Peki <a href=\"https:\/\/www.tgrthaber.com\/mavikadin\/masterchef-2025-ozkan-akan-aslen-nereli-masterchef-finalisti-ozkan-hakkinda-bilinmeyenler-sasirtti\/\">MasterChef<\/a> evde sushi nas\u0131l yap\u0131l\u0131r? \u0130\u015fte tarifi&#8230;<\/p>\n<h3>MASTERCHEF TAR\u0130F\u0130YLE EVDE SUSH\u0130 YAPMAK ARTIK \u00c7OK KOLAY! DENEYENLER B\u0130R DAHA DI\u015eARIDAN YEMEYECEK<\/h3>\n<p class=\"p1\"><strong>Malzemeler<\/strong><\/p>\n<p class=\"p1\">Sushi Pirinci<\/p>\n<p class=\"p1\">2 su barda\u011f\u0131 Japon k\u0131sa taneli sushi pirinci<\/p>\n<p class=\"p1\">2,5 su barda\u011f\u0131 su<\/p>\n<p class=\"p1\">4 yemek ka\u015f\u0131\u011f\u0131 pirin\u00e7 sirkesi<\/p>\n<p><img loading=\"lazy\" decoding=\"async\" class=\"alignnone wp-image-274051 size-large\" src=\"https:\/\/www.tgrthaber.com\/mavikadin\/wp-content\/uploads\/Ekran-Resmi-2025-12-10-21.04.21-1024x605.png\" alt=\"\" width=\"1024\" height=\"605\" title=\"\" srcset=\"https:\/\/www.tgrthaber.com\/mavikadin\/wp-content\/uploads\/Ekran-Resmi-2025-12-10-21.04.21-1024x605.png 1024w, https:\/\/www.tgrthaber.com\/mavikadin\/wp-content\/uploads\/Ekran-Resmi-2025-12-10-21.04.21-300x177.png 300w, https:\/\/www.tgrthaber.com\/mavikadin\/wp-content\/uploads\/Ekran-Resmi-2025-12-10-21.04.21-768x454.png 768w, https:\/\/www.tgrthaber.com\/mavikadin\/wp-content\/uploads\/Ekran-Resmi-2025-12-10-21.04.21.png 1236w\" sizes=\"(max-width: 1024px) 100vw, 1024px\" \/><\/p>\n<hr \/>\n<p class=\"p1\">1 yemek ka\u015f\u0131\u011f\u0131 \u015feker<\/p>\n<p class=\"p1\">1 \u00e7ay ka\u015f\u0131\u011f\u0131 tuz<\/p>\n<p class=\"p1\">Uramaki \u0130\u00e7 Malzemeleri<\/p>\n<p class=\"p1\">1 adet salatal\u0131k (ince \u015ferit)<\/p>\n<p class=\"p1\">1 adet avokado (ince dilim)<\/p>\n<p class=\"p1\">150 g \u00e7i\u011f somon ya da kani (yenge\u00e7 eti \u2013 California Roll i\u00e7in)<\/p>\n<p><img loading=\"lazy\" decoding=\"async\" class=\"alignnone wp-image-274052 size-large\" src=\"https:\/\/www.tgrthaber.com\/mavikadin\/wp-content\/uploads\/Ekran-Resmi-2025-12-10-21.04.29-1024x617.png\" alt=\"\" width=\"1024\" height=\"617\" title=\"\" srcset=\"https:\/\/www.tgrthaber.com\/mavikadin\/wp-content\/uploads\/Ekran-Resmi-2025-12-10-21.04.29-1024x617.png 1024w, https:\/\/www.tgrthaber.com\/mavikadin\/wp-content\/uploads\/Ekran-Resmi-2025-12-10-21.04.29-300x181.png 300w, https:\/\/www.tgrthaber.com\/mavikadin\/wp-content\/uploads\/Ekran-Resmi-2025-12-10-21.04.29-768x463.png 768w, https:\/\/www.tgrthaber.com\/mavikadin\/wp-content\/uploads\/Ekran-Resmi-2025-12-10-21.04.29.png 1534w\" sizes=\"(max-width: 1024px) 100vw, 1024px\" \/><\/p>\n<hr \/>\n<p class=\"p1\">2 yaprak nori (deniz yosunu)<\/p>\n<p class=\"p1\">D\u0131\u015f\u0131 \u0130\u00e7in<\/p>\n<p class=\"p1\">Susam (kavrulmu\u015f)<\/p>\n<p class=\"p1\">Servis i\u00e7in<\/p>\n<p><img loading=\"lazy\" decoding=\"async\" class=\"alignnone wp-image-274053 size-large\" src=\"https:\/\/www.tgrthaber.com\/mavikadin\/wp-content\/uploads\/Ekran-Resmi-2025-12-10-21.04.34-1024x583.png\" alt=\"\" width=\"1024\" height=\"583\" title=\"\" srcset=\"https:\/\/www.tgrthaber.com\/mavikadin\/wp-content\/uploads\/Ekran-Resmi-2025-12-10-21.04.34-1024x583.png 1024w, https:\/\/www.tgrthaber.com\/mavikadin\/wp-content\/uploads\/Ekran-Resmi-2025-12-10-21.04.34-300x171.png 300w, https:\/\/www.tgrthaber.com\/mavikadin\/wp-content\/uploads\/Ekran-Resmi-2025-12-10-21.04.34-768x437.png 768w, https:\/\/www.tgrthaber.com\/mavikadin\/wp-content\/uploads\/Ekran-Resmi-2025-12-10-21.04.34-1536x874.png 1536w, https:\/\/www.tgrthaber.com\/mavikadin\/wp-content\/uploads\/Ekran-Resmi-2025-12-10-21.04.34.png 1606w\" sizes=\"(max-width: 1024px) 100vw, 1024px\" \/><\/p>\n<hr \/>\n<p class=\"p1\">Soya sosu<\/p>\n<p class=\"p1\">Wasabi<\/p>\n<p class=\"p1\">Tur\u015fu zencefil (gari)<\/p>\n<p class=\"p1\">1. Sushi Pirincinin Haz\u0131rlan\u0131\u015f\u0131<\/p>\n<p class=\"p1\">Pirinci 6\u20137 kez ni\u015fastas\u0131 gidene kadar y\u0131kay\u0131n.<\/p>\n<p class=\"p1\">30 dakika suyun i\u00e7inde bekletin, s\u00fcz\u00fcn.<\/p>\n<p><img loading=\"lazy\" decoding=\"async\" class=\"alignnone wp-image-274054 size-large\" src=\"https:\/\/www.tgrthaber.com\/mavikadin\/wp-content\/uploads\/Ekran-Resmi-2025-12-10-21.04.42-1024x599.png\" alt=\"\" width=\"1024\" height=\"599\" title=\"\" srcset=\"https:\/\/www.tgrthaber.com\/mavikadin\/wp-content\/uploads\/Ekran-Resmi-2025-12-10-21.04.42-1024x599.png 1024w, https:\/\/www.tgrthaber.com\/mavikadin\/wp-content\/uploads\/Ekran-Resmi-2025-12-10-21.04.42-300x175.png 300w, https:\/\/www.tgrthaber.com\/mavikadin\/wp-content\/uploads\/Ekran-Resmi-2025-12-10-21.04.42-768x449.png 768w, https:\/\/www.tgrthaber.com\/mavikadin\/wp-content\/uploads\/Ekran-Resmi-2025-12-10-21.04.42-1536x898.png 1536w, https:\/\/www.tgrthaber.com\/mavikadin\/wp-content\/uploads\/Ekran-Resmi-2025-12-10-21.04.42.png 1652w\" sizes=\"(max-width: 1024px) 100vw, 1024px\" \/><\/p>\n<hr \/>\n<p class=\"p1\">Tencereye pirin\u00e7 ve suyu koyun. Kaynay\u0131nca kapa\u011f\u0131 kapat\u0131n, en k\u0131s\u0131k ate\u015fte 12 dakika pi\u015firin.<\/p>\n<p class=\"p1\">Oca\u011f\u0131 kapat\u0131n, kapa\u011f\u0131 a\u00e7madan 10 dakika dinlendirin.<\/p>\n<p class=\"p1\">Ayr\u0131 bir kapta sirke, \u015feker ve tuzu \u00e7\u00f6zd\u00fcr\u00fcn.<\/p>\n<p class=\"p1\">Pirinci geni\u015f bir kaba al\u0131n, tahta spatulayla keser gibi kar\u0131\u015ft\u0131rarak sirke kar\u0131\u015f\u0131m\u0131n\u0131 ekleyin.<\/p>\n<p class=\"p1\">Pirin\u00e7 oda s\u0131cakl\u0131\u011f\u0131na gelene kadar so\u011futun.<\/p>\n<p><img loading=\"lazy\" decoding=\"async\" class=\"alignnone wp-image-274055 size-large\" src=\"https:\/\/www.tgrthaber.com\/mavikadin\/wp-content\/uploads\/Ekran-Resmi-2025-12-10-21.04.48-1024x681.png\" alt=\"\" width=\"1024\" height=\"681\" title=\"\" srcset=\"https:\/\/www.tgrthaber.com\/mavikadin\/wp-content\/uploads\/Ekran-Resmi-2025-12-10-21.04.48-1024x681.png 1024w, https:\/\/www.tgrthaber.com\/mavikadin\/wp-content\/uploads\/Ekran-Resmi-2025-12-10-21.04.48-300x200.png 300w, https:\/\/www.tgrthaber.com\/mavikadin\/wp-content\/uploads\/Ekran-Resmi-2025-12-10-21.04.48-768x511.png 768w, https:\/\/www.tgrthaber.com\/mavikadin\/wp-content\/uploads\/Ekran-Resmi-2025-12-10-21.04.48-1536x1022.png 1536w, https:\/\/www.tgrthaber.com\/mavikadin\/wp-content\/uploads\/Ekran-Resmi-2025-12-10-21.04.48.png 1660w\" sizes=\"(max-width: 1024px) 100vw, 1024px\" \/><\/p>\n<hr \/>\n<p class=\"p1\"><strong>2. Uramaki Haz\u0131rl\u0131\u011f\u0131<\/strong><\/p>\n<p class=\"p1\">Bamboo makisu (sushi mat\u0131) \u00fczerine stre\u00e7 film serin.<\/p>\n<p class=\"p1\">Bu, pirincin d\u0131\u015far\u0131da oldu\u011fu uramakide en \u00f6nemli ad\u0131md\u0131r.<\/p>\n<p class=\"p1\"><strong>3. Rulonun Yap\u0131l\u0131\u015f\u0131<\/strong><\/p>\n<p class=\"p1\">Nori yapra\u011f\u0131n\u0131 parlak y\u00fczeyi alta gelecek \u015fekilde mat\u0131n \u00fczerine koyun.<\/p>\n<p class=\"p1\">\u00dczerine ince bir tabaka sushi pirinci yay\u0131n. Pirincin \u00fczerine susam veya tobiko serpin.<\/p>\n<p><img loading=\"lazy\" decoding=\"async\" class=\"alignnone wp-image-274056 size-large\" src=\"https:\/\/www.tgrthaber.com\/mavikadin\/wp-content\/uploads\/Ekran-Resmi-2025-12-10-21.08.46-1024x748.png\" alt=\"\" width=\"1024\" height=\"748\" title=\"\" srcset=\"https:\/\/www.tgrthaber.com\/mavikadin\/wp-content\/uploads\/Ekran-Resmi-2025-12-10-21.08.46-1024x748.png 1024w, https:\/\/www.tgrthaber.com\/mavikadin\/wp-content\/uploads\/Ekran-Resmi-2025-12-10-21.08.46-300x219.png 300w, https:\/\/www.tgrthaber.com\/mavikadin\/wp-content\/uploads\/Ekran-Resmi-2025-12-10-21.08.46-768x561.png 768w, https:\/\/www.tgrthaber.com\/mavikadin\/wp-content\/uploads\/Ekran-Resmi-2025-12-10-21.08.46-1536x1122.png 1536w, https:\/\/www.tgrthaber.com\/mavikadin\/wp-content\/uploads\/Ekran-Resmi-2025-12-10-21.08.46.png 1588w\" sizes=\"(max-width: 1024px) 100vw, 1024px\" \/><\/p>\n<hr \/>\n<p class=\"p1\">Noriyi \u00e7evirin: Pirin\u00e7 altta, nori \u00fcstte kals\u0131n.<\/p>\n<p class=\"p1\">Nori taraf\u0131na salatal\u0131k, avokado ve somonu dizin.<\/p>\n<p class=\"p1\">Mat\u0131 kullanarak s\u0131k\u0131 bir rulo yap\u0131n.<\/p>\n<p class=\"p1\">Keskin ve \u0131slat\u0131lm\u0131\u015f bir b\u0131\u00e7akla rulonun u\u00e7lar\u0131n\u0131 d\u00fczeltin ve 8 par\u00e7aya b\u00f6l\u00fcn.<\/p>\n<p class=\"p1\"><strong>4. Servis<\/strong><\/p>\n<p class=\"p1\">Soya sosu, wasabi ve gari (tur\u015fu zencefil) ile birlikte servis edilir.<\/p>\n<p><img loading=\"lazy\" decoding=\"async\" class=\"alignnone wp-image-274057 size-full\" src=\"https:\/\/www.tgrthaber.com\/mavikadin\/wp-content\/uploads\/Ekran-Resmi-2025-12-10-21.10.11.png\" alt=\"\" width=\"1388\" height=\"876\" title=\"\" srcset=\"https:\/\/www.tgrthaber.com\/mavikadin\/wp-content\/uploads\/Ekran-Resmi-2025-12-10-21.10.11.png 1388w, https:\/\/www.tgrthaber.com\/mavikadin\/wp-content\/uploads\/Ekran-Resmi-2025-12-10-21.10.11-300x189.png 300w, https:\/\/www.tgrthaber.com\/mavikadin\/wp-content\/uploads\/Ekran-Resmi-2025-12-10-21.10.11-1024x646.png 1024w, https:\/\/www.tgrthaber.com\/mavikadin\/wp-content\/uploads\/Ekran-Resmi-2025-12-10-21.10.11-768x485.png 768w\" sizes=\"(max-width: 1388px) 100vw, 1388px\" \/><\/p>\n<hr \/>\n<h3 class=\"p1\"><b>MASTERCHEF 9 ARALIK 2025 ELEME ADAYLARI K\u0130MLER OLDU?<\/b><\/h3>\n<p class=\"p1\">MasterChef 9 Aral\u0131k 2025 eleme aday\u0131 Semih oldu. Bireysel dokunulmazl\u0131\u011f\u0131 kazanan isim ise Alican oldu.<\/p>\n<h3 class=\"p1\"><b>MASTERCHEF ALL STAR 8 ARALIK 2025 ELEME ADAYI K\u0130M OLDU?<\/b><\/h3>\n<p class=\"p1\">MasterChef 8 Aral\u0131k 2025 eleme aday\u0131 Erim \u015eanal oldu.<\/p>\n<p><img loading=\"lazy\" decoding=\"async\" class=\"alignnone wp-image-274017 \" src=\"https:\/\/www.tgrthaber.com\/mavikadin\/wp-content\/uploads\/Ekran-Resmi-2025-12-10-18.00.55-1.png\" alt=\"\" width=\"977\" height=\"565\" title=\"\" srcset=\"https:\/\/www.tgrthaber.com\/mavikadin\/wp-content\/uploads\/Ekran-Resmi-2025-12-10-18.00.55-1.png 948w, https:\/\/www.tgrthaber.com\/mavikadin\/wp-content\/uploads\/Ekran-Resmi-2025-12-10-18.00.55-1-300x173.png 300w, https:\/\/www.tgrthaber.com\/mavikadin\/wp-content\/uploads\/Ekran-Resmi-2025-12-10-18.00.55-1-768x444.png 768w\" sizes=\"(max-width: 977px) 100vw, 977px\" \/><\/p>\n<hr \/>\n<h3 class=\"p1\"><b>MASTERCHEF B\u0130REYSEL DOKUNULMAZLIK OYUNUNU K\u0130M KAZANDI?<\/b><\/h3>\n<p class=\"p1\">MasterChef All Star bireysellik oyununun kazanan\u0131 Hakan oldu.<\/p>\n<h3 class=\"p1\"><b>MASTERCHEF ALL STAR MAV\u0130 TAKIM KAPTANI K\u0130M OLDU?<\/b><\/h3>\n<p class=\"p1\">MasterChef All Star mavi tak\u0131m kaptan\u0131 \u00c7a\u011fatay oldu.\u00a0\u00c7a\u011fatay kar\u015f\u0131s\u0131na k\u0131rm\u0131z\u0131 tak\u0131m kaptan\u0131 olarak Sergen\u2019i se\u00e7ti.<\/p>\n<p><img loading=\"lazy\" decoding=\"async\" class=\"alignnone wp-image-274018 size-full\" src=\"https:\/\/www.tgrthaber.com\/mavikadin\/wp-content\/uploads\/Ekran-Resmi-2025-12-10-18.48.04.png\" alt=\"\" width=\"984\" height=\"562\" title=\"\" srcset=\"https:\/\/www.tgrthaber.com\/mavikadin\/wp-content\/uploads\/Ekran-Resmi-2025-12-10-18.48.04.png 984w, https:\/\/www.tgrthaber.com\/mavikadin\/wp-content\/uploads\/Ekran-Resmi-2025-12-10-18.48.04-300x171.png 300w, https:\/\/www.tgrthaber.com\/mavikadin\/wp-content\/uploads\/Ekran-Resmi-2025-12-10-18.48.04-768x439.png 768w\" sizes=\"(max-width: 984px) 100vw, 984px\" \/><\/p>\n<hr \/>\n<h3 class=\"p1\"><b>MASTERCHEF TAKIMLAR NASIL OLDU?<\/b><\/h3>\n<p class=\"p1\"><b>MAV\u0130 TAKIM<\/b><b><\/b><\/p>\n<p class=\"p1\">\u00c7a\u011fatay (Kaptan) &#8211; Hakan, Eda, Semih, Eren, Kerem, Beyza, Alican, Erim<\/p>\n<p class=\"p1\"><b>KIRMIZI TAKIM<\/b><b><\/b><\/p>\n<p class=\"p1\">Sergen (Kaptan) &#8211; Hasan, Ayaz, Barbaros, K\u0131van\u00e7, Tolga, Dilara, Batuhan, Bar\u0131\u015f<\/p>\n<p><img loading=\"lazy\" decoding=\"async\" class=\"alignnone wp-image-274006 size-full\" src=\"https:\/\/www.tgrthaber.com\/mavikadin\/wp-content\/uploads\/Ekran-Resmi-2025-12-09-18.52.42.png\" alt=\"\" width=\"2076\" height=\"1168\" title=\"\" srcset=\"https:\/\/www.tgrthaber.com\/mavikadin\/wp-content\/uploads\/Ekran-Resmi-2025-12-09-18.52.42.png 2076w, https:\/\/www.tgrthaber.com\/mavikadin\/wp-content\/uploads\/Ekran-Resmi-2025-12-09-18.52.42-300x169.png 300w, https:\/\/www.tgrthaber.com\/mavikadin\/wp-content\/uploads\/Ekran-Resmi-2025-12-09-18.52.42-1024x576.png 1024w, https:\/\/www.tgrthaber.com\/mavikadin\/wp-content\/uploads\/Ekran-Resmi-2025-12-09-18.52.42-768x432.png 768w, https:\/\/www.tgrthaber.com\/mavikadin\/wp-content\/uploads\/Ekran-Resmi-2025-12-09-18.52.42-1536x864.png 1536w, https:\/\/www.tgrthaber.com\/mavikadin\/wp-content\/uploads\/Ekran-Resmi-2025-12-09-18.52.42-2048x1152.png 2048w\" sizes=\"(max-width: 2076px) 100vw, 2076px\" \/><\/p>\n<hr \/>\n<h3 class=\"p1\"><b>MASTERCHEF ALTIN KUPA YARI\u015eMACILARI K\u0130MLER?<\/b><\/h3>\n<p class=\"p1\">MasterChef Alt\u0131n Kupa\u2019da yar\u0131\u015facak isimler,<\/p>\n<p class=\"p1\">Alican Sabunsoy<\/p>\n<p class=\"p1\">Ayaz Ge\u00e7er<\/p>\n<p class=\"p1\">Barbaros Yolo\u011flu<\/p>\n<p class=\"p1\">Bar\u0131\u015f Demir<\/p>\n<p class=\"p1\">Batuhan Bay\u0131r<\/p>\n<p class=\"p1\">Dilara Ba\u015faran<\/p>\n<p><img loading=\"lazy\" decoding=\"async\" class=\"alignnone wp-image-274007 size-large\" src=\"https:\/\/www.tgrthaber.com\/mavikadin\/wp-content\/uploads\/Ekran-Resmi-2025-12-10-18.03.07-1024x616.png\" alt=\"\" width=\"1024\" height=\"616\" title=\"\" srcset=\"https:\/\/www.tgrthaber.com\/mavikadin\/wp-content\/uploads\/Ekran-Resmi-2025-12-10-18.03.07-1024x616.png 1024w, https:\/\/www.tgrthaber.com\/mavikadin\/wp-content\/uploads\/Ekran-Resmi-2025-12-10-18.03.07-300x181.png 300w, https:\/\/www.tgrthaber.com\/mavikadin\/wp-content\/uploads\/Ekran-Resmi-2025-12-10-18.03.07-768x462.png 768w, https:\/\/www.tgrthaber.com\/mavikadin\/wp-content\/uploads\/Ekran-Resmi-2025-12-10-18.03.07.png 1050w\" sizes=\"(max-width: 1024px) 100vw, 1024px\" \/><\/p>\n<hr \/>\n<p class=\"p1\">Eda \u00c7a\u011flayan<\/p>\n<p class=\"p1\">Eren Ka\u015f\u0131k\u00e7\u0131<\/p>\n<p class=\"p1\">Erim \u015eanal<\/p>\n<p class=\"p1\">Hasan Biltekin<\/p>\n<p class=\"p1\">Kerem Bilginer<\/p>\n<p class=\"p1\">K\u0131van\u00e7 Karadeniz<\/p>\n<p class=\"p1\">Semihcan Temiz<\/p>\n<p><img loading=\"lazy\" decoding=\"async\" class=\"alignnone wp-image-274008 size-full\" src=\"https:\/\/www.tgrthaber.com\/mavikadin\/wp-content\/uploads\/Ekran-Resmi-2025-12-10-18.03.17.png\" alt=\"\" width=\"1024\" height=\"616\" title=\"\" srcset=\"https:\/\/www.tgrthaber.com\/mavikadin\/wp-content\/uploads\/Ekran-Resmi-2025-12-10-18.03.17.png 1024w, https:\/\/www.tgrthaber.com\/mavikadin\/wp-content\/uploads\/Ekran-Resmi-2025-12-10-18.03.17-300x180.png 300w, https:\/\/www.tgrthaber.com\/mavikadin\/wp-content\/uploads\/Ekran-Resmi-2025-12-10-18.03.17-768x462.png 768w\" sizes=\"(max-width: 1024px) 100vw, 1024px\" \/><\/p>\n<hr \/>\n<p class=\"p1\">Sergen \u00d6zen<\/p>\n<p class=\"p1\">Tolga \u015eener<\/p>\n<p class=\"p1\">Beyza Huri Ayd\u0131n<\/p>\n<p class=\"p1\">Eski sezon yar\u0131\u015fmac\u0131lar\u0131n\u0131n yan\u0131 s\u0131ra bu sezonun \u015fef ceketi kazanan son 4 ismi; \u00c7a\u011fatay, \u00d6zkan, Sezer ve Hakan da Alt\u0131n Kupa i\u00e7in yar\u0131\u015facak.<\/p>\n","protected":false},"excerpt":{"rendered":"<p>TV8 ekranlar\u0131n\u0131n sevilen program\u0131 MasterChef T\u00fcrkiye&#8217;de bu sefer sushi yap\u0131ld\u0131. Japon mutfa\u011f\u0131n\u0131n sevilen lezzeti sushiyi evde yapmak isteyenler i\u00e7in haz\u0131rlan\u0131\u015f\u0131, malzeme listesi ve p\u00fcf noktalar\u0131n\u0131 sizler i\u00e7in s\u0131ralad\u0131k. \u0130\u015fte t\u00fcm detaylar\u0131yla kar\u015f\u0131n\u0131zda sushi uramaki tarifi&#8230; <\/p>\n","protected":false},"author":16,"featured_media":274058,"comment_status":"closed","ping_status":"closed","sticky":false,"template":"","format":"standard","meta":{"rank_math_lock_modified_date":false,"footnotes":""},"categories":[191],"tags":[68025,68024,68026,68027,355],"class_list":["post-274050","post","type-post","status-publish","format-standard","has-post-thumbnail","hentry","category-yemek-tarifleri","tag-masterchef-evde-sushi-nasil-yapilir","tag-masterchef-evde-sushi-tarifi","tag-masterchef-uramaki-tarifi","tag-temek-tarifleri","tag-yemek"],"_links":{"self":[{"href":"https:\/\/www.tgrthaber.com\/mavikadin\/wp-json\/wp\/v2\/posts\/274050"}],"collection":[{"href":"https:\/\/www.tgrthaber.com\/mavikadin\/wp-json\/wp\/v2\/posts"}],"about":[{"href":"https:\/\/www.tgrthaber.com\/mavikadin\/wp-json\/wp\/v2\/types\/post"}],"author":[{"embeddable":true,"href":"https:\/\/www.tgrthaber.com\/mavikadin\/wp-json\/wp\/v2\/users\/16"}],"replies":[{"embeddable":true,"href":"https:\/\/www.tgrthaber.com\/mavikadin\/wp-json\/wp\/v2\/comments?post=274050"}],"version-history":[{"count":2,"href":"https:\/\/www.tgrthaber.com\/mavikadin\/wp-json\/wp\/v2\/posts\/274050\/revisions"}],"predecessor-version":[{"id":274060,"href":"https:\/\/www.tgrthaber.com\/mavikadin\/wp-json\/wp\/v2\/posts\/274050\/revisions\/274060"}],"wp:featuredmedia":[{"embeddable":true,"href":"https:\/\/www.tgrthaber.com\/mavikadin\/wp-json\/wp\/v2\/media\/274058"}],"wp:attachment":[{"href":"https:\/\/www.tgrthaber.com\/mavikadin\/wp-json\/wp\/v2\/media?parent=274050"}],"wp:term":[{"taxonomy":"category","embeddable":true,"href":"https:\/\/www.tgrthaber.com\/mavikadin\/wp-json\/wp\/v2\/categories?post=274050"},{"taxonomy":"post_tag","embeddable":true,"href":"https:\/\/www.tgrthaber.com\/mavikadin\/wp-json\/wp\/v2\/tags?post=274050"}],"curies":[{"name":"wp","href":"https:\/\/api.w.org\/{rel}","templated":true}]}}