{"id":274061,"date":"2025-12-10T21:51:50","date_gmt":"2025-12-10T18:51:50","guid":{"rendered":"https:\/\/www.tgrthaber.com\/mavikadin\/?p=274061"},"modified":"2025-12-10T21:58:04","modified_gmt":"2025-12-10T18:58:04","slug":"gullunun-patronu-ferdi-aydin-canli-yayin-acip-gozyaslarina-boguldu-hepinizi-surundurecegim-kanimiz-yer-kalmadi","status":"publish","type":"post","link":"https:\/\/www.tgrthaber.com\/mavikadin\/gullunun-patronu-ferdi-aydin-canli-yayin-acip-gozyaslarina-boguldu-hepinizi-surundurecegim-kanimiz-yer-kalmadi\/","title":{"rendered":"G\u00fcll\u00fc\u2019n\u00fcn patronu Ferdi Ayd\u0131n canl\u0131 yay\u0131n a\u00e7\u0131p g\u00f6zya\u015flar\u0131na bo\u011fuldu! Hepinizi s\u00fcr\u00fcnd\u00fcrece\u011fim, kan\u0131m\u0131z yer kalmad\u0131!"},"content":{"rendered":"<p class=\"p1\">Arabesk M\u00fczi\u011fin sevilen isimlerinden biri olan G\u00fcll\u00fc\u2019n\u00fcn \u015f\u00fcpheli \u00f6l\u00fcm\u00fcn\u00fcn ard\u0131ndan g\u00f6zler olay s\u0131ras\u0131nda yan\u0131nda bulunan k\u0131z\u0131 Tu\u011fyan G\u00fclter ve Sultan Nur Ulu\u2019ya \u00e7evrilmi\u015fti. D\u00fcn ak\u015fam titiz bir operasyonla yurtd\u0131\u015f\u0131na ka\u00e7maya \u00e7al\u0131\u015f\u0131rken yakalanan ve g\u00f6zalt\u0131na al\u0131nan ikilinin soru\u015fturmas\u0131 devam ediyor.<span class=\"Apple-converted-space\">\u00a0 <\/span>Olay\u0131n kesinlikle cinayet oldu\u011funu ba\u015f\u0131ndan beri savunan G\u00fcll\u00fc\u2019n\u00fcn eski patronu Ferdi Ayd\u0131n ya\u015fanan g\u00f6zalt\u0131 operasyonu sonras\u0131 sosyal medya hesab\u0131ndan a\u00e7t\u0131\u011f\u0131 canl\u0131 yay\u0131nda g\u00f6zya\u015flar\u0131na hakim olamad\u0131. \u0130\u015fte detaylar..<\/p>\n<h3>G\u00dcLL\u00dc&#8217;N\u00dcN PATRONU FERD\u0130 AYDIN CANLI YAYIN A\u00c7IP G\u00d6ZYA\u015eLARINA HAK\u0130M OLAMADI! HEP\u0130N\u0130Z\u0130 S\u00dcR\u00dcND\u00dcRECE\u011e\u0130M<\/h3>\n<p class=\"p1\">Arabesk d\u00fcnyas\u0131n\u0131n sevilen isimlerinden biri olan <a href=\"https:\/\/www.tgrthaber.com\/mavikadin\/ferdi-aydin-kimdir-kac-yasinda-ferdi-aydin-gullunun-neyi-oluyor\/\">G\u00fcll<\/a>\u00fc\u2019n\u00fcn Yalova\u2019n\u0131n \u00c7\u0131narc\u0131k il\u00e7esine 6 katl\u0131 bir binan\u0131n penceresinden d\u00fc\u015ferek hayat\u0131n\u0131 kaybetmesinin ard\u0131ndan ortaya at\u0131lan iddialar T\u00fcrkiye g\u00fcndeminde uzun s\u00fcredir yer al\u0131yor.<\/p>\n<p><img loading=\"lazy\" decoding=\"async\" class=\"alignnone wp-image-274065 \" src=\"https:\/\/www.tgrthaber.com\/mavikadin\/wp-content\/uploads\/Ekran-Resmi-2025-12-10-21.39.02.png\" alt=\"\" width=\"974\" height=\"509\" title=\"\" srcset=\"https:\/\/www.tgrthaber.com\/mavikadin\/wp-content\/uploads\/Ekran-Resmi-2025-12-10-21.39.02.png 926w, https:\/\/www.tgrthaber.com\/mavikadin\/wp-content\/uploads\/Ekran-Resmi-2025-12-10-21.39.02-300x157.png 300w, https:\/\/www.tgrthaber.com\/mavikadin\/wp-content\/uploads\/Ekran-Resmi-2025-12-10-21.39.02-768x401.png 768w\" sizes=\"(max-width: 974px) 100vw, 974px\" \/><\/p>\n<hr \/>\n<p class=\"p1\">\u00dcnl\u00fc sanat\u00e7\u0131n\u0131n \u00f6l\u00fcm\u00fcn\u00fcn \u015f\u00fcpheli olmas\u0131 \u00fczerine g\u00f6zler olay s\u0131ras\u0131nda yan\u0131nda bulunan k\u0131z\u0131 Tu\u011fyan \u00dclkem G\u00fclter\u00a0 ve arkada\u015f\u0131 Sultan Nur Ulu&#8217;ya \u00e7evrilmi\u015fti.<\/p>\n<p><img loading=\"lazy\" decoding=\"async\" class=\"alignnone wp-image-274074 size-full\" src=\"https:\/\/www.tgrthaber.com\/mavikadin\/wp-content\/uploads\/Ekran-Resmi-2025-12-10-21.44.14.png\" alt=\"\" width=\"1010\" height=\"578\" title=\"\" srcset=\"https:\/\/www.tgrthaber.com\/mavikadin\/wp-content\/uploads\/Ekran-Resmi-2025-12-10-21.44.14.png 1010w, https:\/\/www.tgrthaber.com\/mavikadin\/wp-content\/uploads\/Ekran-Resmi-2025-12-10-21.44.14-300x172.png 300w, https:\/\/www.tgrthaber.com\/mavikadin\/wp-content\/uploads\/Ekran-Resmi-2025-12-10-21.44.14-768x440.png 768w\" sizes=\"(max-width: 1010px) 100vw, 1010px\" \/><\/p>\n<hr \/>\n<p class=\"p1\">Yalova Cumhuriyet Ba\u015fsavc\u0131l\u0131\u011f\u0131 taraf\u0131ndan geni\u015fletilen soru\u015fturma kapsam\u0131nda, teknik takip ve fiziki incelemeler sonucunda sanat\u00e7\u0131n\u0131n k\u0131z\u0131 Tu\u011fyan G\u00fclter ile arkada\u015f\u0131 Sultan Nur Ulu hakk\u0131nda g\u00f6zalt\u0131 karar\u0131 verildi.Yurtd\u0131\u015f\u0131na ka\u00e7maya \u00e7al\u0131\u015f\u0131rken k\u0131sk\u0131vrak yakalanan ikili yap\u0131lan operasyon sonucu g\u00f6zalt\u0131na al\u0131nd\u0131.<\/p>\n<p><img loading=\"lazy\" decoding=\"async\" class=\"alignnone wp-image-274067 size-full\" src=\"https:\/\/www.tgrthaber.com\/mavikadin\/wp-content\/uploads\/Ekran-Resmi-2025-12-10-21.39.26.png\" alt=\"\" width=\"1018\" height=\"544\" title=\"\" srcset=\"https:\/\/www.tgrthaber.com\/mavikadin\/wp-content\/uploads\/Ekran-Resmi-2025-12-10-21.39.26.png 1018w, https:\/\/www.tgrthaber.com\/mavikadin\/wp-content\/uploads\/Ekran-Resmi-2025-12-10-21.39.26-300x160.png 300w, https:\/\/www.tgrthaber.com\/mavikadin\/wp-content\/uploads\/Ekran-Resmi-2025-12-10-21.39.26-768x410.png 768w\" sizes=\"(max-width: 1018px) 100vw, 1018px\" \/><\/p>\n<hr \/>\n<p class=\"p3\">Yap\u0131lan titiz operasyon sonras\u0131 yurtd\u0131\u015f\u0131na ka\u00e7maya \u00e7al\u0131\u015f\u0131rken yakalanan Sultan Nur Ulu, Tu\u011fyan \u00dclkem G\u00fclter \u0130stanbul\u2019daki i\u015flemlerinin tamamlanmas\u0131n\u0131n ard\u0131ndan Yalova\u2019ya getirildi. Yalova E\u011fitim ve Ara\u015ft\u0131rma Hastanesi\u2019nde sa\u011fl\u0131k kontrol\u00fcnden ge\u00e7irilen \u015f\u00fcpheliler, daha sonra ifade i\u015flemleri i\u00e7in Yalova \u0130l Emniyet M\u00fcd\u00fcrl\u00fc\u011f\u00fc\u2019ne sevk edildi.<\/p>\n<p><img loading=\"lazy\" decoding=\"async\" class=\"alignnone wp-image-274068 size-full\" src=\"https:\/\/www.tgrthaber.com\/mavikadin\/wp-content\/uploads\/Ekran-Resmi-2025-12-10-21.39.52.png\" alt=\"\" width=\"1004\" height=\"564\" title=\"\" srcset=\"https:\/\/www.tgrthaber.com\/mavikadin\/wp-content\/uploads\/Ekran-Resmi-2025-12-10-21.39.52.png 1004w, https:\/\/www.tgrthaber.com\/mavikadin\/wp-content\/uploads\/Ekran-Resmi-2025-12-10-21.39.52-300x169.png 300w, https:\/\/www.tgrthaber.com\/mavikadin\/wp-content\/uploads\/Ekran-Resmi-2025-12-10-21.39.52-768x431.png 768w\" sizes=\"(max-width: 1004px) 100vw, 1004px\" \/><\/p>\n<hr \/>\n<p class=\"p1\">Olay\u0131n ba\u015f\u0131ndan beri bu \u00f6l\u00fcm\u00fcn kesinlikle cinayet oldu\u011funu savunan G\u00fcll\u00fc\u2019n\u00fcn patronu Ferdi Ayd\u0131n ya\u015fanan geli\u015fme sonras\u0131 sosyal medya hesab\u0131ndan yapt\u0131\u011f\u0131 pe\u015f pe\u015fe a\u00e7\u0131klamalarla yine dikkatleri \u00fczerine \u00e7ekti.<\/p>\n<p><img loading=\"lazy\" decoding=\"async\" class=\"alignnone wp-image-274076 size-large\" src=\"https:\/\/www.tgrthaber.com\/mavikadin\/wp-content\/uploads\/Ekran-Resmi-2025-12-10-21.44.24-1024x610.png\" alt=\"\" width=\"1024\" height=\"610\" title=\"\" srcset=\"https:\/\/www.tgrthaber.com\/mavikadin\/wp-content\/uploads\/Ekran-Resmi-2025-12-10-21.44.24-1024x610.png 1024w, https:\/\/www.tgrthaber.com\/mavikadin\/wp-content\/uploads\/Ekran-Resmi-2025-12-10-21.44.24-300x179.png 300w, https:\/\/www.tgrthaber.com\/mavikadin\/wp-content\/uploads\/Ekran-Resmi-2025-12-10-21.44.24-768x457.png 768w, https:\/\/www.tgrthaber.com\/mavikadin\/wp-content\/uploads\/Ekran-Resmi-2025-12-10-21.44.24.png 1360w\" sizes=\"(max-width: 1024px) 100vw, 1024px\" \/><\/p>\n<hr \/>\n<h3>&#8216;KANIMIZ YERDE KALMADI&#8217;<\/h3>\n<p class=\"p1\">Tiktokta yapt\u0131\u011f\u0131 canl\u0131 yay\u0131n s\u0131ras\u0131nda g\u00f6zya\u015flar\u0131na bo\u011fulan Ferdi Ayd\u0131n, \u00a0\u201cDeliydik biz, ne oldu? Bu saatten sonra size ya\u011fmurlu havada yemek yok. Hepinizi s\u00fcr\u00fcm s\u00fcr\u00fcm s\u00fcr\u00fcnd\u00fcrece\u011fim\u201d ifadelerini kullanarak yine g\u00fcndeme oturdu.<\/p>\n<p><img loading=\"lazy\" decoding=\"async\" class=\"alignnone wp-image-274077 size-large\" src=\"https:\/\/www.tgrthaber.com\/mavikadin\/wp-content\/uploads\/Ekran-Resmi-2025-12-10-21.50.41-1024x574.png\" alt=\"\" width=\"1024\" height=\"574\" title=\"\" srcset=\"https:\/\/www.tgrthaber.com\/mavikadin\/wp-content\/uploads\/Ekran-Resmi-2025-12-10-21.50.41-1024x574.png 1024w, https:\/\/www.tgrthaber.com\/mavikadin\/wp-content\/uploads\/Ekran-Resmi-2025-12-10-21.50.41-300x168.png 300w, https:\/\/www.tgrthaber.com\/mavikadin\/wp-content\/uploads\/Ekran-Resmi-2025-12-10-21.50.41-768x430.png 768w, https:\/\/www.tgrthaber.com\/mavikadin\/wp-content\/uploads\/Ekran-Resmi-2025-12-10-21.50.41.png 1428w\" sizes=\"(max-width: 1024px) 100vw, 1024px\" \/><\/p>\n<hr \/>\n<p class=\"p1\">Ferdi Ayd\u0131n tekrar yapt\u0131\u011f\u0131 ba\u015fka bir a\u00e7\u0131klamada ise, \u201cG\u00fcll\u00fc ablan\u0131n topra\u011f\u0131 kurumadan su\u00e7lular yakaland\u0131. Allah hepinizden raz\u0131 olsun. Kan\u0131m\u0131z yerde kalmad\u0131\u201d\u00a0s\u00f6zlerine yer verdi.<\/p>\n<p>&nbsp;<\/p>\n","protected":false},"excerpt":{"rendered":"<p>Arabesk d\u00fcnyas\u0131n\u0131n sevilen ismi G\u00fcll\u00fc&#8217;n\u00fcn \u015f\u00fcpheli \u00f6l\u00fcm\u00fc T\u00fcrkiye&#8217;yi derinden \u00fczd\u00fc. Olay an\u0131nda yan\u0131nda bulunan k\u0131z\u0131 Tu\u011fyan \u00dclkem G\u00fclter ve Sultan Nur Ulu d\u00fcn ak\u015fam g\u00f6zalt\u0131na al\u0131nm\u0131\u015ft\u0131. Bu geli\u015fmelerin ard\u0131ndan, G\u00fcll\u00fc&#8217;n\u00fcn patronu Ferdin Ayd\u0131n&#8217;dan yine dikkat \u00e7eken a\u00e7\u0131klamalar geldi. Canl\u0131 yay\u0131n a\u00e7\u0131p g\u00f6zya\u015flar\u0131na bo\u011fulan Ferdi Ayd\u0131n, \u2018Hepinizi s\u00fcr\u00fcnd\u00fcrece\u011fim\u2019 a\u00e7\u0131klamas\u0131yla g\u00fcndem oldu. <\/p>\n","protected":false},"author":16,"featured_media":274075,"comment_status":"closed","ping_status":"closed","sticky":false,"template":"","format":"standard","meta":{"rank_math_lock_modified_date":false,"footnotes":""},"categories":[76],"tags":[68031,68029,68030,133,2218],"class_list":["post-274061","post","type-post","status-publish","format-standard","has-post-thumbnail","hentry","category-magazin","tag-gullu-patronu-ferdi-aydin","tag-gullu-patronu-ferdi-aydin-canli-yayinda-aglama","tag-gullu-patronu-ferdi-aydin-kanimiz-yerde-kalmadi","tag-magazin","tag-magazin-haberleri"],"_links":{"self":[{"href":"https:\/\/www.tgrthaber.com\/mavikadin\/wp-json\/wp\/v2\/posts\/274061"}],"collection":[{"href":"https:\/\/www.tgrthaber.com\/mavikadin\/wp-json\/wp\/v2\/posts"}],"about":[{"href":"https:\/\/www.tgrthaber.com\/mavikadin\/wp-json\/wp\/v2\/types\/post"}],"author":[{"embeddable":true,"href":"https:\/\/www.tgrthaber.com\/mavikadin\/wp-json\/wp\/v2\/users\/16"}],"replies":[{"embeddable":true,"href":"https:\/\/www.tgrthaber.com\/mavikadin\/wp-json\/wp\/v2\/comments?post=274061"}],"version-history":[{"count":2,"href":"https:\/\/www.tgrthaber.com\/mavikadin\/wp-json\/wp\/v2\/posts\/274061\/revisions"}],"predecessor-version":[{"id":274080,"href":"https:\/\/www.tgrthaber.com\/mavikadin\/wp-json\/wp\/v2\/posts\/274061\/revisions\/274080"}],"wp:featuredmedia":[{"embeddable":true,"href":"https:\/\/www.tgrthaber.com\/mavikadin\/wp-json\/wp\/v2\/media\/274075"}],"wp:attachment":[{"href":"https:\/\/www.tgrthaber.com\/mavikadin\/wp-json\/wp\/v2\/media?parent=274061"}],"wp:term":[{"taxonomy":"category","embeddable":true,"href":"https:\/\/www.tgrthaber.com\/mavikadin\/wp-json\/wp\/v2\/categories?post=274061"},{"taxonomy":"post_tag","embeddable":true,"href":"https:\/\/www.tgrthaber.com\/mavikadin\/wp-json\/wp\/v2\/tags?post=274061"}],"curies":[{"name":"wp","href":"https:\/\/api.w.org\/{rel}","templated":true}]}}