{"id":274093,"date":"2025-12-10T23:33:14","date_gmt":"2025-12-10T20:33:14","guid":{"rendered":"https:\/\/www.tgrthaber.com\/mavikadin\/?p=274093"},"modified":"2025-12-10T23:33:14","modified_gmt":"2025-12-10T20:33:14","slug":"gq-men-of-the-year-yilin-kadini-odulunu-sinem-unsal-kazandi-sinem-unsalin-gq-odul-konusmasi","status":"publish","type":"post","link":"https:\/\/www.tgrthaber.com\/mavikadin\/gq-men-of-the-year-yilin-kadini-odulunu-sinem-unsal-kazandi-sinem-unsalin-gq-odul-konusmasi\/","title":{"rendered":"GQ Men Of The Year y\u0131l\u0131n kad\u0131n\u0131 \u00f6d\u00fcl\u00fcn\u00fc Sinem \u00dcnsal kazand\u0131! Sinem \u00dcnsal&#8217;\u0131n GQ \u00f6d\u00fcl konu\u015fmas\u0131"},"content":{"rendered":"<p>Kanal D ekranlar\u0131nda 2 sezonuyla yay\u0131nlanan ve Pazartesi ak\u015fam\u0131na damgas\u0131n\u0131 vuran Uzak \u015eehir dizisi \u00f6d\u00fcle doymuyor. Ozan Akbaba ve Sinem \u00dcnsal\u2019\u0131n birlikte yer ald\u0131\u011f\u0131 Uzak \u015eehir dizisi \u00f6d\u00fclleri aras\u0131na bir yeni \u00f6d\u00fcl daha ekledi. Dizideki Alya karakteriyle geni\u015f bir takip\u00e7i kitlesine ula\u015fan Sinem \u00dcnsan, GQ Men Of The Year \u00f6d\u00fcl gecesine kat\u0131ld\u0131. \u00dcnl\u00fc oyuncu beyaz elbisesiyle ve \u00f6d\u00fcl t\u00f6renindeki konu\u015fmas\u0131yla b\u00fcy\u00fck be\u011feni toplad\u0131.<\/p>\n<h3>GQ MEN OF THE YEAR 2025 YILIN KADINI S\u0130NEM \u00dcNSAL<\/h3>\n<p>10 Aral\u0131k 2025 ak\u015fam\u0131 d\u00fczenlenen GQ Men Of The Year 2025 \u00f6d\u00fcl gecesine bir\u00e7ok isim kat\u0131ld\u0131. \u00d6d\u00fcl gecesine kat\u0131lan isimler aras\u0131nda Uzak \u015eehir dizisinin Alya&#8217;s\u0131 Sinem \u00dcnsal&#8217;da yer ald\u0131. \u00dcnsal, geceye kat\u0131ld\u0131\u011f\u0131 k\u0131yafetiyle be\u011feni toplarken, 2 sezon boyunca ekranlarda Alya karakteriyle geni\u015f bir kitleye ula\u015ft\u0131.<\/p>\n<p>\u00dcnl\u00fc oyuncu Sinem \u00dcnsal kat\u0131ld\u0131\u011f\u0131 \u00f6d\u00fcl gecesinde GQ Men Of The Year 2025 y\u0131l\u0131n kad\u0131n\u0131 \u00f6d\u00fcl\u00fcn\u00fc almaya hak kazand\u0131. Ba\u015far\u0131l\u0131 oyuncu \u00f6d\u00fcl gecesinde yapt\u0131\u011f\u0131 konu\u015fma ile oynad\u0131\u011f\u0131 Alya karakterine te\u015fekk\u00fcr etti. \u0130\u015fte GQ Men Of The Year 2025 \u00f6d\u00fcl gecesinde Sinem \u00dcnsal&#8217;\u0131n konu\u015fmas\u0131<\/p>\n<div style=\"width: 640px;\" class=\"wp-video\"><!--[if lt IE 9]><script>document.createElement('video');<\/script><![endif]-->\n<video class=\"wp-video-shortcode\" id=\"video-274093-1\" width=\"640\" height=\"360\" preload=\"metadata\" controls=\"controls\"><source type=\"video\/mp4\" src=\"https:\/\/www.tgrthaber.com\/mavikadin\/wp-content\/uploads\/GQ-Men-Of-The-Year-yilin-kadini-odulunu-Sinem-Unsal-kazandi.mp4?_=1\" \/><a href=\"https:\/\/www.tgrthaber.com\/mavikadin\/wp-content\/uploads\/GQ-Men-Of-The-Year-yilin-kadini-odulunu-Sinem-Unsal-kazandi.mp4\">https:\/\/www.tgrthaber.com\/mavikadin\/wp-content\/uploads\/GQ-Men-Of-The-Year-yilin-kadini-odulunu-Sinem-Unsal-kazandi.mp4<\/a><\/video><\/div>\n<hr \/>\n<p>&#8221; Benim i\u00e7in \u00f6nemli olan bir y\u0131lda b\u00f6yle bir \u00f6d\u00fcl\u00fcn bana gelmesi \u00e7ok \u00e7ok ayr\u0131ca beni mutlu etti. Ben kendimin ke\u015ffindeyken, \u00f6yle g\u00fc\u00e7l\u00fc ve g\u00fczel bir karakter elime geldi ki; b\u00fcy\u00fck bir \u015fevkle oynad\u0131\u011f\u0131m onun arac\u0131l\u0131\u011f\u0131yla, kanal\u0131yla, sizinle bulu\u015ftu\u011fum i\u00e7in ayr\u0131ca \u00e7ok mutluyum. Yapt\u0131\u011f\u0131n\u0131z \u015feylerin g\u00f6r\u00fclmesi ve takdir edilmesi her zaman \u00e7ok b\u00fcy\u00fck bir motivasyon, hepinize \u00e7ok te\u015fekk\u00fcr ederim&#8221;<\/p>\n<p><img loading=\"lazy\" decoding=\"async\" class=\"alignnone wp-image-274095 size-full\" src=\"https:\/\/www.tgrthaber.com\/mavikadin\/wp-content\/uploads\/2025-yilin-kadini-sinem-unsal.jpg\" alt=\"\" width=\"1208\" height=\"680\" title=\"\" srcset=\"https:\/\/www.tgrthaber.com\/mavikadin\/wp-content\/uploads\/2025-yilin-kadini-sinem-unsal.jpg 1208w, https:\/\/www.tgrthaber.com\/mavikadin\/wp-content\/uploads\/2025-yilin-kadini-sinem-unsal-300x169.jpg 300w, https:\/\/www.tgrthaber.com\/mavikadin\/wp-content\/uploads\/2025-yilin-kadini-sinem-unsal-1024x576.jpg 1024w, https:\/\/www.tgrthaber.com\/mavikadin\/wp-content\/uploads\/2025-yilin-kadini-sinem-unsal-768x432.jpg 768w\" sizes=\"(max-width: 1208px) 100vw, 1208px\" \/><\/p>\n<hr \/>\n<h3>S\u0130NEM \u00dcNSAL KIYAFET\u0130YLE G\u00d6Z KAMA\u015eTIRDI<\/h3>\n<p>Sinem \u00dcnsal GQ Men Of The Year \u00f6d\u00fcl gecesinde beyaz elbisesi, g\u00fcm\u00fc\u015f k\u00fcpeleri, sade makyaj\u0131 ve topuz sa\u00e7\u0131yla g\u00f6z kama\u015ft\u0131rd\u0131. Duru ve sade g\u00fczelli\u011fiyle zarifli\u011fini, g\u00fczelli\u011fini \u00f6n plana \u00e7\u0131karan Sinem \u00dcnsal, tarz\u0131yla takdir toplad\u0131. K\u0131yafet se\u00e7imleriyle takip\u00e7ilerinden her zaman tam not alan Sinem \u00dcnsal, geceye \u00f6zel tercih etti\u011fi beyaz elbisesiyle de dikkatleri \u00fczerine \u00e7ekti.<\/p>\n","protected":false},"excerpt":{"rendered":"<p>Uzak \u015eehir dizisinin ba\u015frol oyuncusu Sinem \u00dcnsal ald\u0131\u011f\u0131 \u00f6d\u00fclle ba\u015far\u0131s\u0131n\u0131 ta\u00e7land\u0131rd\u0131. Uzak \u015eehir dizisindeki Alya karakteriyle geni\u015f \u00e7apta b\u00fcy\u00fck bir be\u011feni toplayan Sinem \u00dcnsal y\u0131l\u0131n kad\u0131n \u00f6d\u00fcl\u00fcn\u00fc kazand\u0131. \u00dcnsal\u2019\u0131n GQ \u00f6d\u00fcl t\u00f6renindeki s\u00f6zleri takdir toplad\u0131. \u0130\u015fte GQ Men Of The Year 2025 \u00f6d\u00fcl gecesinde Sinem \u00dcnsal&#8217;\u0131n konu\u015fmas\u0131 <\/p>\n","protected":false},"author":10,"featured_media":274096,"comment_status":"closed","ping_status":"closed","sticky":false,"template":"","format":"standard","meta":{"rank_math_lock_modified_date":false,"footnotes":""},"categories":[76],"tags":[68036,3258,68033,133,2294,68035,68034],"class_list":["post-274093","post","type-post","status-publish","format-standard","has-post-thumbnail","hentry","category-magazin","tag-2025-gq-men-of-the-year-yilin-kadini-odulu","tag-gq-men-of-the-year","tag-gq-men-of-the-year-yilin-kadini-odulunu-sinem-unsal","tag-magazin","tag-sinem-unsal","tag-yilin-kadini-odulu","tag-yilin-kadini-sinem-unsal"],"_links":{"self":[{"href":"https:\/\/www.tgrthaber.com\/mavikadin\/wp-json\/wp\/v2\/posts\/274093"}],"collection":[{"href":"https:\/\/www.tgrthaber.com\/mavikadin\/wp-json\/wp\/v2\/posts"}],"about":[{"href":"https:\/\/www.tgrthaber.com\/mavikadin\/wp-json\/wp\/v2\/types\/post"}],"author":[{"embeddable":true,"href":"https:\/\/www.tgrthaber.com\/mavikadin\/wp-json\/wp\/v2\/users\/10"}],"replies":[{"embeddable":true,"href":"https:\/\/www.tgrthaber.com\/mavikadin\/wp-json\/wp\/v2\/comments?post=274093"}],"version-history":[{"count":1,"href":"https:\/\/www.tgrthaber.com\/mavikadin\/wp-json\/wp\/v2\/posts\/274093\/revisions"}],"predecessor-version":[{"id":274097,"href":"https:\/\/www.tgrthaber.com\/mavikadin\/wp-json\/wp\/v2\/posts\/274093\/revisions\/274097"}],"wp:featuredmedia":[{"embeddable":true,"href":"https:\/\/www.tgrthaber.com\/mavikadin\/wp-json\/wp\/v2\/media\/274096"}],"wp:attachment":[{"href":"https:\/\/www.tgrthaber.com\/mavikadin\/wp-json\/wp\/v2\/media?parent=274093"}],"wp:term":[{"taxonomy":"category","embeddable":true,"href":"https:\/\/www.tgrthaber.com\/mavikadin\/wp-json\/wp\/v2\/categories?post=274093"},{"taxonomy":"post_tag","embeddable":true,"href":"https:\/\/www.tgrthaber.com\/mavikadin\/wp-json\/wp\/v2\/tags?post=274093"}],"curies":[{"name":"wp","href":"https:\/\/api.w.org\/{rel}","templated":true}]}}