{"id":274114,"date":"2025-12-11T01:10:03","date_gmt":"2025-12-10T22:10:03","guid":{"rendered":"https:\/\/www.tgrthaber.com\/mavikadin\/?p=274114"},"modified":"2025-12-11T01:10:03","modified_gmt":"2025-12-10T22:10:03","slug":"kizilcik-serbeti-nilaydan-manidar-sarki-secimi-civelek-sectigi-turkuyle-dikkat-cekti","status":"publish","type":"post","link":"https:\/\/www.tgrthaber.com\/mavikadin\/kizilcik-serbeti-nilaydan-manidar-sarki-secimi-civelek-sectigi-turkuyle-dikkat-cekti\/","title":{"rendered":"K\u0131z\u0131lc\u0131k \u015eerbeti Nilay&#8217;dan manidar \u015fark\u0131 se\u00e7imi! Civelek se\u00e7ti\u011fi t\u00fcrk\u00fcyle dikkat \u00e7ekti!"},"content":{"rendered":"<p>K\u0131z\u0131lc\u0131k \u015eerbeti dizisinin ilk sezonundan bug\u00fcne kadar dizide oynad\u0131\u011f\u0131 karakterle g\u00fcndem olan Feyza Civelek, yine \u015fa\u015f\u0131rtmad\u0131. O Ses T\u00fcrkiye Y\u0131lba\u015f\u0131 i\u00e7in se\u00e7ilen \u00fcnl\u00fcler aras\u0131nda Feyza Civelek\u2019te yer al\u0131yor. Civelek tercih etti\u011fi t\u00fcrk\u00fcyle dikkatleri \u00fczerine \u00e7ekti. \u00dcnl\u00fc oyuncu TV8 kanal\u0131nda yay\u0131nlanacak olan O Ses T\u00fcrkiye 2026 y\u0131lba\u015f\u0131 program\u0131 i\u00e7in \u201c K\u0131z\u0131lc\u0131klar Oldu mu?\u201d t\u00fcrk\u00fcs\u00fcn\u00fc seslendirecek. Oyuncunun performans\u0131 kadar sesi de merak konusu oldu.<\/p>\n<h3>FEYZA C\u0130VELEK O SES T\u00dcRK\u0130YE YILBA\u015eI\u2019NA KATILACAK<\/h3>\n<p>Nilay karakteriyle herkes taraf\u0131ndan tan\u0131nan ve sosyal medyada yapt\u0131klar\u0131yla g\u00fcndem olan Feyza Civelek, Acun Il\u0131cal\u0131\u2019n\u0131n program\u0131na kat\u0131lacak.<\/p>\n<p><img loading=\"lazy\" decoding=\"async\" class=\"alignnone wp-image-274115 size-full\" src=\"https:\/\/www.tgrthaber.com\/mavikadin\/wp-content\/uploads\/Adsiz-tasarim-20-130.jpg\" alt=\"\" width=\"1208\" height=\"680\" title=\"\" srcset=\"https:\/\/www.tgrthaber.com\/mavikadin\/wp-content\/uploads\/Adsiz-tasarim-20-130.jpg 1208w, https:\/\/www.tgrthaber.com\/mavikadin\/wp-content\/uploads\/Adsiz-tasarim-20-130-300x169.jpg 300w, https:\/\/www.tgrthaber.com\/mavikadin\/wp-content\/uploads\/Adsiz-tasarim-20-130-1024x576.jpg 1024w, https:\/\/www.tgrthaber.com\/mavikadin\/wp-content\/uploads\/Adsiz-tasarim-20-130-768x432.jpg 768w\" sizes=\"(max-width: 1208px) 100vw, 1208px\" \/><\/p>\n<hr \/>\n<p>Birsen Altunta\u015f\u2019\u0131n haberine g\u00f6re K\u0131z\u0131lc\u0131k \u015eerbeti\u2019nin Nilay\u2019\u0131 Feyza Civelek, her sene y\u0131lba\u015f\u0131n\u0131n en \u00e7ok izlenen program\u0131 olan \u201cO Ses T\u00fcrkiye Y\u0131lba\u015f\u0131\u201d program\u0131 i\u00e7in hummal\u0131 bir haz\u0131rl\u0131k yap\u0131yor. \u00d6zel ders alan Civelek\u2019in ne giyece\u011fi merak konusuyken se\u00e7ti\u011fi \u015fark\u0131 da belli oldu.<\/p>\n<p><img loading=\"lazy\" decoding=\"async\" class=\"alignnone wp-image-274116 size-full\" src=\"https:\/\/www.tgrthaber.com\/mavikadin\/wp-content\/uploads\/Adsiz-tasarim-21-134.jpg\" alt=\"\" width=\"1208\" height=\"680\" title=\"\" srcset=\"https:\/\/www.tgrthaber.com\/mavikadin\/wp-content\/uploads\/Adsiz-tasarim-21-134.jpg 1208w, https:\/\/www.tgrthaber.com\/mavikadin\/wp-content\/uploads\/Adsiz-tasarim-21-134-300x169.jpg 300w, https:\/\/www.tgrthaber.com\/mavikadin\/wp-content\/uploads\/Adsiz-tasarim-21-134-1024x576.jpg 1024w, https:\/\/www.tgrthaber.com\/mavikadin\/wp-content\/uploads\/Adsiz-tasarim-21-134-768x432.jpg 768w\" sizes=\"(max-width: 1208px) 100vw, 1208px\" \/><\/p>\n<hr \/>\n<h3>FEYZA C\u0130VELEK\u2019TEN \u201c KIZILCIKLAR OLDU MU?\u201d T\u00dcRK\u00dcS\u00dc<\/h3>\n<p>Feyza Civelek se\u00e7ti\u011fi \u015fark\u0131yla K\u0131z\u0131lc\u0131k \u015eerbeti\u2019ne de at\u0131fta bulunacak. Oynad\u0131\u011f\u0131 diziyle ayn\u0131 ad\u0131 ta\u015f\u0131yan t\u00fcrk\u00fcn\u00fcn s\u00f6zleriyle bir g\u00f6ndermede mi bulunuyor iddialar\u0131na yol a\u00e7t\u0131. \u00dcnl\u00fc oyuncu s\u00f6zleri, Edirne &#8211; Ke\u015fan y\u00f6resine ait &#8220;K\u0131z\u0131lc\u0131klar Oldu Mu?&#8221; t\u00fcrk\u00fcs\u00fcn\u00fc seslendirecek.<\/p>\n<p><img loading=\"lazy\" decoding=\"async\" class=\"alignnone wp-image-274117 size-full\" src=\"https:\/\/www.tgrthaber.com\/mavikadin\/wp-content\/uploads\/Adsiz-tasarim-22-122.jpg\" alt=\"\" width=\"1208\" height=\"680\" title=\"\" srcset=\"https:\/\/www.tgrthaber.com\/mavikadin\/wp-content\/uploads\/Adsiz-tasarim-22-122.jpg 1208w, https:\/\/www.tgrthaber.com\/mavikadin\/wp-content\/uploads\/Adsiz-tasarim-22-122-300x169.jpg 300w, https:\/\/www.tgrthaber.com\/mavikadin\/wp-content\/uploads\/Adsiz-tasarim-22-122-1024x576.jpg 1024w, https:\/\/www.tgrthaber.com\/mavikadin\/wp-content\/uploads\/Adsiz-tasarim-22-122-768x432.jpg 768w\" sizes=\"(max-width: 1208px) 100vw, 1208px\" \/><\/p>\n<hr \/>\n<h3>SOSYAL MEDYADA G\u00dcNDEM OLDU<\/h3>\n<p>\u00dcnl\u00fc oyuncu Feyza Civelek\u2019in y\u0131lba\u015f\u0131 ak\u015fam\u0131 O Ses T\u00fcrkiye program\u0131nda t\u00fcrk\u00fc s\u00f6ylemesi sosyal medyada g\u00fcndem oldu. Oyuncunun t\u00fcrk\u00fcy\u00fc s\u00f6ylemekte zorlanaca\u011f\u0131 y\u00f6n\u00fcnde yap\u0131lan yorumlar ise takip\u00e7ilerin dikkatini \u00e7ekti.<\/p>\n<p><img loading=\"lazy\" decoding=\"async\" class=\"alignnone wp-image-274118 size-full\" src=\"https:\/\/www.tgrthaber.com\/mavikadin\/wp-content\/uploads\/Adsiz-tasarim-13-130.jpg\" alt=\"\" width=\"1208\" height=\"680\" title=\"\" srcset=\"https:\/\/www.tgrthaber.com\/mavikadin\/wp-content\/uploads\/Adsiz-tasarim-13-130.jpg 1208w, https:\/\/www.tgrthaber.com\/mavikadin\/wp-content\/uploads\/Adsiz-tasarim-13-130-300x169.jpg 300w, https:\/\/www.tgrthaber.com\/mavikadin\/wp-content\/uploads\/Adsiz-tasarim-13-130-1024x576.jpg 1024w, https:\/\/www.tgrthaber.com\/mavikadin\/wp-content\/uploads\/Adsiz-tasarim-13-130-768x432.jpg 768w\" sizes=\"(max-width: 1208px) 100vw, 1208px\" \/><\/p>\n<hr \/>\n<p>Sosyal medya kullan\u0131c\u0131lar\u0131n\u0131n yapt\u0131\u011f\u0131 yorumlar \u00fcnl\u00fc oyuncunun t\u00fcrk\u00fc s\u00f6yleme performans\u0131nda ba\u015far\u0131l\u0131 olamayaca\u011f\u0131 y\u00f6n\u00fcndeydi.<\/p>\n","protected":false},"excerpt":{"rendered":"<p>K\u0131z\u0131lc\u0131k \u015eerbeti dizisinde Nilay karakteriyle geni\u015f bir yank\u0131 uyand\u0131ran Feyz Civelek, se\u00e7ti\u011fi \u015fark\u0131yla yine g\u00fcndem oldu. S\u00f6ylemleri ve hareketleriyle magazin g\u00fcndeminden d\u00fc\u015fmeyen Feyza Civelek, bu kez de O Ses T\u00fcrkiye y\u0131lba\u015f\u0131 program\u0131nda seslendirece\u011fi \u015fark\u0131 ile dikkat \u00e7ekti. <\/p>\n","protected":false},"author":10,"featured_media":274119,"comment_status":"closed","ping_status":"closed","sticky":false,"template":"","format":"standard","meta":{"rank_math_lock_modified_date":false,"footnotes":""},"categories":[76],"tags":[68045,68044],"class_list":["post-274114","post","type-post","status-publish","format-standard","has-post-thumbnail","hentry","category-magazin","tag-feyza-civelek-kizilciklar-oldu-mu-turkusu","tag-feyza-civelek-o-ses-turkiye"],"_links":{"self":[{"href":"https:\/\/www.tgrthaber.com\/mavikadin\/wp-json\/wp\/v2\/posts\/274114"}],"collection":[{"href":"https:\/\/www.tgrthaber.com\/mavikadin\/wp-json\/wp\/v2\/posts"}],"about":[{"href":"https:\/\/www.tgrthaber.com\/mavikadin\/wp-json\/wp\/v2\/types\/post"}],"author":[{"embeddable":true,"href":"https:\/\/www.tgrthaber.com\/mavikadin\/wp-json\/wp\/v2\/users\/10"}],"replies":[{"embeddable":true,"href":"https:\/\/www.tgrthaber.com\/mavikadin\/wp-json\/wp\/v2\/comments?post=274114"}],"version-history":[{"count":1,"href":"https:\/\/www.tgrthaber.com\/mavikadin\/wp-json\/wp\/v2\/posts\/274114\/revisions"}],"predecessor-version":[{"id":274120,"href":"https:\/\/www.tgrthaber.com\/mavikadin\/wp-json\/wp\/v2\/posts\/274114\/revisions\/274120"}],"wp:featuredmedia":[{"embeddable":true,"href":"https:\/\/www.tgrthaber.com\/mavikadin\/wp-json\/wp\/v2\/media\/274119"}],"wp:attachment":[{"href":"https:\/\/www.tgrthaber.com\/mavikadin\/wp-json\/wp\/v2\/media?parent=274114"}],"wp:term":[{"taxonomy":"category","embeddable":true,"href":"https:\/\/www.tgrthaber.com\/mavikadin\/wp-json\/wp\/v2\/categories?post=274114"},{"taxonomy":"post_tag","embeddable":true,"href":"https:\/\/www.tgrthaber.com\/mavikadin\/wp-json\/wp\/v2\/tags?post=274114"}],"curies":[{"name":"wp","href":"https:\/\/api.w.org\/{rel}","templated":true}]}}