{"id":274121,"date":"2025-12-11T08:57:10","date_gmt":"2025-12-11T05:57:10","guid":{"rendered":"https:\/\/www.tgrthaber.com\/mavikadin\/?p=274121"},"modified":"2025-12-11T09:04:38","modified_gmt":"2025-12-11T06:04:38","slug":"mehmet-akif-ersoy-evli-mi-mehmet-akif-ersoyun-esi-kim","status":"publish","type":"post","link":"https:\/\/www.tgrthaber.com\/mavikadin\/mehmet-akif-ersoy-evli-mi-mehmet-akif-ersoyun-esi-kim\/","title":{"rendered":"Gazeteci Mehmet Akif Ersoy evli mi? Mehmet Akif Ersoy\u2019un e\u015fi kim?"},"content":{"rendered":"<p>Ba\u015far\u0131l\u0131 gazeteci ki\u015fili\u011finin yan\u0131 s\u0131ra zaman zaman \u00f6zel hayat\u0131yla da dikkatleri \u00fczerine \u00e7eken Mehmet Akif Ersoy\u2019un evli olup olmad\u0131\u011f\u0131 merak edildi. Sava\u015f b\u00f6lgesindeki canl\u0131 yay\u0131nlar\u0131 ve sahadaki tecr\u00fcbeleriyle ad\u0131ndan s\u00f6z ettiren Mehmet Akif Ersoy\u2019un \u00f6zel hayat\u0131na dair detaylarda ara\u015ft\u0131r\u0131lmaya ba\u015fland\u0131. Peki, Mehmet Akif Ersoy evli mi? Mehmet Akif Ersoy\u2019un e\u015fi kim? Mehmet Akif Ersoy hakk\u0131nda merak edilenleri sizin i\u00e7in ara\u015ft\u0131rd\u0131k. \u0130\u015fte Mehmet Akif Ersoy\u2019un \u00f6zel hayat\u0131na dair bilinmeyenler\u2026<\/p>\n<h3>MEHMET AK\u0130F ERSOY K\u0130MD\u0130R?<\/h3>\n<p><a href=\"https:\/\/www.tgrthaber.com\/mavikadin\/mehmet-akif-ersoyun-evini-alan-sezen-aksu-o-evi-studyo-yapiyor\/\">Mehmet Akif Ersoy<\/a>, gazeteci, televizyon programc\u0131s\u0131, y\u00f6netmen, yap\u0131mc\u0131 ve yazard\u0131r. 8 Ocak 1985 tarihinde \u0130stanbul\u2019da d\u00fcnyaya gelen Ersoy, ba\u015far\u0131l\u0131 gazeteci kimli\u011fiyle tan\u0131nmaktad\u0131r. Medya d\u00fcnyas\u0131ndaki \u00e7ok y\u00f6nl\u00fc kariyeriyle ad\u0131ndan s\u00f6z ettiren Ersoy, ilkokul, ortaokul ve lise e\u011fitimini ba\u015far\u0131yla tamamlad\u0131. \u00dcniversite e\u011fitimini \u0130stanbul \u00dcniversitesi \u0130leti\u015fim Fak\u00fcltesi Halkla \u0130li\u015fkiler B\u00f6l\u00fcm\u00fc\u2019nde tamamlayarak mezun olan Ersoy, kariyerine 2009 y\u0131l\u0131nda ba\u015flad\u0131.<\/p>\n<p><img loading=\"lazy\" decoding=\"async\" class=\"size-full wp-image-274132\" src=\"https:\/\/www.tgrthaber.com\/mavikadin\/wp-content\/uploads\/Mehmet-Akif-Ersoy-9.jpg\" alt=\"Mehmet Akif Ersoy evli mi? Mehmet Akif Ersoy\u2019un e\u015fi kim?\" width=\"1208\" height=\"680\" title=\"\" srcset=\"https:\/\/www.tgrthaber.com\/mavikadin\/wp-content\/uploads\/Mehmet-Akif-Ersoy-9.jpg 1208w, https:\/\/www.tgrthaber.com\/mavikadin\/wp-content\/uploads\/Mehmet-Akif-Ersoy-9-300x169.jpg 300w, https:\/\/www.tgrthaber.com\/mavikadin\/wp-content\/uploads\/Mehmet-Akif-Ersoy-9-1024x576.jpg 1024w, https:\/\/www.tgrthaber.com\/mavikadin\/wp-content\/uploads\/Mehmet-Akif-Ersoy-9-768x432.jpg 768w\" sizes=\"(max-width: 1208px) 100vw, 1208px\" \/><\/p>\n<hr \/>\n<p>Tiyatrocu ve gazeteci bir baban\u0131n o\u011flu olarak d\u00fcnyaya gelen Mehmet Akif Ersoy, medyadaki kariyerine 2009 y\u0131l\u0131nda 6 News televizyonunda muhabir olarak ba\u015flad\u0131. Ayn\u0131 y\u0131l TRT\u2019ye transfer olan Ersoy, 2010 y\u0131l\u0131nda TRT T\u00fcrk&#8217;\u00fcn Etiyopya Addis Ababa temsilcili\u011fi g\u00f6revine getirildi. 2011 y\u0131l\u0131nda ba\u015fta Libya, Yemen, \u015eam, Erbil olmak \u00fczere pek \u00e7ok noktada TRT temsilcisi ve sava\u015f muhabiri olarak g\u00f6rev yapan Ersoy, kriz b\u00f6lgelerinden yapt\u0131\u011f\u0131 canl\u0131 yay\u0131nlar ve sahadaki tecr\u00fcbesiyle ad\u0131n\u0131 geni\u015f kitlelere duyurdu.<\/p>\n<p><img loading=\"lazy\" decoding=\"async\" class=\"size-full wp-image-274128\" src=\"https:\/\/www.tgrthaber.com\/mavikadin\/wp-content\/uploads\/Mehmet-Akif-Ersoy-5.jpg\" alt=\"Mehmet Akif Ersoy evli mi? Mehmet Akif Ersoy\u2019un e\u015fi kim?\" width=\"1208\" height=\"680\" title=\"\" srcset=\"https:\/\/www.tgrthaber.com\/mavikadin\/wp-content\/uploads\/Mehmet-Akif-Ersoy-5.jpg 1208w, https:\/\/www.tgrthaber.com\/mavikadin\/wp-content\/uploads\/Mehmet-Akif-Ersoy-5-300x169.jpg 300w, https:\/\/www.tgrthaber.com\/mavikadin\/wp-content\/uploads\/Mehmet-Akif-Ersoy-5-1024x576.jpg 1024w, https:\/\/www.tgrthaber.com\/mavikadin\/wp-content\/uploads\/Mehmet-Akif-Ersoy-5-768x432.jpg 768w\" sizes=\"(max-width: 1208px) 100vw, 1208px\" \/><\/p>\n<hr \/>\n<p>Mehmet Akif Ersoy, 2011 y\u0131l\u0131 i\u00e7erisinde TRT T\u00fcrk Trablus ve Sana muhabirli\u011fi g\u00f6revini y\u00fcr\u00fctt\u00fc. Libya lideri Muammer Kaddafi ile \u00f6l\u00fcm\u00fcnden \u00f6nce ger\u00e7ekle\u015ftirdi\u011fi r\u00f6portaj\u0131yla ad\u0131ndan s\u00f6z ettiren Ersoy, i\u015f hayat\u0131na 2012 y\u0131l\u0131nda TRT M\u0131s\u0131r temsilcisi olarak devam etti. Ba\u015far\u0131l\u0131 gazeteci 2013 y\u0131l\u0131nda ise TRT Arap\u00e7a Koordinat\u00f6r Yard\u0131mc\u0131l\u0131\u011f\u0131 g\u00f6revine getirildi. Gazetecilik ve medya alan\u0131nda yapt\u0131\u011f\u0131 \u00fcst\u00fcn \u00e7al\u0131\u015fmalarla dikkatleri \u00fczerine \u00e7eken Ersoy, 2014 y\u0131l\u0131nda TRT \u0130stanbul B\u00f6lge M\u00fcd\u00fcr Yard\u0131mc\u0131s\u0131 olarak \u00e7al\u0131\u015fmaya ba\u015flad\u0131.<\/p>\n<p><img loading=\"lazy\" decoding=\"async\" class=\"size-full wp-image-274129\" src=\"https:\/\/www.tgrthaber.com\/mavikadin\/wp-content\/uploads\/Mehmet-Akif-Ersoy-6.jpg\" alt=\"Mehmet Akif Ersoy evli mi? Mehmet Akif Ersoy\u2019un e\u015fi kim?\" width=\"1208\" height=\"680\" title=\"\" srcset=\"https:\/\/www.tgrthaber.com\/mavikadin\/wp-content\/uploads\/Mehmet-Akif-Ersoy-6.jpg 1208w, https:\/\/www.tgrthaber.com\/mavikadin\/wp-content\/uploads\/Mehmet-Akif-Ersoy-6-300x169.jpg 300w, https:\/\/www.tgrthaber.com\/mavikadin\/wp-content\/uploads\/Mehmet-Akif-Ersoy-6-1024x576.jpg 1024w, https:\/\/www.tgrthaber.com\/mavikadin\/wp-content\/uploads\/Mehmet-Akif-Ersoy-6-768x432.jpg 768w\" sizes=\"(max-width: 1208px) 100vw, 1208px\" \/><\/p>\n<hr \/>\n<h3>MEHMET AK\u0130F ERSOY EVL\u0130 M\u0130?<\/h3>\n<p>\u015eimdilerde 40 ya\u015f\u0131nda olan Mehmet Akif Ersoy\u2019un yak\u0131n zamanda bo\u015fand\u0131\u011f\u0131 biliniyor. Kendisi gibi televizyon sunucu <a href=\"https:\/\/www.tgrthaber.com\/mavikadin\/pinar-erbas-kimdir-kac-yasinda-pinar-erbas-kiminle-evli\/\">P\u0131nar Erba\u015f<\/a> ile 2022 y\u0131l\u0131nda d\u00fcnyaevine giren Ersoy\u2019un evliliklerinden 8 ay sonra bo\u015fanma karar\u0131 ald\u0131klar\u0131 s\u00f6yleniyor. Yak\u0131n zamanda ise bo\u015fand\u0131klar\u0131 iddia edilen \u00e7iftten Mehmet Akif Ersoy\u2019un \u015fimdilerde evli olmad\u0131\u011f\u0131 biliniyor.<\/p>\n<p><img loading=\"lazy\" decoding=\"async\" class=\"size-full wp-image-274125\" src=\"https:\/\/www.tgrthaber.com\/mavikadin\/wp-content\/uploads\/Mehmet-Akif-Ersoy-2.jpg\" alt=\"Mehmet Akif Ersoy evli mi? Mehmet Akif Ersoy\u2019un e\u015fi kim?\" width=\"1208\" height=\"680\" title=\"\" srcset=\"https:\/\/www.tgrthaber.com\/mavikadin\/wp-content\/uploads\/Mehmet-Akif-Ersoy-2.jpg 1208w, https:\/\/www.tgrthaber.com\/mavikadin\/wp-content\/uploads\/Mehmet-Akif-Ersoy-2-300x169.jpg 300w, https:\/\/www.tgrthaber.com\/mavikadin\/wp-content\/uploads\/Mehmet-Akif-Ersoy-2-1024x576.jpg 1024w, https:\/\/www.tgrthaber.com\/mavikadin\/wp-content\/uploads\/Mehmet-Akif-Ersoy-2-768x432.jpg 768w\" sizes=\"(max-width: 1208px) 100vw, 1208px\" \/><\/p>\n<hr \/>\n<p>Ba\u015far\u0131l\u0131 gazeteci kimli\u011finin yan\u0131 s\u0131ra \u00f6zel hayat\u0131yla da zaman zaman magazin g\u00fcndeminde yer alan Mehmet Akif Ersoy, P\u0131nar Erba\u015f ile ikinci evlili\u011fini ger\u00e7ekle\u015ftirmi\u015fti. Magazin d\u00fcnyas\u0131nda b\u00fcy\u00fck ses getiren bu evlilik k\u0131sa s\u00fcrm\u00fc\u015f ve \u00e7ift bo\u015fanma karar\u0131 alm\u0131\u015ft\u0131. \u015eimdilerde bo\u015fand\u0131klar\u0131 iddia edilen \u00e7iftin yak\u0131n zamanda yollar\u0131n\u0131 ay\u0131rd\u0131klar\u0131 s\u00f6yleniyor.<\/p>\n<p><img loading=\"lazy\" decoding=\"async\" class=\"size-full wp-image-274130\" src=\"https:\/\/www.tgrthaber.com\/mavikadin\/wp-content\/uploads\/Mehmet-Akif-Ersoy-7.jpg\" alt=\"Mehmet Akif Ersoy evli mi? Mehmet Akif Ersoy\u2019un e\u015fi kim?\" width=\"1208\" height=\"680\" title=\"\" srcset=\"https:\/\/www.tgrthaber.com\/mavikadin\/wp-content\/uploads\/Mehmet-Akif-Ersoy-7.jpg 1208w, https:\/\/www.tgrthaber.com\/mavikadin\/wp-content\/uploads\/Mehmet-Akif-Ersoy-7-300x169.jpg 300w, https:\/\/www.tgrthaber.com\/mavikadin\/wp-content\/uploads\/Mehmet-Akif-Ersoy-7-1024x576.jpg 1024w, https:\/\/www.tgrthaber.com\/mavikadin\/wp-content\/uploads\/Mehmet-Akif-Ersoy-7-768x432.jpg 768w\" sizes=\"(max-width: 1208px) 100vw, 1208px\" \/><\/p>\n<hr \/>\n<p>\u00d6zel hayat\u0131n\u0131n yan\u0131 s\u0131ra mesle\u011findeki ba\u015far\u0131s\u0131yla ad\u0131n\u0131 duyuran Mehmet Akif Ersoy, 2015 y\u0131l\u0131nda &#8216;Zenga Zenga&#8217; adl\u0131 Muammer Kaddafi belgeselini yay\u0131nlad\u0131. Ersoy, ayn\u0131 y\u0131l Diyanet \u0130\u015fleri Ba\u015fkanl\u0131\u011f\u0131 Ortado\u011fu ve \u0130slam Co\u011frafyas\u0131 Sorumlu Ba\u015fkan M\u00fc\u015faviri olarak atand\u0131. 2016 y\u0131l\u0131nda ise \u0131D\u015f Politika Dergisi Genel Yay\u0131n Y\u00f6netmeni olan Ersoy, 2017 y\u0131l\u0131nda Habert\u00fcrk TV&#8217;de \u00e7al\u0131\u015fmaya ba\u015flad\u0131. Burada &#8216;Man\u015fet&#8217; program\u0131n\u0131 ve &#8216;Nedir Ne De\u011fildir?&#8217; programlar\u0131n\u0131 sundu. G\u00fcn\u00fcm\u00fczde kariyerine Habert\u00fcrk ekranlar\u0131nda devam eden Ersoy, \u00f6zel hayat\u0131ndaki hareketlilikle de dikkatleri \u00fczerine \u00e7ekiyor.<\/p>\n<p><img loading=\"lazy\" decoding=\"async\" class=\"size-full wp-image-274127\" src=\"https:\/\/www.tgrthaber.com\/mavikadin\/wp-content\/uploads\/Mehmet-Akif-Ersoy-4.jpg\" alt=\"Mehmet Akif Ersoy evli mi? Mehmet Akif Ersoy\u2019un e\u015fi kim?\" width=\"1208\" height=\"680\" title=\"\" srcset=\"https:\/\/www.tgrthaber.com\/mavikadin\/wp-content\/uploads\/Mehmet-Akif-Ersoy-4.jpg 1208w, https:\/\/www.tgrthaber.com\/mavikadin\/wp-content\/uploads\/Mehmet-Akif-Ersoy-4-300x169.jpg 300w, https:\/\/www.tgrthaber.com\/mavikadin\/wp-content\/uploads\/Mehmet-Akif-Ersoy-4-1024x576.jpg 1024w, https:\/\/www.tgrthaber.com\/mavikadin\/wp-content\/uploads\/Mehmet-Akif-Ersoy-4-768x432.jpg 768w\" sizes=\"(max-width: 1208px) 100vw, 1208px\" \/><\/p>\n<hr \/>\n<h3>MEHMET AK\u0130F ERSOY\u2019UN E\u015e\u0130 K\u0130M?<\/h3>\n<p>Mehmet Akif Ersoy, toplamda iki evlilik ger\u00e7ekle\u015ftirdi. \u0130lk evlili\u011finden iki tane erkek \u00e7ocuk sahibi olan Ersoy, ikinci evlili\u011fini ise kendisi gibi televizyon sunucusu olan <a href=\"https:\/\/www.tgrthaber.com\/mavikadin\/pinar-erbas-kimdir-kac-yasinda-pinar-erbas-kiminle-evli\/\">P\u0131nar Erba\u015f<\/a> ile ger\u00e7ekle\u015ftirdi. Ersoy\u2019un ilk e\u015finin kim oldu\u011funa dair kamuoyunda pek fazla bilgi bulunmuyor. Daha \u00e7ok<a href=\"https:\/\/www.tgrthaber.com\/mavikadin\/pinar-erbas-kimdir-kac-yasinda-pinar-erbas-kiminle-evli\/\"> P\u0131nar Erba\u015f<\/a> ile yapt\u0131\u011f\u0131 evlilikle dikkatleri \u00fczerine \u00e7eken Ersoy\u2019un \u015fimdilerde hayat\u0131na tek ba\u015f\u0131nda devam etti\u011fi s\u00f6yleniyor.<\/p>\n<p><img loading=\"lazy\" decoding=\"async\" class=\"size-full wp-image-274126\" src=\"https:\/\/www.tgrthaber.com\/mavikadin\/wp-content\/uploads\/Mehmet-Akif-Ersoy-3.jpg\" alt=\"Mehmet Akif Ersoy evli mi? Mehmet Akif Ersoy\u2019un e\u015fi kim?\" width=\"1208\" height=\"680\" title=\"\" srcset=\"https:\/\/www.tgrthaber.com\/mavikadin\/wp-content\/uploads\/Mehmet-Akif-Ersoy-3.jpg 1208w, https:\/\/www.tgrthaber.com\/mavikadin\/wp-content\/uploads\/Mehmet-Akif-Ersoy-3-300x169.jpg 300w, https:\/\/www.tgrthaber.com\/mavikadin\/wp-content\/uploads\/Mehmet-Akif-Ersoy-3-1024x576.jpg 1024w, https:\/\/www.tgrthaber.com\/mavikadin\/wp-content\/uploads\/Mehmet-Akif-Ersoy-3-768x432.jpg 768w\" sizes=\"(max-width: 1208px) 100vw, 1208px\" \/><\/p>\n<hr \/>\n<p>Mehmet Akif Ersoy, 14 A\u011fustos 2022 tarihinde televizyon sunucusu <a href=\"https:\/\/www.tgrthaber.com\/mavikadin\/pinar-erbas-kimdir-kac-yasinda-pinar-erbas-kiminle-evli\/\">P\u0131nar Erba\u015f<\/a> ile d\u00fcnyaevine girdi. Evlilikleriyle sosyal medyan\u0131n ve magazin d\u00fcnyas\u0131n\u0131n g\u00fcndemine bomba gibi oturan ikili, 8 ay sonra bo\u015fanma karar\u0131 alm\u0131\u015ft\u0131. Daha sonra bo\u015fanma kararlar\u0131ndan vazge\u00e7en ikilinin edinilen bilgilere g\u00f6re yak\u0131nda zamanda bo\u015fand\u0131klar\u0131 ve hayatlar\u0131n\u0131 ay\u0131rd\u0131klar\u0131 biliniyor.<\/p>\n<p><img loading=\"lazy\" decoding=\"async\" class=\"size-full wp-image-274133\" src=\"https:\/\/www.tgrthaber.com\/mavikadin\/wp-content\/uploads\/Mehmet-Akif-Ersoy-1.jpg\" alt=\"Mehmet Akif Ersoy evli mi? Mehmet Akif Ersoy\u2019un e\u015fi kim?\" width=\"1208\" height=\"680\" title=\"\" srcset=\"https:\/\/www.tgrthaber.com\/mavikadin\/wp-content\/uploads\/Mehmet-Akif-Ersoy-1.jpg 1208w, https:\/\/www.tgrthaber.com\/mavikadin\/wp-content\/uploads\/Mehmet-Akif-Ersoy-1-300x169.jpg 300w, https:\/\/www.tgrthaber.com\/mavikadin\/wp-content\/uploads\/Mehmet-Akif-Ersoy-1-1024x576.jpg 1024w, https:\/\/www.tgrthaber.com\/mavikadin\/wp-content\/uploads\/Mehmet-Akif-Ersoy-1-768x432.jpg 768w\" sizes=\"(max-width: 1208px) 100vw, 1208px\" \/><\/p>\n<hr \/>\n<p>Gazeteci Mehmet Akif Ersoy&#8217;un eski e\u015fi P\u0131nar Erba\u015f, Show TV Ana Haber Spikeridir. 1987 y\u0131l\u0131nda d\u00fcnyaya gelen Erba\u015f, Galatasaray Lisesi ve Galatasaray \u00dcniversitesi&#8217;nden mezun oldu. Ekranlardaki ilk deneyimini Habert\u00fcrk\u2019le ger\u00e7ekle\u015ftiren Erba\u015f, zamanla kariyerindeki \u00fcst\u00fcn performans\u0131yla ad\u0131ndan s\u00f6z ettirdi.<\/p>\n","protected":false},"excerpt":{"rendered":"<p>Gazeteci ki\u015fili\u011fiyle dikkatleri \u00fczerine \u00e7eken Mehmet Akif Ersoy\u2019un \u00f6zel hayat\u0131na dair detaylar merak ediliyor. Peki, Mehmet Akif Ersoy evli mi? Mehmet Akif Ersoy\u2019un e\u015fi kim? \u0130\u015fte detaylar\u2026<\/p>\n","protected":false},"author":26,"featured_media":274131,"comment_status":"closed","ping_status":"closed","sticky":false,"template":"","format":"standard","meta":{"rank_math_lock_modified_date":false,"footnotes":""},"categories":[491],"tags":[3374,16521,68047,41536,68046],"class_list":["post-274121","post","type-post","status-publish","format-standard","has-post-thumbnail","hentry","category-biyografi","tag-biyografi","tag-biyografi-haberleri","tag-gazeteci-mehmet-akif-ersoy","tag-mehmet-akif-ersoy","tag-pinar-erbas"],"_links":{"self":[{"href":"https:\/\/www.tgrthaber.com\/mavikadin\/wp-json\/wp\/v2\/posts\/274121"}],"collection":[{"href":"https:\/\/www.tgrthaber.com\/mavikadin\/wp-json\/wp\/v2\/posts"}],"about":[{"href":"https:\/\/www.tgrthaber.com\/mavikadin\/wp-json\/wp\/v2\/types\/post"}],"author":[{"embeddable":true,"href":"https:\/\/www.tgrthaber.com\/mavikadin\/wp-json\/wp\/v2\/users\/26"}],"replies":[{"embeddable":true,"href":"https:\/\/www.tgrthaber.com\/mavikadin\/wp-json\/wp\/v2\/comments?post=274121"}],"version-history":[{"count":4,"href":"https:\/\/www.tgrthaber.com\/mavikadin\/wp-json\/wp\/v2\/posts\/274121\/revisions"}],"predecessor-version":[{"id":274136,"href":"https:\/\/www.tgrthaber.com\/mavikadin\/wp-json\/wp\/v2\/posts\/274121\/revisions\/274136"}],"wp:featuredmedia":[{"embeddable":true,"href":"https:\/\/www.tgrthaber.com\/mavikadin\/wp-json\/wp\/v2\/media\/274131"}],"wp:attachment":[{"href":"https:\/\/www.tgrthaber.com\/mavikadin\/wp-json\/wp\/v2\/media?parent=274121"}],"wp:term":[{"taxonomy":"category","embeddable":true,"href":"https:\/\/www.tgrthaber.com\/mavikadin\/wp-json\/wp\/v2\/categories?post=274121"},{"taxonomy":"post_tag","embeddable":true,"href":"https:\/\/www.tgrthaber.com\/mavikadin\/wp-json\/wp\/v2\/tags?post=274121"}],"curies":[{"name":"wp","href":"https:\/\/api.w.org\/{rel}","templated":true}]}}