{"id":274137,"date":"2025-12-11T09:25:32","date_gmt":"2025-12-11T06:25:32","guid":{"rendered":"https:\/\/www.tgrthaber.com\/mavikadin\/?p=274137"},"modified":"2025-12-11T09:25:32","modified_gmt":"2025-12-11T06:25:32","slug":"nur-kosker-evli-mi-nur-kosker-bosandi-mi","status":"publish","type":"post","link":"https:\/\/www.tgrthaber.com\/mavikadin\/nur-kosker-evli-mi-nur-kosker-bosandi-mi\/","title":{"rendered":"Nur K\u00f6\u015fker evli mi? Nur K\u00f6\u015fker bo\u015fand\u0131 m\u0131?"},"content":{"rendered":"<p><a href=\"https:\/\/www.tgrthaber.com\/mavikadin\/muge-anli-ile-guven-bana-programina-sanatci-emrah-ve-sunucu-esra-harmanda-bir-kez-daha-yaristi\/\">Nur K\u00f6\u015fker<\/a>\u2019in \u00f6zel hayat\u0131na dair \u201cEvli mi?\u201d, \u201cBo\u015fand\u0131 m\u0131?\u201d sorular\u0131 son g\u00fcnlerde s\u0131k\u00e7a g\u00fcndeme geliyor. Ana haber sunucusu K\u00f6\u015fker, i\u015f hayat\u0131ndaki ba\u015far\u0131lar\u0131n\u0131n yan\u0131 s\u0131ra \u00f6zel ya\u015fam\u0131yla da kamuoyunun dikkatini \u00e7ekmeye devam ediyor.<\/p>\n<h3>NUR K\u00d6\u015eKER EVL\u0130 M\u0130? NUR K\u00d6\u015eKER BO\u015eANDI MI?<\/h3>\n<p>Eyl\u00fcl 2024\u2019te Ciner Medya Grubu\u2019na ba\u011fl\u0131 Habert\u00fcrk TV\u2019den ayr\u0131ld\u0131\u011f\u0131n\u0131 duyuran gen\u00e7 ekran y\u00fcz\u00fc, ayn\u0131 y\u0131l\u0131n Aral\u0131k ay\u0131nda bu kez \u00f6zel hayat\u0131na ili\u015fkin bir a\u00e7\u0131klama payla\u015ft\u0131. K\u00f6\u015fker, Mart 2023\u2019te evlendi\u011fi \u00fcnl\u00fc dans e\u011fitmeni Mustafa Kemal Do\u011fan\u00e7ay ile yollar\u0131n\u0131 ay\u0131rd\u0131klar\u0131n\u0131 sosyal medya hesab\u0131ndan duyurdu.<\/p>\n<p><img loading=\"lazy\" decoding=\"async\" class=\"aligncenter size-full wp-image-274139\" src=\"https:\/\/www.tgrthaber.com\/mavikadin\/wp-content\/uploads\/Nur-Kosker-1.webp\" alt=\"\" width=\"1280\" height=\"720\" title=\"\" srcset=\"https:\/\/www.tgrthaber.com\/mavikadin\/wp-content\/uploads\/Nur-Kosker-1.webp 1280w, https:\/\/www.tgrthaber.com\/mavikadin\/wp-content\/uploads\/Nur-Kosker-1-300x169.webp 300w, https:\/\/www.tgrthaber.com\/mavikadin\/wp-content\/uploads\/Nur-Kosker-1-1024x576.webp 1024w, https:\/\/www.tgrthaber.com\/mavikadin\/wp-content\/uploads\/Nur-Kosker-1-768x432.webp 768w\" sizes=\"(max-width: 1280px) 100vw, 1280px\" \/><\/p>\n<hr \/>\n<p>Payla\u015f\u0131m\u0131nda \u015fu ifadelere yer verdi:<\/p>\n<p>\u201cMustafa Kemal Do\u011fan\u00e7ay ile evlili\u011fimizi noktalama karar\u0131 ald\u0131k ve bo\u015fand\u0131k. \u0130\u00e7inden ge\u00e7ti\u011fimiz bu zorlu s\u00fcre\u00e7te gereken hassasiyet ve sayg\u0131y\u0131 g\u00f6sterece\u011finizden eminim. Deste\u011finiz i\u00e7in \u015fimdiden te\u015fekk\u00fcr ederim. Sevgiler, Nur K\u00f6\u015fker.\u201d<\/p>\n<p><img loading=\"lazy\" decoding=\"async\" class=\"aligncenter size-full wp-image-274140\" src=\"https:\/\/www.tgrthaber.com\/mavikadin\/wp-content\/uploads\/Nur-Kosker-2.jpg\" alt=\"\" width=\"1080\" height=\"1080\" title=\"\" srcset=\"https:\/\/www.tgrthaber.com\/mavikadin\/wp-content\/uploads\/Nur-Kosker-2.jpg 1080w, https:\/\/www.tgrthaber.com\/mavikadin\/wp-content\/uploads\/Nur-Kosker-2-300x300.jpg 300w, https:\/\/www.tgrthaber.com\/mavikadin\/wp-content\/uploads\/Nur-Kosker-2-1024x1024.jpg 1024w, https:\/\/www.tgrthaber.com\/mavikadin\/wp-content\/uploads\/Nur-Kosker-2-150x150.jpg 150w, https:\/\/www.tgrthaber.com\/mavikadin\/wp-content\/uploads\/Nur-Kosker-2-768x768.jpg 768w\" sizes=\"(max-width: 1080px) 100vw, 1080px\" \/><\/p>\n<hr \/>\n<h3>NUR K\u00d6\u015eKER K\u0130MD\u0130R?<\/h3>\n<p>8 Temmuz 1994 do\u011fumlu olan <a href=\"https:\/\/www.tgrthaber.com\/mavikadin\/oyle-bir-gecer-ki-dizisinin-ahmeti-tolga-gulec-ve-guzel-sunucu-oyku-cengiz-nisanlandi\/\">Nur K\u00f6\u015fker<\/a>, gen\u00e7 ya\u015f\u0131na ra\u011fmen haber ekranlar\u0131n\u0131n dikkat \u00e7eken isimlerinden biridir. Bo\u011fazi\u00e7i \u00dcniversitesi T\u00fcrk Dili ve Edebiyat\u0131 B\u00f6l\u00fcm\u00fc mezunu olan K\u00f6\u015fker, e\u011fitimli ve donan\u0131ml\u0131 yap\u0131s\u0131yla medya sekt\u00f6r\u00fcnde \u00f6ne \u00e7\u0131kmaktad\u0131r.<\/p>\n<p>Kariyerine Sabah Gazetesi\u2019nde stajyer edit\u00f6r olarak ba\u015flayan K\u00f6\u015fker, k\u0131sa s\u00fcre sonra ATV\u2019de muhabirli\u011fe ad\u0131m att\u0131. Sahada edindi\u011fi deneyimin ard\u0131ndan 2021\u2019de 24TV\u2019ye ge\u00e7ti ve burada \u201cKahve Molas\u0131\u201d, \u201cEsas Mesele\u201d ve \u201cAnaliz Sentez\u201d programlar\u0131nda sunucu ve moderat\u00f6r olarak g\u00f6rev ald\u0131. Bu programlarla ekran tarz\u0131n\u0131 g\u00fc\u00e7lendirdi ve geni\u015f bir izleyici kitlesine ula\u015ft\u0131.<\/p>\n<p><img loading=\"lazy\" decoding=\"async\" class=\"aligncenter size-full wp-image-274141\" src=\"https:\/\/www.tgrthaber.com\/mavikadin\/wp-content\/uploads\/Nur-Kosker-2.webp\" alt=\"\" width=\"1280\" height=\"720\" title=\"\" srcset=\"https:\/\/www.tgrthaber.com\/mavikadin\/wp-content\/uploads\/Nur-Kosker-2.webp 1280w, https:\/\/www.tgrthaber.com\/mavikadin\/wp-content\/uploads\/Nur-Kosker-2-300x169.webp 300w, https:\/\/www.tgrthaber.com\/mavikadin\/wp-content\/uploads\/Nur-Kosker-2-1024x576.webp 1024w, https:\/\/www.tgrthaber.com\/mavikadin\/wp-content\/uploads\/Nur-Kosker-2-768x432.webp 768w\" sizes=\"(max-width: 1280px) 100vw, 1280px\" \/><\/p>\n<hr \/>\n<p>2023 y\u0131l\u0131nda Habert\u00fcrk TV\u2019ye transfer olan Nur K\u00f6\u015fker, burada Ana Haber Sunuculu\u011fu g\u00f6revini \u00fcstlendi ve profesyonel duru\u015fuyla ad\u0131ndan s\u00f6z ettirdi.<\/p>\n<p>Ba\u015far\u0131l\u0131 kariyeri \u00f6d\u00fcllerle de ta\u00e7lanan K\u00f6\u015fker, 100. Y\u0131l Giri\u015fimcilik ve Proje \u00d6d\u00fclleri kapsam\u0131nda \u201cY\u0131l\u0131n En Ba\u015far\u0131l\u0131 G\u00fcnd\u00fcz Ku\u015fa\u011f\u0131 Program\u0131 Spikeri\u201d \u00f6d\u00fcl\u00fcne lay\u0131k g\u00f6r\u00fcld\u00fc.<\/p>\n<p><img loading=\"lazy\" decoding=\"async\" class=\"aligncenter size-full wp-image-274142\" src=\"https:\/\/www.tgrthaber.com\/mavikadin\/wp-content\/uploads\/Nur-Kosker-3.jpg\" alt=\"\" width=\"1080\" height=\"1350\" title=\"\" srcset=\"https:\/\/www.tgrthaber.com\/mavikadin\/wp-content\/uploads\/Nur-Kosker-3.jpg 1080w, https:\/\/www.tgrthaber.com\/mavikadin\/wp-content\/uploads\/Nur-Kosker-3-240x300.jpg 240w, https:\/\/www.tgrthaber.com\/mavikadin\/wp-content\/uploads\/Nur-Kosker-3-819x1024.jpg 819w, https:\/\/www.tgrthaber.com\/mavikadin\/wp-content\/uploads\/Nur-Kosker-3-768x960.jpg 768w\" sizes=\"(max-width: 1080px) 100vw, 1080px\" \/><\/p>\n<hr \/>\n<h3>NUR K\u00d6\u015eKER KA\u00c7 YA\u015eINDA?<\/h3>\n<p>1994 do\u011fumlu olan K\u00f6\u015fker, 2025 y\u0131l\u0131 itibar\u0131yla 31 ya\u015f\u0131ndad\u0131r. 8 Temmuz do\u011fumlu oldu\u011fu i\u00e7in Yenge\u00e7 burcudur. Empati g\u00fcc\u00fc ve duygusal zek\u00e2s\u0131, sunuculuk tarz\u0131na olumlu yans\u0131maktad\u0131r. 1.62 metre boyundaki K\u00f6\u015fker, ekran duru\u015fu ve zarif tarz\u0131yla izleyicilerin be\u011fenisini toplamaktad\u0131r.<\/p>\n<h3><img loading=\"lazy\" decoding=\"async\" class=\"aligncenter size-full wp-image-274143\" src=\"https:\/\/www.tgrthaber.com\/mavikadin\/wp-content\/uploads\/Nur-Kosker-3.webp\" alt=\"\" width=\"1280\" height=\"720\" title=\"\" srcset=\"https:\/\/www.tgrthaber.com\/mavikadin\/wp-content\/uploads\/Nur-Kosker-3.webp 1280w, https:\/\/www.tgrthaber.com\/mavikadin\/wp-content\/uploads\/Nur-Kosker-3-300x169.webp 300w, https:\/\/www.tgrthaber.com\/mavikadin\/wp-content\/uploads\/Nur-Kosker-3-1024x576.webp 1024w, https:\/\/www.tgrthaber.com\/mavikadin\/wp-content\/uploads\/Nur-Kosker-3-768x432.webp 768w\" sizes=\"(max-width: 1280px) 100vw, 1280px\" \/><\/h3>\n<hr \/>\n<h3>NUR K\u00d6\u015eKER NEREL\u0130?<\/h3>\n<p>Ba\u015far\u0131l\u0131 haber spikeri aslen Hatayl\u0131d\u0131r. Hatay\u2019\u0131n k\u00fclt\u00fcrel zenginli\u011fini ve s\u0131cakl\u0131\u011f\u0131n\u0131 ta\u015f\u0131yan K\u00f6\u015fker, ekranlardaki do\u011fal, samimi tav\u0131rlar\u0131yla izleyicilerle g\u00fc\u00e7l\u00fc bir ba\u011f kurmaktad\u0131r.<\/p>\n<p>&nbsp;<\/p>\n<p>&nbsp;<\/p>\n<p>&nbsp;<\/p>\n<p>&nbsp;<\/p>\n<p>&nbsp;<\/p>\n<p>&nbsp;<\/p>\n","protected":false},"excerpt":{"rendered":"<p>Nur K\u00f6\u015fker\u2019in \u00f6zel hayat\u0131na dair \u201cEvli mi?\u201d, \u201cBo\u015fand\u0131 m\u0131?\u201d sorular\u0131 son g\u00fcnlerde merak konusu oldu. Ana haber sunucusu Nur K\u00f6\u015fker\u2019in i\u015f hayat\u0131ndaki ba\u015far\u0131lar\u0131 kadar \u00f6zel hayat\u0131 da g\u00fcndemden d\u00fc\u015fm\u00fcyor.<\/p>\n","protected":false},"author":5,"featured_media":274138,"comment_status":"closed","ping_status":"closed","sticky":false,"template":"","format":"standard","meta":{"rank_math_lock_modified_date":false,"footnotes":""},"categories":[491],"tags":[68048,68049,68050,68051],"class_list":["post-274137","post","type-post","status-publish","format-standard","has-post-thumbnail","hentry","category-biyografi","tag-mustafa-kemal-dogancay","tag-nur-kosker","tag-nur-kosker-evli-mi","tag-nur-kosker-kimdir"],"_links":{"self":[{"href":"https:\/\/www.tgrthaber.com\/mavikadin\/wp-json\/wp\/v2\/posts\/274137"}],"collection":[{"href":"https:\/\/www.tgrthaber.com\/mavikadin\/wp-json\/wp\/v2\/posts"}],"about":[{"href":"https:\/\/www.tgrthaber.com\/mavikadin\/wp-json\/wp\/v2\/types\/post"}],"author":[{"embeddable":true,"href":"https:\/\/www.tgrthaber.com\/mavikadin\/wp-json\/wp\/v2\/users\/5"}],"replies":[{"embeddable":true,"href":"https:\/\/www.tgrthaber.com\/mavikadin\/wp-json\/wp\/v2\/comments?post=274137"}],"version-history":[{"count":2,"href":"https:\/\/www.tgrthaber.com\/mavikadin\/wp-json\/wp\/v2\/posts\/274137\/revisions"}],"predecessor-version":[{"id":274145,"href":"https:\/\/www.tgrthaber.com\/mavikadin\/wp-json\/wp\/v2\/posts\/274137\/revisions\/274145"}],"wp:featuredmedia":[{"embeddable":true,"href":"https:\/\/www.tgrthaber.com\/mavikadin\/wp-json\/wp\/v2\/media\/274138"}],"wp:attachment":[{"href":"https:\/\/www.tgrthaber.com\/mavikadin\/wp-json\/wp\/v2\/media?parent=274137"}],"wp:term":[{"taxonomy":"category","embeddable":true,"href":"https:\/\/www.tgrthaber.com\/mavikadin\/wp-json\/wp\/v2\/categories?post=274137"},{"taxonomy":"post_tag","embeddable":true,"href":"https:\/\/www.tgrthaber.com\/mavikadin\/wp-json\/wp\/v2\/tags?post=274137"}],"curies":[{"name":"wp","href":"https:\/\/api.w.org\/{rel}","templated":true}]}}