{"id":274146,"date":"2025-12-11T09:48:14","date_gmt":"2025-12-11T06:48:14","guid":{"rendered":"https:\/\/www.tgrthaber.com\/mavikadin\/?p=274146"},"modified":"2025-12-11T09:48:14","modified_gmt":"2025-12-11T06:48:14","slug":"nur-kosker-kimdir-kac-yasinda-nur-kosker-meslegi-nedir","status":"publish","type":"post","link":"https:\/\/www.tgrthaber.com\/mavikadin\/nur-kosker-kimdir-kac-yasinda-nur-kosker-meslegi-nedir\/","title":{"rendered":"Nur K\u00f6\u015fker kimdir ka\u00e7 ya\u015f\u0131nda? Nur K\u00f6\u015fker mesle\u011fi nedir?"},"content":{"rendered":"<p>\u00dcnl\u00fc isim Nur K\u00f6\u015fker, son zamanlarda g\u00fcndeme gelerek dikkat \u00e7ekti. Hayat\u0131 ve kariyeriyle dikkat \u00e7eken isim merak edildi. Arama motorlar\u0131nda Nur K\u00f6\u015fker hakk\u0131nda merak edilenler ara\u015ft\u0131r\u0131lmaya ba\u015fland\u0131. Peki, Nur K\u00f6\u015fker kimdir ka\u00e7 ya\u015f\u0131nda? Nur K\u00f6\u015fker mesle\u011fi nedir? sorular\u0131n\u0131 sizin i\u00e7in ara\u015ft\u0131rd\u0131k. \u0130\u015fte detaylar\u2026<\/p>\n<h3>NUR K\u00d6\u015eKER K\u0130MD\u0130R?<\/h3>\n<p>Nur K\u00f6\u015fker kimdir? sorusu ara\u015ft\u0131r\u0131lmaya ba\u015fland\u0131. \u00d6zellikle de son zamanlarda g\u00fcndeme gelen Nur K\u00f6\u015fker, hayat\u0131yla dikkat \u00e7ekiyor. 8 Temmuz 1994 y\u0131l\u0131nda d\u00fcnyaya gelmi\u015ftir. Bo\u011fazi\u00e7i \u00dcniversitesi T\u00fcrk Dili ve Edebiyat\u0131 B\u00f6l\u00fcm\u00fc mezunudur.<\/p>\n<p><img loading=\"lazy\" decoding=\"async\" class=\"alignnone size-full wp-image-274156\" src=\"https:\/\/www.tgrthaber.com\/mavikadin\/wp-content\/uploads\/nur-kosker-7.jpg\" alt=\"Nur K\u00f6\u015fker kimdir ka\u00e7 ya\u015f\u0131nda? Nur K\u00f6\u015fker mesle\u011fi nedir?\" width=\"1208\" height=\"680\" title=\"\" srcset=\"https:\/\/www.tgrthaber.com\/mavikadin\/wp-content\/uploads\/nur-kosker-7.jpg 1208w, https:\/\/www.tgrthaber.com\/mavikadin\/wp-content\/uploads\/nur-kosker-7-300x169.jpg 300w, https:\/\/www.tgrthaber.com\/mavikadin\/wp-content\/uploads\/nur-kosker-7-1024x576.jpg 1024w, https:\/\/www.tgrthaber.com\/mavikadin\/wp-content\/uploads\/nur-kosker-7-768x432.jpg 768w\" sizes=\"(max-width: 1208px) 100vw, 1208px\" \/><\/p>\n<hr \/>\n<p>E\u011fitimli ve g\u00fc\u00e7l\u00fc hitab\u0131yla k\u0131sa s\u00fcrede ekranlar\u0131n dikkat \u00e7eken isimleri galine gelmi\u015ftir. Bir\u00e7ok medya kuru\u015funda \u00e7al\u0131\u015fan Nur K\u00f6\u015fker, kendine sa\u011flan bir yer edinmi\u015ftir. Haber spikerli\u011fi yapan Nur K\u00f6\u015fker, aslen de Hayatl\u0131d\u0131r.<\/p>\n<p><img loading=\"lazy\" decoding=\"async\" class=\"alignnone size-full wp-image-274155\" src=\"https:\/\/www.tgrthaber.com\/mavikadin\/wp-content\/uploads\/nur-kosker-6.jpg\" alt=\"Nur K\u00f6\u015fker kimdir ka\u00e7 ya\u015f\u0131nda? Nur K\u00f6\u015fker mesle\u011fi nedir?\" width=\"1208\" height=\"680\" title=\"\" srcset=\"https:\/\/www.tgrthaber.com\/mavikadin\/wp-content\/uploads\/nur-kosker-6.jpg 1208w, https:\/\/www.tgrthaber.com\/mavikadin\/wp-content\/uploads\/nur-kosker-6-300x169.jpg 300w, https:\/\/www.tgrthaber.com\/mavikadin\/wp-content\/uploads\/nur-kosker-6-1024x576.jpg 1024w, https:\/\/www.tgrthaber.com\/mavikadin\/wp-content\/uploads\/nur-kosker-6-768x432.jpg 768w\" sizes=\"(max-width: 1208px) 100vw, 1208px\" \/><\/p>\n<hr \/>\n<p>Ekranlar\u0131n sevilen isimlerinden biri olan Nur K\u00f6\u015fker, gazeteci <a href=\"https:\/\/www.tgrthaber.com\/mavikadin\/mehmet-akif-ersoy-evli-mi-mehmet-akif-ersoyun-esi-kim\/\">Mehmet Akif Ersoy<\/a> hakk\u0131ndaki iddialar\u0131yla dikkat \u00e7ekti. G\u00fcndeme bomba gibi d\u00fc\u015fen a\u00e7\u0131klamalar\u0131 sonras\u0131 dikkatleri \u00fczerine \u00e7ekti. Nur K\u00f6\u015fker\u2019in hayat\u0131 merak edildi.<\/p>\n<h3><img loading=\"lazy\" decoding=\"async\" class=\"alignnone size-full wp-image-274154\" src=\"https:\/\/www.tgrthaber.com\/mavikadin\/wp-content\/uploads\/nur-kosker-5.jpg\" alt=\"Nur K\u00f6\u015fker kimdir ka\u00e7 ya\u015f\u0131nda? Nur K\u00f6\u015fker mesle\u011fi nedir?\" width=\"1208\" height=\"680\" title=\"\" srcset=\"https:\/\/www.tgrthaber.com\/mavikadin\/wp-content\/uploads\/nur-kosker-5.jpg 1208w, https:\/\/www.tgrthaber.com\/mavikadin\/wp-content\/uploads\/nur-kosker-5-300x169.jpg 300w, https:\/\/www.tgrthaber.com\/mavikadin\/wp-content\/uploads\/nur-kosker-5-1024x576.jpg 1024w, https:\/\/www.tgrthaber.com\/mavikadin\/wp-content\/uploads\/nur-kosker-5-768x432.jpg 768w\" sizes=\"(max-width: 1208px) 100vw, 1208px\" \/><\/h3>\n<hr \/>\n<h3>NUR K\u00d6\u015eKER KA\u00c7 YA\u015eINDA?<\/h3>\n<p>Nur K\u00f6\u015fker, ya\u015f\u0131yla da ara\u015ft\u0131r\u0131lmaya ba\u015fland\u0131. 1994 y\u0131l\u0131nda do\u011fan Nur K\u00f6\u015fker \u015fimdilerde 31 ya\u015f\u0131ndad\u0131r. Zekas\u0131 ve \u00e7al\u0131\u015fma azmiyle \u00e7ok sevilen Nur K\u00f6\u015fker, izleyiciyle kurdu\u011fu ba\u011f ile de dikkat \u00e7eker. Enerjik ekran y\u00fcz\u00fcyle izleyenleri kendine hayran b\u0131rakt\u0131r\u0131yor.<\/p>\n<h3><img loading=\"lazy\" decoding=\"async\" class=\"alignnone size-full wp-image-274153\" src=\"https:\/\/www.tgrthaber.com\/mavikadin\/wp-content\/uploads\/nur-kosker-4.jpg\" alt=\"Nur K\u00f6\u015fker kimdir ka\u00e7 ya\u015f\u0131nda? Nur K\u00f6\u015fker mesle\u011fi nedir?\" width=\"1208\" height=\"680\" title=\"\" srcset=\"https:\/\/www.tgrthaber.com\/mavikadin\/wp-content\/uploads\/nur-kosker-4.jpg 1208w, https:\/\/www.tgrthaber.com\/mavikadin\/wp-content\/uploads\/nur-kosker-4-300x169.jpg 300w, https:\/\/www.tgrthaber.com\/mavikadin\/wp-content\/uploads\/nur-kosker-4-1024x576.jpg 1024w, https:\/\/www.tgrthaber.com\/mavikadin\/wp-content\/uploads\/nur-kosker-4-768x432.jpg 768w\" sizes=\"(max-width: 1208px) 100vw, 1208px\" \/><\/h3>\n<hr \/>\n<h3>NUR K\u00d6\u015eKER MESLE\u011e\u0130 NED\u0130R?<\/h3>\n<p>Nur K\u00f6\u015fker\u2019in mesle\u011fi haber spikerli\u011fidir. \u015eimdiye kadar HaberT\u00fcrk ve TV24 gibi yerlerde \u00e7al\u0131\u015fan Nur K\u00f6\u015fker, ekranlar\u0131n sevilen y\u00fczlerinden biridir. Ba\u015far\u0131l\u0131 hitab\u0131yla sevilerek takip edilen Nur K\u00f6\u015fker, medya ser\u00fcvenine 2016 y\u0131l\u0131nda ba\u015flad\u0131.<\/p>\n<p><img loading=\"lazy\" decoding=\"async\" class=\"alignnone size-full wp-image-274152\" src=\"https:\/\/www.tgrthaber.com\/mavikadin\/wp-content\/uploads\/nur-kosker-3-1.jpg\" alt=\"Nur K\u00f6\u015fker kimdir ka\u00e7 ya\u015f\u0131nda? Nur K\u00f6\u015fker mesle\u011fi nedir?\" width=\"1208\" height=\"680\" title=\"\" srcset=\"https:\/\/www.tgrthaber.com\/mavikadin\/wp-content\/uploads\/nur-kosker-3-1.jpg 1208w, https:\/\/www.tgrthaber.com\/mavikadin\/wp-content\/uploads\/nur-kosker-3-1-300x169.jpg 300w, https:\/\/www.tgrthaber.com\/mavikadin\/wp-content\/uploads\/nur-kosker-3-1-1024x576.jpg 1024w, https:\/\/www.tgrthaber.com\/mavikadin\/wp-content\/uploads\/nur-kosker-3-1-768x432.jpg 768w\" sizes=\"(max-width: 1208px) 100vw, 1208px\" \/><\/p>\n<hr \/>\n<p>2016 y\u0131l\u0131nda medya ser\u00fcvenine ba\u015flayan Nur K\u00f6\u015fker, Sabah Gazetesi\u2019ne yapt\u0131\u011f\u0131 edit\u00f6r staj\u0131yla ba\u015flad\u0131. K\u0131sa s\u00fcrede habercilik alan\u0131nda ilerleyen Nur K\u00f6\u015fker, duydu\u011fu ilgi sayesinde ATV ekranlar\u0131nda g\u00f6rev almaya ba\u015flad\u0131.<\/p>\n<p><img loading=\"lazy\" decoding=\"async\" class=\"alignnone size-full wp-image-274150\" src=\"https:\/\/www.tgrthaber.com\/mavikadin\/wp-content\/uploads\/nur-kosker-1.jpg\" alt=\"Nur K\u00f6\u015fker kimdir ka\u00e7 ya\u015f\u0131nda? Nur K\u00f6\u015fker mesle\u011fi nedir?\" width=\"1208\" height=\"680\" title=\"\" srcset=\"https:\/\/www.tgrthaber.com\/mavikadin\/wp-content\/uploads\/nur-kosker-1.jpg 1208w, https:\/\/www.tgrthaber.com\/mavikadin\/wp-content\/uploads\/nur-kosker-1-300x169.jpg 300w, https:\/\/www.tgrthaber.com\/mavikadin\/wp-content\/uploads\/nur-kosker-1-1024x576.jpg 1024w, https:\/\/www.tgrthaber.com\/mavikadin\/wp-content\/uploads\/nur-kosker-1-768x432.jpg 768w\" sizes=\"(max-width: 1208px) 100vw, 1208px\" \/><\/p>\n<hr \/>\n<p>ATV ekranlar\u0131nda muhabirlik yapmaya ba\u015flayan Nur K\u00f6\u015fker, farkl\u0131 haber dosyalar\u0131nda deneyim kazanarak, habercilik de kendini kan\u0131tlayan isimler aras\u0131nda yer ald\u0131. 2021 y\u0131l\u0131nda 24 TV\u2019ye transfer oldu daha sonra HaberT\u00fcrk TV\u2019ye ge\u00e7erek ana haber b\u00fclteni sunmaya ba\u015flad\u0131.<\/p>\n","protected":false},"excerpt":{"rendered":"<p>\u00dcnl\u00fc ekran y\u00fcz\u00fc Nur K\u00f6\u015fker, merak edilerek ara\u015ft\u0131r\u0131lmaya ba\u015fland\u0131. Arama motorlar\u0131nda Nur K\u00f6\u015fker\u2019in hayat\u0131 ve kariyeri ara\u015ft\u0131r\u0131lmaya ba\u015fland\u0131. Peki, Nur K\u00f6\u015fker kimdir ka\u00e7 ya\u015f\u0131nda? Nur K\u00f6\u015fker mesle\u011fi nedir? \u0130\u015fte detaylar\u2026<\/p>\n","protected":false},"author":34,"featured_media":274151,"comment_status":"closed","ping_status":"closed","sticky":false,"template":"","format":"standard","meta":{"rank_math_lock_modified_date":false,"footnotes":""},"categories":[491],"tags":[68052,68049,68053,68051],"class_list":["post-274146","post","type-post","status-publish","format-standard","has-post-thumbnail","hentry","category-biyografi","tag-biyografi-habaerleri","tag-nur-kosker","tag-nur-kosker-kac-yasinda","tag-nur-kosker-kimdir"],"_links":{"self":[{"href":"https:\/\/www.tgrthaber.com\/mavikadin\/wp-json\/wp\/v2\/posts\/274146"}],"collection":[{"href":"https:\/\/www.tgrthaber.com\/mavikadin\/wp-json\/wp\/v2\/posts"}],"about":[{"href":"https:\/\/www.tgrthaber.com\/mavikadin\/wp-json\/wp\/v2\/types\/post"}],"author":[{"embeddable":true,"href":"https:\/\/www.tgrthaber.com\/mavikadin\/wp-json\/wp\/v2\/users\/34"}],"replies":[{"embeddable":true,"href":"https:\/\/www.tgrthaber.com\/mavikadin\/wp-json\/wp\/v2\/comments?post=274146"}],"version-history":[{"count":2,"href":"https:\/\/www.tgrthaber.com\/mavikadin\/wp-json\/wp\/v2\/posts\/274146\/revisions"}],"predecessor-version":[{"id":274158,"href":"https:\/\/www.tgrthaber.com\/mavikadin\/wp-json\/wp\/v2\/posts\/274146\/revisions\/274158"}],"wp:featuredmedia":[{"embeddable":true,"href":"https:\/\/www.tgrthaber.com\/mavikadin\/wp-json\/wp\/v2\/media\/274151"}],"wp:attachment":[{"href":"https:\/\/www.tgrthaber.com\/mavikadin\/wp-json\/wp\/v2\/media?parent=274146"}],"wp:term":[{"taxonomy":"category","embeddable":true,"href":"https:\/\/www.tgrthaber.com\/mavikadin\/wp-json\/wp\/v2\/categories?post=274146"},{"taxonomy":"post_tag","embeddable":true,"href":"https:\/\/www.tgrthaber.com\/mavikadin\/wp-json\/wp\/v2\/tags?post=274146"}],"curies":[{"name":"wp","href":"https:\/\/api.w.org\/{rel}","templated":true}]}}