{"id":274148,"date":"2025-12-11T10:13:16","date_gmt":"2025-12-11T07:13:16","guid":{"rendered":"https:\/\/www.tgrthaber.com\/mavikadin\/?p=274148"},"modified":"2025-12-11T10:14:08","modified_gmt":"2025-12-11T07:14:08","slug":"gq-men-of-the-year-2025-gecesinde-oduller-sahiplerini-buldu-hangi-unlu-ne-odulu-aldi","status":"publish","type":"post","link":"https:\/\/www.tgrthaber.com\/mavikadin\/gq-men-of-the-year-2025-gecesinde-oduller-sahiplerini-buldu-hangi-unlu-ne-odulu-aldi\/","title":{"rendered":"GQ Men Of The Year 2025 gecesinde \u00f6d\u00fcller sahiplerini buldu! Hangi \u00fcnl\u00fc ne \u00f6d\u00fcl\u00fc ald\u0131?"},"content":{"rendered":"<p>T\u00fcrkiye&#8217;nin en prestijli etkinliklerinden olan GQ Men Of The Year 2025 t\u00f6reni, bir\u00e7ok y\u0131ld\u0131z ismi k\u0131rm\u0131z\u0131 hal\u0131da bir araya getirdi. Her y\u0131l oldu\u011fu gibi bu y\u0131l da hangi \u00fcnl\u00fc ne \u00f6d\u00fcl\u00fc ald\u0131\u011f\u0131 sorusu s\u0131k\u00e7a merak ediliyor. Geceye dair detaylar sosyal medyada h\u0131zla yay\u0131l\u0131rken, &#8216;Y\u0131l\u0131n oyuncusu kimse\u00e7ildi?&#8217;, &#8216;Kim hangi \u00f6d\u00fcl\u00fc ald\u0131?&#8217; sorular\u0131n\u0131n cevaplar\u0131 arama motorlar\u0131nda cevap ar\u0131yor. \u0130\u015fte \u00f6d\u00fcllerin sahiplerini buldu\u011fu GQ Men Of The Year 2025 gecesine dair merak edilen t\u00fcm detaylar&#8230;<\/p>\n<h3>GQ MEN OF THE YEAR 2025 GECES\u0130NDE \u00d6D\u00dcLLER SAH\u0130PLER\u0130N\u0130 BULDU!<\/h3>\n<p>GQ Men Of The Year 2025 t\u00f6reni, 10 Aral\u0131k 2025 ak\u015fam\u0131 Tersane \u0130stanbul\u2019da d\u00fczenlendi. Olduk\u00e7a g\u00f6steri\u015fli bir gece yap\u0131ld\u0131. Sanat, moda, spor ve m\u00fczik d\u00fcnyas\u0131n\u0131n y\u0131ld\u0131z isimlerini a\u011f\u0131rlayan gecede, y\u0131l\u0131n temas\u0131 Yeni Nesil Klasikler olarak a\u00e7\u0131kland\u0131.<\/p>\n<p><img loading=\"lazy\" decoding=\"async\" class=\"alignnone wp-image-274184\" src=\"https:\/\/www.tgrthaber.com\/mavikadin\/wp-content\/uploads\/1200x675-gq-odul-toreninde-geceye-damga-vurdular-iste-odullerin-sahibi-olan-o-unlu-isimler-1765395567488-300x169.webp\" alt=\"\" width=\"1208\" height=\"680\" title=\"\" srcset=\"https:\/\/www.tgrthaber.com\/mavikadin\/wp-content\/uploads\/1200x675-gq-odul-toreninde-geceye-damga-vurdular-iste-odullerin-sahibi-olan-o-unlu-isimler-1765395567488-300x169.webp 300w, https:\/\/www.tgrthaber.com\/mavikadin\/wp-content\/uploads\/1200x675-gq-odul-toreninde-geceye-damga-vurdular-iste-odullerin-sahibi-olan-o-unlu-isimler-1765395567488-1024x576.webp 1024w, https:\/\/www.tgrthaber.com\/mavikadin\/wp-content\/uploads\/1200x675-gq-odul-toreninde-geceye-damga-vurdular-iste-odullerin-sahibi-olan-o-unlu-isimler-1765395567488-768x432.webp 768w, https:\/\/www.tgrthaber.com\/mavikadin\/wp-content\/uploads\/1200x675-gq-odul-toreninde-geceye-damga-vurdular-iste-odullerin-sahibi-olan-o-unlu-isimler-1765395567488.webp 1200w\" sizes=\"(max-width: 1208px) 100vw, 1208px\" \/><\/p>\n<hr \/>\n<p>G\u00f6rkemli geceye, sahne performanslar\u0131 ve unutulmaz k\u0131rm\u0131z\u0131 hal\u0131 ge\u00e7i\u015fleri adeta damga vurdu. GQ Men Of The Year 2025 t\u00f6reninin sunuculu\u011funu ise Erkan Kol\u00e7ak K\u00f6stendil ve \u015e\u00fckran Oval\u0131\u2019n\u0131n \u00fcstlendi. Kendi alan\u0131nda ba\u015far\u0131l\u0131 olan bir\u00e7ok \u00fcnl\u00fc isim \u00f6zel kategorilerde \u00f6d\u00fcllerini ald\u0131.<\/p>\n<p><img loading=\"lazy\" decoding=\"async\" class=\"alignnone wp-image-274181\" src=\"https:\/\/www.tgrthaber.com\/mavikadin\/wp-content\/uploads\/lede-300x169.webp\" alt=\"\" width=\"1208\" height=\"680\" title=\"\" srcset=\"https:\/\/www.tgrthaber.com\/mavikadin\/wp-content\/uploads\/lede-300x169.webp 300w, https:\/\/www.tgrthaber.com\/mavikadin\/wp-content\/uploads\/lede-1024x576.webp 1024w, https:\/\/www.tgrthaber.com\/mavikadin\/wp-content\/uploads\/lede-768x432.webp 768w, https:\/\/www.tgrthaber.com\/mavikadin\/wp-content\/uploads\/lede.webp 1280w\" sizes=\"(max-width: 1208px) 100vw, 1208px\" \/><\/p>\n<hr \/>\n<h3>HANG\u0130 \u00dcNL\u00dc NE \u00d6D\u00dcL\u00dc ALDI?<\/h3>\n<p>GQ Men Of The Year 2025 t\u00f6reni gecesinde bir\u00e7ok \u00fcnl\u00fc isim farkl\u0131 kategorilerde \u00f6d\u00fcller ald\u0131. Y\u0131l\u0131n Kad\u0131n\u0131 \u00f6d\u00fcl\u00fc <a href=\"https:\/\/www.tgrthaber.com\/mavikadin\/gq-men-of-the-year-yilin-kadini-odulunu-sinem-unsal-kazandi-sinem-unsalin-gq-odul-konusmasi\/\">Sinem \u00dcnsal<\/a>\u2019\u0131n olurken, oyunculuk performans\u0131yla g\u00fcndemden d\u00fc\u015fmeyen Mert Yaz\u0131c\u0131o\u011flu ise Y\u0131l\u0131n Oyuncusu se\u00e7ildi.<\/p>\n<p><img loading=\"lazy\" decoding=\"async\" class=\"alignnone wp-image-274182\" src=\"https:\/\/www.tgrthaber.com\/mavikadin\/wp-content\/uploads\/ekran-resmi-2025-12-11-08-svgl_cover-300x169.webp\" alt=\"\" width=\"1208\" height=\"680\" title=\"\" srcset=\"https:\/\/www.tgrthaber.com\/mavikadin\/wp-content\/uploads\/ekran-resmi-2025-12-11-08-svgl_cover-300x169.webp 300w, https:\/\/www.tgrthaber.com\/mavikadin\/wp-content\/uploads\/ekran-resmi-2025-12-11-08-svgl_cover-1024x576.webp 1024w, https:\/\/www.tgrthaber.com\/mavikadin\/wp-content\/uploads\/ekran-resmi-2025-12-11-08-svgl_cover-768x432.webp 768w, https:\/\/www.tgrthaber.com\/mavikadin\/wp-content\/uploads\/ekran-resmi-2025-12-11-08-svgl_cover.webp 1280w\" sizes=\"(max-width: 1208px) 100vw, 1208px\" \/><\/p>\n<hr \/>\n<p>Gen\u00e7 ku\u015fa\u011f\u0131n dikkat \u00e7eken ve y\u00fckselen isimlerinden Burak Dakak, Y\u0131l\u0131n Y\u00fckselen Y\u0131ld\u0131z\u0131 \u00f6d\u00fcl\u00fcn\u00fc alarak b\u00fcy\u00fck alk\u0131\u015f toplad\u0131. Sosyal medyan\u0131n en \u00e7ok konu\u015fulan ismi Emirhan \u00c7akal ise Y\u0131l\u0131n Hype\u2019\u0131 \u00f6d\u00fcl\u00fcn\u00fcn sahibi oldu.<\/p>\n<p><img loading=\"lazy\" decoding=\"async\" class=\"alignnone wp-image-274188\" src=\"https:\/\/www.tgrthaber.com\/mavikadin\/wp-content\/uploads\/Adsiz-tasarim-61-27-300x169.jpg\" alt=\"\" width=\"1208\" height=\"680\" title=\"\" srcset=\"https:\/\/www.tgrthaber.com\/mavikadin\/wp-content\/uploads\/Adsiz-tasarim-61-27-300x169.jpg 300w, https:\/\/www.tgrthaber.com\/mavikadin\/wp-content\/uploads\/Adsiz-tasarim-61-27-1024x576.jpg 1024w, https:\/\/www.tgrthaber.com\/mavikadin\/wp-content\/uploads\/Adsiz-tasarim-61-27-768x432.jpg 768w, https:\/\/www.tgrthaber.com\/mavikadin\/wp-content\/uploads\/Adsiz-tasarim-61-27-1536x864.jpg 1536w, https:\/\/www.tgrthaber.com\/mavikadin\/wp-content\/uploads\/Adsiz-tasarim-61-27-2048x1152.jpg 2048w\" sizes=\"(max-width: 1208px) 100vw, 1208px\" \/><\/p>\n<hr \/>\n<p>&nbsp;<\/p>\n<p>Uluslararas\u0131 projelerdeki performans\u0131yla \u00f6ne \u00e7\u0131kan Aras Ayd\u0131n, Y\u0131l\u0131n Uluslararas\u0131 Ba\u015far\u0131s\u0131 \u00f6d\u00fcl\u00fcn\u00fc kapt\u0131. Serkan \u00c7ayo\u011flu Y\u0131l\u0131n G\u00f6z Al\u0131c\u0131 Ba\u015far\u0131s\u0131 \u00f6d\u00fcl\u00fcn\u00fc ald\u0131. Okan Bay\u00fclgen ise y\u0131llara meydan okuyan duru\u015fuyla Zamans\u0131zl\u0131k \u00d6d\u00fcl\u00fcn\u00fc alan isim oldu.<\/p>\n<p><img loading=\"lazy\" decoding=\"async\" class=\"alignnone wp-image-274186\" src=\"https:\/\/www.tgrthaber.com\/mavikadin\/wp-content\/uploads\/s-fe9ef4c997f1a5ed4de62913b2b63fe33bdbb32f-300x182.jpg\" alt=\"\" width=\"1208\" height=\"731\" title=\"\" srcset=\"https:\/\/www.tgrthaber.com\/mavikadin\/wp-content\/uploads\/s-fe9ef4c997f1a5ed4de62913b2b63fe33bdbb32f-300x182.jpg 300w, https:\/\/www.tgrthaber.com\/mavikadin\/wp-content\/uploads\/s-fe9ef4c997f1a5ed4de62913b2b63fe33bdbb32f.jpg 600w\" sizes=\"(max-width: 1208px) 100vw, 1208px\" \/><\/p>\n<hr \/>\n<p>M\u00fczik alan\u0131nda son d\u00f6neme damga vuran Edis, Y\u0131l\u0131n M\u00fczik \u0130nsan\u0131 se\u00e7ildi. Spor kategorisinde ise ba\u015far\u0131lar\u0131yla d\u00fcnya g\u00fcndemine oturan Victor Osimhen Y\u0131l\u0131n Spor \u0130nsan\u0131 \u00f6d\u00fcl\u00fcn\u00fc ald\u0131.<\/p>\n<p><img loading=\"lazy\" decoding=\"async\" class=\"alignnone wp-image-274183\" src=\"https:\/\/www.tgrthaber.com\/mavikadin\/wp-content\/uploads\/1875234-300x169.jpg\" alt=\"\" width=\"1208\" height=\"680\" title=\"\" srcset=\"https:\/\/www.tgrthaber.com\/mavikadin\/wp-content\/uploads\/1875234-300x169.jpg 300w, https:\/\/www.tgrthaber.com\/mavikadin\/wp-content\/uploads\/1875234-1024x576.jpg 1024w, https:\/\/www.tgrthaber.com\/mavikadin\/wp-content\/uploads\/1875234-768x432.jpg 768w, https:\/\/www.tgrthaber.com\/mavikadin\/wp-content\/uploads\/1875234.jpg 1200w\" sizes=\"(max-width: 1208px) 100vw, 1208px\" \/><\/p>\n<hr \/>\n<p>Gecenin en \u00f6zel anlar\u0131ndan biri de Mazhar Alanson\u2019a verilen Onur \u00d6d\u00fcl\u00fc oldu. Usta sanat\u00e7\u0131 Mazhar Alanson ayakta alk\u0131\u015fland\u0131. Moda alan\u0131nda ise t\u00fcm dikkatleri \u00fczerine \u00e7eken Rafael Cemo \u00c7etin, Y\u0131l\u0131n Stil Sahibi Erke\u011fi \u00f6d\u00fcl\u00fcn\u00fcn sahibi oldu.<\/p>\n<p><img loading=\"lazy\" decoding=\"async\" class=\"alignnone wp-image-274190\" src=\"https:\/\/www.tgrthaber.com\/mavikadin\/wp-content\/uploads\/Adsiz-tasarim-62-24-300x169.jpg\" alt=\"\" width=\"1208\" height=\"680\" title=\"\" srcset=\"https:\/\/www.tgrthaber.com\/mavikadin\/wp-content\/uploads\/Adsiz-tasarim-62-24-300x169.jpg 300w, https:\/\/www.tgrthaber.com\/mavikadin\/wp-content\/uploads\/Adsiz-tasarim-62-24-1024x576.jpg 1024w, https:\/\/www.tgrthaber.com\/mavikadin\/wp-content\/uploads\/Adsiz-tasarim-62-24-768x432.jpg 768w, https:\/\/www.tgrthaber.com\/mavikadin\/wp-content\/uploads\/Adsiz-tasarim-62-24-1536x864.jpg 1536w, https:\/\/www.tgrthaber.com\/mavikadin\/wp-content\/uploads\/Adsiz-tasarim-62-24-2048x1152.jpg 2048w\" sizes=\"(max-width: 1208px) 100vw, 1208px\" \/><\/p>\n<hr \/>\n<p>Gastronomi d\u00fcnyas\u0131 da unutulmad\u0131. Bahtiyar B\u00fcy\u00fckduman da Y\u0131l\u0131n \u015eefi \u00f6d\u00fcl\u00fcyle t\u00f6renden ayr\u0131lan isim oldu. Q-Man Off The Year 2025 gecesi, \u00f6d\u00fclleri, s\u00fcrprizleri ve k\u0131rm\u0131z\u0131 hal\u0131da boy g\u00f6steren \u00fcnl\u00fc isimlerle bu y\u0131l\u0131n en \u00e7ok konu\u015fulan t\u00f6reni oldu.<\/p>\n","protected":false},"excerpt":{"rendered":"<p>Sosyal medyan\u0131n g\u00fcndeminden d\u00fc\u015fmeyen GQ Men Of The Year 2025 gecesi, her detay\u0131yla konu\u015fulmaya devam ediyor. \u00dcnl\u00fc isimlerin ak\u0131n etti\u011fi geceye dair s\u00fcrpriz anlar milyonlar\u0131n ilgisini \u00e7ekerken, &#8216;GQ Men Of The Year 2025 \u00f6d\u00fcl t\u00f6reninde kim, ne \u00f6d\u00fcl\u00fc ald\u0131?&#8217; sorusu \u00e7ok fazla ara\u015ft\u0131r\u0131l\u0131yor. Y\u0131ld\u0131z ge\u00e7idine d\u00f6nen t\u00f6rende kim hangi \u00f6d\u00fcl\u00fc alm\u0131\u015f gelin tek tek bakal\u0131m&#8230;<\/p>\n","protected":false},"author":35,"featured_media":274149,"comment_status":"closed","ping_status":"closed","sticky":false,"template":"","format":"standard","meta":{"rank_math_lock_modified_date":false,"footnotes":""},"categories":[76],"tags":[68056,133,2218,2307,2294],"class_list":["post-274148","post","type-post","status-publish","format-standard","has-post-thumbnail","hentry","category-magazin","tag-gq-men-of-the-year-2025-toreni","tag-magazin","tag-magazin-haberleri","tag-mert-yazicioglu","tag-sinem-unsal"],"_links":{"self":[{"href":"https:\/\/www.tgrthaber.com\/mavikadin\/wp-json\/wp\/v2\/posts\/274148"}],"collection":[{"href":"https:\/\/www.tgrthaber.com\/mavikadin\/wp-json\/wp\/v2\/posts"}],"about":[{"href":"https:\/\/www.tgrthaber.com\/mavikadin\/wp-json\/wp\/v2\/types\/post"}],"author":[{"embeddable":true,"href":"https:\/\/www.tgrthaber.com\/mavikadin\/wp-json\/wp\/v2\/users\/35"}],"replies":[{"embeddable":true,"href":"https:\/\/www.tgrthaber.com\/mavikadin\/wp-json\/wp\/v2\/comments?post=274148"}],"version-history":[{"count":3,"href":"https:\/\/www.tgrthaber.com\/mavikadin\/wp-json\/wp\/v2\/posts\/274148\/revisions"}],"predecessor-version":[{"id":274193,"href":"https:\/\/www.tgrthaber.com\/mavikadin\/wp-json\/wp\/v2\/posts\/274148\/revisions\/274193"}],"wp:featuredmedia":[{"embeddable":true,"href":"https:\/\/www.tgrthaber.com\/mavikadin\/wp-json\/wp\/v2\/media\/274149"}],"wp:attachment":[{"href":"https:\/\/www.tgrthaber.com\/mavikadin\/wp-json\/wp\/v2\/media?parent=274148"}],"wp:term":[{"taxonomy":"category","embeddable":true,"href":"https:\/\/www.tgrthaber.com\/mavikadin\/wp-json\/wp\/v2\/categories?post=274148"},{"taxonomy":"post_tag","embeddable":true,"href":"https:\/\/www.tgrthaber.com\/mavikadin\/wp-json\/wp\/v2\/tags?post=274148"}],"curies":[{"name":"wp","href":"https:\/\/api.w.org\/{rel}","templated":true}]}}