{"id":274159,"date":"2025-12-11T09:56:12","date_gmt":"2025-12-11T06:56:12","guid":{"rendered":"https:\/\/www.tgrthaber.com\/mavikadin\/?p=274159"},"modified":"2025-12-11T09:56:12","modified_gmt":"2025-12-11T06:56:12","slug":"gazeteci-mehmet-akif-ersoyun-kac-cocugu-var-gazeteci-mehmet-akif-ersoy-maasi-ne-kadar","status":"publish","type":"post","link":"https:\/\/www.tgrthaber.com\/mavikadin\/gazeteci-mehmet-akif-ersoyun-kac-cocugu-var-gazeteci-mehmet-akif-ersoy-maasi-ne-kadar\/","title":{"rendered":"Gazeteci Mehmet Akif Ersoy\u2019un ka\u00e7 \u00e7ocu\u011fu var? Gazeteci Mehmet Akif Ersoy maa\u015f\u0131 ne kadar?"},"content":{"rendered":"<p>Gazeteci Mehmet Akif Ersoy, \u0130stanbul Cumhuriyet Ba\u015fsavc\u0131l\u0131\u011f\u0131n\u0131n y\u00fcr\u00fctt\u00fc\u011f\u00fc \u201cuyu\u015fturucu\u201d soru\u015fturmas\u0131 kapsam\u0131nda g\u00f6zalt\u0131na al\u0131nd\u0131. Hakk\u0131nda bir\u00e7ok farkl\u0131 iddia ortaya at\u0131lan \u00fcnl\u00fc gazetecinin \u00f6zel hayat\u0131 da merakla ara\u015ft\u0131r\u0131lmaya ba\u015fland\u0131. Ba\u015far\u0131l\u0131 gazeteci kimli\u011finin yan\u0131 s\u0131ra \u00f6zel hayat\u0131yla da zaman zaman g\u00fcndemde yer alan Mehmet Akif Ersoy\u2019un \u00f6zel ya\u015fant\u0131s\u0131 ve aile hayat\u0131 merak konusu oldu. Peki, Gazeteci Mehmet Akif Ersoy\u2019un ka\u00e7 \u00e7ocu\u011fu var? Gazeteci Mehmet Akif Ersoy maa\u015f\u0131 ne kadar? Mehmet Akif Ersoy\u2019un \u00f6zel hayat\u0131na ili\u015fkin detaylar\u0131 sizin i\u00e7in ara\u015ft\u0131rd\u0131k. \u0130\u015fte Mehmet Akif Ersoy hakk\u0131nda merak edilenler\u2026<\/p>\n<h3>MEHMET AK\u0130F ERSOY K\u0130MD\u0130R?<\/h3>\n<p><a href=\"https:\/\/www.tgrthaber.com\/mavikadin\/mehmet-akif-ersoy-evli-mi-mehmet-akif-ersoyun-esi-kim\/?p=5\">Mehmet Akif Ersoy<\/a>, gazeteci, televizyon programc\u0131s\u0131, y\u00f6netmen, yap\u0131mc\u0131 ve yazard\u0131r. Ersoy, 8 Ocak 1985 tarihinde \u0130stanbul\u2019da do\u011fdu. Ba\u015far\u0131l\u0131 gazeteci kimli\u011fiyle tan\u0131nan Ersoy, kariyeri boyunca bir\u00e7ok ba\u015far\u0131l\u0131 i\u015fe imza att\u0131.<\/p>\n<p><img loading=\"lazy\" decoding=\"async\" class=\"size-full wp-image-274163\" src=\"https:\/\/www.tgrthaber.com\/mavikadin\/wp-content\/uploads\/Mehmet-Akif-Ersoy-4-1.jpg\" alt=\"Gazeteci Mehmet Akif Ersoy\u2019un ka\u00e7 \u00e7ocu\u011fu var? Gazeteci Mehmet Akif Ersoy maa\u015f\u0131 ne kadar?\" width=\"1208\" height=\"680\" title=\"\" srcset=\"https:\/\/www.tgrthaber.com\/mavikadin\/wp-content\/uploads\/Mehmet-Akif-Ersoy-4-1.jpg 1208w, https:\/\/www.tgrthaber.com\/mavikadin\/wp-content\/uploads\/Mehmet-Akif-Ersoy-4-1-300x169.jpg 300w, https:\/\/www.tgrthaber.com\/mavikadin\/wp-content\/uploads\/Mehmet-Akif-Ersoy-4-1-1024x576.jpg 1024w, https:\/\/www.tgrthaber.com\/mavikadin\/wp-content\/uploads\/Mehmet-Akif-Ersoy-4-1-768x432.jpg 768w\" sizes=\"(max-width: 1208px) 100vw, 1208px\" \/><\/p>\n<hr \/>\n<p>Medya d\u00fcnyas\u0131ndaki \u00e7ok y\u00f6nl\u00fc kariyeriyle ad\u0131ndan s\u00f6z ettiren Mehmet Akif Ersoy, ilkokul, ortaokul ve lise e\u011fitimini ba\u015far\u0131yla tamamlad\u0131. \u00dcniversite e\u011fitimini \u0130stanbul \u00dcniversitesi \u0130leti\u015fim Fak\u00fcltesi Halkla \u0130li\u015fkiler B\u00f6l\u00fcm\u00fc\u2019nde tamamlayarak mezun olan Ersoy, mesle\u011fe 2009 y\u0131l\u0131nda ba\u015flad\u0131.<\/p>\n<p><a href=\"https:\/\/www.tgrthaber.com\/mavikadin\/mehmet-akif-ersoy-evli-mi-mehmet-akif-ersoyun-esi-kim\/?p=5\">Mehmet Akif Ersoy<\/a>, tiyatrocu ve gazeteci bir baban\u0131n o\u011flu olarak d\u00fcnyaya geldi. Medyadaki kariyerine 2009 y\u0131l\u0131nda 6 News televizyonunda muhabir olarak ba\u015flayan Ersoy, ayn\u0131 y\u0131l TRT\u2019ye transfer oldu. Ersoy, 2010 y\u0131l\u0131nda TRT T\u00fcrk\u2019\u00fcn Etiyopya Addis Ababa temsilcili\u011fi g\u00f6revine getirildi.<\/p>\n<p><img loading=\"lazy\" decoding=\"async\" class=\"size-full wp-image-274166\" src=\"https:\/\/www.tgrthaber.com\/mavikadin\/wp-content\/uploads\/Mehmet-Akif-Ersoy-7-1.jpg\" alt=\"Gazeteci Mehmet Akif Ersoy\u2019un ka\u00e7 \u00e7ocu\u011fu var? Gazeteci Mehmet Akif Ersoy maa\u015f\u0131 ne kadar?\" width=\"1208\" height=\"680\" title=\"\" srcset=\"https:\/\/www.tgrthaber.com\/mavikadin\/wp-content\/uploads\/Mehmet-Akif-Ersoy-7-1.jpg 1208w, https:\/\/www.tgrthaber.com\/mavikadin\/wp-content\/uploads\/Mehmet-Akif-Ersoy-7-1-300x169.jpg 300w, https:\/\/www.tgrthaber.com\/mavikadin\/wp-content\/uploads\/Mehmet-Akif-Ersoy-7-1-1024x576.jpg 1024w, https:\/\/www.tgrthaber.com\/mavikadin\/wp-content\/uploads\/Mehmet-Akif-Ersoy-7-1-768x432.jpg 768w\" sizes=\"(max-width: 1208px) 100vw, 1208px\" \/><\/p>\n<hr \/>\n<p>2011 y\u0131l\u0131nda ba\u015fta Libya, Yemen, \u015eam, Erbil olmak \u00fczere pek \u00e7ok noktada TRT temsilcisi ve sava\u015f muhabiri olarak g\u00f6rev yapan <a href=\"https:\/\/www.tgrthaber.com\/mavikadin\/mehmet-akif-ersoy-evli-mi-mehmet-akif-ersoyun-esi-kim\/?p=5\">Mehmet Akif Ersoy<\/a>, kriz b\u00f6lgelerinden yapt\u0131\u011f\u0131 canl\u0131 yay\u0131nlar ve sahadaki tecr\u00fcbesiyle ad\u0131n\u0131 geni\u015f kitlelere duyurdu.<\/p>\n<p>Mehmet Akif Ersoy, 2011 y\u0131l\u0131 i\u00e7erisinde TRT T\u00fcrk Trablus ve Sana muhabirli\u011fi g\u00f6revini y\u00fcr\u00fctt\u00fc. Libya lideri Muammer Kaddafi ile \u00f6l\u00fcm\u00fcnden \u00f6nce ger\u00e7ekle\u015ftirdi\u011fi r\u00f6portaj\u0131yla ad\u0131ndan s\u00f6z ettiren Ersoy, i\u015f hayat\u0131na 2012 y\u0131l\u0131nda TRT M\u0131s\u0131r temsilcisi olarak devam etti.<\/p>\n<p><img loading=\"lazy\" decoding=\"async\" class=\"size-full wp-image-274164\" src=\"https:\/\/www.tgrthaber.com\/mavikadin\/wp-content\/uploads\/Mehmet-Akif-Ersoy-5-1.jpg\" alt=\"Gazeteci Mehmet Akif Ersoy\u2019un ka\u00e7 \u00e7ocu\u011fu var? Gazeteci Mehmet Akif Ersoy maa\u015f\u0131 ne kadar?\" width=\"1208\" height=\"680\" title=\"\" srcset=\"https:\/\/www.tgrthaber.com\/mavikadin\/wp-content\/uploads\/Mehmet-Akif-Ersoy-5-1.jpg 1208w, https:\/\/www.tgrthaber.com\/mavikadin\/wp-content\/uploads\/Mehmet-Akif-Ersoy-5-1-300x169.jpg 300w, https:\/\/www.tgrthaber.com\/mavikadin\/wp-content\/uploads\/Mehmet-Akif-Ersoy-5-1-1024x576.jpg 1024w, https:\/\/www.tgrthaber.com\/mavikadin\/wp-content\/uploads\/Mehmet-Akif-Ersoy-5-1-768x432.jpg 768w\" sizes=\"(max-width: 1208px) 100vw, 1208px\" \/><\/p>\n<hr \/>\n<p>Ba\u015far\u0131l\u0131 gazeteci, 2013 y\u0131l\u0131nda ise TRT Arap\u00e7a Koordinat\u00f6r Yard\u0131mc\u0131l\u0131\u011f\u0131 g\u00f6revine getirildi. Gazetecilik ve medya alan\u0131nda yapt\u0131\u011f\u0131 \u00fcst\u00fcn \u00e7al\u0131\u015fmalarla dikkatleri \u00fczerine \u00e7eken <a href=\"https:\/\/www.tgrthaber.com\/mavikadin\/mehmet-akif-ersoy-evli-mi-mehmet-akif-ersoyun-esi-kim\/?p=5\">Mehmet Akif Ersoy<\/a>, 2014 y\u0131l\u0131nda TRT \u0130stanbul B\u00f6lge M\u00fcd\u00fcr Yard\u0131mc\u0131s\u0131 olarak \u00e7al\u0131\u015fmaya ba\u015flad\u0131.<\/p>\n<p><img loading=\"lazy\" decoding=\"async\" class=\"size-full wp-image-274167\" src=\"https:\/\/www.tgrthaber.com\/mavikadin\/wp-content\/uploads\/Mehmet-Akif-Ersoy-8-1.jpg\" alt=\"Gazeteci Mehmet Akif Ersoy\u2019un ka\u00e7 \u00e7ocu\u011fu var? Gazeteci Mehmet Akif Ersoy maa\u015f\u0131 ne kadar?\" width=\"1208\" height=\"680\" title=\"\" srcset=\"https:\/\/www.tgrthaber.com\/mavikadin\/wp-content\/uploads\/Mehmet-Akif-Ersoy-8-1.jpg 1208w, https:\/\/www.tgrthaber.com\/mavikadin\/wp-content\/uploads\/Mehmet-Akif-Ersoy-8-1-300x169.jpg 300w, https:\/\/www.tgrthaber.com\/mavikadin\/wp-content\/uploads\/Mehmet-Akif-Ersoy-8-1-1024x576.jpg 1024w, https:\/\/www.tgrthaber.com\/mavikadin\/wp-content\/uploads\/Mehmet-Akif-Ersoy-8-1-768x432.jpg 768w\" sizes=\"(max-width: 1208px) 100vw, 1208px\" \/><\/p>\n<hr \/>\n<h3>GAZETEC\u0130 MEHMET AK\u0130F ERSOY\u2019UN KA\u00c7 \u00c7OCU\u011eU VAR?<\/h3>\n<p>Mehmet Akif Ersoy, son zamanlarda mesleki kariyerindeki ba\u015far\u0131s\u0131n\u0131n yan\u0131 s\u0131ra \u00f6zel hayat\u0131yla da dikkatleri \u00fczerine \u00e7ekiyor. \u00d6zellikle yapt\u0131\u011f\u0131 evliliklerle ad\u0131ndan s\u00f6z ettiren Ersoy\u2019un ka\u00e7 \u00e7ocu\u011fu oldu\u011fu da merak ediliyor. \u015eimdilerde 40 ya\u015f\u0131nda olan Ersoy\u2019un ilk evlili\u011finden 2 tane \u00e7ocu\u011fu bulunuyor.<\/p>\n<p><img loading=\"lazy\" decoding=\"async\" class=\"size-full wp-image-274162\" src=\"https:\/\/www.tgrthaber.com\/mavikadin\/wp-content\/uploads\/Mehmet-Akif-Ersoy-3-1.jpg\" alt=\"Gazeteci Mehmet Akif Ersoy\u2019un ka\u00e7 \u00e7ocu\u011fu var? Gazeteci Mehmet Akif Ersoy maa\u015f\u0131 ne kadar?\" width=\"1208\" height=\"680\" title=\"\" srcset=\"https:\/\/www.tgrthaber.com\/mavikadin\/wp-content\/uploads\/Mehmet-Akif-Ersoy-3-1.jpg 1208w, https:\/\/www.tgrthaber.com\/mavikadin\/wp-content\/uploads\/Mehmet-Akif-Ersoy-3-1-300x169.jpg 300w, https:\/\/www.tgrthaber.com\/mavikadin\/wp-content\/uploads\/Mehmet-Akif-Ersoy-3-1-1024x576.jpg 1024w, https:\/\/www.tgrthaber.com\/mavikadin\/wp-content\/uploads\/Mehmet-Akif-Ersoy-3-1-768x432.jpg 768w\" sizes=\"(max-width: 1208px) 100vw, 1208px\" \/><\/p>\n<hr \/>\n<p>Ba\u015far\u0131l\u0131 gazeteci kimli\u011finin yan\u0131 s\u0131ra \u00f6zel hayat\u0131yla da zaman zaman magazin g\u00fcndeminde yer alan Mehmet Akif Ersoy, toplamda iki evlilik ger\u00e7ekle\u015ftirdi. \u0130lk evlili\u011finden iki tane erkek \u00e7ocu\u011fu olan Ersoy, 14 A\u011fustos 2022 tarihinde kendisi gibi televizyon sunucusu <a href=\"https:\/\/www.tgrthaber.com\/mavikadin\/pinar-erbas-kimdir-kac-yasinda-pinar-erbas-kiminle-evli\/\">P\u0131nar Erba\u015f<\/a> ile d\u00fcnyaevine girdi.<\/p>\n<p><img loading=\"lazy\" decoding=\"async\" class=\"size-full wp-image-274169\" src=\"https:\/\/www.tgrthaber.com\/mavikadin\/wp-content\/uploads\/Mehmet-Akif-Ersoy-1-1.jpg\" alt=\"Gazeteci Mehmet Akif Ersoy\u2019un ka\u00e7 \u00e7ocu\u011fu var? Gazeteci Mehmet Akif Ersoy maa\u015f\u0131 ne kadar?\" width=\"1208\" height=\"680\" title=\"\" srcset=\"https:\/\/www.tgrthaber.com\/mavikadin\/wp-content\/uploads\/Mehmet-Akif-Ersoy-1-1.jpg 1208w, https:\/\/www.tgrthaber.com\/mavikadin\/wp-content\/uploads\/Mehmet-Akif-Ersoy-1-1-300x169.jpg 300w, https:\/\/www.tgrthaber.com\/mavikadin\/wp-content\/uploads\/Mehmet-Akif-Ersoy-1-1-1024x576.jpg 1024w, https:\/\/www.tgrthaber.com\/mavikadin\/wp-content\/uploads\/Mehmet-Akif-Ersoy-1-1-768x432.jpg 768w\" sizes=\"(max-width: 1208px) 100vw, 1208px\" \/><\/p>\n<hr \/>\n<p>Evlilikleriyle sosyal medyan\u0131n ve magazin d\u00fcnyas\u0131n\u0131n g\u00fcndemine bomba gibi oturan ikili, 8 ay sonra bo\u015fanma karar\u0131 ald\u0131. \u00c7ift daha sonra bo\u015fanma kararlar\u0131nda vazge\u00e7se de yak\u0131n zamanda yollar\u0131n\u0131 ay\u0131rarak bo\u015fand\u0131. Ersoy\u2019un ilk e\u015finin kim oldu\u011funa dair kamuoyunda pek fazla bilgi bulunmuyor. Daha \u00e7ok <a href=\"https:\/\/www.tgrthaber.com\/mavikadin\/pinar-erbas-kimdir-kac-yasinda-pinar-erbas-kiminle-evli\/\">P\u0131nar Erba\u015f<\/a> ile yapt\u0131\u011f\u0131 evlilikle dikkatleri \u00fczerine \u00e7eken Ersoy\u2019un \u015fimdilerde hayat\u0131na tek ba\u015f\u0131nda devam etti\u011fi s\u00f6yleniyor.<\/p>\n<p><img loading=\"lazy\" decoding=\"async\" class=\"size-full wp-image-274165\" src=\"https:\/\/www.tgrthaber.com\/mavikadin\/wp-content\/uploads\/Mehmet-Akif-Ersoy-6-1.jpg\" alt=\"Gazeteci Mehmet Akif Ersoy\u2019un ka\u00e7 \u00e7ocu\u011fu var? Gazeteci Mehmet Akif Ersoy maa\u015f\u0131 ne kadar?\" width=\"1208\" height=\"680\" title=\"\" srcset=\"https:\/\/www.tgrthaber.com\/mavikadin\/wp-content\/uploads\/Mehmet-Akif-Ersoy-6-1.jpg 1208w, https:\/\/www.tgrthaber.com\/mavikadin\/wp-content\/uploads\/Mehmet-Akif-Ersoy-6-1-300x169.jpg 300w, https:\/\/www.tgrthaber.com\/mavikadin\/wp-content\/uploads\/Mehmet-Akif-Ersoy-6-1-1024x576.jpg 1024w, https:\/\/www.tgrthaber.com\/mavikadin\/wp-content\/uploads\/Mehmet-Akif-Ersoy-6-1-768x432.jpg 768w\" sizes=\"(max-width: 1208px) 100vw, 1208px\" \/><\/p>\n<hr \/>\n<h3>GAZETEC\u0130 MEHMET AK\u0130F ERSOY MAA\u015eI NE KADAR?<\/h3>\n<p>Mehmet Akif Ersoy, \u00f6zel hayat\u0131yla g\u00fcndeme gelmesinin yan\u0131 s\u0131ra daha \u00e7ok mesle\u011findeki ba\u015far\u0131s\u0131yla ad\u0131n\u0131 duyurdu. \u00dcnl\u00fc gazeteci, 2015 y\u0131l\u0131nda \u2018Zenga Zenga\u2019 adl\u0131 Muammer Kaddafi belgeselini yay\u0131nlad\u0131.<\/p>\n<p><img loading=\"lazy\" decoding=\"async\" class=\"size-full wp-image-274171\" src=\"https:\/\/www.tgrthaber.com\/mavikadin\/wp-content\/uploads\/Adsiz-tasarim-20-131.jpg\" alt=\"Gazeteci Mehmet Akif Ersoy\u2019un ka\u00e7 \u00e7ocu\u011fu var? Gazeteci Mehmet Akif Ersoy maa\u015f\u0131 ne kadar?\" width=\"1208\" height=\"680\" title=\"\" srcset=\"https:\/\/www.tgrthaber.com\/mavikadin\/wp-content\/uploads\/Adsiz-tasarim-20-131.jpg 1208w, https:\/\/www.tgrthaber.com\/mavikadin\/wp-content\/uploads\/Adsiz-tasarim-20-131-300x169.jpg 300w, https:\/\/www.tgrthaber.com\/mavikadin\/wp-content\/uploads\/Adsiz-tasarim-20-131-1024x576.jpg 1024w, https:\/\/www.tgrthaber.com\/mavikadin\/wp-content\/uploads\/Adsiz-tasarim-20-131-768x432.jpg 768w\" sizes=\"(max-width: 1208px) 100vw, 1208px\" \/><\/p>\n<hr \/>\n<p>Mehmet Akif Ersoy, daha sonra ayn\u0131 y\u0131l i\u00e7erisinde Diyanet \u0130\u015fleri Ba\u015fkanl\u0131\u011f\u0131 Ortado\u011fu ve \u0130slam Co\u011frafyas\u0131 Sorumlu Ba\u015fkan M\u00fc\u015faviri olarak atand\u0131. 2016 y\u0131l\u0131nda ise D\u0131\u015f Politika Dergisi Genel Yay\u0131n Y\u00f6netmeni olan Ersoy, 2017 y\u0131l\u0131nda Habert\u00fcrk TV\u2019de \u00e7al\u0131\u015fmaya ba\u015flad\u0131.<\/p>\n<p><img loading=\"lazy\" decoding=\"async\" class=\"size-full wp-image-274170\" src=\"https:\/\/www.tgrthaber.com\/mavikadin\/wp-content\/uploads\/Adsiz-tasarim-21-135.jpg\" alt=\"Gazeteci Mehmet Akif Ersoy\u2019un ka\u00e7 \u00e7ocu\u011fu var? Gazeteci Mehmet Akif Ersoy maa\u015f\u0131 ne kadar?\" width=\"1208\" height=\"680\" title=\"\" srcset=\"https:\/\/www.tgrthaber.com\/mavikadin\/wp-content\/uploads\/Adsiz-tasarim-21-135.jpg 1208w, https:\/\/www.tgrthaber.com\/mavikadin\/wp-content\/uploads\/Adsiz-tasarim-21-135-300x169.jpg 300w, https:\/\/www.tgrthaber.com\/mavikadin\/wp-content\/uploads\/Adsiz-tasarim-21-135-1024x576.jpg 1024w, https:\/\/www.tgrthaber.com\/mavikadin\/wp-content\/uploads\/Adsiz-tasarim-21-135-768x432.jpg 768w\" sizes=\"(max-width: 1208px) 100vw, 1208px\" \/><\/p>\n<hr \/>\n<p>Mehmet Akif Ersoy, Habert\u00fcrk ekranlar\u0131nda \u2018Man\u015fet\u2019 program\u0131n\u0131 ve \u2018Nedir Ne De\u011fildir?\u2019 programlar\u0131n\u0131 sundu. G\u00fcn\u00fcm\u00fczde kariyerine Habert\u00fcrk ekranlar\u0131nda Genel Yay\u0131n Y\u00f6netmeni olarak devam eden Ersoy, \u015fimdilerde \u201cuyu\u015fturucu\u201d soru\u015fturmas\u0131 kapsam\u0131nda g\u00f6zalt\u0131na al\u0131nmas\u0131yla g\u00fcndemde yer al\u0131yor.<\/p>\n<p>Mehmet Akif Ersoy, ayn\u0131 zamanda \u00fcnl\u00fc gazetecinin g\u00f6zalt\u0131na al\u0131nmas\u0131n\u0131n ard\u0131ndan g\u00f6revinden al\u0131nd\u0131\u011f\u0131 da s\u00f6yleniyor. Ersoy\u2019un maa\u015f\u0131n\u0131n ne kadar oldu\u011funa dair kamuoyunda herhangi resmi ve net bir bilgi yer alm\u0131yor.<\/p>\n","protected":false},"excerpt":{"rendered":"<p>\u0130stanbul Cumhuriyet Ba\u015fsavc\u0131l\u0131\u011f\u0131n\u0131n y\u00fcr\u00fctt\u00fc\u011f\u00fc \u201cuyu\u015fturucu\u201d soru\u015fturmas\u0131 kapsam\u0131nda g\u00f6zalt\u0131na al\u0131nan gazeteci Mehmet Akif Ersoy\u2019un \u00f6zel hayat\u0131 merak ediliyor. Peki, Gazeteci Mehmet Akif Ersoy\u2019un ka\u00e7 \u00e7ocu\u011fu var? Gazeteci Mehmet Akif Ersoy maa\u015f\u0131 ne kadar? \u0130\u015fte detaylar\u2026<\/p>\n","protected":false},"author":26,"featured_media":274168,"comment_status":"closed","ping_status":"closed","sticky":false,"template":"","format":"standard","meta":{"rank_math_lock_modified_date":false,"footnotes":""},"categories":[491],"tags":[3374,16521,68047,41536,68054],"class_list":["post-274159","post","type-post","status-publish","format-standard","has-post-thumbnail","hentry","category-biyografi","tag-biyografi","tag-biyografi-haberleri","tag-gazeteci-mehmet-akif-ersoy","tag-mehmet-akif-ersoy","tag-mehmet-akif-ersoy-cocuklari"],"_links":{"self":[{"href":"https:\/\/www.tgrthaber.com\/mavikadin\/wp-json\/wp\/v2\/posts\/274159"}],"collection":[{"href":"https:\/\/www.tgrthaber.com\/mavikadin\/wp-json\/wp\/v2\/posts"}],"about":[{"href":"https:\/\/www.tgrthaber.com\/mavikadin\/wp-json\/wp\/v2\/types\/post"}],"author":[{"embeddable":true,"href":"https:\/\/www.tgrthaber.com\/mavikadin\/wp-json\/wp\/v2\/users\/26"}],"replies":[{"embeddable":true,"href":"https:\/\/www.tgrthaber.com\/mavikadin\/wp-json\/wp\/v2\/comments?post=274159"}],"version-history":[{"count":2,"href":"https:\/\/www.tgrthaber.com\/mavikadin\/wp-json\/wp\/v2\/posts\/274159\/revisions"}],"predecessor-version":[{"id":274173,"href":"https:\/\/www.tgrthaber.com\/mavikadin\/wp-json\/wp\/v2\/posts\/274159\/revisions\/274173"}],"wp:featuredmedia":[{"embeddable":true,"href":"https:\/\/www.tgrthaber.com\/mavikadin\/wp-json\/wp\/v2\/media\/274168"}],"wp:attachment":[{"href":"https:\/\/www.tgrthaber.com\/mavikadin\/wp-json\/wp\/v2\/media?parent=274159"}],"wp:term":[{"taxonomy":"category","embeddable":true,"href":"https:\/\/www.tgrthaber.com\/mavikadin\/wp-json\/wp\/v2\/categories?post=274159"},{"taxonomy":"post_tag","embeddable":true,"href":"https:\/\/www.tgrthaber.com\/mavikadin\/wp-json\/wp\/v2\/tags?post=274159"}],"curies":[{"name":"wp","href":"https:\/\/api.w.org\/{rel}","templated":true}]}}