{"id":274174,"date":"2025-12-11T10:11:39","date_gmt":"2025-12-11T07:11:39","guid":{"rendered":"https:\/\/www.tgrthaber.com\/mavikadin\/?p=274174"},"modified":"2025-12-11T10:24:03","modified_gmt":"2025-12-11T07:24:03","slug":"gulluyu-kizi-tugyan-ulkem-gulter-oldurdu-gullu-nasil-oldu","status":"publish","type":"post","link":"https:\/\/www.tgrthaber.com\/mavikadin\/gulluyu-kizi-tugyan-ulkem-gulter-oldurdu-gullu-nasil-oldu\/","title":{"rendered":"G\u00fcll\u00fc\u2019y\u00fc k\u0131z\u0131 Tu\u011fyan \u00dclkem G\u00fclter \u00f6ld\u00fcrd\u00fc! G\u00fcll\u00fc nas\u0131l \u00f6ld\u00fc?"},"content":{"rendered":"<p>Yalova\u2019n\u0131n \u00c7\u0131narc\u0131k il\u00e7esinde \u201cG\u00fcll\u00fc\u201d ad\u0131yla tan\u0131nan sanat\u00e7\u0131 G\u00fcl Tut\u2019un \u00f6l\u00fcm\u00fcyle ilgili soru\u015fturma kapsam\u0131nda kamuoyunun yak\u0131ndan takip etti\u011fi olayda yeni detaylar g\u00fcn y\u00fcz\u00fcne \u00e7\u0131kmaya devam ediyor. Elde edilen g\u00f6r\u00fcnt\u00fclerde G\u00fcll\u00fc\u2019n\u00fcn k\u0131z\u0131 <a href=\"https:\/\/www.tgrthaber.com\/mavikadin\/gullunun-kizi-tugyan-ulkem-gulter-ve-arkadasi-yasakli-madde-testi-icin-ornek-verdi-aciklamasi-dikkat-cekti\/\">Tu\u011fyan \u00dclkem G\u00fclter<\/a> ile arkada\u015f\u0131 Sultan Nur Ulu\u2019nun g\u00f6zalt\u0131na al\u0131nmadan k\u0131sa s\u00fcre \u00f6nce B\u00fcy\u00fck\u00e7ekmece\u2019de konaklad\u0131klar\u0131 binadan bavullar\u0131yla ayr\u0131ld\u0131klar\u0131 anlar g\u00fcvenlik kameras\u0131na yans\u0131d\u0131.<\/p>\n<h3>G\u00dcLL\u00dc\u2019Y\u00dc KIZI TU\u011eYAN \u00dcLKEM G\u00dcLTER M\u0130 \u00d6LD\u00dcRD\u00dc?<\/h3>\n<p>28 Eyl\u00fcl 2025\u2019te, Yalova\u2019n\u0131n \u00c7\u0131narc\u0131k il\u00e7esi Harmanlar Mahallesi\u2019nde bulunan be\u015f katl\u0131 bir apartman\u0131n kapal\u0131 teras\u0131nda ger\u00e7ekle\u015fen olayda, 52 ya\u015f\u0131ndaki \u00fcnl\u00fc sanat\u00e7\u0131 G\u00fcll\u00fc, k\u0131z\u0131 ve arkada\u015f\u0131yla e\u011flendi\u011fi s\u0131rada pencereden d\u00fc\u015ferek hayat\u0131n\u0131 kaybetmi\u015fti. Olay, \u00fclke \u00e7ap\u0131nda geni\u015f yank\u0131 uyand\u0131rm\u0131\u015f Yalova Cumhuriyet Ba\u015fsavc\u0131l\u0131\u011f\u0131 taraf\u0131ndan kapsaml\u0131 bir adli soru\u015fturma ba\u015flat\u0131lm\u0131\u015ft\u0131.<\/p>\n<p><img loading=\"lazy\" decoding=\"async\" class=\"aligncenter size-full wp-image-274175\" src=\"https:\/\/www.tgrthaber.com\/mavikadin\/wp-content\/uploads\/Gullu-ve-kizi-1.jpg\" alt=\"\" width=\"1200\" height=\"675\" title=\"\" srcset=\"https:\/\/www.tgrthaber.com\/mavikadin\/wp-content\/uploads\/Gullu-ve-kizi-1.jpg 1200w, https:\/\/www.tgrthaber.com\/mavikadin\/wp-content\/uploads\/Gullu-ve-kizi-1-300x169.jpg 300w, https:\/\/www.tgrthaber.com\/mavikadin\/wp-content\/uploads\/Gullu-ve-kizi-1-1024x576.jpg 1024w, https:\/\/www.tgrthaber.com\/mavikadin\/wp-content\/uploads\/Gullu-ve-kizi-1-768x432.jpg 768w\" sizes=\"(max-width: 1200px) 100vw, 1200px\" \/><\/p>\n<hr \/>\n<h3>G\u00d6ZALTILAR B\u00dcY\u00dcK\u00c7EKMECE\u2019DE GER\u00c7EKLE\u015eT\u0130<\/h3>\n<p>Soru\u015fturman\u0131n ilerleyen a\u015famalar\u0131nda <a href=\"https:\/\/www.tgrthaber.com\/mavikadin\/gullunun-kizi-tugyan-ulkem-sessizligini-bozdu-kiralik-katil-ve-siddet-iddialarina-cevap-verdi\/\">Tu\u011fyan \u00dclkem G\u00fclter<\/a> ve Sultan Nur Ulu\u2019nun B\u00fcy\u00fck\u00e7ekmece\u2019de bulunduklar\u0131 site tespit edilmi\u015f, iki isim Yalova Cinayet B\u00fcro ekipleri taraf\u0131ndan burada g\u00f6zalt\u0131na al\u0131narak Yalova\u2019ya g\u00f6t\u00fcr\u00fclm\u00fc\u015ft\u00fc. G\u00f6zalt\u0131 s\u00fcreci kamuoyunda b\u00fcy\u00fck ilgi uyand\u0131rm\u0131\u015f ve adli i\u015flemler titizlikle s\u00fcrd\u00fcr\u00fclm\u00fc\u015ft\u00fc.<\/p>\n<p><img loading=\"lazy\" decoding=\"async\" class=\"aligncenter size-full wp-image-274176\" src=\"https:\/\/www.tgrthaber.com\/mavikadin\/wp-content\/uploads\/Gullu-ve-kizi-2.webp\" alt=\"\" width=\"720\" height=\"450\" title=\"\" srcset=\"https:\/\/www.tgrthaber.com\/mavikadin\/wp-content\/uploads\/Gullu-ve-kizi-2.webp 720w, https:\/\/www.tgrthaber.com\/mavikadin\/wp-content\/uploads\/Gullu-ve-kizi-2-300x188.webp 300w\" sizes=\"(max-width: 720px) 100vw, 720px\" \/><\/p>\n<hr \/>\n<h3>KAMERALARA YANSIYAN \u201cBAVULLU \u00c7IKI\u015e\u201d<\/h3>\n<p>G\u00fcvenlik kameras\u0131 g\u00f6r\u00fcnt\u00fclerinde, iki ismin bulunduklar\u0131 binadan valizleriyle birlikte merdivenlerden indi\u011fi ve binay\u0131 terk etti\u011fi a\u00e7\u0131k\u00e7a g\u00f6r\u00fcl\u00fcyor.<\/p>\n<p>Yalova\u2019daki evinin teras\u0131ndan d\u00fc\u015ferek hayat\u0131n\u0131 kaybeden, \u201cG\u00fcll\u00fc\u201d ad\u0131yla tan\u0131nan \u00fcnl\u00fc sanat\u00e7\u0131 G\u00fcl Tut\u2019un k\u0131z\u0131 Tu\u011fyan \u00dclkem G\u00fclter ve arkada\u015f\u0131 Sultan Nur Ulu\u2019nun, yakalanmadan \u00f6nce B\u00fcy\u00fck\u00e7ekmece\u2019de kald\u0131klar\u0131 binadan bavullar\u0131yla ayr\u0131ld\u0131klar\u0131na ili\u015fkin bu g\u00f6r\u00fcnt\u00fcler soru\u015fturma dosyas\u0131na girdi.<\/p>\n<p><img loading=\"lazy\" decoding=\"async\" class=\"aligncenter size-full wp-image-274177\" src=\"https:\/\/www.tgrthaber.com\/mavikadin\/wp-content\/uploads\/Gullu-ve-kizi-4.webp\" alt=\"\" width=\"820\" height=\"461\" title=\"\" srcset=\"https:\/\/www.tgrthaber.com\/mavikadin\/wp-content\/uploads\/Gullu-ve-kizi-4.webp 820w, https:\/\/www.tgrthaber.com\/mavikadin\/wp-content\/uploads\/Gullu-ve-kizi-4-300x169.webp 300w, https:\/\/www.tgrthaber.com\/mavikadin\/wp-content\/uploads\/Gullu-ve-kizi-4-768x432.webp 768w\" sizes=\"(max-width: 820px) 100vw, 820px\" \/><\/p>\n<hr \/>\n<h3>G\u00dcLL\u00dc NASIL \u00d6LD\u00dc?<\/h3>\n<p>28 Eyl\u00fcl 2025 tarihinde Yalova\u2019n\u0131n \u00c7\u0131narc\u0131k il\u00e7esi Harmanlar Mahallesi Vali Ak\u0131 Caddesi \u00fczerindeki apartman\u0131n 5\u2019inci kat\u0131ndaki kapal\u0131 terasta, G\u00fcll\u00fc (52), k\u0131z\u0131 ve arkada\u015f\u0131yla e\u011flendi\u011fi s\u0131rada pencereden d\u00fc\u015ferek hayat\u0131n\u0131 kaybetmi\u015fti. G\u00fcll\u00fc\u2019n\u00fcn \u00f6l\u00fcm\u00fcyle ilgili Yalova Cumhuriyet Ba\u015fsavc\u0131l\u0131\u011f\u0131\u2019nca y\u00fcr\u00fct\u00fclen soru\u015fturma \u00e7er\u00e7evesinde, Tu\u011fyan \u00dclkem G\u00fclter ve arkada\u015f\u0131 Sultan Nur Ulu, Yalova Cinayet B\u00fcro \u015eubesi taraf\u0131ndan \u0130stanbul B\u00fcy\u00fck\u00e7ekmece\u2019de bulunduklar\u0131 sitede g\u00f6zalt\u0131na al\u0131narak Yalova\u2019ya g\u00f6t\u00fcr\u00fclm\u00fc\u015ft\u00fc.<\/p>\n<p><img loading=\"lazy\" decoding=\"async\" class=\"aligncenter size-full wp-image-274178\" src=\"https:\/\/www.tgrthaber.com\/mavikadin\/wp-content\/uploads\/Gullu-ve-kizi-3.webp\" alt=\"\" width=\"770\" height=\"433\" title=\"\" srcset=\"https:\/\/www.tgrthaber.com\/mavikadin\/wp-content\/uploads\/Gullu-ve-kizi-3.webp 770w, https:\/\/www.tgrthaber.com\/mavikadin\/wp-content\/uploads\/Gullu-ve-kizi-3-300x169.webp 300w, https:\/\/www.tgrthaber.com\/mavikadin\/wp-content\/uploads\/Gullu-ve-kizi-3-768x432.webp 768w\" sizes=\"(max-width: 770px) 100vw, 770px\" \/><\/p>\n<hr \/>\n<p>Ortaya \u00e7\u0131kan g\u00f6r\u00fcnt\u00fclerde, Tu\u011fyan \u00dclkem G\u00fclter ve Sultan Nur Ulu\u2019nun bavullar\u0131yla birlikte merdivenlerden inip binadan ayr\u0131ld\u0131klar\u0131 anlar yer al\u0131yor.<\/p>\n<h3>SES KAYITLARI C\u0130NAYET\u0130 A\u00c7IKLI\u011eA KAVU\u015eTURDU<\/h3>\n<p>G\u00fcll\u00fc\u2019n\u00fcn soru\u015fturma dosyas\u0131na eklenen raporda T\u00dcB\u0130TAK, olay g\u00fcn\u00fcne ait kamera g\u00f6r\u00fcnt\u00fclerinin ses kayd\u0131n\u0131 temizleyerek de\u015fifre etti. B\u00f6ylelikle G\u00fcll\u00fc&#8217;n\u00fcn vefat\u0131n\u0131n bir &#8216;cinayet&#8217; oldu\u011fu ortaya \u00e7\u0131km\u0131\u015f oldu.<\/p>\n<p>T\u00dcB\u0130TAK\u2019\u0131n yapt\u0131\u011f\u0131 incelemelerde &#8220;Ataca\u011f\u0131m \u015fimdi seni&#8221; sesi \u00f6zel tekniklerle netlik kazand\u0131. Bu s\u00f6z\u00fc G\u00fcll\u00fc&#8217;n\u00fcn k\u0131z\u0131 G\u00fclter&#8217;in s\u00f6yledi\u011fi tespit edildi. Soru\u015fturmaya g\u00f6re, G\u00fclter ile arkada\u015f\u0131 Ulu, y\u00fcksek oranda alkol alan G\u00fcll\u00fc banyoya gittikten sonra penceresi yere yak\u0131n olan odaya gidip pencereyi a\u00e7t\u0131.<\/p>\n<p><img loading=\"lazy\" decoding=\"async\" class=\"aligncenter size-full wp-image-274185\" src=\"https:\/\/www.tgrthaber.com\/mavikadin\/wp-content\/uploads\/gulluolumu4webp-wPaSQ7YhaEW-Pq9P730Etg.webp\" alt=\"\" width=\"752\" height=\"446\" title=\"\" srcset=\"https:\/\/www.tgrthaber.com\/mavikadin\/wp-content\/uploads\/gulluolumu4webp-wPaSQ7YhaEW-Pq9P730Etg.webp 752w, https:\/\/www.tgrthaber.com\/mavikadin\/wp-content\/uploads\/gulluolumu4webp-wPaSQ7YhaEW-Pq9P730Etg-300x178.webp 300w\" sizes=\"(max-width: 752px) 100vw, 752px\" \/><\/p>\n<hr \/>\n<p>Daha sonra G\u00fcll\u00fc&#8217;n\u00fcn her duydu\u011funda severek oynad\u0131\u011f\u0131 roman havas\u0131 &#8220;Malkara&#8221; m\u00fczi\u011fini a\u00e7t\u0131. Lavabodan \u00e7\u0131k\u0131nca m\u00fczi\u011fi duyduktan sonra \u015fa\u015f\u0131r\u0131p &#8220;O ne lan&#8221; diyen G\u00fcll\u00fc, odaya gitti. Burada Tu\u011fyan, &#8220;Ataca\u011f\u0131m \u015fimdi seni&#8221; dedikten sonra ya\u015fanan bo\u011fu\u015fman\u0131n ard\u0131ndan annesini pencereden a\u015fa\u011f\u0131ya itti.<\/p>\n<h3>&#8216;HAD\u0130 G\u00d6R\u00dc\u015e\u00dcR\u00dcZ BAY BAY&#8217; DED\u0130<\/h3>\n<p>Y\u00fcksek sese odaklanma \u00f6zelli\u011fi bulunan kameran\u0131n ald\u0131\u011f\u0131 dip seslerin incelenmesinde bir ger\u00e7ek daha ortaya \u00e7\u0131kt\u0131. G\u00fcll\u00fc&#8217;n\u00fcn pencereden a\u015fa\u011f\u0131ya itilmesinin ard\u0131ndan kay\u0131tlara k\u0131z\u0131n\u0131n &#8220;Hadi g\u00f6r\u00fc\u015f\u00fcr\u00fcz bay bay&#8221; c\u00fcmlesi de girdi.<\/p>\n<h3>G\u00dcRC\u0130STAN \u00dcZER\u0130NDEN YURTDI\u015eINA KA\u00c7ACAKLARDI<\/h3>\n<p>Emniyet kaynaklar\u0131, \u015f\u00fcphelilerin G\u00fcrcistan \u00fczerinden yurtd\u0131\u015f\u0131na \u00e7\u0131kmay\u0131 planlad\u0131klar\u0131na ili\u015fkin bilginin teyit edildi\u011fini, g\u00fczerg\u00e2h analizinin bu do\u011frultuda yap\u0131ld\u0131\u011f\u0131n\u0131 a\u00e7\u0131klad\u0131.<\/p>\n","protected":false},"excerpt":{"rendered":"<p>\u015eark\u0131c\u0131 G\u00fcll\u00fc\u2019y\u00fc k\u0131z\u0131 Tu\u011fyan \u00dclkem G\u00fclter&#8217;in \u00f6ld\u00fcrd\u00fc\u011f\u00fc ses kay\u0131tlar\u0131n\u0131n temizlenmesiyle ortaya \u00e7\u0131kt\u0131. Yalova\u2019da \u015fark\u0131c\u0131 G\u00fcll\u00fc\u2019n\u00fcn ya\u015fam\u0131n\u0131 yitirmesiyle ilgili y\u00fcr\u00fct\u00fclen soru\u015fturmada, k\u0131z\u0131 Tu\u011fyan \u00dclkem G\u00fclter ve arkada\u015f\u0131 Sultan Nur Ulu\u2019nun g\u00f6zalt\u0131na al\u0131nmadan \u00f6nceki g\u00f6r\u00fcnt\u00fcleri servis edildi. \u0130ki arkada\u015f\u0131n \u0130stanbul B\u00fcy\u00fck\u00e7ekmece\u2019de kald\u0131klar\u0131 binadan bavullar\u0131yla ayr\u0131ld\u0131klar\u0131 anlara ait yeni kamera g\u00f6r\u00fcnt\u00fcleri de geldi. \u0130kilinin yurtd\u0131\u015f\u0131na ka\u00e7maya \u00e7al\u0131\u015ft\u0131klar\u0131 \u00f6\u011frenildi. <\/p>\n","protected":false},"author":5,"featured_media":274179,"comment_status":"closed","ping_status":"closed","sticky":false,"template":"","format":"standard","meta":{"rank_math_lock_modified_date":false,"footnotes":""},"categories":[76],"tags":[68055,63241,65767,65457],"class_list":["post-274174","post","type-post","status-publish","format-standard","has-post-thumbnail","hentry","category-magazin","tag-gul-tut","tag-gullu-olumu","tag-sultan-nur-ulu","tag-tugyan-ulkem-gulter"],"_links":{"self":[{"href":"https:\/\/www.tgrthaber.com\/mavikadin\/wp-json\/wp\/v2\/posts\/274174"}],"collection":[{"href":"https:\/\/www.tgrthaber.com\/mavikadin\/wp-json\/wp\/v2\/posts"}],"about":[{"href":"https:\/\/www.tgrthaber.com\/mavikadin\/wp-json\/wp\/v2\/types\/post"}],"author":[{"embeddable":true,"href":"https:\/\/www.tgrthaber.com\/mavikadin\/wp-json\/wp\/v2\/users\/5"}],"replies":[{"embeddable":true,"href":"https:\/\/www.tgrthaber.com\/mavikadin\/wp-json\/wp\/v2\/comments?post=274174"}],"version-history":[{"count":3,"href":"https:\/\/www.tgrthaber.com\/mavikadin\/wp-json\/wp\/v2\/posts\/274174\/revisions"}],"predecessor-version":[{"id":274197,"href":"https:\/\/www.tgrthaber.com\/mavikadin\/wp-json\/wp\/v2\/posts\/274174\/revisions\/274197"}],"wp:featuredmedia":[{"embeddable":true,"href":"https:\/\/www.tgrthaber.com\/mavikadin\/wp-json\/wp\/v2\/media\/274179"}],"wp:attachment":[{"href":"https:\/\/www.tgrthaber.com\/mavikadin\/wp-json\/wp\/v2\/media?parent=274174"}],"wp:term":[{"taxonomy":"category","embeddable":true,"href":"https:\/\/www.tgrthaber.com\/mavikadin\/wp-json\/wp\/v2\/categories?post=274174"},{"taxonomy":"post_tag","embeddable":true,"href":"https:\/\/www.tgrthaber.com\/mavikadin\/wp-json\/wp\/v2\/tags?post=274174"}],"curies":[{"name":"wp","href":"https:\/\/api.w.org\/{rel}","templated":true}]}}