{"id":274202,"date":"2025-12-11T11:10:21","date_gmt":"2025-12-11T08:10:21","guid":{"rendered":"https:\/\/www.tgrthaber.com\/mavikadin\/?p=274202"},"modified":"2025-12-11T11:10:21","modified_gmt":"2025-12-11T08:10:21","slug":"emir-ulusoy-kac-yasinda-tuba-unsal-ve-emir-ulusoy-arasindaki-yas-farki-nedir","status":"publish","type":"post","link":"https:\/\/www.tgrthaber.com\/mavikadin\/emir-ulusoy-kac-yasinda-tuba-unsal-ve-emir-ulusoy-arasindaki-yas-farki-nedir\/","title":{"rendered":"Emir Ulusoy ka\u00e7 ya\u015f\u0131nda? Tuba \u00dcnsal ve Emir Ulusoy aras\u0131ndaki ya\u015f fark\u0131 nedir?"},"content":{"rendered":"<p>Magazinin yeni g\u00f6zde \u00e7ifti Emir Ulusoy ve Tuba \u00dcnsal, son g\u00fcnlerde ya\u015fad\u0131klar\u0131 a\u015fkla g\u00fcndemden d\u00fc\u015fm\u00fcyor. Sosyal medyada ise merak edilen ba\u015fl\u0131klar aras\u0131nda Emir Ulusoy&#8217;un ya\u015f\u0131 oldu. Tuba \u00dcnsal ve Emir Ulusoy aras\u0131ndaki ya\u015f fark\u0131n\u0131n ne oldu\u011funu merak edenler, arama bot\u0131nunu kilitledi. \u00d6zellikle Tuba \u00dcnsal&#8217;\u0131n romantik do\u011fum g\u00fcn\u00fc payla\u015f\u0131m\u0131 sonras\u0131 Emir Ulusoy ismi yeniden mercek alt\u0131na al\u0131nd\u0131. \u0130\u015fte detaylar&#8230;<\/p>\n<h3>EM\u0130R ULUSOY KA\u00c7 YA\u015eINDA?<\/h3>\n<p>Tuba \u00dcnsal&#8217;la ya\u015fad\u0131\u011f\u0131 a\u015fkla g\u00fcndemden d\u00fc\u015fmeyen Emir Ulusoy 33 ya\u015f\u0131ndad\u0131r. Sosyal medyada ve magazin kulislerinde Ulusoy\u2019un ya\u015f\u0131 s\u0131k s\u0131k tart\u0131\u015f\u0131l\u0131yor olsa da, gelen bilgiler Emir Ulusoy&#8217;un 33 ya\u015f\u0131nda oldu\u011funu g\u00f6steriyor.<\/p>\n<p><img loading=\"lazy\" decoding=\"async\" class=\"alignnone wp-image-274247\" src=\"https:\/\/www.tgrthaber.com\/mavikadin\/wp-content\/uploads\/Adsiz-tasarim-64-21-300x169.jpg\" alt=\"\" width=\"1208\" height=\"680\" title=\"\" srcset=\"https:\/\/www.tgrthaber.com\/mavikadin\/wp-content\/uploads\/Adsiz-tasarim-64-21-300x169.jpg 300w, https:\/\/www.tgrthaber.com\/mavikadin\/wp-content\/uploads\/Adsiz-tasarim-64-21-1024x576.jpg 1024w, https:\/\/www.tgrthaber.com\/mavikadin\/wp-content\/uploads\/Adsiz-tasarim-64-21-768x432.jpg 768w, https:\/\/www.tgrthaber.com\/mavikadin\/wp-content\/uploads\/Adsiz-tasarim-64-21-1536x864.jpg 1536w, https:\/\/www.tgrthaber.com\/mavikadin\/wp-content\/uploads\/Adsiz-tasarim-64-21-2048x1152.jpg 2048w\" sizes=\"(max-width: 1208px) 100vw, 1208px\" \/><\/p>\n<hr \/>\n<p>\u00dcnl\u00fc oyuncu Tuba \u00dcnsal ise 43 ya\u015f\u0131nda. 1981 do\u011fumlu olan \u00dcnsal, hem oyunculuk hem yap\u0131mc\u0131l\u0131k hem de sunuculuk alan\u0131nda ad\u0131ndan s\u0131k\u00e7a bahsettirmeye devam ediyor.<\/p>\n<p><img loading=\"lazy\" decoding=\"async\" class=\"alignnone wp-image-274249\" src=\"https:\/\/www.tgrthaber.com\/mavikadin\/wp-content\/uploads\/Adsiz-tasarim-66-16-300x169.jpg\" alt=\"\" width=\"1208\" height=\"680\" title=\"\" srcset=\"https:\/\/www.tgrthaber.com\/mavikadin\/wp-content\/uploads\/Adsiz-tasarim-66-16-300x169.jpg 300w, https:\/\/www.tgrthaber.com\/mavikadin\/wp-content\/uploads\/Adsiz-tasarim-66-16-1024x576.jpg 1024w, https:\/\/www.tgrthaber.com\/mavikadin\/wp-content\/uploads\/Adsiz-tasarim-66-16-768x432.jpg 768w, https:\/\/www.tgrthaber.com\/mavikadin\/wp-content\/uploads\/Adsiz-tasarim-66-16-1536x864.jpg 1536w, https:\/\/www.tgrthaber.com\/mavikadin\/wp-content\/uploads\/Adsiz-tasarim-66-16-2048x1152.jpg 2048w\" sizes=\"(max-width: 1208px) 100vw, 1208px\" \/><\/p>\n<hr \/>\n<p>Uzun s\u00fcredir \u00f6zel hayat\u0131yla merak edilen Emir Ulusoy, son zamanlarda magazin d\u00fcnyas\u0131n\u0131n en \u00e7ok merak etti\u011fi isim oldu. \u00d6zellikle <a href=\"https:\/\/www.tgrthaber.com\/mavikadin\/tuba-unsalin-kiraci-krizi-berlindeki-evinde-hukuki-surec\/\">Tuba \u00dcnsal<\/a> ile aralar\u0131ndaki ya\u015f fark\u0131 \u00e7ok konu\u015fuluyor.<\/p>\n<p><img loading=\"lazy\" decoding=\"async\" class=\"alignnone wp-image-274250\" src=\"https:\/\/www.tgrthaber.com\/mavikadin\/wp-content\/uploads\/i-66-3-300x169.webp\" alt=\"\" width=\"1208\" height=\"680\" title=\"\" srcset=\"https:\/\/www.tgrthaber.com\/mavikadin\/wp-content\/uploads\/i-66-3-300x169.webp 300w, https:\/\/www.tgrthaber.com\/mavikadin\/wp-content\/uploads\/i-66-3.webp 480w\" sizes=\"(max-width: 1208px) 100vw, 1208px\" \/><\/p>\n<hr \/>\n<h3>EM\u0130R ULUSOY VE TUBA \u00dcNSAL YA\u015e FARKI NED\u0130R?<\/h3>\n<p>Emir Ulusoy ve Tuba \u00dcnsal \u00e7ifti aras\u0131nda yakla\u015f\u0131k 10 ya\u015f fark\u0131 bulunuyor. Magazin g\u00fcndeminde en \u00e7ok konu\u015fulan nokta da tam olarak bu ya\u015f fark\u0131 oldu. Sosyal medya kullan\u0131c\u0131lar\u0131n\u0131n bir b\u00f6l\u00fcm\u00fc &#8216;A\u015fk\u0131n ya\u015f\u0131 olmaz&#8217; diyerek \u00e7ifti desteklemekte. Baz\u0131 kullan\u0131c\u0131lar ise \u00e7iftin aralar\u0131ndaki ya\u015f fark\u0131n\u0131 olduk\u00e7a fazla buluyor.<\/p>\n<p><img loading=\"lazy\" decoding=\"async\" class=\"alignnone wp-image-274248\" src=\"https:\/\/www.tgrthaber.com\/mavikadin\/wp-content\/uploads\/Tuba-Unsal-3-300x169.webp\" alt=\"\" width=\"1208\" height=\"680\" title=\"\" srcset=\"https:\/\/www.tgrthaber.com\/mavikadin\/wp-content\/uploads\/Tuba-Unsal-3-300x169.webp 300w, https:\/\/www.tgrthaber.com\/mavikadin\/wp-content\/uploads\/Tuba-Unsal-3-1024x576.webp 1024w, https:\/\/www.tgrthaber.com\/mavikadin\/wp-content\/uploads\/Tuba-Unsal-3-768x432.webp 768w, https:\/\/www.tgrthaber.com\/mavikadin\/wp-content\/uploads\/Tuba-Unsal-3.webp 1208w\" sizes=\"(max-width: 1208px) 100vw, 1208px\" \/><\/p>\n<hr \/>\n<h3>EM\u0130R ULUSOY K\u0130MD\u0130R?<\/h3>\n<p>Emir Ulusoy, i\u015f d\u00fcnyas\u0131nda tan\u0131nan bir isimdir. Genellikle medya \u00f6n\u00fcnde g\u00f6r\u00fcnmemeyi tercih ediyor. Bu nedenle hakk\u0131nda \u00e7ok fazla bir detay bulunmamakta. Emir Ulusoy in\u015faat ve gayrimenkul sekt\u00f6r\u00fcnde faaliyet g\u00f6steren bir i\u015f adam\u0131 olarak \u00f6ne \u00e7\u0131k\u0131yor.<\/p>\n<p><img loading=\"lazy\" decoding=\"async\" class=\"alignnone wp-image-274246\" src=\"https:\/\/www.tgrthaber.com\/mavikadin\/wp-content\/uploads\/Adsiz-tasarim-65-18-300x169.jpg\" alt=\"\" width=\"1208\" height=\"680\" title=\"\" srcset=\"https:\/\/www.tgrthaber.com\/mavikadin\/wp-content\/uploads\/Adsiz-tasarim-65-18-300x169.jpg 300w, https:\/\/www.tgrthaber.com\/mavikadin\/wp-content\/uploads\/Adsiz-tasarim-65-18-1024x576.jpg 1024w, https:\/\/www.tgrthaber.com\/mavikadin\/wp-content\/uploads\/Adsiz-tasarim-65-18-768x432.jpg 768w, https:\/\/www.tgrthaber.com\/mavikadin\/wp-content\/uploads\/Adsiz-tasarim-65-18-1536x864.jpg 1536w, https:\/\/www.tgrthaber.com\/mavikadin\/wp-content\/uploads\/Adsiz-tasarim-65-18-2048x1152.jpg 2048w\" sizes=\"(max-width: 1208px) 100vw, 1208px\" \/><\/p>\n<hr \/>\n<p>T\u00fcrkiye\u2019de ve yurt d\u0131\u015f\u0131nda \u00e7e\u015fitli projeleri bulundu\u011fu iddia edilen Ulusoy, uzun s\u00fcre magazin g\u00fcndeminden uzak bir ya\u015fam s\u00fcrd\u00fc. Emir Ulusoy ismi ilk kez Tuba \u00dcnsal ile ili\u015fkisinin ortaya \u00e7\u0131kmas\u0131yla duyuldu ve sosyal medyan\u0131n da bu a\u015fk ile radar\u0131na girdi. \u00c7iftin hem T\u00fcrkiye\u2019de hem de Dubai hem de New York&#8217;da birlikte g\u00f6r\u00fcnt\u00fclenmesi, Ulusoy\u2019un kim oldu\u011funa dair merak\u0131 da giderek art\u0131rd\u0131.<\/p>\n<p><img loading=\"lazy\" decoding=\"async\" class=\"alignnone wp-image-274244\" src=\"https:\/\/www.tgrthaber.com\/mavikadin\/wp-content\/uploads\/Tuba-Unsal-2-300x169.webp\" alt=\"\" width=\"1208\" height=\"680\" title=\"\" srcset=\"https:\/\/www.tgrthaber.com\/mavikadin\/wp-content\/uploads\/Tuba-Unsal-2-300x169.webp 300w, https:\/\/www.tgrthaber.com\/mavikadin\/wp-content\/uploads\/Tuba-Unsal-2-1024x576.webp 1024w, https:\/\/www.tgrthaber.com\/mavikadin\/wp-content\/uploads\/Tuba-Unsal-2-768x432.webp 768w, https:\/\/www.tgrthaber.com\/mavikadin\/wp-content\/uploads\/Tuba-Unsal-2.webp 1208w\" sizes=\"(max-width: 1208px) 100vw, 1208px\" \/><\/p>\n<hr \/>\n<h3>TUBA \u00dcNSAL VE EM\u0130R ULUSOY A\u015eKI NASIL BA\u015eLADI?<\/h3>\n<p>\u0130kilinin ortak arkada\u015f \u00e7evresi arac\u0131l\u0131\u011f\u0131yla tan\u0131\u015ft\u0131\u011f\u0131 konu\u015fuluyor. 2024\u2019\u00fcn son g\u00fcnlerinde yak\u0131nla\u015ft\u0131klar\u0131, 2025\u2019e girilirken ili\u015fkinin resmile\u015fti\u011fi konu\u015fuluyor. \u00d6zellikle yurt d\u0131\u015f\u0131 tatillerinde birlikte \u00e7ekilen kareler sosyal medyada g\u00fcndem oldu. Ayr\u0131ca havaliman\u0131 g\u00f6r\u00fcnt\u00fcleri ve \u00dcnsal\u2019\u0131n sevgilisine yazd\u0131\u011f\u0131 romantik mesaj g\u00fcnlerce magazin sayfalar\u0131n\u0131 s\u00fcsleyen detaylar aras\u0131nda yer al\u0131yor.<\/p>\n","protected":false},"excerpt":{"rendered":"<p>Son zamanlarda i\u015f adam\u0131 Emir Ulusoy&#8217;un ismi magazin sayfalar\u0131nda s\u0131k\u00e7a yer al\u0131yor. Sosal medyada merak konusu olan Emir Ulusoy&#8217;un kim oldu\u011fu ve \u00f6zellikle Tuba \u00dcnsal ile aralar\u0131ndaki ya\u015f fark\u0131 merak ediliyor. Peki Emir Ulusoy kimdir, ka\u00e7 ya\u015f\u0131nda? Tuba \u00dcnsal ve Emir Ulusoy aras\u0131ndaki ya\u015f fark\u0131 nedir? \u0130\u015fte merak edilen isim Emir Ulusoy hakk\u0131nda t\u00fcm detaylar&#8230;<\/p>\n","protected":false},"author":35,"featured_media":274206,"comment_status":"closed","ping_status":"closed","sticky":false,"template":"","format":"standard","meta":{"rank_math_lock_modified_date":false,"footnotes":""},"categories":[491],"tags":[3374,68062,68061,18843,68063],"class_list":["post-274202","post","type-post","status-publish","format-standard","has-post-thumbnail","hentry","category-biyografi","tag-biyografi","tag-emir-ulusoy-kac-yasinda","tag-emir-ulusoy-kimdir","tag-tuba-unsal","tag-tuba-unsal-emir-ulusoy-yas-farki"],"_links":{"self":[{"href":"https:\/\/www.tgrthaber.com\/mavikadin\/wp-json\/wp\/v2\/posts\/274202"}],"collection":[{"href":"https:\/\/www.tgrthaber.com\/mavikadin\/wp-json\/wp\/v2\/posts"}],"about":[{"href":"https:\/\/www.tgrthaber.com\/mavikadin\/wp-json\/wp\/v2\/types\/post"}],"author":[{"embeddable":true,"href":"https:\/\/www.tgrthaber.com\/mavikadin\/wp-json\/wp\/v2\/users\/35"}],"replies":[{"embeddable":true,"href":"https:\/\/www.tgrthaber.com\/mavikadin\/wp-json\/wp\/v2\/comments?post=274202"}],"version-history":[{"count":2,"href":"https:\/\/www.tgrthaber.com\/mavikadin\/wp-json\/wp\/v2\/posts\/274202\/revisions"}],"predecessor-version":[{"id":274252,"href":"https:\/\/www.tgrthaber.com\/mavikadin\/wp-json\/wp\/v2\/posts\/274202\/revisions\/274252"}],"wp:featuredmedia":[{"embeddable":true,"href":"https:\/\/www.tgrthaber.com\/mavikadin\/wp-json\/wp\/v2\/media\/274206"}],"wp:attachment":[{"href":"https:\/\/www.tgrthaber.com\/mavikadin\/wp-json\/wp\/v2\/media?parent=274202"}],"wp:term":[{"taxonomy":"category","embeddable":true,"href":"https:\/\/www.tgrthaber.com\/mavikadin\/wp-json\/wp\/v2\/categories?post=274202"},{"taxonomy":"post_tag","embeddable":true,"href":"https:\/\/www.tgrthaber.com\/mavikadin\/wp-json\/wp\/v2\/tags?post=274202"}],"curies":[{"name":"wp","href":"https:\/\/api.w.org\/{rel}","templated":true}]}}