{"id":274203,"date":"2025-12-11T10:44:58","date_gmt":"2025-12-11T07:44:58","guid":{"rendered":"https:\/\/www.tgrthaber.com\/mavikadin\/?p=274203"},"modified":"2025-12-11T10:44:58","modified_gmt":"2025-12-11T07:44:58","slug":"omer-sarigul-kimdir-kac-yasinda-omer-sarigul-kimin-ogludur","status":"publish","type":"post","link":"https:\/\/www.tgrthaber.com\/mavikadin\/omer-sarigul-kimdir-kac-yasinda-omer-sarigul-kimin-ogludur\/","title":{"rendered":"\u00d6mer Sar\u0131g\u00fcl kimdir ka\u00e7 ya\u015f\u0131nda? \u00d6mer Sar\u0131g\u00fcl kimin o\u011fludur?"},"content":{"rendered":"<p>\u00d6mer Sar\u0131g\u00fcl, merak edilmeye ba\u015fland\u0131. Arama motorlar\u0131nda kendisi hakk\u0131nda hayat\u0131 ve kariyeri dikkat \u00e7ekti. \u00d6zellikle de kimin o\u011flu oldu\u011fu ara\u015ft\u0131r\u0131lmaya ba\u015fland\u0131. Peki, \u00d6mer Sar\u0131g\u00fcl <a href=\"https:\/\/www.tgrthaber.com\/mavikadin\/biyografi\/\">kimdir<\/a> ka\u00e7 ya\u015f\u0131nda? \u00d6mer Sar\u0131g\u00fcl kimin o\u011fludur? Sorular\u0131n\u0131 sizin i\u00e7in ara\u015ft\u0131rd\u0131k. \u0130\u015fte detaylar\u2026<\/p>\n<h3>\u00d6MER SARIG\u00dcL K\u0130MD\u0130R?<\/h3>\n<p>\u00d6mer Sar\u0131g\u00fcl, siyasettin dikkat \u00e7eken isimlerinden biri oluyor. Mustafa Sar\u0131g\u00fcl\u2019\u00fcn o\u011flu olan \u00d6mer Sar\u0131g\u00fcl, hayat\u0131 ve kariyeriyle dikkat \u00e7eken isimlerden olmu\u015ftur. G\u00fcndeme bomba gibi d\u00fc\u015fen \u00d6mer Sar\u0131g\u00fcl, bo\u015fanma haberleriyle dikkat \u00e7ekti.<\/p>\n<p><img loading=\"lazy\" decoding=\"async\" class=\"alignnone size-full wp-image-274220\" src=\"https:\/\/www.tgrthaber.com\/mavikadin\/wp-content\/uploads\/omer-sarigul-6.jpg\" alt=\"\u00d6mer Sar\u0131g\u00fcl kimdir ka\u00e7 ya\u015f\u0131nda? \u00d6mer Sar\u0131g\u00fcl kimin o\u011fludur?\" width=\"1208\" height=\"680\" title=\"\" srcset=\"https:\/\/www.tgrthaber.com\/mavikadin\/wp-content\/uploads\/omer-sarigul-6.jpg 1208w, https:\/\/www.tgrthaber.com\/mavikadin\/wp-content\/uploads\/omer-sarigul-6-300x169.jpg 300w, https:\/\/www.tgrthaber.com\/mavikadin\/wp-content\/uploads\/omer-sarigul-6-1024x576.jpg 1024w, https:\/\/www.tgrthaber.com\/mavikadin\/wp-content\/uploads\/omer-sarigul-6-768x432.jpg 768w\" sizes=\"(max-width: 1208px) 100vw, 1208px\" \/><\/p>\n<hr \/>\n<p>Siyaset ve spor camias\u0131yla ilgilenen \u00d6mer Sar\u0131g\u00fcl, hayat\u0131n\u0131n her alan\u0131nda sevilen ve dikkat \u00e7eken isimler aras\u0131nda yer al\u0131yor. Son g\u00fcnlerde bo\u015fanma olaylar\u0131 ile dikkatleri \u00fczerine \u00e7eken \u00d6mer Sar\u0131g\u00fcl\u2019\u00fcn e\u011fitim hayat\u0131yla ilgili kamuoyunda detaylar bulunamam\u0131\u015ft\u0131r.<\/p>\n<h3><img loading=\"lazy\" decoding=\"async\" class=\"alignnone size-full wp-image-274216\" src=\"https:\/\/www.tgrthaber.com\/mavikadin\/wp-content\/uploads\/omer-sarigul-2.jpg\" alt=\"\u00d6mer Sar\u0131g\u00fcl kimdir ka\u00e7 ya\u015f\u0131nda? \u00d6mer Sar\u0131g\u00fcl kimin o\u011fludur?\" width=\"1208\" height=\"680\" title=\"\" srcset=\"https:\/\/www.tgrthaber.com\/mavikadin\/wp-content\/uploads\/omer-sarigul-2.jpg 1208w, https:\/\/www.tgrthaber.com\/mavikadin\/wp-content\/uploads\/omer-sarigul-2-300x169.jpg 300w, https:\/\/www.tgrthaber.com\/mavikadin\/wp-content\/uploads\/omer-sarigul-2-1024x576.jpg 1024w, https:\/\/www.tgrthaber.com\/mavikadin\/wp-content\/uploads\/omer-sarigul-2-768x432.jpg 768w\" sizes=\"(max-width: 1208px) 100vw, 1208px\" \/><\/h3>\n<hr \/>\n<h3>\u00d6MER SARIG\u00dcL KA\u00c7 YA\u015eINDA?<\/h3>\n<p>\u00d6mer Sar\u0131g\u00fcl\u2019\u00fcn ka\u00e7 ya\u015f\u0131nda oldu\u011fu da merak edilirken, 1993 y\u0131l\u0131nda do\u011fdu\u011fu kamuoyunda yazan bilgiler aras\u0131nda yer al\u0131yor. Babas\u0131 gibi siyasetin i\u00e7erisinde olsa da daha \u00e7ok sporla ilgilenmektedir.<\/p>\n<p><img loading=\"lazy\" decoding=\"async\" class=\"alignnone size-full wp-image-274215\" src=\"https:\/\/www.tgrthaber.com\/mavikadin\/wp-content\/uploads\/omer-sarigul-1.jpg\" alt=\"\u00d6mer Sar\u0131g\u00fcl kimdir ka\u00e7 ya\u015f\u0131nda? \u00d6mer Sar\u0131g\u00fcl kimin o\u011fludur?\" width=\"1208\" height=\"680\" title=\"\" srcset=\"https:\/\/www.tgrthaber.com\/mavikadin\/wp-content\/uploads\/omer-sarigul-1.jpg 1208w, https:\/\/www.tgrthaber.com\/mavikadin\/wp-content\/uploads\/omer-sarigul-1-300x169.jpg 300w, https:\/\/www.tgrthaber.com\/mavikadin\/wp-content\/uploads\/omer-sarigul-1-1024x576.jpg 1024w, https:\/\/www.tgrthaber.com\/mavikadin\/wp-content\/uploads\/omer-sarigul-1-768x432.jpg 768w\" sizes=\"(max-width: 1208px) 100vw, 1208px\" \/><\/p>\n<hr \/>\n<p>Galatasaray\u2019\u0131n kul\u00fcp ba\u015fkan\u0131 \u00fcyesi olan \u00d6mer Sar\u0131g\u00fcl, sosyal medyas\u0131ndan Galatarasay\u2019la ilgili payla\u015f\u0131mlar yapan \u00d6mer Sar\u0131g\u00fcl, g\u00fcndeminde s\u0131k\u0131 takip etti\u011fi isimler aras\u0131nda yer al\u0131yor. Evli ve 2 \u00e7ocuk babas\u0131 olan \u00d6mer Sar\u0131g\u00fcl, bo\u015fanma iddialar\u0131yla merak edilmeye ba\u015fland\u0131.<\/p>\n<h3><img loading=\"lazy\" decoding=\"async\" class=\"alignnone size-full wp-image-274217\" src=\"https:\/\/www.tgrthaber.com\/mavikadin\/wp-content\/uploads\/omer-sarigul-3.jpg\" alt=\"\u00d6mer Sar\u0131g\u00fcl kimdir ka\u00e7 ya\u015f\u0131nda? \u00d6mer Sar\u0131g\u00fcl kimin o\u011fludur?\" width=\"1208\" height=\"680\" title=\"\" srcset=\"https:\/\/www.tgrthaber.com\/mavikadin\/wp-content\/uploads\/omer-sarigul-3.jpg 1208w, https:\/\/www.tgrthaber.com\/mavikadin\/wp-content\/uploads\/omer-sarigul-3-300x169.jpg 300w, https:\/\/www.tgrthaber.com\/mavikadin\/wp-content\/uploads\/omer-sarigul-3-1024x576.jpg 1024w, https:\/\/www.tgrthaber.com\/mavikadin\/wp-content\/uploads\/omer-sarigul-3-768x432.jpg 768w\" sizes=\"(max-width: 1208px) 100vw, 1208px\" \/><\/h3>\n<hr \/>\n<h3>\u00d6MER SARIG\u00dcL K\u0130M\u0130N O\u011eLUDUR?<\/h3>\n<p>Siyaset\u00e7i olan Mustafa Sar\u0131g\u00fcl\u2019\u00fcn o\u011fludur. \u00d6mer Sar\u0131g\u00fcl, 1993 y\u0131l\u0131nda d\u00fcnyaya gelmi\u015ftir. Annesi \u00fcnl\u00fc isim Aylin Kotil\u2019dir. T\u00fcrk i\u015f insan\u0131 ve siyaset\u00e7i olan Mustafa Sar\u0131g\u00fcl, 1999 y\u0131l\u0131 ve 2014 y\u0131llar\u0131 aras\u0131nda \u0130stanbul\u2019un \u015ei\u015fli il\u00e7esinin belediye ba\u015fkanl\u0131\u011f\u0131n\u0131 yapm\u0131\u015ft\u0131r.<\/p>\n<p><img loading=\"lazy\" decoding=\"async\" class=\"alignnone size-full wp-image-274219\" src=\"https:\/\/www.tgrthaber.com\/mavikadin\/wp-content\/uploads\/omer-sarigul-5.jpg\" alt=\"\u00d6mer Sar\u0131g\u00fcl kimdir ka\u00e7 ya\u015f\u0131nda? \u00d6mer Sar\u0131g\u00fcl kimin o\u011fludur?\" width=\"1208\" height=\"680\" title=\"\" srcset=\"https:\/\/www.tgrthaber.com\/mavikadin\/wp-content\/uploads\/omer-sarigul-5.jpg 1208w, https:\/\/www.tgrthaber.com\/mavikadin\/wp-content\/uploads\/omer-sarigul-5-300x169.jpg 300w, https:\/\/www.tgrthaber.com\/mavikadin\/wp-content\/uploads\/omer-sarigul-5-1024x576.jpg 1024w, https:\/\/www.tgrthaber.com\/mavikadin\/wp-content\/uploads\/omer-sarigul-5-768x432.jpg 768w\" sizes=\"(max-width: 1208px) 100vw, 1208px\" \/><\/p>\n<hr \/>\n<p>T\u00fcrkiye De\u011fi\u015fim Partisi\u2019nin genel ba\u015fkanl\u0131\u011f\u0131n\u0131 yapm\u0131\u015ft\u0131r. 2023 y\u0131l\u0131nda T\u00fcrkiye Genel se\u00e7imlerinde Erzincan\u2019da birinci s\u0131radan milletvekili se\u00e7ilmi\u015ftir. Marmara \u00dcniversitesi E\u011fitim Fak\u00fcltesi mezun olan Mustafa Sar\u0131g\u00fcl, Ka\u011f\u0131thane Belediyesi\u2019nde \u00e7al\u0131\u015fmaya ba\u015flam\u0131\u015ft\u0131r.<\/p>\n<p><img loading=\"lazy\" decoding=\"async\" class=\"alignnone size-full wp-image-274221\" src=\"https:\/\/www.tgrthaber.com\/mavikadin\/wp-content\/uploads\/omer-sarigul-7.jpg\" alt=\"\u00d6mer Sar\u0131g\u00fcl kimdir ka\u00e7 ya\u015f\u0131nda? \u00d6mer Sar\u0131g\u00fcl kimin o\u011fludur?\" width=\"1208\" height=\"680\" title=\"\" srcset=\"https:\/\/www.tgrthaber.com\/mavikadin\/wp-content\/uploads\/omer-sarigul-7.jpg 1208w, https:\/\/www.tgrthaber.com\/mavikadin\/wp-content\/uploads\/omer-sarigul-7-300x169.jpg 300w, https:\/\/www.tgrthaber.com\/mavikadin\/wp-content\/uploads\/omer-sarigul-7-1024x576.jpg 1024w, https:\/\/www.tgrthaber.com\/mavikadin\/wp-content\/uploads\/omer-sarigul-7-768x432.jpg 768w\" sizes=\"(max-width: 1208px) 100vw, 1208px\" \/><\/p>\n<hr \/>\n<p>Kariyeriyle dikkat \u00e7eken Mustafa Sar\u0131g\u00fcl, sosyal medyay\u0131 kullanarak siyasetine hareket getiriyor. Bir\u00e7ok ki\u015finin onu \u2018Can Erzincan\u2019 laf\u0131yla tan\u0131maktad\u0131r. Uzun y\u0131llard\u0131r siyasette yer alan Mustafa Sar\u0131g\u00fcl, merak edilerek ara\u015ft\u0131r\u0131lan isimler aras\u0131nda yer al\u0131r.<\/p>\n","protected":false},"excerpt":{"rendered":"<p>\u00dcnl\u00fc isim \u00d6mer Sar\u0131g\u00fcl, merak edilerek ara\u015ft\u0131r\u0131lmaya ba\u015fland\u0131. \u00d6zellikle hayat\u0131 ve kariyeriyle dikkat \u00e7eken isimler aras\u0131nda yer alan \u00d6mer Sar\u0131g\u00fcl, arama motorlar\u0131nda da dikkat \u00e7ekiyor. Peki, \u00d6mer Sar\u0131g\u00fcl kimdir ka\u00e7 ya\u015f\u0131nda? \u00d6mer Sar\u0131g\u00fcl kimin o\u011fludur? \u0130\u015fte detaylar\u2026<\/p>\n","protected":false},"author":34,"featured_media":274218,"comment_status":"closed","ping_status":"closed","sticky":false,"template":"","format":"standard","meta":{"rank_math_lock_modified_date":false,"footnotes":""},"categories":[491],"tags":[16521,25195,68058,68060,68059],"class_list":["post-274203","post","type-post","status-publish","format-standard","has-post-thumbnail","hentry","category-biyografi","tag-biyografi-haberleri","tag-mustafa-sarigul","tag-omer-sarigul","tag-omer-sarigul-kac-yasinda","tag-omer-sarigul-kimdir"],"_links":{"self":[{"href":"https:\/\/www.tgrthaber.com\/mavikadin\/wp-json\/wp\/v2\/posts\/274203"}],"collection":[{"href":"https:\/\/www.tgrthaber.com\/mavikadin\/wp-json\/wp\/v2\/posts"}],"about":[{"href":"https:\/\/www.tgrthaber.com\/mavikadin\/wp-json\/wp\/v2\/types\/post"}],"author":[{"embeddable":true,"href":"https:\/\/www.tgrthaber.com\/mavikadin\/wp-json\/wp\/v2\/users\/34"}],"replies":[{"embeddable":true,"href":"https:\/\/www.tgrthaber.com\/mavikadin\/wp-json\/wp\/v2\/comments?post=274203"}],"version-history":[{"count":2,"href":"https:\/\/www.tgrthaber.com\/mavikadin\/wp-json\/wp\/v2\/posts\/274203\/revisions"}],"predecessor-version":[{"id":274227,"href":"https:\/\/www.tgrthaber.com\/mavikadin\/wp-json\/wp\/v2\/posts\/274203\/revisions\/274227"}],"wp:featuredmedia":[{"embeddable":true,"href":"https:\/\/www.tgrthaber.com\/mavikadin\/wp-json\/wp\/v2\/media\/274218"}],"wp:attachment":[{"href":"https:\/\/www.tgrthaber.com\/mavikadin\/wp-json\/wp\/v2\/media?parent=274203"}],"wp:term":[{"taxonomy":"category","embeddable":true,"href":"https:\/\/www.tgrthaber.com\/mavikadin\/wp-json\/wp\/v2\/categories?post=274203"},{"taxonomy":"post_tag","embeddable":true,"href":"https:\/\/www.tgrthaber.com\/mavikadin\/wp-json\/wp\/v2\/tags?post=274203"}],"curies":[{"name":"wp","href":"https:\/\/api.w.org\/{rel}","templated":true}]}}