{"id":274228,"date":"2025-12-11T11:00:38","date_gmt":"2025-12-11T08:00:38","guid":{"rendered":"https:\/\/www.tgrthaber.com\/mavikadin\/?p=274228"},"modified":"2025-12-11T11:00:38","modified_gmt":"2025-12-11T08:00:38","slug":"mert-yazicioglu-yilin-oyuncusu-odulunu-kazandi-erkan-kolcak-kostendilin-odulu-verirken-ki-konusmasi-seyirciyi-kahkahaya-bogdu","status":"publish","type":"post","link":"https:\/\/www.tgrthaber.com\/mavikadin\/mert-yazicioglu-yilin-oyuncusu-odulunu-kazandi-erkan-kolcak-kostendilin-odulu-verirken-ki-konusmasi-seyirciyi-kahkahaya-bogdu\/","title":{"rendered":"Mert Yaz\u0131c\u0131o\u011flu \u2018Y\u0131l\u0131n Oyuncusu\u2019 \u00f6d\u00fcl\u00fcn\u00fc kazand\u0131! Erkan Kol\u00e7ak K\u00f6stendil\u2019in \u00f6d\u00fcl\u00fc verirken ki konu\u015fmas\u0131 seyirciyi kahkahaya bo\u011fdu"},"content":{"rendered":"<p>Mert Yaz\u0131c\u0131o\u011flu, GQ Men Of The Year 2025 \u00f6d\u00fcl t\u00f6reninde \u2018Y\u0131l\u0131n Oyuncusu\u2019 \u00f6d\u00fcl\u00fcne lay\u0131k g\u00f6r\u00fcld\u00fc. Ba\u015far\u0131l\u0131 ve yak\u0131\u015f\u0131kl\u0131 oyunculu\u011fuyla dikkatleri \u00fczerine \u00e7eken Mert Yaz\u0131c\u0131o\u011flu, \u00f6d\u00fcllerine bir yenisini daha ekledi. \u015eimdilerde ATV ekranlar\u0131nda yay\u0131nlanan Kurulu\u015f Orhan dizisiyle izleyici kar\u015f\u0131s\u0131na \u00e7\u0131kan \u00fcnl\u00fc oyuncu, \u2018Y\u0131l\u0131n Oyuncusu\u2019 \u00f6d\u00fcl\u00fcn\u00fc kazand\u0131. Erkan Kol\u00e7ak K\u00f6stendil\u2019in Mert Yaz\u0131c\u0131o\u011flu\u2019na \u00f6d\u00fcl\u00fc verirken ki konu\u015fmas\u0131 seyirciyi kahkahaya bo\u011fdu. \u0130\u015fte Mert Yaz\u0131c\u0131o\u011flu ve Erkan Kol\u00e7ak K\u00f6stendil\u2019in herkesi g\u00fcld\u00fcren o anlar\u0131\u2026<\/p>\n<h3>MERT YAZICIO\u011eLU \u2018YILIN OYUNCUSU\u2019 \u00d6D\u00dcL\u00dcN\u00dc KAZANDI!<\/h3>\n<p><a href=\"https:\/\/www.tgrthaber.com\/mavikadin\/kurulus-orhanin-orhan-beyi-mert-yazicioglu-sosyal-medyayi-fena-salladi\/\">Mert Yaz\u0131c\u0131o\u011flu<\/a>, <a href=\"https:\/\/www.tgrthaber.com\/mavikadin\/gq-men-of-the-year-2025-gecesinde-oduller-sahiplerini-buldu-hangi-unlu-ne-odulu-aldi\/\">GQ Men Of The Year<\/a> gecesinde \u2018Y\u0131l\u0131n Oyuncusu\u2019 \u00f6d\u00fcl\u00fcne lay\u0131k g\u00f6r\u00fcld\u00fc. Her y\u0131l oldu\u011fu gibi bu y\u0131l da GQ Men Of The Year gecesi b\u00fcy\u00fck bir heyecanla ger\u00e7ekle\u015fti. Adeta y\u0131ld\u0131zlar ge\u00e7idinin ya\u015fand\u0131\u011f\u0131 geceye Yaz\u0131c\u0131o\u011flu damga vurdu. Ba\u015far\u0131l\u0131 oyunculu\u011fu ve yak\u0131\u015f\u0131kl\u0131l\u0131\u011f\u0131yla son zamanlar\u0131n en sevilen isimleri aras\u0131nda yer alan Yaz\u0131c\u0131o\u011flu, \u2018Y\u0131l\u0131n Oyuncusu\u2019 \u00f6d\u00fcl\u00fcyle dikkatleri \u00fczerine \u00e7ekti.<\/p>\n<p><img loading=\"lazy\" decoding=\"async\" class=\"size-full wp-image-274231\" src=\"https:\/\/www.tgrthaber.com\/mavikadin\/wp-content\/uploads\/Mert-Yazicioglu-3-8.jpg\" alt=\"Mert Yaz\u0131c\u0131o\u011flu \u2018Y\u0131l\u0131n Oyuncusu\u2019 \u00f6d\u00fcl\u00fcn\u00fc kazand\u0131! Erkan Kol\u00e7ak K\u00f6stendil\u2019in \u00f6d\u00fcl\u00fc verirken ki konu\u015fmas\u0131 seyirciyi kahkahaya bo\u011fdu\" width=\"1208\" height=\"680\" title=\"\" srcset=\"https:\/\/www.tgrthaber.com\/mavikadin\/wp-content\/uploads\/Mert-Yazicioglu-3-8.jpg 1208w, https:\/\/www.tgrthaber.com\/mavikadin\/wp-content\/uploads\/Mert-Yazicioglu-3-8-300x169.jpg 300w, https:\/\/www.tgrthaber.com\/mavikadin\/wp-content\/uploads\/Mert-Yazicioglu-3-8-1024x576.jpg 1024w, https:\/\/www.tgrthaber.com\/mavikadin\/wp-content\/uploads\/Mert-Yazicioglu-3-8-768x432.jpg 768w\" sizes=\"(max-width: 1208px) 100vw, 1208px\" \/><\/p>\n<hr \/>\n<p>Kurulu\u015f Orhan dizisiyle ekranlara bomba gibi d\u00f6nen <a href=\"https:\/\/www.tgrthaber.com\/mavikadin\/kurulus-orhanin-orhan-beyi-mert-yazicioglu-sosyal-medyayi-fena-salladi\/\">Mert Yaz\u0131c\u0131o\u011flu<\/a>, \u2018Orhan Bey\u2019 karakteriyle izleyici kar\u015f\u0131s\u0131na \u00e7\u0131k\u0131yor. Ba\u015far\u0131l\u0131 oyunculuk kariyerinin yan\u0131 s\u0131ra \u00f6zel hayat\u0131yla da ad\u0131ndan s\u00f6z ettiren Yaz\u0131c\u0131o\u011flu, ald\u0131\u011f\u0131 \u00f6d\u00fcllerle de b\u00fcy\u00fck ses getiriyor. Kurulu\u015f Orhan dizisinde ba\u015frol oynayan \u00fcnl\u00fc oyuncu, rol ald\u0131\u011f\u0131 rollerle b\u00fcy\u00fck ilgi g\u00f6rmeye devam ediyor.<\/p>\n<p><img loading=\"lazy\" decoding=\"async\" class=\"size-full wp-image-274238\" src=\"https:\/\/www.tgrthaber.com\/mavikadin\/wp-content\/uploads\/Mert-Yazicioglu-7-1.jpg\" alt=\"Mert Yaz\u0131c\u0131o\u011flu \u2018Y\u0131l\u0131n Oyuncusu\u2019 \u00f6d\u00fcl\u00fcn\u00fc kazand\u0131! Erkan Kol\u00e7ak K\u00f6stendil\u2019in \u00f6d\u00fcl\u00fc verirken ki konu\u015fmas\u0131 seyirciyi kahkahaya bo\u011fdu\" width=\"1208\" height=\"680\" title=\"\" srcset=\"https:\/\/www.tgrthaber.com\/mavikadin\/wp-content\/uploads\/Mert-Yazicioglu-7-1.jpg 1208w, https:\/\/www.tgrthaber.com\/mavikadin\/wp-content\/uploads\/Mert-Yazicioglu-7-1-300x169.jpg 300w, https:\/\/www.tgrthaber.com\/mavikadin\/wp-content\/uploads\/Mert-Yazicioglu-7-1-1024x576.jpg 1024w, https:\/\/www.tgrthaber.com\/mavikadin\/wp-content\/uploads\/Mert-Yazicioglu-7-1-768x432.jpg 768w\" sizes=\"(max-width: 1208px) 100vw, 1208px\" \/><\/p>\n<hr \/>\n<p>Son olarak NOW TV ekranlar\u0131nda yay\u0131nlanan K\u0131z\u0131l Goncalar dizisiyle b\u00fcy\u00fck bir be\u011feni toplayan<a href=\"https:\/\/www.tgrthaber.com\/mavikadin\/kurulus-orhanin-orhan-beyi-mert-yazicioglu-sosyal-medyayi-fena-salladi\/\"> Mert Yaz\u0131c\u0131o\u011flu<\/a>, yeni sezonda ATV ekranlar\u0131n\u0131n reyting rekortmeni dizisiyle ekranlara geliyor. Yaz\u0131c\u0131o\u011flu\u2019nun K\u0131z\u0131l Goncalar dizisindeki \u2018C\u00fcneyd Efendi\u2019 rol\u00fcn\u00fcn ard\u0131ndan \u2018Orhan Bey\u2019 karakteri b\u00fcy\u00fck seyirci taraf\u0131ndan ilgi g\u00f6r\u00fcyor.<\/p>\n<p><img loading=\"lazy\" decoding=\"async\" class=\"size-full wp-image-274242\" src=\"https:\/\/www.tgrthaber.com\/mavikadin\/wp-content\/uploads\/Mert-Yazicioglu-1-10.jpg\" alt=\"Mert Yaz\u0131c\u0131o\u011flu \u2018Y\u0131l\u0131n Oyuncusu\u2019 \u00f6d\u00fcl\u00fcn\u00fc kazand\u0131! Erkan Kol\u00e7ak K\u00f6stendil\u2019in \u00f6d\u00fcl\u00fc verirken ki konu\u015fmas\u0131 seyirciyi kahkahaya bo\u011fdu\" width=\"1208\" height=\"680\" title=\"\" srcset=\"https:\/\/www.tgrthaber.com\/mavikadin\/wp-content\/uploads\/Mert-Yazicioglu-1-10.jpg 1208w, https:\/\/www.tgrthaber.com\/mavikadin\/wp-content\/uploads\/Mert-Yazicioglu-1-10-300x169.jpg 300w, https:\/\/www.tgrthaber.com\/mavikadin\/wp-content\/uploads\/Mert-Yazicioglu-1-10-1024x576.jpg 1024w, https:\/\/www.tgrthaber.com\/mavikadin\/wp-content\/uploads\/Mert-Yazicioglu-1-10-768x432.jpg 768w\" sizes=\"(max-width: 1208px) 100vw, 1208px\" \/><\/p>\n<hr \/>\n<h3>ERKAN KOL\u00c7AK K\u00d6STEND\u0130L\u2019\u0130N \u00d6D\u00dcL\u00dc VER\u0130RKEN K\u0130 KONU\u015eMASI SEY\u0130RC\u0130Y\u0130 KAHKAHAYA BO\u011eDU!<\/h3>\n<p>Son zamanlar\u0131n en ba\u015far\u0131l\u0131 oyuncular\u0131 aras\u0131nda yer alan <a href=\"https:\/\/www.tgrthaber.com\/mavikadin\/cihan-unal-ve-bennu-yildirimlardan-mert-yazicioglu-hakkinda-samimi-itiraflar\/\">Mert Yaz\u0131c\u0131o\u011flu<\/a>, ge\u00e7ti\u011fimiz g\u00fcn ger\u00e7ekle\u015fen <a href=\"https:\/\/www.tgrthaber.com\/mavikadin\/gq-men-of-the-year-2025-gecesinde-oduller-sahiplerini-buldu-hangi-unlu-ne-odulu-aldi\/\">GQ Men Of The Year<\/a> gecesinde \u2018Y\u0131l\u0131n Oyuncusu\u2019 se\u00e7ildi. Erkan Kol\u00e7ak K\u00f6stendil ve \u015e\u00fckran Oval\u0131&#8217;n\u0131n sunuculu\u011funda ger\u00e7ekle\u015fen \u00f6d\u00fcl t\u00f6reninde Yaz\u0131c\u0131o\u011flu, dikkatleri \u00fczerine \u00e7ekmeyi ba\u015fard\u0131.<\/p>\n<p><img loading=\"lazy\" decoding=\"async\" class=\"size-full wp-image-274235\" src=\"https:\/\/www.tgrthaber.com\/mavikadin\/wp-content\/uploads\/Mert-Yazicioglu-4-6.jpg\" alt=\"Mert Yaz\u0131c\u0131o\u011flu \u2018Y\u0131l\u0131n Oyuncusu\u2019 \u00f6d\u00fcl\u00fcn\u00fc kazand\u0131! Erkan Kol\u00e7ak K\u00f6stendil\u2019in \u00f6d\u00fcl\u00fc verirken ki konu\u015fmas\u0131 seyirciyi kahkahaya bo\u011fdu\" width=\"1208\" height=\"680\" title=\"\" srcset=\"https:\/\/www.tgrthaber.com\/mavikadin\/wp-content\/uploads\/Mert-Yazicioglu-4-6.jpg 1208w, https:\/\/www.tgrthaber.com\/mavikadin\/wp-content\/uploads\/Mert-Yazicioglu-4-6-300x169.jpg 300w, https:\/\/www.tgrthaber.com\/mavikadin\/wp-content\/uploads\/Mert-Yazicioglu-4-6-1024x576.jpg 1024w, https:\/\/www.tgrthaber.com\/mavikadin\/wp-content\/uploads\/Mert-Yazicioglu-4-6-768x432.jpg 768w\" sizes=\"(max-width: 1208px) 100vw, 1208px\" \/><\/p>\n<hr \/>\n<p>\u00d6zellikle K\u0131z\u0131l Goncalar dizisiyle b\u00fcy\u00fck bir \u00e7\u0131k\u0131\u015f yakalayan <a href=\"https:\/\/www.tgrthaber.com\/mavikadin\/cihan-unal-ve-bennu-yildirimlardan-mert-yazicioglu-hakkinda-samimi-itiraflar\/\">Mert Yaz\u0131c\u0131o\u011flu<\/a>, dizi final yapt\u0131ktan hemen sonra Kurulu\u015f Orhan dizisiyle el s\u0131k\u0131\u015fm\u0131\u015ft\u0131. GQ Men Of The Year \u00f6d\u00fcl t\u00f6reninde \u2018Y\u0131l\u0131n Oyuncusu\u2019 \u00f6d\u00fcl\u00fcne lay\u0131k g\u00f6r\u00fclen \u00fcnl\u00fc oyuncuya \u00f6d\u00fcl\u00fcn\u00fc \u0130brahim Selim verdi.<\/p>\n<p><img loading=\"lazy\" decoding=\"async\" class=\"size-full wp-image-274233\" src=\"https:\/\/www.tgrthaber.com\/mavikadin\/wp-content\/uploads\/Mert-Yazicioglu-3-9.jpg\" alt=\"Mert Yaz\u0131c\u0131o\u011flu \u2018Y\u0131l\u0131n Oyuncusu\u2019 \u00f6d\u00fcl\u00fcn\u00fc kazand\u0131! Erkan Kol\u00e7ak K\u00f6stendil\u2019in \u00f6d\u00fcl\u00fc verirken ki konu\u015fmas\u0131 seyirciyi kahkahaya bo\u011fdu\" width=\"1208\" height=\"680\" title=\"\" srcset=\"https:\/\/www.tgrthaber.com\/mavikadin\/wp-content\/uploads\/Mert-Yazicioglu-3-9.jpg 1208w, https:\/\/www.tgrthaber.com\/mavikadin\/wp-content\/uploads\/Mert-Yazicioglu-3-9-300x169.jpg 300w, https:\/\/www.tgrthaber.com\/mavikadin\/wp-content\/uploads\/Mert-Yazicioglu-3-9-1024x576.jpg 1024w, https:\/\/www.tgrthaber.com\/mavikadin\/wp-content\/uploads\/Mert-Yazicioglu-3-9-768x432.jpg 768w\" sizes=\"(max-width: 1208px) 100vw, 1208px\" \/><\/p>\n<hr \/>\n<p>Erkan Kol\u00e7ak K\u00f6stendil ve \u015e\u00fckran Oval\u0131&#8217;n\u0131n muhte\u015fem sunumuyla ger\u00e7ekle\u015fen \u00f6d\u00fcl gecesinde unutulmaz anlar ya\u015fand\u0131. Erkan Kol\u00e7ak K\u00f6stendil\u2019in Mert Yaz\u0131c\u0131o\u011flu\u2019na \u00f6d\u00fcl\u00fcn\u00fc almadan \u00f6nce yapt\u0131\u011f\u0131 konu\u015fma seyirciyi kahkahaya bo\u011fdu. Sosyal medyada k\u0131sa s\u00fcrede h\u0131zla yay\u0131lan video herkesi g\u00fcld\u00fcrd\u00fc. K\u00f6stendil\u2019in, Yaz\u0131c\u0131o\u011flu hakk\u0131nda yapt\u0131\u011f\u0131 samimi konu\u015fma b\u00fcy\u00fck ilgi g\u00f6rd\u00fc. \u0130\u015fte Mert Yaz\u0131c\u0131o\u011flu ve Erkan Kol\u00e7ak K\u00f6stendil\u2019in herkesi g\u00fcld\u00fcren o samimi anlar\u0131\u2026<\/p>\n<div style=\"width: 640px;\" class=\"wp-video\"><!--[if lt IE 9]><script>document.createElement('video');<\/script><![endif]-->\n<video class=\"wp-video-shortcode\" id=\"video-274228-1\" width=\"640\" height=\"537\" preload=\"metadata\" controls=\"controls\"><source type=\"video\/mp4\" src=\"https:\/\/www.tgrthaber.com\/mavikadin\/wp-content\/uploads\/Mert-Yazicioglu-1.mp4?_=1\" \/><a href=\"https:\/\/www.tgrthaber.com\/mavikadin\/wp-content\/uploads\/Mert-Yazicioglu-1.mp4\">https:\/\/www.tgrthaber.com\/mavikadin\/wp-content\/uploads\/Mert-Yazicioglu-1.mp4<\/a><\/video><\/div>\n","protected":false},"excerpt":{"rendered":"<p>Ba\u015far\u0131l\u0131 ve yak\u0131\u015f\u0131kl\u0131 oyunculu\u011fuyla dikkatleri \u00fczerine \u00e7eken Mert Yaz\u0131c\u0131o\u011flu \u2018Y\u0131l\u0131n Oyuncusu\u2019 \u00f6d\u00fcl\u00fcn\u00fc kazand\u0131.  Erkan Kol\u00e7ak K\u00f6stendil\u2019in \u00f6d\u00fcl\u00fc verirken ki konu\u015fmas\u0131 seyirciyi kahkahaya bo\u011fdu. \u0130\u015fte detaylar\u2026<\/p>\n","protected":false},"author":26,"featured_media":274229,"comment_status":"closed","ping_status":"closed","sticky":false,"template":"","format":"standard","meta":{"rank_math_lock_modified_date":false,"footnotes":""},"categories":[76],"tags":[4799,3258,133,2218,2307],"class_list":["post-274228","post","type-post","status-publish","format-standard","has-post-thumbnail","hentry","category-magazin","tag-erkan-kolcak-kostendil","tag-gq-men-of-the-year","tag-magazin","tag-magazin-haberleri","tag-mert-yazicioglu"],"_links":{"self":[{"href":"https:\/\/www.tgrthaber.com\/mavikadin\/wp-json\/wp\/v2\/posts\/274228"}],"collection":[{"href":"https:\/\/www.tgrthaber.com\/mavikadin\/wp-json\/wp\/v2\/posts"}],"about":[{"href":"https:\/\/www.tgrthaber.com\/mavikadin\/wp-json\/wp\/v2\/types\/post"}],"author":[{"embeddable":true,"href":"https:\/\/www.tgrthaber.com\/mavikadin\/wp-json\/wp\/v2\/users\/26"}],"replies":[{"embeddable":true,"href":"https:\/\/www.tgrthaber.com\/mavikadin\/wp-json\/wp\/v2\/comments?post=274228"}],"version-history":[{"count":1,"href":"https:\/\/www.tgrthaber.com\/mavikadin\/wp-json\/wp\/v2\/posts\/274228\/revisions"}],"predecessor-version":[{"id":274243,"href":"https:\/\/www.tgrthaber.com\/mavikadin\/wp-json\/wp\/v2\/posts\/274228\/revisions\/274243"}],"wp:featuredmedia":[{"embeddable":true,"href":"https:\/\/www.tgrthaber.com\/mavikadin\/wp-json\/wp\/v2\/media\/274229"}],"wp:attachment":[{"href":"https:\/\/www.tgrthaber.com\/mavikadin\/wp-json\/wp\/v2\/media?parent=274228"}],"wp:term":[{"taxonomy":"category","embeddable":true,"href":"https:\/\/www.tgrthaber.com\/mavikadin\/wp-json\/wp\/v2\/categories?post=274228"},{"taxonomy":"post_tag","embeddable":true,"href":"https:\/\/www.tgrthaber.com\/mavikadin\/wp-json\/wp\/v2\/tags?post=274228"}],"curies":[{"name":"wp","href":"https:\/\/api.w.org\/{rel}","templated":true}]}}