{"id":274254,"date":"2025-12-11T11:43:21","date_gmt":"2025-12-11T08:43:21","guid":{"rendered":"https:\/\/www.tgrthaber.com\/mavikadin\/?p=274254"},"modified":"2025-12-11T11:43:21","modified_gmt":"2025-12-11T08:43:21","slug":"bengisu-avci-basari-hikayesini-hayran-birakti-egeli-mezunlar-ve-ogrenciler-ayni-cati-altinda","status":"publish","type":"post","link":"https:\/\/www.tgrthaber.com\/mavikadin\/bengisu-avci-basari-hikayesini-hayran-birakti-egeli-mezunlar-ve-ogrenciler-ayni-cati-altinda\/","title":{"rendered":"Bengisu Avc\u0131 ba\u015far\u0131 hikayesini hayran b\u0131rakt\u0131! Egeli mezunlar ve \u00f6\u011frenciler ayn\u0131 \u00e7at\u0131 alt\u0131nda"},"content":{"rendered":"<p>Ege \u00dcniversitesi\u2019nin 70. y\u0131l etkinlikleri kapsam\u0131nda d\u00fczenlenen \u201cMezunlar\u0131m\u0131z \u00d6\u011frencilerimizle Bulu\u015fuyor\u201d program\u0131nda Milli Y\u00fcz\u00fcc\u00fc <a href=\"https:\/\/www.tgrthaber.com\/mavikadin\/bengisu-avci-kimdir-ve-nerelidir-bengisu-avci-kac-yasinda-evli-mi\/\">Bengisu Avc\u0131<\/a>, ilham veren ba\u015far\u0131 hik\u00e2yesini \u00f6\u011frencilere aktard\u0131. Etkinlik konser, s\u00f6yle\u015fi ve mezun bulu\u015fmalar\u0131yla b\u00fcy\u00fck ilgi g\u00f6rd\u00fc. \u0130\u015fte detaylar&#8230;<\/p>\n<h3>\u0130LHAM VEREN MEZUNLAR PROGRAMI<\/h3>\n<p>Ege \u00dcniversitesi Kariyer Planlama ve Ba\u015far\u0131 Koordinat\u00f6rl\u00fc\u011f\u00fc ile Mezunlarla \u0130li\u015fkiler Ofisi i\u015f birli\u011finde, 70. y\u0131l etkinlikleri kapsam\u0131nda d\u00fczenlenen &#8220;Mezunlar\u0131m\u0131z \u00d6\u011frencilerimizle Bulu\u015fuyor&#8221; program\u0131, \u00f6\u011frencilerin ve mezunlar\u0131n yo\u011fun kat\u0131l\u0131m\u0131yla Prof. Dr. Yusuf Vardar-M\u00d6TBE K\u00fclt\u00fcr Merkezinde ger\u00e7ekle\u015ftirildi. Etkinlik kapsam\u0131nda Prof. Dr. Bahtiyar \u00d6z\u00e7ald\u0131ran\u2019\u0131n moderat\u00f6rl\u00fc\u011f\u00fcn\u00fc \u00fcstlendi\u011fi s\u00f6yle\u015fide Milli Y\u00fcz\u00fcc\u00fc Bengisu Avc\u0131 tecr\u00fcbelerini ve ba\u015far\u0131 hik\u00e2yesini kat\u0131l\u0131mc\u0131larla payla\u015ft\u0131. S\u00f6yle\u015finin ard\u0131ndan sahne alan Ege \u00dcniversitesi Devlet T\u00fcrk Musikisi Konservatuvar\u0131 ise icra etti\u011fi mini konserle kat\u0131l\u0131mc\u0131lara m\u00fczik ziyafeti sundu. Etkinlikte ayr\u0131ca sponsor firmalar taraf\u0131ndan kurulan stantlarda mezunlara \u00e7e\u015fitli ikramlar sunuldu.<\/p>\n<p><img loading=\"lazy\" decoding=\"async\" class=\"alignnone size-full wp-image-274272\" src=\"https:\/\/www.tgrthaber.com\/mavikadin\/wp-content\/uploads\/Asli-2025-12-11T111932.378.png\" alt=\"\" width=\"1208\" height=\"680\" title=\"\" srcset=\"https:\/\/www.tgrthaber.com\/mavikadin\/wp-content\/uploads\/Asli-2025-12-11T111932.378.png 1208w, https:\/\/www.tgrthaber.com\/mavikadin\/wp-content\/uploads\/Asli-2025-12-11T111932.378-300x169.png 300w, https:\/\/www.tgrthaber.com\/mavikadin\/wp-content\/uploads\/Asli-2025-12-11T111932.378-1024x576.png 1024w, https:\/\/www.tgrthaber.com\/mavikadin\/wp-content\/uploads\/Asli-2025-12-11T111932.378-768x432.png 768w\" sizes=\"(max-width: 1208px) 100vw, 1208px\" \/><\/p>\n<hr \/>\n<p>Etkinli\u011fin a\u00e7\u0131l\u0131\u015f konu\u015fmas\u0131n\u0131 yapan Mezunlarla \u0130li\u015fkiler Ofisi Koordinat\u00f6r\u00fc \u00d6\u011fr. G\u00f6r. Ebru Kalyoncu, &#8220;Ege \u00dcniversitesi olarak heyecanl\u0131y\u0131z. \u00dcniversitemiz, bug\u00fcn d\u00fcnyada bilimde \u00f6nemli bir e\u011fitim markas\u0131 olma yolunda emin ad\u0131mlarla ilerliyor. Asl\u0131nda en b\u00fcy\u00fck g\u00fcc\u00fcm\u00fcz; bu salonda ortak bir ruhla bulu\u015fan mezunlar\u0131m\u0131z, \u00f6\u011frencilerimiz ile akademik ve idari mensuplar\u0131m\u0131zdan olu\u015fan g\u00fc\u00e7l\u00fc birliktelik ve derin ba\u011fd\u0131r. Bug\u00fcn bu birlikteli\u011fimizi kutlamak \u00fczere bir araya geldik. Bir aile olarak, mezunlar\u0131m\u0131z\u0131n ilham veren hik\u00e2yelerini hep birlikte dinlemek ve bu yolculu\u011fa tan\u0131kl\u0131k etmek istiyoruz. Yolun ba\u015f\u0131ndaki sevgili gen\u00e7lerimize ise \u015funu bilmenizi isterim ki; bu s\u0131ralardan mezun oldu\u011funuzda arkan\u0131zda bu \u00fclkenin en k\u00f6kl\u00fc kurumsal ailelerinden biri olan yetmi\u015f y\u0131ll\u0131k bir ge\u00e7mi\u015f olacak. Egeli olmak g\u00fczel, Egeli olmak k\u0131ymetli. Sizlerle birlikte olmak ise b\u00fcy\u00fck bir onurdur. Evinize, ailenize ho\u015f geldiniz&#8221; dedi.<\/p>\n<p><img loading=\"lazy\" decoding=\"async\" class=\"alignnone size-full wp-image-274273\" src=\"https:\/\/www.tgrthaber.com\/mavikadin\/wp-content\/uploads\/Asli-2025-12-11T111944.807.png\" alt=\"\" width=\"1208\" height=\"680\" title=\"\" srcset=\"https:\/\/www.tgrthaber.com\/mavikadin\/wp-content\/uploads\/Asli-2025-12-11T111944.807.png 1208w, https:\/\/www.tgrthaber.com\/mavikadin\/wp-content\/uploads\/Asli-2025-12-11T111944.807-300x169.png 300w, https:\/\/www.tgrthaber.com\/mavikadin\/wp-content\/uploads\/Asli-2025-12-11T111944.807-1024x576.png 1024w, https:\/\/www.tgrthaber.com\/mavikadin\/wp-content\/uploads\/Asli-2025-12-11T111944.807-768x432.png 768w\" sizes=\"(max-width: 1208px) 100vw, 1208px\" \/><\/p>\n<hr \/>\n<h3>BENG\u0130SU AVCI: &#8220;8 M\u0130LYARDA 13 KADINDAN B\u0130R\u0130&#8221;<\/h3>\n<p>S\u00f6yle\u015fide konu\u015fan Prof. Dr. Bahtiyar \u00d6z\u00e7ald\u0131ran, &#8220;Ege \u00dcniversitesinde 44 y\u0131ld\u0131r bulunmaktan onur duyan bir hocan\u0131z olarak, rahmetli Sermed Akg\u00fcn hocam\u0131zla ba\u015flayan havuz ser\u00fcvenimizin y\u0131llar i\u00e7inde d\u00fcnya \u00e7ap\u0131nda sporcular yeti\u015ftiren bir hik\u00e2yeye d\u00f6n\u00fc\u015ft\u00fc\u011f\u00fcn\u00fc gururla hat\u0131rl\u0131yorum. Bug\u00fcn aram\u0131zda olan Bengisu Avc\u0131 da o havuzda b\u00fcy\u00fcyen, Seven Oceans\u2019\u0131 ge\u00e7en d\u00fcnyadaki 13 kad\u0131n sporcudan biri olarak hepimizi gururland\u0131ran de\u011ferli bir mezunumuzdur.<\/p>\n<p><img loading=\"lazy\" decoding=\"async\" class=\"alignnone size-full wp-image-274274\" src=\"https:\/\/www.tgrthaber.com\/mavikadin\/wp-content\/uploads\/Asli-2025-12-11T112002.955.png\" alt=\"\" width=\"1208\" height=\"680\" title=\"\" srcset=\"https:\/\/www.tgrthaber.com\/mavikadin\/wp-content\/uploads\/Asli-2025-12-11T112002.955.png 1208w, https:\/\/www.tgrthaber.com\/mavikadin\/wp-content\/uploads\/Asli-2025-12-11T112002.955-300x169.png 300w, https:\/\/www.tgrthaber.com\/mavikadin\/wp-content\/uploads\/Asli-2025-12-11T112002.955-1024x576.png 1024w, https:\/\/www.tgrthaber.com\/mavikadin\/wp-content\/uploads\/Asli-2025-12-11T112002.955-768x432.png 768w\" sizes=\"(max-width: 1208px) 100vw, 1208px\" \/><\/p>\n<hr \/>\n<p>Onunla pek \u00e7ok ba\u015far\u0131 ve duygu payla\u015ft\u0131k, T\u00fcrk bayra\u011f\u0131n\u0131 farkl\u0131 k\u0131talarda ta\u015f\u0131d\u0131k. Bengisu\u2019nun bug\u00fcn sporcu, \u00f6\u011fretmen ve antren\u00f6r olarak aram\u0131zda olmas\u0131ndan b\u00fcy\u00fck mutluluk duyuyorum. D\u00fcnyada yakla\u015f\u0131k 8 milyar insan ya\u015f\u0131yor. Seven Oceans\u2019\u0131 y\u00fczen yaln\u0131zca 40 sporcu var; bunlar\u0131n sadece 13\u2019\u00fc kad\u0131n. <a href=\"https:\/\/www.tgrthaber.com\/mavikadin\/bengisu-avci-okyanus-yedilisinde-bes-parkuru-tamamlayan-ilk-turk-kadin-sporcu-oldu\/\">Bengisu Avc\u0131<\/a>, 8 milyarda 13 kad\u0131ndan biri. Onunla b\u00fcy\u00fck gurur duyuyoruz. Bu sporun s\u0131rr\u0131, hedefe kilitlenebilmek ve bunu saatler boyunca s\u00fcrd\u00fcrebilmektir. Bizden sonra bayra\u011f\u0131 devralacak gen\u00e7lerin daha b\u00fcy\u00fck ba\u015far\u0131lar elde edece\u011fine inan\u0131yorum. Tek tak\u0131nt\u0131m\u0131z, T\u00fcrk bayra\u011f\u0131n\u0131 d\u00fcnyan\u0131n her yerine ta\u015f\u0131mak&#8221; dedi.<\/p>\n<p><img loading=\"lazy\" decoding=\"async\" class=\"alignnone size-full wp-image-274279\" src=\"https:\/\/www.tgrthaber.com\/mavikadin\/wp-content\/uploads\/Asli-2025-12-11T112019.842.png\" alt=\"\" width=\"1208\" height=\"680\" title=\"\" srcset=\"https:\/\/www.tgrthaber.com\/mavikadin\/wp-content\/uploads\/Asli-2025-12-11T112019.842.png 1208w, https:\/\/www.tgrthaber.com\/mavikadin\/wp-content\/uploads\/Asli-2025-12-11T112019.842-300x169.png 300w, https:\/\/www.tgrthaber.com\/mavikadin\/wp-content\/uploads\/Asli-2025-12-11T112019.842-1024x576.png 1024w, https:\/\/www.tgrthaber.com\/mavikadin\/wp-content\/uploads\/Asli-2025-12-11T112019.842-768x432.png 768w\" sizes=\"(max-width: 1208px) 100vw, 1208px\" \/><\/p>\n<hr \/>\n<h3>BENG\u0130SU AVCI\u2019NIN \u0130LHAM VEREN YOLCULU\u011eU<\/h3>\n<p>Kariyer yolculu\u011funu anlatan Bengisu Avc\u0131, &#8220;Antren\u00f6rl\u00fc\u011fe ad\u0131m atmam, Ege \u00dcniversitesinde sporcu olarak ba\u015flayan yolculu\u011fumun do\u011fal bir sonucuydu. 2010\u2019da kurulan ilk a\u00e7\u0131k su milli tak\u0131m\u0131nda yer ald\u0131m; bug\u00fcn sporcu yeti\u015ftirmenin gururunu ya\u015f\u0131yorum. 1999\u2019da T\u00fcrkiye\u2019nin ilk Avrupa A\u00e7\u0131k Su \u015eampiyonas\u0131\u2019n\u0131 organize ederken a\u00e7\u0131k suyla tan\u0131\u015ft\u0131m. Sonras\u0131nda Avrupa Y\u00fczme Birli\u011fi\u2019nde g\u00f6rev alarak gen\u00e7 y\u00fcz\u00fcc\u00fcleri a\u00e7\u0131k suya y\u00f6nlendirdik ve milli tak\u0131m\u0131 ad\u0131m ad\u0131m geli\u015ftirdik. Ege \u00dcniversitesindeki ilk 3 kilometrelik denemelerden bug\u00fcn 60 kilometrelik \u2018Okyanus Yedilisi\u2019 parkurlar\u0131na uzanan bu yolculuk benim i\u00e7in \u00e7ok \u00f6zel. \u00d6zellikle Japonya parkurunda, herkesin imk\u00e2ns\u0131z dedi\u011fi ko\u015fullarda ekibimin inanc\u0131 ve kendi direncimle yar\u0131\u015f\u0131 tamamlamam, bu hik\u00e2yenin en \u00f6nemli duraklar\u0131ndan biri oldu. Buz y\u00fczmede d\u00fcnya rekorlar\u0131 k\u0131rarak s\u0131n\u0131rlar\u0131m\u0131 zorlamaya devam ederken \u015funu s\u00f6yleyebilirim: Hayal kurmaktan vazge\u00e7meyin. Ba\u015fkalar\u0131n\u0131n de\u011fil, kendi hayallerinizin pe\u015finden gidin. Bug\u00fcn size bir motivasyon konu\u015fmas\u0131 de\u011fil, ger\u00e7ek bir hayat hik\u00e2yesi anlatmak istedim&#8221; diye konu\u015ftu.<\/p>\n<p><img loading=\"lazy\" decoding=\"async\" class=\"alignnone size-full wp-image-274286\" src=\"https:\/\/www.tgrthaber.com\/mavikadin\/wp-content\/uploads\/Asli-2025-12-11T113512.428.png\" alt=\"\" width=\"1208\" height=\"680\" title=\"\" srcset=\"https:\/\/www.tgrthaber.com\/mavikadin\/wp-content\/uploads\/Asli-2025-12-11T113512.428.png 1208w, https:\/\/www.tgrthaber.com\/mavikadin\/wp-content\/uploads\/Asli-2025-12-11T113512.428-300x169.png 300w, https:\/\/www.tgrthaber.com\/mavikadin\/wp-content\/uploads\/Asli-2025-12-11T113512.428-1024x576.png 1024w, https:\/\/www.tgrthaber.com\/mavikadin\/wp-content\/uploads\/Asli-2025-12-11T113512.428-768x432.png 768w\" sizes=\"(max-width: 1208px) 100vw, 1208px\" \/><\/p>\n<p>S\u00f6yle\u015finin ard\u0131ndan Ege \u00dcniversitesi Devlet T\u00fcrk Musikisi Konservatuar\u0131 \u00d6\u011fr. \u00dcyesi Do\u00e7. Dr. Hale Yamaner Okdan ve E\u00dc konservatuvar mezunu Y\u0131lmaz Demirta\u015f&#8217;\u0131n verdi\u011fi mini konser etkinli\u011fe renk katt\u0131. Program\u0131n sonunda Milli Y\u00fcz\u00fcc\u00fc Bengisu Avc\u0131\u2019ya ve etkinli\u011fe katk\u0131 veren sponsor firmalar\u0131n temsilcilerine plaket takdimi yap\u0131ld\u0131.<\/p>\n","protected":false},"excerpt":{"rendered":"<p>Ege \u00dcniversitesi Kariyer Planlama ve Ba\u015far\u0131 Koordinat\u00f6rl\u00fc\u011f\u00fc ile Mezunlarla \u0130li\u015fkiler Ofisi i\u015f birli\u011finde, 70. y\u0131l etkinlikleri kapsam\u0131nda d\u00fczenlenen \u201cMezunlar\u0131m\u0131z \u00d6\u011frencilerimizle Bulu\u015fuyor\u201d program\u0131nda Milli Y\u00fcz\u00fcc\u00fc Bengisu Avc\u0131 tecr\u00fcbelerini ve ba\u015far\u0131 hikayesini kat\u0131l\u0131mc\u0131larla payla\u015ft\u0131. <\/p>\n","protected":false},"author":37,"featured_media":274257,"comment_status":"closed","ping_status":"closed","sticky":false,"template":"","format":"standard","meta":{"rank_math_lock_modified_date":false,"footnotes":""},"categories":[2149],"tags":[28964,86,68068,54022,38200],"class_list":["post-274254","post","type-post","status-publish","format-standard","has-post-thumbnail","hentry","category-guclu-kadin","tag-bengisu-avci","tag-kadin","tag-milli-kadin-yuzucu","tag-milli-yuzucu","tag-spor"],"_links":{"self":[{"href":"https:\/\/www.tgrthaber.com\/mavikadin\/wp-json\/wp\/v2\/posts\/274254"}],"collection":[{"href":"https:\/\/www.tgrthaber.com\/mavikadin\/wp-json\/wp\/v2\/posts"}],"about":[{"href":"https:\/\/www.tgrthaber.com\/mavikadin\/wp-json\/wp\/v2\/types\/post"}],"author":[{"embeddable":true,"href":"https:\/\/www.tgrthaber.com\/mavikadin\/wp-json\/wp\/v2\/users\/37"}],"replies":[{"embeddable":true,"href":"https:\/\/www.tgrthaber.com\/mavikadin\/wp-json\/wp\/v2\/comments?post=274254"}],"version-history":[{"count":1,"href":"https:\/\/www.tgrthaber.com\/mavikadin\/wp-json\/wp\/v2\/posts\/274254\/revisions"}],"predecessor-version":[{"id":274290,"href":"https:\/\/www.tgrthaber.com\/mavikadin\/wp-json\/wp\/v2\/posts\/274254\/revisions\/274290"}],"wp:featuredmedia":[{"embeddable":true,"href":"https:\/\/www.tgrthaber.com\/mavikadin\/wp-json\/wp\/v2\/media\/274257"}],"wp:attachment":[{"href":"https:\/\/www.tgrthaber.com\/mavikadin\/wp-json\/wp\/v2\/media?parent=274254"}],"wp:term":[{"taxonomy":"category","embeddable":true,"href":"https:\/\/www.tgrthaber.com\/mavikadin\/wp-json\/wp\/v2\/categories?post=274254"},{"taxonomy":"post_tag","embeddable":true,"href":"https:\/\/www.tgrthaber.com\/mavikadin\/wp-json\/wp\/v2\/tags?post=274254"}],"curies":[{"name":"wp","href":"https:\/\/api.w.org\/{rel}","templated":true}]}}