{"id":274291,"date":"2025-12-11T14:06:53","date_gmt":"2025-12-11T11:06:53","guid":{"rendered":"https:\/\/www.tgrthaber.com\/mavikadin\/?p=274291"},"modified":"2025-12-11T14:08:03","modified_gmt":"2025-12-11T11:08:03","slug":"rabia-demir-onyargilari-yikarak-hayalini-gerceklestiriyor-sivasin-ilk-silobas-soforu","status":"publish","type":"post","link":"https:\/\/www.tgrthaber.com\/mavikadin\/rabia-demir-onyargilari-yikarak-hayalini-gerceklestiriyor-sivasin-ilk-silobas-soforu\/","title":{"rendered":"Rabia Demir \u00f6nyarg\u0131lar\u0131 y\u0131karak hayalini ger\u00e7ekle\u015ftiriyor! Sivas&#8217;\u0131n ilk silobas \u015fof\u00f6r\u00fc"},"content":{"rendered":"<p>Rabia Demir Sivas\u2019\u0131n <a href=\"https:\/\/www.tgrthaber.com\/mavikadin\/gq-men-of-the-year-yilin-kadini-odulunu-sinem-unsal-kazandi-sinem-unsalin-gq-odul-konusmasi\/\">kad\u0131n<\/a> silobas \u015fof\u00f6r\u00fc olarak toplumsal \u00f6nyarg\u0131lar\u0131 y\u0131kt\u0131. Sivas&#8217;ta ya\u015fayan 35 ya\u015f\u0131ndaki 2 \u00e7ocuk annesi Rabia Demir, di\u011fer kad\u0131nlara da ilham kayna\u011f\u0131 oluyor<\/p>\n<h3>S\u0130VASIN \u0130LK S\u0130LOBAS \u015eOF\u00d6R\u00dc RAB\u0130A DEM\u0130R\u0130N AZ\u0130M DOLU HAYATI<\/h3>\n<p>Sivas&#8217;ta ya\u015fayan Rabia Demir, \u00e7ocukluk hayali olan t\u0131r \u015fof\u00f6rl\u00fc\u011f\u00fcn\u00fc ger\u00e7ekle\u015ftirerek, kentin ilk kad\u0131n silobas \u015fof\u00f6r\u00fc oldu. Toplumsal \u00f6n yarg\u0131lara ald\u0131rmadan mesle\u011fe ba\u015flayan Demir, di\u011fer kad\u0131nlara da ilham kayna\u011f\u0131 oluyor.<\/p>\n<p><img loading=\"lazy\" decoding=\"async\" class=\"alignnone size-full wp-image-274366\" src=\"https:\/\/www.tgrthaber.com\/mavikadin\/wp-content\/uploads\/Asli-2025-12-11T134700.139.png\" alt=\"\" width=\"1208\" height=\"680\" title=\"\" srcset=\"https:\/\/www.tgrthaber.com\/mavikadin\/wp-content\/uploads\/Asli-2025-12-11T134700.139.png 1208w, https:\/\/www.tgrthaber.com\/mavikadin\/wp-content\/uploads\/Asli-2025-12-11T134700.139-300x169.png 300w, https:\/\/www.tgrthaber.com\/mavikadin\/wp-content\/uploads\/Asli-2025-12-11T134700.139-1024x576.png 1024w, https:\/\/www.tgrthaber.com\/mavikadin\/wp-content\/uploads\/Asli-2025-12-11T134700.139-768x432.png 768w\" sizes=\"(max-width: 1208px) 100vw, 1208px\" \/><\/p>\n<hr \/>\n<p>Sivas&#8217;ta ya\u015fayan 35 ya\u015f\u0131ndaki 2 \u00e7ocuk annesi Rabia Demir, \u00e7ocuklu\u011funda ilgi duymaya ba\u015flad\u0131\u011f\u0131 a\u011f\u0131r vas\u0131ta ara\u00e7 \u015fof\u00f6rl\u00fc\u011f\u00fcn\u00fc meslek haline getirdi. Demir, uzun s\u00fcredir hayalini kurdu\u011fu t\u0131r \u015fof\u00f6rl\u00fc\u011f\u00fc i\u00e7in gerekli t\u00fcm a\u011f\u0131r vas\u0131ta s\u00fcr\u00fcc\u00fc belgelerini ald\u0131ktan sonra bir nakliye firmas\u0131nda i\u015fe ba\u015flad\u0131.<\/p>\n<p><img loading=\"lazy\" decoding=\"async\" class=\"alignnone size-full wp-image-274367\" src=\"https:\/\/www.tgrthaber.com\/mavikadin\/wp-content\/uploads\/Asli-2025-12-11T134721.876.png\" alt=\"\" width=\"1208\" height=\"680\" title=\"\" srcset=\"https:\/\/www.tgrthaber.com\/mavikadin\/wp-content\/uploads\/Asli-2025-12-11T134721.876.png 1208w, https:\/\/www.tgrthaber.com\/mavikadin\/wp-content\/uploads\/Asli-2025-12-11T134721.876-300x169.png 300w, https:\/\/www.tgrthaber.com\/mavikadin\/wp-content\/uploads\/Asli-2025-12-11T134721.876-1024x576.png 1024w, https:\/\/www.tgrthaber.com\/mavikadin\/wp-content\/uploads\/Asli-2025-12-11T134721.876-768x432.png 768w\" sizes=\"(max-width: 1208px) 100vw, 1208px\" \/><\/p>\n<hr \/>\n<p>Demir, bir s\u00fcredir silobas tipi t\u0131r ile \u00e7imento ve benzeri kuru malzemeler ta\u015f\u0131yor. Sivas&#8217;\u0131n ilk <a href=\"https:\/\/www.tgrthaber.com\/mavikadin\/2026-yilbasinda-kadinlara-alinacak-hediye-modelleri\/\">kad\u0131n<\/a> t\u0131r \u015fof\u00f6r\u00fc olan Demir, azmi ve kararl\u0131l\u0131\u011f\u0131yla hem kentte hem de sosyal medyada bir\u00e7ok ki\u015fiye ilham olmaya devam ediyor.<\/p>\n<p><img loading=\"lazy\" decoding=\"async\" class=\"alignnone size-full wp-image-274368\" src=\"https:\/\/www.tgrthaber.com\/mavikadin\/wp-content\/uploads\/Asli-2025-12-11T134749.495.png\" alt=\"\" width=\"1208\" height=\"680\" title=\"\" srcset=\"https:\/\/www.tgrthaber.com\/mavikadin\/wp-content\/uploads\/Asli-2025-12-11T134749.495.png 1208w, https:\/\/www.tgrthaber.com\/mavikadin\/wp-content\/uploads\/Asli-2025-12-11T134749.495-300x169.png 300w, https:\/\/www.tgrthaber.com\/mavikadin\/wp-content\/uploads\/Asli-2025-12-11T134749.495-1024x576.png 1024w, https:\/\/www.tgrthaber.com\/mavikadin\/wp-content\/uploads\/Asli-2025-12-11T134749.495-768x432.png 768w\" sizes=\"(max-width: 1208px) 100vw, 1208px\" \/><\/p>\n<hr \/>\n<p>Yolda kulland\u0131\u011f\u0131 t\u0131r\u0131 g\u00f6renlerin \u00e7o\u011fu zaman \u015fa\u015f\u0131rd\u0131\u011f\u0131n\u0131 aktaran Rabia Demir, vatanda\u015flar\u0131n zaman zaman foto\u011fraf \u00e7ekinmek istediklerini de s\u00f6yledi. Toplumdaki baz\u0131 \u00f6n yarg\u0131lara ra\u011fmen i\u015fini severek yapt\u0131\u011f\u0131n\u0131 belirten Demir, mesle\u011fini s\u00fcrd\u00fcrmekte kararl\u0131 oldu\u011funu ifade etti. \u0130nsanlar\u0131n \u2018Kad\u0131ns\u0131n yapamazs\u0131n&#8217; demelerine kulak asmayan Demir, kazand\u0131\u011f\u0131 parayla \u00e7ocuklar\u0131na bakt\u0131\u011f\u0131n\u0131 s\u00f6yledi.<\/p>\n<h3><img loading=\"lazy\" decoding=\"async\" class=\"alignnone size-full wp-image-274369\" src=\"https:\/\/www.tgrthaber.com\/mavikadin\/wp-content\/uploads\/Asli-2025-12-11T134814.011.png\" alt=\"\" width=\"1208\" height=\"680\" title=\"\" srcset=\"https:\/\/www.tgrthaber.com\/mavikadin\/wp-content\/uploads\/Asli-2025-12-11T134814.011.png 1208w, https:\/\/www.tgrthaber.com\/mavikadin\/wp-content\/uploads\/Asli-2025-12-11T134814.011-300x169.png 300w, https:\/\/www.tgrthaber.com\/mavikadin\/wp-content\/uploads\/Asli-2025-12-11T134814.011-1024x576.png 1024w, https:\/\/www.tgrthaber.com\/mavikadin\/wp-content\/uploads\/Asli-2025-12-11T134814.011-768x432.png 768w\" sizes=\"(max-width: 1208px) 100vw, 1208px\" \/><\/h3>\n<hr \/>\n<h3>RAB\u0130A DEM\u0130R YAPAMAZSIN DED\u0130LER ENGELLER\u0130 A\u015eTI!<\/h3>\n<p>Mesle\u011fin ba\u015flar\u0131nda zorland\u0131\u011f\u0131n\u0131 belirten Rabia Demir, &#8220;Bu mesle\u011fe \u00e7ocukluk zamanlar\u0131mda heves duyuyordum ve bu i\u015fi yapman\u0131n gururunu ya\u015f\u0131yorum. Kafama bu mesle\u011fi yapaca\u011f\u0131m diye koydum. Daha sonra gerekli b\u00fct\u00fcn ehliyetlerimi tamamlad\u0131m.<\/p>\n<div style=\"width: 640px;\" class=\"wp-video\"><!--[if lt IE 9]><script>document.createElement('video');<\/script><![endif]-->\n<video class=\"wp-video-shortcode\" id=\"video-274291-1\" width=\"640\" height=\"360\" preload=\"metadata\" controls=\"controls\"><source type=\"video\/mp4\" src=\"https:\/\/www.tgrthaber.com\/mavikadin\/wp-content\/uploads\/B9329328-52DA-4F25-9F80-E5FD5B0E3121.mp4?_=1\" \/><a href=\"https:\/\/www.tgrthaber.com\/mavikadin\/wp-content\/uploads\/B9329328-52DA-4F25-9F80-E5FD5B0E3121.mp4\">https:\/\/www.tgrthaber.com\/mavikadin\/wp-content\/uploads\/B9329328-52DA-4F25-9F80-E5FD5B0E3121.mp4<\/a><\/video><\/div>\n<hr \/>\n<p>Bu i\u015flemleri tamamlad\u0131ktan sonra i\u015f ba\u015fvurusunda bulunarak, i\u015fe al\u0131nd\u0131m. Sivas&#8217;taki ilk t\u0131r \u015fof\u00f6rl\u00fc\u011f\u00fc yapan kad\u0131n\u0131m ve bunun gururunu ya\u015f\u0131yorum. \u0130nsanlar yolda g\u00f6rd\u00fc\u011f\u00fc zaman \u00e7ok \u015fa\u015f\u0131r\u0131yor. Baz\u0131 insanlar foto\u011fraf dahi \u00e7ekinmek istiyor ve tebrik ediyor. \u0130lk ba\u015flarda \u00e7ok zorland\u0131m ama daha sonras\u0131nda al\u0131\u015ft\u0131m.<\/p>\n<p><img loading=\"lazy\" decoding=\"async\" class=\"alignnone size-full wp-image-274371\" src=\"https:\/\/www.tgrthaber.com\/mavikadin\/wp-content\/uploads\/Asli-2025-12-11T134836.269.png\" alt=\"\" width=\"1208\" height=\"680\" title=\"\" srcset=\"https:\/\/www.tgrthaber.com\/mavikadin\/wp-content\/uploads\/Asli-2025-12-11T134836.269.png 1208w, https:\/\/www.tgrthaber.com\/mavikadin\/wp-content\/uploads\/Asli-2025-12-11T134836.269-300x169.png 300w, https:\/\/www.tgrthaber.com\/mavikadin\/wp-content\/uploads\/Asli-2025-12-11T134836.269-1024x576.png 1024w, https:\/\/www.tgrthaber.com\/mavikadin\/wp-content\/uploads\/Asli-2025-12-11T134836.269-768x432.png 768w\" sizes=\"(max-width: 1208px) 100vw, 1208px\" \/><\/p>\n<p>Her i\u015fin kendine g\u00f6re bir zorlu\u011fu var. \u015eu anda da severek yap\u0131yorum. Normal araba kullanmak yerine t\u0131r s\u00fcrmeyi tercih ettim. Kad\u0131nlar h\u00fcnerlerini sadece mutfakta sergilemesin, hayallerinin pe\u015finden ko\u015fsun. \u0130lk bu i\u015fe ba\u015flad\u0131\u011f\u0131mda \u2018Yapamazs\u0131n&#8217; dediler. Buradan kazand\u0131\u011f\u0131m para ile de \u00e7ocuklar\u0131ma bak\u0131yorum&#8221; dedi.<\/p>\n","protected":false},"excerpt":{"rendered":"<p>Rabia Demir, \u00e7ocukluk hayali olan t\u0131r \u015fof\u00f6rl\u00fc\u011f\u00fcn\u00fc ger\u00e7ekle\u015ftirerek, kentin ilk kad\u0131n silobas \u015fof\u00f6r\u00fc olmay\u0131 ba\u015fard\u0131. \u00d6n yarg\u0131lar\u0131 y\u0131karak kad\u0131ns\u0131n yapamazs\u0131n diyenlere ra\u011fmen \u015fuan silobas \u015fof\u00f6rl\u00fc\u011f\u00fc yap\u0131yor.<\/p>\n","protected":false},"author":37,"featured_media":274365,"comment_status":"closed","ping_status":"closed","sticky":false,"template":"","format":"standard","meta":{"rank_math_lock_modified_date":false,"footnotes":""},"categories":[2149],"tags":[13357,68085,68086,1858],"class_list":["post-274291","post","type-post","status-publish","format-standard","has-post-thumbnail","hentry","category-guclu-kadin","tag-kadin-sofor","tag-rabia-demir","tag-silobas","tag-sivas"],"_links":{"self":[{"href":"https:\/\/www.tgrthaber.com\/mavikadin\/wp-json\/wp\/v2\/posts\/274291"}],"collection":[{"href":"https:\/\/www.tgrthaber.com\/mavikadin\/wp-json\/wp\/v2\/posts"}],"about":[{"href":"https:\/\/www.tgrthaber.com\/mavikadin\/wp-json\/wp\/v2\/types\/post"}],"author":[{"embeddable":true,"href":"https:\/\/www.tgrthaber.com\/mavikadin\/wp-json\/wp\/v2\/users\/37"}],"replies":[{"embeddable":true,"href":"https:\/\/www.tgrthaber.com\/mavikadin\/wp-json\/wp\/v2\/comments?post=274291"}],"version-history":[{"count":2,"href":"https:\/\/www.tgrthaber.com\/mavikadin\/wp-json\/wp\/v2\/posts\/274291\/revisions"}],"predecessor-version":[{"id":274375,"href":"https:\/\/www.tgrthaber.com\/mavikadin\/wp-json\/wp\/v2\/posts\/274291\/revisions\/274375"}],"wp:featuredmedia":[{"embeddable":true,"href":"https:\/\/www.tgrthaber.com\/mavikadin\/wp-json\/wp\/v2\/media\/274365"}],"wp:attachment":[{"href":"https:\/\/www.tgrthaber.com\/mavikadin\/wp-json\/wp\/v2\/media?parent=274291"}],"wp:term":[{"taxonomy":"category","embeddable":true,"href":"https:\/\/www.tgrthaber.com\/mavikadin\/wp-json\/wp\/v2\/categories?post=274291"},{"taxonomy":"post_tag","embeddable":true,"href":"https:\/\/www.tgrthaber.com\/mavikadin\/wp-json\/wp\/v2\/tags?post=274291"}],"curies":[{"name":"wp","href":"https:\/\/api.w.org\/{rel}","templated":true}]}}