{"id":274333,"date":"2025-12-11T13:17:09","date_gmt":"2025-12-11T10:17:09","guid":{"rendered":"https:\/\/www.tgrthaber.com\/mavikadin\/?p=274333"},"modified":"2025-12-11T13:27:07","modified_gmt":"2025-12-11T10:27:07","slug":"tarihte-asporca-hatun-kimdir-orhan-gazinin-kacinci-esidir","status":"publish","type":"post","link":"https:\/\/www.tgrthaber.com\/mavikadin\/tarihte-asporca-hatun-kimdir-orhan-gazinin-kacinci-esidir\/","title":{"rendered":"Tarihte Aspor\u00e7a Hatun kimdir? Orhan Gazi\u2019nin ka\u00e7\u0131nc\u0131 e\u015fidir?"},"content":{"rendered":"<p>Kurulu\u015f Orhan dizisine Alina Boz\u2019un <a href=\"https:\/\/www.tgrthaber.com\/mavikadin\/kurulus-osmana-burak-ozcivit-yerine-mert-yazicioglu-geliyor-orhan-gazi-donemi-basliyor\/\">Aspor\u00e7a Hatun<\/a> rol\u00fcyle kat\u0131lmas\u0131n\u0131n ard\u0131ndan, izleyiciler tarihte Aspor\u00e7a Hatun\u2019un kim oldu\u011fu ve Orhan Gazi\u2019nin ka\u00e7\u0131nc\u0131 e\u015fi oldu\u011fu gibi sorular\u0131n cevaplar\u0131n\u0131 merak etmeye ba\u015flad\u0131. Osmanl\u0131 tarihinde Aspor\u00e7a Hatun hakk\u0131ndaki detaylar olduk\u00e7a k\u0131s\u0131tl\u0131d\u0131r. Bu ba\u011flamda, Aspor\u00e7a Hatun, Osmanl\u0131 Devleti\u2019nin ikinci padi\u015fah\u0131 Orhan Gazi\u2019nin e\u015flerinden biri olarak ge\u00e7er. Tarih\u00ee kaynaklara g\u00f6re Orhan Gazi\u2019nin ikinci e\u015fi oldu\u011fu bilinmektedir.<\/p>\n<h3>TAR\u0130HTE ASPOR\u00c7A HATUN K\u0130MD\u0130R?<\/h3>\n<p><a href=\"https:\/\/www.tgrthaber.com\/mavikadin\/kurulus-osmanin-orhan-gazisi-emre-bey-kimdir-emre-bey-kac-yasinda-nereli\/\">Aspor\u00e7a Hatun<\/a>, Osmanl\u0131 Devleti\u2019nin ikinci padi\u015fah\u0131 Orhan Gazi\u2019nin e\u015flerinden biridir. Erken Osmanl\u0131 d\u00f6nemine ait kaynaklarda ad\u0131 ge\u00e7en nadir kad\u0131nlardan biridir, ancak hakk\u0131nda bilgiler olduk\u00e7a s\u0131n\u0131rl\u0131d\u0131r.<\/p>\n<p><img loading=\"lazy\" decoding=\"async\" class=\"aligncenter size-full wp-image-274336\" src=\"https:\/\/www.tgrthaber.com\/mavikadin\/wp-content\/uploads\/Asparca-HAtun-2.png\" alt=\"\" width=\"1208\" height=\"680\" title=\"\" srcset=\"https:\/\/www.tgrthaber.com\/mavikadin\/wp-content\/uploads\/Asparca-HAtun-2.png 1208w, https:\/\/www.tgrthaber.com\/mavikadin\/wp-content\/uploads\/Asparca-HAtun-2-300x169.png 300w, https:\/\/www.tgrthaber.com\/mavikadin\/wp-content\/uploads\/Asparca-HAtun-2-1024x576.png 1024w, https:\/\/www.tgrthaber.com\/mavikadin\/wp-content\/uploads\/Asparca-HAtun-2-768x432.png 768w\" sizes=\"(max-width: 1208px) 100vw, 1208px\" \/><\/p>\n<hr \/>\n<p><strong>Orhan Gazi\u2019nin E\u015fi<\/strong>: Tarih\u00ee kaynaklara g\u00f6re Orhan Gazi\u2019nin ikinci e\u015fidir.<\/p>\n<p>\u00c7ocuklar\u0131: Baz\u0131 kaynaklarda, Orhan Gazi\u2019den \u00e7ocuk sahibi oldu\u011fu belirtilir. \u00d6rne\u011fin, o\u011fullar\u0131 aras\u0131nda \u0130sa Bey\u2019in onun \u00e7ocuklar\u0131ndan oldu\u011fu s\u00f6ylenir. Ancak bu konuda kaynaklar aras\u0131nda baz\u0131 farkl\u0131l\u0131klar vard\u0131r.<\/p>\n<p><strong>Sosyal ve siyasi rol:<\/strong> Osmanl\u0131 erken d\u00f6neminde kad\u0131nlar\u0131n siyasi rolleri s\u0131n\u0131rl\u0131yd\u0131, dolay\u0131s\u0131yla Aspor\u00e7a Hatun\u2019un saray i\u00e7indeki faaliyetleri veya Osmanl\u0131 siyasetine etkisi hakk\u0131nda detayl\u0131 bilgi bulunmamaktad\u0131r.<\/p>\n<p>Osmanl\u0131 kronikleri ve baz\u0131 tarih kitaplar\u0131 Aspor\u00e7a Hatun\u2019u isim olarak ge\u00e7irmektedir, ancak hayat\u0131 hakk\u0131nda detayl\u0131 biyografik bilgi nadiren yer al\u0131r. K\u0131saca, Aspor\u00e7a Hatun Osmanl\u0131 erken d\u00f6neminde \u00f6nemli bir hanedan \u00fcyesi olarak kaydedilmi\u015ftir ancak tarih\u00ee kay\u0131tlar onun ya\u015fam\u0131 hakk\u0131nda \u00e7ok s\u0131n\u0131rl\u0131 bilgi sunmaktad\u0131r.<\/p>\n<p><img loading=\"lazy\" decoding=\"async\" class=\"aligncenter size-full wp-image-261715\" src=\"https:\/\/www.tgrthaber.com\/mavikadin\/wp-content\/uploads\/Kurulus-Orhan-3.-bolumde-Orhan-Bey-Sahinsaha-rest-cekti-Bursa-icin-buyuk-firtina-kopuyor.jpg\" alt=\"Kurulu\u015f Orhan 3. b\u00f6l\u00fcmde Orhan Bey \u015eahin\u015fah\u2019a rest \u00e7ekti! Bursa i\u00e7in b\u00fcy\u00fck f\u0131rt\u0131na kopuyor!\" width=\"1208\" height=\"680\" title=\"\" srcset=\"https:\/\/www.tgrthaber.com\/mavikadin\/wp-content\/uploads\/Kurulus-Orhan-3.-bolumde-Orhan-Bey-Sahinsaha-rest-cekti-Bursa-icin-buyuk-firtina-kopuyor.jpg 1208w, https:\/\/www.tgrthaber.com\/mavikadin\/wp-content\/uploads\/Kurulus-Orhan-3.-bolumde-Orhan-Bey-Sahinsaha-rest-cekti-Bursa-icin-buyuk-firtina-kopuyor-300x169.jpg 300w, https:\/\/www.tgrthaber.com\/mavikadin\/wp-content\/uploads\/Kurulus-Orhan-3.-bolumde-Orhan-Bey-Sahinsaha-rest-cekti-Bursa-icin-buyuk-firtina-kopuyor-1024x576.jpg 1024w, https:\/\/www.tgrthaber.com\/mavikadin\/wp-content\/uploads\/Kurulus-Orhan-3.-bolumde-Orhan-Bey-Sahinsaha-rest-cekti-Bursa-icin-buyuk-firtina-kopuyor-768x432.jpg 768w\" sizes=\"(max-width: 1208px) 100vw, 1208px\" \/><\/p>\n<hr \/>\n<h3>ASPOR\u00c7A HATUN\u2019UN SOYU NEREDEN GEL\u0130YOR?<\/h3>\n<p>Aspor\u00e7a Hatun Olivera veya Glafira do\u011fumlu, 1362&#8217;den sonra \u00f6ld\u00fc. Bir Yunan-Bizans soylu kad\u0131n\u0131yd\u0131 ve Osmanl\u0131 \u0130mparatorlu\u011fu Sultan\u0131 Orhan&#8217;\u0131n ilk yasal kar\u0131s\u0131yd\u0131.<\/p>\n<p>\u00c7a\u011fda\u015f s\u00f6ylentiler, onun muhtemelen gayrime\u015fru bir k\u0131z\u0131 olan \u0130mparator II. Andronikos veya III. Andronikos&#8217;un bir Palaiologos prensesi oldu\u011funu s\u00f6yl\u00fcyordu ancak \u00e7o\u011fu modern tarih\u00e7i bu versiyonu reddediyor. Aspor\u00e7a&#8217;n\u0131n III. Andronikos&#8217;un k\u0131z\u0131 olmas\u0131 imkans\u0131zd\u0131r \u00e7\u00fcnk\u00fc o 1296&#8217;da do\u011fmu\u015ftur ve Aspor\u00e7a&#8217;n\u0131n 1310&#8217;da bir o\u011flu olmu\u015ftur. Ayr\u0131ca, M\u00fcsl\u00fcman h\u00fck\u00fcmdarlarla evlenen Bizans prensesleri genellikle kendi adlar\u0131n\u0131 ve Ortodoks Hristiyan inan\u00e7lar\u0131n\u0131 korurken, Aspor\u00e7a bir Osmanl\u0131 ad\u0131 ald\u0131 ve \u0130slam&#8217;a ge\u00e7ti.<\/p>\n<p><img loading=\"lazy\" decoding=\"async\" class=\"aligncenter size-full wp-image-261706\" src=\"https:\/\/www.tgrthaber.com\/mavikadin\/wp-content\/uploads\/KURULUS-ORHANDA-3-BEYLIK-BIRLESIYORr.jpg\" alt=\"\" width=\"1208\" height=\"680\" title=\"\" srcset=\"https:\/\/www.tgrthaber.com\/mavikadin\/wp-content\/uploads\/KURULUS-ORHANDA-3-BEYLIK-BIRLESIYORr.jpg 1208w, https:\/\/www.tgrthaber.com\/mavikadin\/wp-content\/uploads\/KURULUS-ORHANDA-3-BEYLIK-BIRLESIYORr-300x169.jpg 300w, https:\/\/www.tgrthaber.com\/mavikadin\/wp-content\/uploads\/KURULUS-ORHANDA-3-BEYLIK-BIRLESIYORr-1024x576.jpg 1024w, https:\/\/www.tgrthaber.com\/mavikadin\/wp-content\/uploads\/KURULUS-ORHANDA-3-BEYLIK-BIRLESIYORr-768x432.jpg 768w\" sizes=\"(max-width: 1208px) 100vw, 1208px\" \/><\/p>\n<hr \/>\n<p>Ba\u015fka bir tez ise Aspor\u00e7a&#8217;n\u0131n 1298\/1299&#8217;da Osmanl\u0131lar taraf\u0131ndan ka\u00e7\u0131r\u0131l\u0131p Orhan&#8217;a cariye olarak verilen Bizans tekfuru Bilecik&#8217;in k\u0131z\u0131 oldu\u011fudur ancak bu e\u015f genellikle Bayalun Hatun ile \u00f6zde\u015fle\u015ftirilir ve e\u011fer ka\u00e7\u0131r\u0131lan k\u0131z Aspor\u00e7a ise bu onun ilk \u00e7ocu\u011funun on y\u0131ldan fazla bir s\u00fcre sonra do\u011fdu\u011fu anlam\u0131na gelir.<\/p>\n<p>Aspor\u00e7a&#8217;n\u0131n \u00e7ocuklar\u0131ndan biri, do\u011fum tarihi bilinen tek \u00e7ocuk, 1310 y\u0131l\u0131nda do\u011fdu\u011fu i\u00e7in, Aspor\u00e7a o y\u0131l veya k\u0131sa bir s\u00fcre \u00f6nce Orhan ile evlendi. Orhan&#8217;\u0131n iki yasal e\u015finden ilkiydi (di\u011feri 1346&#8217;da evlendi\u011fi Theodora Kantakouzene idi) ve iki o\u011flu ve iki k\u0131z\u0131 oldu. Kay\u0131npederi Osman I taraf\u0131ndan \u00e7ok sayg\u0131 g\u00f6r\u00fcyordu ve ona Narl\u0131 ve K\u0131yakl\u0131 dahil olmak \u00fczere \u00e7ok say\u0131da toprak ve k\u00f6y\u00fcn gelirlerini verdi.<\/p>\n<p><img loading=\"lazy\" decoding=\"async\" class=\"aligncenter size-full wp-image-274339\" src=\"https:\/\/www.tgrthaber.com\/mavikadin\/wp-content\/uploads\/Asparca-HAtun-1.png\" alt=\"\" width=\"1208\" height=\"680\" title=\"\" srcset=\"https:\/\/www.tgrthaber.com\/mavikadin\/wp-content\/uploads\/Asparca-HAtun-1.png 1208w, https:\/\/www.tgrthaber.com\/mavikadin\/wp-content\/uploads\/Asparca-HAtun-1-300x169.png 300w, https:\/\/www.tgrthaber.com\/mavikadin\/wp-content\/uploads\/Asparca-HAtun-1-1024x576.png 1024w, https:\/\/www.tgrthaber.com\/mavikadin\/wp-content\/uploads\/Asparca-HAtun-1-768x432.png 768w\" sizes=\"(max-width: 1208px) 100vw, 1208px\" \/><\/p>\n<hr \/>\n<p>Eyl\u00fcl 1323&#8217;te Aspor\u00e7a, topraklar\u0131n\u0131n gelirlerini soyundan gelenlere devreden bir vak\u0131f imzalad\u0131. Belgede vezir Alaeddin Pa\u015fa \u015fahit, Aspor\u00e7a&#8217;n\u0131n en b\u00fcy\u00fck o\u011flu \u0130brahim Bey ise y\u00f6netici olarak g\u00f6sterilmektedir. Aspor\u00e7a 1362&#8217;de \u00f6len Orhan&#8217;dan sonra hayatta kald\u0131. K\u0131sa bir s\u00fcre sonra ayn\u0131 y\u0131l o\u011flu \u0130brahim Orhan&#8217;\u0131n ve cariyesi Nil\u00fcfer Hatun&#8217;un o\u011flu olan yeni sultan I. Murad&#8217;\u0131n emriyle idam edildi.<\/p>\n<p>\u00d6l\u00fcm\u00fcn\u00fcn ard\u0131ndan Bursa&#8217;da, Orhan t\u00fcrbesine g\u00f6m\u00fcld\u00fc. Ancak y\u00fczy\u0131llarca s\u00fcren depremler ve yang\u0131nlar nedeniyle Bursa&#8217;daki imparatorluk mezarlar\u0131 19. y\u00fczy\u0131lda restore edildi ve \u015fu anda Aspor\u00e7a lahdi Osman I t\u00fcrbesinde bulunmaktad\u0131r.<\/p>\n<p><img loading=\"lazy\" decoding=\"async\" class=\"aligncenter size-full wp-image-274340\" src=\"https:\/\/www.tgrthaber.com\/mavikadin\/wp-content\/uploads\/Orhan-Gazi-1-1.png\" alt=\"\" width=\"1208\" height=\"680\" title=\"\" srcset=\"https:\/\/www.tgrthaber.com\/mavikadin\/wp-content\/uploads\/Orhan-Gazi-1-1.png 1208w, https:\/\/www.tgrthaber.com\/mavikadin\/wp-content\/uploads\/Orhan-Gazi-1-1-300x169.png 300w, https:\/\/www.tgrthaber.com\/mavikadin\/wp-content\/uploads\/Orhan-Gazi-1-1-1024x576.png 1024w, https:\/\/www.tgrthaber.com\/mavikadin\/wp-content\/uploads\/Orhan-Gazi-1-1-768x432.png 768w\" sizes=\"(max-width: 1208px) 100vw, 1208px\" \/><\/p>\n<hr \/>\n<h3>ASPOR\u00c7A HATUN\u2019UN \u00c7OCUKLARI K\u0130M?<\/h3>\n<p>Orhan&#8217;dan iki o\u011flu ve iki k\u0131z\u0131 oldu. \u0130brahim Bey (1310-1362, Osman I&#8217;in t\u00fcrbesine g\u00f6m\u00fclm\u00fc\u015ft\u00fcr). Eski\u015fehir Valisi, \u00fcvey karde\u015fi Sultan Murad I&#8217;in emriyle idam edilmi\u015ftir.<\/p>\n<p>\u015eerefullah Bey;<br \/>\nSel\u00e7uk Hatun. Mehmed Ayd\u0131n&#8217;\u0131n o\u011flu S\u00fcleyman Bey ile evlendi.<br \/>\nFatma Hatun. Bursa&#8217;da babas\u0131n\u0131n t\u00fcrbesine defnedildi.<\/p>\n","protected":false},"excerpt":{"rendered":"<p>Kurulu\u015f Orhan dizisine Alina Boz\u2019un Aspor\u00e7a Hatun olarak transfer olmas\u0131ndan sonra tarihte &#8216;Aspor\u00e7a Hatun kimdir? Orhan Gazi\u2019nin ka\u00e7\u0131nc\u0131 e\u015fidir?&#8217; gibi sorular\u0131n cevaplar\u0131 merak konusu oldu. Aspor\u00e7a Hatun, Yunan-Bizans k\u00f6kenli bir soylu kad\u0131n olup, Osmanl\u0131 Sultan\u0131 Orhan\u2019\u0131n ilk resmi e\u015fi olarak tarihe ge\u00e7mi\u015ftir.<\/p>\n","protected":false},"author":5,"featured_media":274337,"comment_status":"closed","ping_status":"closed","sticky":false,"template":"","format":"standard","meta":{"rank_math_lock_modified_date":false,"footnotes":""},"categories":[491],"tags":[68077,60770,68078],"class_list":["post-274333","post","type-post","status-publish","format-standard","has-post-thumbnail","hentry","category-biyografi","tag-asporca-hatun","tag-kurulus-orhan","tag-osmanli-donemi-asporca-hatun"],"_links":{"self":[{"href":"https:\/\/www.tgrthaber.com\/mavikadin\/wp-json\/wp\/v2\/posts\/274333"}],"collection":[{"href":"https:\/\/www.tgrthaber.com\/mavikadin\/wp-json\/wp\/v2\/posts"}],"about":[{"href":"https:\/\/www.tgrthaber.com\/mavikadin\/wp-json\/wp\/v2\/types\/post"}],"author":[{"embeddable":true,"href":"https:\/\/www.tgrthaber.com\/mavikadin\/wp-json\/wp\/v2\/users\/5"}],"replies":[{"embeddable":true,"href":"https:\/\/www.tgrthaber.com\/mavikadin\/wp-json\/wp\/v2\/comments?post=274333"}],"version-history":[{"count":3,"href":"https:\/\/www.tgrthaber.com\/mavikadin\/wp-json\/wp\/v2\/posts\/274333\/revisions"}],"predecessor-version":[{"id":274343,"href":"https:\/\/www.tgrthaber.com\/mavikadin\/wp-json\/wp\/v2\/posts\/274333\/revisions\/274343"}],"wp:featuredmedia":[{"embeddable":true,"href":"https:\/\/www.tgrthaber.com\/mavikadin\/wp-json\/wp\/v2\/media\/274337"}],"wp:attachment":[{"href":"https:\/\/www.tgrthaber.com\/mavikadin\/wp-json\/wp\/v2\/media?parent=274333"}],"wp:term":[{"taxonomy":"category","embeddable":true,"href":"https:\/\/www.tgrthaber.com\/mavikadin\/wp-json\/wp\/v2\/categories?post=274333"},{"taxonomy":"post_tag","embeddable":true,"href":"https:\/\/www.tgrthaber.com\/mavikadin\/wp-json\/wp\/v2\/tags?post=274333"}],"curies":[{"name":"wp","href":"https:\/\/api.w.org\/{rel}","templated":true}]}}