{"id":274386,"date":"2025-12-11T15:20:24","date_gmt":"2025-12-11T12:20:24","guid":{"rendered":"https:\/\/www.tgrthaber.com\/mavikadin\/?p=274386"},"modified":"2025-12-11T15:20:24","modified_gmt":"2025-12-11T12:20:24","slug":"dilem-selis-altinordunun-tek-kiz-ciragi-azmiyle-ornek-oluyor","status":"publish","type":"post","link":"https:\/\/www.tgrthaber.com\/mavikadin\/dilem-selis-altinordunun-tek-kiz-ciragi-azmiyle-ornek-oluyor\/","title":{"rendered":"Dilem Selis Alt\u0131nordu&#8217;nun tek k\u0131z \u00e7\u0131ra\u011f\u0131! Azmiyle \u00f6rnek oluyor"},"content":{"rendered":"<p>17 ya\u015f\u0131ndaki Dilem Selis, Ordu&#8217;nun Alt\u0131nordu il\u00e7esinde bir oto bak\u0131m at\u00f6lyesinde \u00e7al\u0131\u015fan <a href=\"https:\/\/www.tgrthaber.com\/mavikadin\/kadinlar-sanayide-guc-kazaniyor-55-kursiyer-teknik-egitimle-gelecege-isik-tutuyor\/\">sanayi<\/a>nin tek k\u0131z \u00e7\u0131ra\u011f\u0131 olarak dikkatleri \u00e7ekmeyi ba\u015far\u0131yor. \u00c7ocukluk hayalinin pe\u015finden giden gen\u00e7 k\u0131z, \u00e7al\u0131\u015fma azmi ve kararl\u0131l\u0131\u011f\u0131yla hem ustalar\u0131n\u0131n hem de \u00e7evresinin takdirini topluyor. \u0130\u015fte detaylar&#8230;<\/p>\n<h3>ALTINORDU\u2019NUN TEK KIZ \u00c7IRA\u011eI D\u0130LEM SEL\u0130S<\/h3>\n<p>Ordu&#8217;nun Alt\u0131nordu il\u00e7esinde bir oto bak\u0131m at\u00f6lyesinde \u00e7al\u0131\u015fan 17 ya\u015f\u0131ndaki Dilem Selis, \u00e7al\u0131\u015fma azmi ve kararl\u0131l\u0131\u011f\u0131yla hem ustalar\u0131n\u0131n hem de \u00e7evresinin takdirini topluyor. \u00c7ocukluk hayalinin pe\u015finden giden gen\u00e7 k\u0131z, sanayinin tek k\u0131z \u00e7\u0131ra\u011f\u0131 olarak dikkat \u00e7ekiyor.<\/p>\n<p><img loading=\"lazy\" decoding=\"async\" class=\"alignnone size-full wp-image-274433\" src=\"https:\/\/www.tgrthaber.com\/mavikadin\/wp-content\/uploads\/Asli-2025-12-11T144800.376.png\" alt=\"\" width=\"1208\" height=\"680\" title=\"\" srcset=\"https:\/\/www.tgrthaber.com\/mavikadin\/wp-content\/uploads\/Asli-2025-12-11T144800.376.png 1208w, https:\/\/www.tgrthaber.com\/mavikadin\/wp-content\/uploads\/Asli-2025-12-11T144800.376-300x169.png 300w, https:\/\/www.tgrthaber.com\/mavikadin\/wp-content\/uploads\/Asli-2025-12-11T144800.376-1024x576.png 1024w, https:\/\/www.tgrthaber.com\/mavikadin\/wp-content\/uploads\/Asli-2025-12-11T144800.376-768x432.png 768w\" sizes=\"(max-width: 1208px) 100vw, 1208px\" \/><\/p>\n<hr \/>\n<p>Alt\u0131nordu Mesleki E\u011fitim Merkezi 10. s\u0131n\u0131f \u00f6\u011frencisi Dilem Selis, k\u00fc\u00e7\u00fck ya\u015flardan bu yana ara\u00e7lara ve oto bak\u0131m \u00fczerine ilgi duydu. Bir d\u00f6nem t\u0131r ve uzun yol otob\u00fcs\u00fc \u015fof\u00f6rl\u00fc\u011f\u00fc hayali kuran Selis, zamanla bu mesle\u011fin kendisine uygun olmad\u0131\u011f\u0131n\u0131 d\u00fc\u015f\u00fcnerek tercihini sanayi ve mekanik alan\u0131ndan yana kulland\u0131. Yakla\u015f\u0131k 2 y\u0131ld\u0131r farkl\u0131 at\u00f6lyelerde \u00e7\u0131rakl\u0131k yapan ve \u015fu anda bir oto bak\u0131m servisinde \u00e7al\u0131\u015fan Selis, <a href=\"https:\/\/www.tgrthaber.com\/mavikadin\/corumda-kadin-kaynak-operatorleri-is-basinda-9-kadin-sanayide-istihdam-edildi\/\">sanayideki<\/a> tek k\u0131z \u00e7\u0131rak olarak \u00f6rnek g\u00f6steriliyor.<\/p>\n<p><img loading=\"lazy\" decoding=\"async\" class=\"alignnone size-full wp-image-274437\" src=\"https:\/\/www.tgrthaber.com\/mavikadin\/wp-content\/uploads\/Asli-2025-12-11T145058.775.png\" alt=\"\" width=\"1208\" height=\"680\" title=\"\" srcset=\"https:\/\/www.tgrthaber.com\/mavikadin\/wp-content\/uploads\/Asli-2025-12-11T145058.775.png 1208w, https:\/\/www.tgrthaber.com\/mavikadin\/wp-content\/uploads\/Asli-2025-12-11T145058.775-300x169.png 300w, https:\/\/www.tgrthaber.com\/mavikadin\/wp-content\/uploads\/Asli-2025-12-11T145058.775-1024x576.png 1024w, https:\/\/www.tgrthaber.com\/mavikadin\/wp-content\/uploads\/Asli-2025-12-11T145058.775-768x432.png 768w\" sizes=\"(max-width: 1208px) 100vw, 1208px\" \/><\/p>\n<hr \/>\n<p>\u0130\u015finden b\u00fcy\u00fck keyif ald\u0131\u011f\u0131n\u0131 s\u00f6yleyen Dilem Selis, mesle\u011fini severek yapt\u0131\u011f\u0131n\u0131 belirterek, &#8220;2 senedir bu i\u015fi yap\u0131yorum. Kendi iste\u011fimle girdim. K\u00fc\u00e7\u00fckken hep bu \u015fekilde b\u00fcy\u00fcd\u00fcm ve sevdi\u011fim i\u015fi yapmak istedim. Sevdi\u011fim i\u015fin de buras\u0131 oldu\u011funu, buraya ait oldu\u011fumu d\u00fc\u015f\u00fcn\u00fcyorum. Burada ya\u011f ve balata bak\u0131m\u0131, motor ve \u015fanz\u0131man s\u00f6kmede yard\u0131mc\u0131 oluyorum. \u0130nce i\u015fler harici ne verirlerse yapar\u0131m&#8221; dedi.<\/p>\n<p><img loading=\"lazy\" decoding=\"async\" class=\"alignnone size-full wp-image-274441\" src=\"https:\/\/www.tgrthaber.com\/mavikadin\/wp-content\/uploads\/Asli-2025-12-11T145135.298.png\" alt=\"\" width=\"1208\" height=\"680\" title=\"\" srcset=\"https:\/\/www.tgrthaber.com\/mavikadin\/wp-content\/uploads\/Asli-2025-12-11T145135.298.png 1208w, https:\/\/www.tgrthaber.com\/mavikadin\/wp-content\/uploads\/Asli-2025-12-11T145135.298-300x169.png 300w, https:\/\/www.tgrthaber.com\/mavikadin\/wp-content\/uploads\/Asli-2025-12-11T145135.298-1024x576.png 1024w, https:\/\/www.tgrthaber.com\/mavikadin\/wp-content\/uploads\/Asli-2025-12-11T145135.298-768x432.png 768w\" sizes=\"(max-width: 1208px) 100vw, 1208px\" \/><\/p>\n<hr \/>\n<h3>GEN\u00c7 \u00c7IRAK D\u0130LEM SEL\u0130S\u2019\u0130N SANAY\u0130DE KEND\u0130 \u0130\u015e YER\u0130N\u0130 A\u00c7MA HAYAL\u0130<\/h3>\n<p>Dilem Selis, \u00fc\u00e7 hayalinden birinin sanayide kendi i\u015f yerini a\u00e7mak oldu\u011funu dile getirerek, &#8220;T\u0131r ve otob\u00fcs \u015fof\u00f6rl\u00fc\u011f\u00fcn\u00fcn \u00e7ok benlik oldu\u011funu d\u00fc\u015f\u00fcnmedim ve bu sekt\u00f6re y\u00f6neldim. \u00d6nceli\u011fim i\u015fimi t\u00fcm detaylar\u0131yla \u00f6\u011frenmek. Kendime i\u015f yeri a\u00e7may\u0131 ileride d\u00fc\u015f\u00fcn\u00fcyorum. Ustalar\u0131mdan \u00e7ok memnunum. Di\u011fer i\u015f yerlerinde alamad\u0131\u011f\u0131m eksiklerimi burada kapatt\u0131m. \u00c7al\u0131\u015fmak isteyen herkes sevdi\u011fi i\u015fi yapmal\u0131, daha ba\u015far\u0131l\u0131 olurlar&#8221; diye konu\u015ftu.<\/p>\n<p><img loading=\"lazy\" decoding=\"async\" class=\"alignnone size-full wp-image-274442\" src=\"https:\/\/www.tgrthaber.com\/mavikadin\/wp-content\/uploads\/Asli-2025-12-11T145159.165.png\" alt=\"\" width=\"1208\" height=\"680\" title=\"\" srcset=\"https:\/\/www.tgrthaber.com\/mavikadin\/wp-content\/uploads\/Asli-2025-12-11T145159.165.png 1208w, https:\/\/www.tgrthaber.com\/mavikadin\/wp-content\/uploads\/Asli-2025-12-11T145159.165-300x169.png 300w, https:\/\/www.tgrthaber.com\/mavikadin\/wp-content\/uploads\/Asli-2025-12-11T145159.165-1024x576.png 1024w, https:\/\/www.tgrthaber.com\/mavikadin\/wp-content\/uploads\/Asli-2025-12-11T145159.165-768x432.png 768w\" sizes=\"(max-width: 1208px) 100vw, 1208px\" \/><\/p>\n<hr \/>\n<p>\u0130\u015f yeri sahibi Sabahattin \u015eeyho\u011flu, Dilem&#8217;in azminden ve \u00e7al\u0131\u015fmas\u0131ndan memnun olduklar\u0131n\u0131 ifade etti. \u015eeyho\u011flu, &#8220;Daha \u00f6nce b\u00f6yle bir \u00e7al\u0131\u015fan\u0131m\u0131z olmad\u0131, sanayide de ilk. Kendisinden \u00e7ok memnunuz. \u00c7ok istekli, zaten istek olmasa bu i\u015f olmaz. Geldikten sonra at\u00f6lyemize d\u00fczen geldi. \u0130stedi\u011fi s\u00fcrece kendisiyle \u00e7al\u0131\u015fmaya devam edece\u011fiz. Burada yeti\u015fip kendisine bir at\u00f6lye a\u00e7arsa gurur duyar\u0131m&#8221; \u015feklinde konu\u015ftu.<\/p>\n<p><img loading=\"lazy\" decoding=\"async\" class=\"alignnone size-full wp-image-274443\" src=\"https:\/\/www.tgrthaber.com\/mavikadin\/wp-content\/uploads\/Asli-2025-12-11T145214.395.png\" alt=\"\" width=\"1208\" height=\"680\" title=\"\" srcset=\"https:\/\/www.tgrthaber.com\/mavikadin\/wp-content\/uploads\/Asli-2025-12-11T145214.395.png 1208w, https:\/\/www.tgrthaber.com\/mavikadin\/wp-content\/uploads\/Asli-2025-12-11T145214.395-300x169.png 300w, https:\/\/www.tgrthaber.com\/mavikadin\/wp-content\/uploads\/Asli-2025-12-11T145214.395-1024x576.png 1024w, https:\/\/www.tgrthaber.com\/mavikadin\/wp-content\/uploads\/Asli-2025-12-11T145214.395-768x432.png 768w\" sizes=\"(max-width: 1208px) 100vw, 1208px\" \/><\/p>\n<p>&#8220;Sanayide \u00e7\u0131rak bulmak zorla\u015fsa da Dilem \u00e7ok azimli&#8221;<br \/>\nAt\u00f6lyede motor mekanik ustas\u0131 olarak g\u00f6rev yapan Ali Karata\u015f ise sanayide \u00e7\u0131rak bulman\u0131n zorla\u015ft\u0131\u011f\u0131n\u0131 belirterek, &#8220;Dilem ustay\u0131 bizimle \u00e7al\u0131\u015fmaya ikna ettik, elimizden geldi\u011fince yard\u0131mc\u0131 oluyoruz. \u00c7ok istekli, ilerleyen zamanlarda \u00e7ok daha iyi yerlere gelecektir. Prensesler masallarda, efsaneler sanayide olur&#8221; diye konu\u015ftu.<\/p>\n","protected":false},"excerpt":{"rendered":"<p>Alt\u0131nordu Mesleki E\u011fitim Merkezi 10. s\u0131n\u0131f \u00f6\u011frencisi Dilem Selis, k\u00fc\u00e7\u00fck ya\u015flardan bu yana ara\u00e7lara ve oto bak\u0131m \u00fczerine ilgi duymas\u0131 sebebiyle Selis, sanayideki tek k\u0131z \u00e7\u0131rak olarak \u00f6rnek g\u00f6steriliyor.<\/p>\n","protected":false},"author":37,"featured_media":274419,"comment_status":"closed","ping_status":"closed","sticky":false,"template":"","format":"standard","meta":{"rank_math_lock_modified_date":false,"footnotes":""},"categories":[2149],"tags":[68096,3455,86,55204,32140,23754],"class_list":["post-274386","post","type-post","status-publish","format-standard","has-post-thumbnail","hentry","category-guclu-kadin","tag-dilem-selis","tag-guclu-kadin","tag-kadin","tag-ordu","tag-oto-bakim","tag-sanayi"],"_links":{"self":[{"href":"https:\/\/www.tgrthaber.com\/mavikadin\/wp-json\/wp\/v2\/posts\/274386"}],"collection":[{"href":"https:\/\/www.tgrthaber.com\/mavikadin\/wp-json\/wp\/v2\/posts"}],"about":[{"href":"https:\/\/www.tgrthaber.com\/mavikadin\/wp-json\/wp\/v2\/types\/post"}],"author":[{"embeddable":true,"href":"https:\/\/www.tgrthaber.com\/mavikadin\/wp-json\/wp\/v2\/users\/37"}],"replies":[{"embeddable":true,"href":"https:\/\/www.tgrthaber.com\/mavikadin\/wp-json\/wp\/v2\/comments?post=274386"}],"version-history":[{"count":2,"href":"https:\/\/www.tgrthaber.com\/mavikadin\/wp-json\/wp\/v2\/posts\/274386\/revisions"}],"predecessor-version":[{"id":274445,"href":"https:\/\/www.tgrthaber.com\/mavikadin\/wp-json\/wp\/v2\/posts\/274386\/revisions\/274445"}],"wp:featuredmedia":[{"embeddable":true,"href":"https:\/\/www.tgrthaber.com\/mavikadin\/wp-json\/wp\/v2\/media\/274419"}],"wp:attachment":[{"href":"https:\/\/www.tgrthaber.com\/mavikadin\/wp-json\/wp\/v2\/media?parent=274386"}],"wp:term":[{"taxonomy":"category","embeddable":true,"href":"https:\/\/www.tgrthaber.com\/mavikadin\/wp-json\/wp\/v2\/categories?post=274386"},{"taxonomy":"post_tag","embeddable":true,"href":"https:\/\/www.tgrthaber.com\/mavikadin\/wp-json\/wp\/v2\/tags?post=274386"}],"curies":[{"name":"wp","href":"https:\/\/api.w.org\/{rel}","templated":true}]}}