{"id":274393,"date":"2025-12-11T15:01:20","date_gmt":"2025-12-11T12:01:20","guid":{"rendered":"https:\/\/www.tgrthaber.com\/mavikadin\/?p=274393"},"modified":"2025-12-11T19:05:11","modified_gmt":"2025-12-11T16:05:11","slug":"arif-ulu-kimdir-arif-ulunun-gullunun-olumuyle-ne-alakasi-var","status":"publish","type":"post","link":"https:\/\/www.tgrthaber.com\/mavikadin\/arif-ulu-kimdir-arif-ulunun-gullunun-olumuyle-ne-alakasi-var\/","title":{"rendered":"Arif Ulu kimdir? Arif Ulu&#8217;nun G\u00fcll\u00fc&#8217;n\u00fcn \u00f6l\u00fcm\u00fcyle ne alakas\u0131 var?"},"content":{"rendered":"<p>G\u00fcll\u00fc\u2019n\u00fcn \u015f\u00fcpheli \u00f6l\u00fcm\u00fcyle ilgili y\u00fcr\u00fct\u00fclen soru\u015fturmada art\u0131k yava\u015f yava\u015f sona geliniyor. Y\u00fcr\u00fct\u00fclen soru\u015fturmada g\u00f6zalt\u0131na al\u0131nan isimler aras\u0131nda bulunan Arif Ulu&#8217;da g\u00fcndemin merkezine yerle\u015fti. Sosyal medyada yo\u011fun \u015fekilde ara\u015ft\u0131r\u0131lan Ulu\u2019nun kim oldu\u011fu, neden g\u00f6zalt\u0131na al\u0131nd\u0131\u011f\u0131 ve \u00f6zellikle G\u00fcll\u00fc&#8217;n\u00fcn \u00f6l\u00fcm\u00fcyle ne alakas\u0131 oldu\u011fu merak ediliyor. G\u00fcll\u00fc\u2019n\u00fcn \u00f6l\u00fcm\u00fcne dair son dakika detaylar\u0131 giderek artarken, dosyada ad\u0131 ge\u00e7en Arif Ulu\u2019nun rol\u00fc de merak uyand\u0131rd\u0131. \u00d6zellikle k\u0131z\u0131n\u0131n g\u00f6zalt\u0131na al\u0131nmas\u0131n\u0131n ard\u0131ndan dikkatleri \u00fczerine \u00e7eken Ulu\u2019nun hayat\u0131 da mercek alt\u0131na al\u0131nd\u0131. Peki Arif Ulu kimdir, neden g\u00f6zalt\u0131na al\u0131nd\u0131? Arif Ulu&#8217;nun <a href=\"https:\/\/www.tgrthaber.com\/mavikadin\/gullunun-kizinin-yakalanmasi-sonrasi-nihat-dogan-verdi-veristirdi-tuyana-sert-cikti-hakan-urala-resti-cekti\/\">G\u00fcll\u00fc<\/a>&#8216;n\u00fcn \u00f6l\u00fcm\u00fcyle ne gibi bir ba\u011flant\u0131s\u0131 var? \u0130\u015fte merak edilenler&#8230;<\/p>\n<h3>AR\u0130F ULU K\u0130MD\u0130R?<\/h3>\n<p>Arif Ulu, G\u00fcll\u00fc\u2019n\u00fcn \u00f6l\u00fcm\u00fc sonras\u0131 ba\u015flat\u0131lan soru\u015fturmada g\u00f6zalt\u0131na al\u0131nan Sultan Nur Ulu\u2019nun babas\u0131d\u0131r. Hakk\u0131nda \u00e7e\u015fitli adli kay\u0131tlar\u0131n bulundu\u011fu s\u00f6yleniyor.<\/p>\n<p><img loading=\"lazy\" decoding=\"async\" class=\"alignnone wp-image-274421\" src=\"https:\/\/www.tgrthaber.com\/mavikadin\/wp-content\/uploads\/gullunun-olumune-iliskin-274-300x169.webp\" alt=\"\" width=\"1208\" height=\"680\" title=\"\" srcset=\"https:\/\/www.tgrthaber.com\/mavikadin\/wp-content\/uploads\/gullunun-olumune-iliskin-274-300x169.webp 300w, https:\/\/www.tgrthaber.com\/mavikadin\/wp-content\/uploads\/gullunun-olumune-iliskin-274-1024x576.webp 1024w, https:\/\/www.tgrthaber.com\/mavikadin\/wp-content\/uploads\/gullunun-olumune-iliskin-274-768x432.webp 768w, https:\/\/www.tgrthaber.com\/mavikadin\/wp-content\/uploads\/gullunun-olumune-iliskin-274.webp 1280w\" sizes=\"(max-width: 1208px) 100vw, 1208px\" \/><\/p>\n<hr \/>\n<p>Arif Ulu, kendisine denetimli serbestlik tedbirinin uyguland\u0131\u011f\u0131 bir isim. <a href=\"https:\/\/www.tgrthaber.com\/mavikadin\/gulluyu-kizi-mi-oldurdu-tugyan-ulkem-gulter-neden-gozaltina-alindi\/\">G\u00fcll\u00fc<\/a>\u2019n\u00fcn \u00f6l\u00fcm\u00fcyle ilgili s\u00fcren soru\u015fturmada ise kritik isimlerden biri olarak \u00f6ne \u00e7\u0131kt\u0131. Olay gecesi G\u00fcll\u00fc\u2019n\u00fcn k\u0131z\u0131 Tu\u011fyan \u00dclkem G\u00fclter ve arkada\u015f\u0131 Sultan Nur Ulu\u2019nun ayn\u0131 odada oldu\u011fu biliniyordu.<\/p>\n<p><img loading=\"lazy\" decoding=\"async\" class=\"alignnone wp-image-274426 size-full\" src=\"https:\/\/www.tgrthaber.com\/mavikadin\/wp-content\/uploads\/gullunun-olumunde-yeni-gelisme-kizi-ve-iki-kisi-i-gozaltina-alindi-2.webp\" alt=\"\" width=\"1920\" height=\"1080\" title=\"\" srcset=\"https:\/\/www.tgrthaber.com\/mavikadin\/wp-content\/uploads\/gullunun-olumunde-yeni-gelisme-kizi-ve-iki-kisi-i-gozaltina-alindi-2.webp 1920w, https:\/\/www.tgrthaber.com\/mavikadin\/wp-content\/uploads\/gullunun-olumunde-yeni-gelisme-kizi-ve-iki-kisi-i-gozaltina-alindi-2-300x169.webp 300w, https:\/\/www.tgrthaber.com\/mavikadin\/wp-content\/uploads\/gullunun-olumunde-yeni-gelisme-kizi-ve-iki-kisi-i-gozaltina-alindi-2-1024x576.webp 1024w, https:\/\/www.tgrthaber.com\/mavikadin\/wp-content\/uploads\/gullunun-olumunde-yeni-gelisme-kizi-ve-iki-kisi-i-gozaltina-alindi-2-768x432.webp 768w, https:\/\/www.tgrthaber.com\/mavikadin\/wp-content\/uploads\/gullunun-olumunde-yeni-gelisme-kizi-ve-iki-kisi-i-gozaltina-alindi-2-1536x864.webp 1536w\" sizes=\"(max-width: 1920px) 100vw, 1920px\" \/><\/p>\n<hr \/>\n<p>\u0130lk ba\u015fta kaza s\u00fcs\u00fc verilen dosyaya dair t\u00fcm tan\u0131klar ve iddialar \u00fczerine savc\u0131l\u0131k, dosyay\u0131 cinayet masas\u0131na devretmi\u015fti. T\u00fcm g\u00f6zler G\u00fcll\u00fc&#8217;n\u00fcn k\u0131z\u0131 Tuyan \u00dclkem G\u00fclter ve Sultan Nur Ulu&#8217;ya \u00e7evrilmi\u015fti.<\/p>\n<p><img loading=\"lazy\" decoding=\"async\" class=\"alignnone wp-image-274425\" src=\"https:\/\/www.tgrthaber.com\/mavikadin\/wp-content\/uploads\/i-68-2-300x169.webp\" alt=\"\" width=\"1208\" height=\"680\" title=\"\" srcset=\"https:\/\/www.tgrthaber.com\/mavikadin\/wp-content\/uploads\/i-68-2-300x169.webp 300w, https:\/\/www.tgrthaber.com\/mavikadin\/wp-content\/uploads\/i-68-2.webp 480w\" sizes=\"(max-width: 1208px) 100vw, 1208px\" \/><\/p>\n<hr \/>\n<p>Son olarak cinayet iddialar\u0131n\u0131n oda\u011f\u0131ndaki iki isim, valizleriyle yurt d\u0131\u015f\u0131na \u00e7\u0131kma haz\u0131rl\u0131\u011f\u0131ndayken yakaland\u0131. Geni\u015f yank\u0131 uyand\u0131ran bu olay sonras\u0131, Sultan Nur Ulu&#8217;nun da ailesi ara\u015ft\u0131r\u0131lmaya ba\u015fland\u0131. Bu s\u00fcre\u00e7te Sultan Nur Ulu\u2019nun babas\u0131 Arif Ulu&#8217;da Gebze\u2019de g\u00f6zalt\u0131na al\u0131nd\u0131.<\/p>\n<p><img loading=\"lazy\" decoding=\"async\" class=\"alignnone wp-image-274422\" src=\"https:\/\/www.tgrthaber.com\/mavikadin\/wp-content\/uploads\/6939e869992361ecfdf2a498-udcj-300x169.webp\" alt=\"\" width=\"1208\" height=\"679\" title=\"\" srcset=\"https:\/\/www.tgrthaber.com\/mavikadin\/wp-content\/uploads\/6939e869992361ecfdf2a498-udcj-300x169.webp 300w, https:\/\/www.tgrthaber.com\/mavikadin\/wp-content\/uploads\/6939e869992361ecfdf2a498-udcj-768x432.webp 768w, https:\/\/www.tgrthaber.com\/mavikadin\/wp-content\/uploads\/6939e869992361ecfdf2a498-udcj.webp 820w\" sizes=\"(max-width: 1208px) 100vw, 1208px\" \/><\/p>\n<hr \/>\n<h3>AR\u0130F ULU&#8217;NUN G\u00dcLL\u00dc&#8217;N\u00dcN \u00d6L\u00dcM\u00dcYLE NE ALAKASI VAR?<\/h3>\n<p><a href=\"https:\/\/www.tgrthaber.com\/mavikadin\/gullunun-kizi-tugyan-ulkem-gulter-ve-arkadasi-yasakli-madde-testi-icin-ornek-verdi-aciklamasi-dikkat-cekti\/\">G\u00fcll\u00fc<\/a> 26 Eyl\u00fcl 2025\u2019te Yalova \u00c7\u0131narc\u0131k\u2019ta 6 katl\u0131 bir binan\u0131n teras kat\u0131ndaki evinden d\u00fc\u015ferek ac\u0131 \u015fekilde ya\u015fama veda etmi\u015fti. Kaza olarak de\u011ferlendirilen dosya, soru\u015fturman\u0131n derinle\u015fmesiyle kasten \u00f6ld\u00fcrme \u015f\u00fcphesiyle i\u015flenmeye ba\u015fland\u0131.<\/p>\n<p><img loading=\"lazy\" decoding=\"async\" class=\"alignnone wp-image-274424\" src=\"https:\/\/www.tgrthaber.com\/mavikadin\/wp-content\/uploads\/gozaltina-alinmislardi-gullu-nun-kizi-ve-arkadasi-saglik-kontrolunden-gecirildi-300x169.webp\" alt=\"\" width=\"1208\" height=\"680\" title=\"\" srcset=\"https:\/\/www.tgrthaber.com\/mavikadin\/wp-content\/uploads\/gozaltina-alinmislardi-gullu-nun-kizi-ve-arkadasi-saglik-kontrolunden-gecirildi-300x169.webp 300w, https:\/\/www.tgrthaber.com\/mavikadin\/wp-content\/uploads\/gozaltina-alinmislardi-gullu-nun-kizi-ve-arkadasi-saglik-kontrolunden-gecirildi-1024x576.webp 1024w, https:\/\/www.tgrthaber.com\/mavikadin\/wp-content\/uploads\/gozaltina-alinmislardi-gullu-nun-kizi-ve-arkadasi-saglik-kontrolunden-gecirildi-768x432.webp 768w, https:\/\/www.tgrthaber.com\/mavikadin\/wp-content\/uploads\/gozaltina-alinmislardi-gullu-nun-kizi-ve-arkadasi-saglik-kontrolunden-gecirildi.webp 1280w\" sizes=\"(max-width: 1208px) 100vw, 1208px\" \/><\/p>\n<hr \/>\n<p>Olay gecesi evde bulunan G\u00fcll\u00fc\u2019n\u00fcn k\u0131z\u0131 ve arkada\u015f\u0131 Sultan Nur Ulu g\u00f6zalt\u0131na al\u0131n\u0131rken, Sultan Nur Ulu\u2019nun babas\u0131 Arif Ulu\u2019nun da g\u00f6zalt\u0131na al\u0131nmas\u0131, dosyadaki \u015f\u00fcpheli say\u0131s\u0131n\u0131 art\u0131rd\u0131.<\/p>\n<p><img loading=\"lazy\" decoding=\"async\" class=\"alignnone wp-image-274420\" src=\"https:\/\/www.tgrthaber.com\/mavikadin\/wp-content\/uploads\/iBHD-gullunun-sir-olumunde-flas-gelisme-kizi-ve-arkadasi-kasten-oldurme-suphesiyle-gozaltinda-300x169.webp\" alt=\"\" width=\"1208\" height=\"680\" title=\"\" srcset=\"https:\/\/www.tgrthaber.com\/mavikadin\/wp-content\/uploads\/iBHD-gullunun-sir-olumunde-flas-gelisme-kizi-ve-arkadasi-kasten-oldurme-suphesiyle-gozaltinda-300x169.webp 300w, https:\/\/www.tgrthaber.com\/mavikadin\/wp-content\/uploads\/iBHD-gullunun-sir-olumunde-flas-gelisme-kizi-ve-arkadasi-kasten-oldurme-suphesiyle-gozaltinda-1024x576.webp 1024w, https:\/\/www.tgrthaber.com\/mavikadin\/wp-content\/uploads\/iBHD-gullunun-sir-olumunde-flas-gelisme-kizi-ve-arkadasi-kasten-oldurme-suphesiyle-gozaltinda-768x432.webp 768w, https:\/\/www.tgrthaber.com\/mavikadin\/wp-content\/uploads\/iBHD-gullunun-sir-olumunde-flas-gelisme-kizi-ve-arkadasi-kasten-oldurme-suphesiyle-gozaltinda.webp 1280w\" sizes=\"(max-width: 1208px) 100vw, 1208px\" \/><\/p>\n<hr \/>\n<p>Sultan Nur Ulu&#8217;nun babas\u0131 Arif Ulu\u2019nun neden g\u00f6zalt\u0131na al\u0131nd\u0131\u011f\u0131na dair resmi a\u00e7\u0131klama gelmedi. Dosyada bulunan gizlilik karar\u0131 sebebiyle bilgiler titizlikle saklan\u0131yor ve soru\u015fturma bu y\u00f6nde devam ediyor. Ancak Arif Ulu&#8217;nun yard\u0131m ve y\u00f6nlendirme yapt\u0131\u011f\u0131na dair g\u00f6zalt\u0131na al\u0131nm\u0131\u015f olabilece\u011fi ihtimali gelen bilgiler aras\u0131nda.<\/p>\n","protected":false},"excerpt":{"rendered":"<p>G\u00fcll\u00fc&#8217;n\u00fcn \u00f6l\u00fcm\u00fcne dair bomba geli\u015fmeler \u00fcst \u00fcste gelirken, son olarak Arif Ulu ismi de g\u00fcndemin merkezine d\u00fc\u015ft\u00fc. G\u00fcll\u00fc&#8217;n\u00fcn \u015f\u00fcpheli \u00f6l\u00fcm\u00fcyle y\u00fcr\u00fct\u00fclen dosyada g\u00f6zalt\u0131na al\u0131nan isimler aras\u0131nda bulunan Arif Ulu, arama motorlar\u0131nda en \u00e7ok arat\u0131lan isimler aras\u0131nda bulunuyor. Peki Arif Ulu kimdir? G\u00f6zalt\u0131na al\u0131nan Arif Ulu&#8217;nun G\u00fcll\u00fc&#8217;n\u00fcn \u00f6l\u00fcm\u00fcyle ne alakas\u0131 var? \u0130\u015fte detaylar&#8230;<\/p>\n","protected":false},"author":35,"featured_media":274395,"comment_status":"closed","ping_status":"closed","sticky":false,"template":"","format":"standard","meta":{"rank_math_lock_modified_date":false,"footnotes":""},"categories":[491],"tags":[68095,3374,1424,65767,66582],"class_list":["post-274393","post","type-post","status-publish","format-standard","has-post-thumbnail","hentry","category-biyografi","tag-arif-ulu","tag-biyografi","tag-gullu","tag-sultan-nur-ulu","tag-tuyan-ulkem-gulter"],"_links":{"self":[{"href":"https:\/\/www.tgrthaber.com\/mavikadin\/wp-json\/wp\/v2\/posts\/274393"}],"collection":[{"href":"https:\/\/www.tgrthaber.com\/mavikadin\/wp-json\/wp\/v2\/posts"}],"about":[{"href":"https:\/\/www.tgrthaber.com\/mavikadin\/wp-json\/wp\/v2\/types\/post"}],"author":[{"embeddable":true,"href":"https:\/\/www.tgrthaber.com\/mavikadin\/wp-json\/wp\/v2\/users\/35"}],"replies":[{"embeddable":true,"href":"https:\/\/www.tgrthaber.com\/mavikadin\/wp-json\/wp\/v2\/comments?post=274393"}],"version-history":[{"count":3,"href":"https:\/\/www.tgrthaber.com\/mavikadin\/wp-json\/wp\/v2\/posts\/274393\/revisions"}],"predecessor-version":[{"id":274600,"href":"https:\/\/www.tgrthaber.com\/mavikadin\/wp-json\/wp\/v2\/posts\/274393\/revisions\/274600"}],"wp:featuredmedia":[{"embeddable":true,"href":"https:\/\/www.tgrthaber.com\/mavikadin\/wp-json\/wp\/v2\/media\/274395"}],"wp:attachment":[{"href":"https:\/\/www.tgrthaber.com\/mavikadin\/wp-json\/wp\/v2\/media?parent=274393"}],"wp:term":[{"taxonomy":"category","embeddable":true,"href":"https:\/\/www.tgrthaber.com\/mavikadin\/wp-json\/wp\/v2\/categories?post=274393"},{"taxonomy":"post_tag","embeddable":true,"href":"https:\/\/www.tgrthaber.com\/mavikadin\/wp-json\/wp\/v2\/tags?post=274393"}],"curies":[{"name":"wp","href":"https:\/\/api.w.org\/{rel}","templated":true}]}}