{"id":274446,"date":"2025-12-11T15:31:58","date_gmt":"2025-12-11T12:31:58","guid":{"rendered":"https:\/\/www.tgrthaber.com\/mavikadin\/?p=274446"},"modified":"2025-12-11T15:31:58","modified_gmt":"2025-12-11T12:31:58","slug":"enver-aysever-kiminle-evli-enver-ayseverin-cocugu-var-mi","status":"publish","type":"post","link":"https:\/\/www.tgrthaber.com\/mavikadin\/enver-aysever-kiminle-evli-enver-ayseverin-cocugu-var-mi\/","title":{"rendered":"Enver Aysever kiminle evli? Enver Aysever\u2019in \u00e7ocu\u011fu var m\u0131?"},"content":{"rendered":"<p><a href=\"https:\/\/www.tgrthaber.com\/aktuel\/enver-aysever-kimdir-nereli-kac-yasinda-enver-aysever-neden-gozaltina-alindi-3269953\">Enver Aysever<\/a>, \u015fimdilerde g\u00f6zalt\u0131na al\u0131nd\u0131\u011f\u0131 haberleriyle dikkatleri \u00fczerine \u00e7ekiyor. Gazeteci kimli\u011fiyle ad\u0131n\u0131 duyuran Enver Aysever\u2019in \u00f6zel hayat\u0131 da merakla ara\u015ft\u0131r\u0131l\u0131yor. Peki, Enver Aysever kiminle evli? Enver Aysever\u2019in \u00e7ocu\u011fu var m\u0131? Enver Aysever hakk\u0131nda merak edilenleri sizin i\u00e7in ara\u015ft\u0131rd\u0131k. \u0130\u015fte Enver Aysever\u2019e dair bilinmeyenler\u2026<\/p>\n<h3>ENVER AYSEVER K\u0130MD\u0130R?<\/h3>\n<p><a href=\"https:\/\/www.tgrthaber.com\/aktuel\/enver-aysever-kimdir-nereli-kac-yasinda-enver-aysever-neden-gozaltina-alindi-3269953\">Enver Aysever<\/a>, gazeteci, yazar ve televizyon sunucusudur. 24 Haziran 1971 tarihinde \u0130stanbul\u2019da d\u00fcnyaya gelen Aysever, BirG\u00fcn gazetesinde g\u00fcnl\u00fck, Boyun E\u011fme dergisinde ise haftal\u0131k k\u00f6\u015fe yaz\u0131lar\u0131 yazmaktad\u0131r. Gazeteci kimli\u011fiyle dikkatleri \u00fczerine \u00e7eken Aysever, ayn\u0131 zamanda Tele1&#8217;de G\u00fcndeme Not adl\u0131 televizyon program\u0131n\u0131 haz\u0131rlay\u0131p sunmaktad\u0131r.<\/p>\n<p><img loading=\"lazy\" decoding=\"async\" class=\"size-full wp-image-274447\" src=\"https:\/\/www.tgrthaber.com\/mavikadin\/wp-content\/uploads\/Enver-Aysever-2.jpg\" alt=\"Enver Aysever kiminle evli? Enver Aysever\u2019in \u00e7ocu\u011fu var m\u0131?\" width=\"1208\" height=\"680\" title=\"\" srcset=\"https:\/\/www.tgrthaber.com\/mavikadin\/wp-content\/uploads\/Enver-Aysever-2.jpg 1208w, https:\/\/www.tgrthaber.com\/mavikadin\/wp-content\/uploads\/Enver-Aysever-2-300x169.jpg 300w, https:\/\/www.tgrthaber.com\/mavikadin\/wp-content\/uploads\/Enver-Aysever-2-1024x576.jpg 1024w, https:\/\/www.tgrthaber.com\/mavikadin\/wp-content\/uploads\/Enver-Aysever-2-768x432.jpg 768w\" sizes=\"(max-width: 1208px) 100vw, 1208px\" \/><\/p>\n<hr \/>\n<p>Enver Aysever, ilkokul, ortaokul ve lise e\u011fitimini ba\u015far\u0131yla tamamlad\u0131. Daha sonra \u00fcniversite e\u011fitimini Mimar Sinan G\u00fczel Sanatlar \u00dcniversitesi sosyoloji b\u00f6l\u00fcm\u00fcnden mezun olarak tamamlayan Aysever, Do\u011fu\u015f, Yeditepe ve Arel \u00fcniversitelerinde dersler verdi. Gazeteci ki\u015fili\u011finin yan\u0131 s\u0131ra siyaset alan\u0131ndaki \u00e7al\u0131\u015fmalar\u0131yla da ad\u0131ndan s\u00f6z ettiren Aysever, bir s\u00fcre Cumhuriyet Halk Partisi parti meclisi \u00fcyeli\u011fi de yapt\u0131.<\/p>\n<p><img loading=\"lazy\" decoding=\"async\" class=\"size-full wp-image-274450\" src=\"https:\/\/www.tgrthaber.com\/mavikadin\/wp-content\/uploads\/Enver-Aysever-5.jpg\" alt=\"Enver Aysever kiminle evli? Enver Aysever\u2019in \u00e7ocu\u011fu var m\u0131?\" width=\"1208\" height=\"680\" title=\"\" srcset=\"https:\/\/www.tgrthaber.com\/mavikadin\/wp-content\/uploads\/Enver-Aysever-5.jpg 1208w, https:\/\/www.tgrthaber.com\/mavikadin\/wp-content\/uploads\/Enver-Aysever-5-300x169.jpg 300w, https:\/\/www.tgrthaber.com\/mavikadin\/wp-content\/uploads\/Enver-Aysever-5-1024x576.jpg 1024w, https:\/\/www.tgrthaber.com\/mavikadin\/wp-content\/uploads\/Enver-Aysever-5-768x432.jpg 768w\" sizes=\"(max-width: 1208px) 100vw, 1208px\" \/><\/p>\n<hr \/>\n<h3>ENVER AYSEVER K\u0130M\u0130NLE EVL\u0130?<\/h3>\n<p><a href=\"https:\/\/www.tgrthaber.com\/aktuel\/enver-aysever-kimdir-nereli-kac-yasinda-enver-aysever-neden-gozaltina-alindi-3269953\">Enver Aysever<\/a>, kendi ad\u0131yla a\u00e7t\u0131\u011f\u0131 YouTube kanal\u0131ndaki videolar\u0131yla da dikkatleri \u00fczerine \u00e7ekiyor. Ba\u015far\u0131l\u0131 gazeteci kimli\u011finin yan\u0131 s\u0131ra \u00f6zel hayat\u0131yla da merak konusu olan Aysever\u2019in kiminle evli oldu\u011fu ara\u015ft\u0131r\u0131l\u0131yor.<\/p>\n<p><img loading=\"lazy\" decoding=\"async\" class=\"size-full wp-image-274451\" src=\"https:\/\/www.tgrthaber.com\/mavikadin\/wp-content\/uploads\/Enver-Aysever-6.jpg\" alt=\"Enver Aysever kiminle evli? Enver Aysever\u2019in \u00e7ocu\u011fu var m\u0131?\" width=\"1208\" height=\"680\" title=\"\" srcset=\"https:\/\/www.tgrthaber.com\/mavikadin\/wp-content\/uploads\/Enver-Aysever-6.jpg 1208w, https:\/\/www.tgrthaber.com\/mavikadin\/wp-content\/uploads\/Enver-Aysever-6-300x169.jpg 300w, https:\/\/www.tgrthaber.com\/mavikadin\/wp-content\/uploads\/Enver-Aysever-6-1024x576.jpg 1024w, https:\/\/www.tgrthaber.com\/mavikadin\/wp-content\/uploads\/Enver-Aysever-6-768x432.jpg 768w\" sizes=\"(max-width: 1208px) 100vw, 1208px\" \/><\/p>\n<hr \/>\n<p>Enver Aysever, Handan Aysever ile evlidir. Edebiyat\u00e7\u0131 ki\u015fili\u011fiyle dikkatleri \u00fczerine \u00e7eken Handan Aysever hakk\u0131nda kamuoyunda pek fazla bilgi yer almasa da Enver Aysever\u2019in e\u015fi olarak tan\u0131n\u0131yor. G\u00f6r\u00fcc\u00fc usul\u00fc tan\u0131\u015farak hayatlar\u0131n\u0131 birle\u015ftiren Enver Aysever ve Handan Aysever \u00e7ifti mutlu beraberliklerine t\u00fcm h\u0131z\u0131yla devam ediyor.<\/p>\n<p><img loading=\"lazy\" decoding=\"async\" class=\"size-full wp-image-274448\" src=\"https:\/\/www.tgrthaber.com\/mavikadin\/wp-content\/uploads\/Enver-Aysever-3.jpg\" alt=\"Enver Aysever kiminle evli? Enver Aysever\u2019in \u00e7ocu\u011fu var m\u0131?\" width=\"1208\" height=\"680\" title=\"\" srcset=\"https:\/\/www.tgrthaber.com\/mavikadin\/wp-content\/uploads\/Enver-Aysever-3.jpg 1208w, https:\/\/www.tgrthaber.com\/mavikadin\/wp-content\/uploads\/Enver-Aysever-3-300x169.jpg 300w, https:\/\/www.tgrthaber.com\/mavikadin\/wp-content\/uploads\/Enver-Aysever-3-1024x576.jpg 1024w, https:\/\/www.tgrthaber.com\/mavikadin\/wp-content\/uploads\/Enver-Aysever-3-768x432.jpg 768w\" sizes=\"(max-width: 1208px) 100vw, 1208px\" \/><\/p>\n<hr \/>\n<h3>ENVER AYSEVER\u2019\u0130N \u00c7OCU\u011eU VAR MI?<\/h3>\n<p><a href=\"https:\/\/www.tgrthaber.com\/aktuel\/enver-aysever-kimdir-nereli-kac-yasinda-enver-aysever-neden-gozaltina-alindi-3269953\">Enver Aysever<\/a>, evli ve bir \u00e7ocuk babas\u0131d\u0131r. Gazeteci, yazar ve y\u00f6netmen ki\u015fili\u011fiyle ad\u0131n\u0131 duyuran Aysever\u2019in Handan Aysever ile yapt\u0131\u011f\u0131 evlili\u011finden bir erkek \u00e7ocuk d\u00fcnyaya geldi. Bir erkek \u00e7ocuk babas\u0131 olan Aysever, aile ya\u015fant\u0131s\u0131n\u0131 g\u00f6zlerden uzak ya\u015famay\u0131 tercih ediyor.<\/p>\n<p><img loading=\"lazy\" decoding=\"async\" class=\"size-full wp-image-274453\" src=\"https:\/\/www.tgrthaber.com\/mavikadin\/wp-content\/uploads\/Enver-Aysever-8.jpg\" alt=\"Enver Aysever kiminle evli? Enver Aysever\u2019in \u00e7ocu\u011fu var m\u0131?\" width=\"1208\" height=\"680\" title=\"\" srcset=\"https:\/\/www.tgrthaber.com\/mavikadin\/wp-content\/uploads\/Enver-Aysever-8.jpg 1208w, https:\/\/www.tgrthaber.com\/mavikadin\/wp-content\/uploads\/Enver-Aysever-8-300x169.jpg 300w, https:\/\/www.tgrthaber.com\/mavikadin\/wp-content\/uploads\/Enver-Aysever-8-1024x576.jpg 1024w, https:\/\/www.tgrthaber.com\/mavikadin\/wp-content\/uploads\/Enver-Aysever-8-768x432.jpg 768w\" sizes=\"(max-width: 1208px) 100vw, 1208px\" \/><\/p>\n<hr \/>\n<p>E\u015fine ve \u00e7ocu\u011funa olan ilgisiyle dikkatleri \u00fczerine \u00e7eken Enver Aysever, \u015fimdilerde tutukland\u0131\u011f\u0131 haberleriyle g\u00fcndeme geliyor. Aysever, \u00f6zel ya\u015fant\u0131s\u0131n\u0131n yan\u0131 s\u0131ra gazetecilik ve medya alan\u0131nda yapt\u0131\u011f\u0131 \u00e7al\u0131\u015fmalarla da ad\u0131ndan s\u00f6z ettiriyor.<\/p>\n","protected":false},"excerpt":{"rendered":"<p>Gazeteci kimli\u011fiyle dikkatleri \u00fczerine \u00e7eken Enver Aysever\u2019in \u00f6zel hayat\u0131na ili\u015fkin detaylar merakla ara\u015ft\u0131r\u0131l\u0131yor. Peki, Enver Aysever kiminle evli? Enver Aysever\u2019in \u00e7ocu\u011fu var m\u0131? \u0130\u015fte detaylar\u2026<\/p>\n","protected":false},"author":26,"featured_media":274449,"comment_status":"closed","ping_status":"closed","sticky":false,"template":"","format":"standard","meta":{"rank_math_lock_modified_date":false,"footnotes":""},"categories":[491],"tags":[3374,16521,68097,68098,133],"class_list":["post-274446","post","type-post","status-publish","format-standard","has-post-thumbnail","hentry","category-biyografi","tag-biyografi","tag-biyografi-haberleri","tag-enver-aysever","tag-enver-aysever-kimdir","tag-magazin"],"_links":{"self":[{"href":"https:\/\/www.tgrthaber.com\/mavikadin\/wp-json\/wp\/v2\/posts\/274446"}],"collection":[{"href":"https:\/\/www.tgrthaber.com\/mavikadin\/wp-json\/wp\/v2\/posts"}],"about":[{"href":"https:\/\/www.tgrthaber.com\/mavikadin\/wp-json\/wp\/v2\/types\/post"}],"author":[{"embeddable":true,"href":"https:\/\/www.tgrthaber.com\/mavikadin\/wp-json\/wp\/v2\/users\/26"}],"replies":[{"embeddable":true,"href":"https:\/\/www.tgrthaber.com\/mavikadin\/wp-json\/wp\/v2\/comments?post=274446"}],"version-history":[{"count":2,"href":"https:\/\/www.tgrthaber.com\/mavikadin\/wp-json\/wp\/v2\/posts\/274446\/revisions"}],"predecessor-version":[{"id":274456,"href":"https:\/\/www.tgrthaber.com\/mavikadin\/wp-json\/wp\/v2\/posts\/274446\/revisions\/274456"}],"wp:featuredmedia":[{"embeddable":true,"href":"https:\/\/www.tgrthaber.com\/mavikadin\/wp-json\/wp\/v2\/media\/274449"}],"wp:attachment":[{"href":"https:\/\/www.tgrthaber.com\/mavikadin\/wp-json\/wp\/v2\/media?parent=274446"}],"wp:term":[{"taxonomy":"category","embeddable":true,"href":"https:\/\/www.tgrthaber.com\/mavikadin\/wp-json\/wp\/v2\/categories?post=274446"},{"taxonomy":"post_tag","embeddable":true,"href":"https:\/\/www.tgrthaber.com\/mavikadin\/wp-json\/wp\/v2\/tags?post=274446"}],"curies":[{"name":"wp","href":"https:\/\/api.w.org\/{rel}","templated":true}]}}