{"id":274491,"date":"2025-12-11T16:45:52","date_gmt":"2025-12-11T13:45:52","guid":{"rendered":"https:\/\/www.tgrthaber.com\/mavikadin\/?p=274491"},"modified":"2025-12-11T16:45:52","modified_gmt":"2025-12-11T13:45:52","slug":"hande-ercelin-yeni-aski-gundem-oldu-sevgilisinin-45-yasinda-oldugu-iddia-edildi","status":"publish","type":"post","link":"https:\/\/www.tgrthaber.com\/mavikadin\/hande-ercelin-yeni-aski-gundem-oldu-sevgilisinin-45-yasinda-oldugu-iddia-edildi\/","title":{"rendered":"Hande Er\u00e7el&#8217;in yeni a\u015fk\u0131 g\u00fcndem oldu! Sevgilisinin 45 ya\u015f\u0131nda oldu\u011fu iddia edildi"},"content":{"rendered":"<p>Hande Er\u00e7el ile Hakan Sabanc\u0131\u2019n\u0131n \u00fc\u00e7 y\u0131la yak\u0131n s\u00fcren ili\u015fkisinin bitmesiyle ayr\u0131l\u0131k nedenleri g\u00fcndem olmu\u015ftu. <a href=\"https:\/\/www.tgrthaber.com\/mavikadin\/hande-ercel-dunyanin-en-guzel-aktristi-secildi\/\">Hande Er\u00e7el<\/a>\u2019in kalbinin \u015fimdi 45 ya\u015f\u0131ndaki \u00fcnl\u00fc bir yap\u0131mc\u0131da oldu\u011funu iddia haberleri merak edildi.<\/p>\n<h3>HANDE ER\u00c7EL&#8217;\u0130N 45 YA\u015eINDA SEVG\u0130L\u0130S\u0130 OLDU\u011eU \u0130DD\u0130A ED\u0130LD\u0130!<\/h3>\n<p>Hande Er\u00e7el ile Hakan Sabanc\u0131\u2019n\u0131n \u00fc\u00e7 y\u0131la yak\u0131n s\u00fcren ili\u015fkisi bu yaz sessiz sedas\u0131z bitmesi g\u00fcndem olmu\u015ftu. Herkes Hakan Sabanc\u0131\u2019n\u0131n annesi Arzu Sabanc\u0131 fakt\u00f6r\u00fc m\u00fc? diye tart\u0131\u015f\u0131rken, son g\u00fcnlerde ortaya \u00e7\u0131kan s\u00f6ylentilere g\u00f6re ayr\u0131l\u0131\u011f\u0131n arkas\u0131nda asl\u0131nda g\u00fcven meselesi oldu\u011fu iddia edilmi\u015fti.<\/p>\n<p><img loading=\"lazy\" decoding=\"async\" class=\"alignnone size-full wp-image-274506\" src=\"https:\/\/www.tgrthaber.com\/mavikadin\/wp-content\/uploads\/Asli-2025-12-11T160945.591.png\" alt=\"\" width=\"1208\" height=\"680\" title=\"\" srcset=\"https:\/\/www.tgrthaber.com\/mavikadin\/wp-content\/uploads\/Asli-2025-12-11T160945.591.png 1208w, https:\/\/www.tgrthaber.com\/mavikadin\/wp-content\/uploads\/Asli-2025-12-11T160945.591-300x169.png 300w, https:\/\/www.tgrthaber.com\/mavikadin\/wp-content\/uploads\/Asli-2025-12-11T160945.591-1024x576.png 1024w, https:\/\/www.tgrthaber.com\/mavikadin\/wp-content\/uploads\/Asli-2025-12-11T160945.591-768x432.png 768w\" sizes=\"(max-width: 1208px) 100vw, 1208px\" \/><\/p>\n<hr \/>\n<p>Gel Konu\u015fal\u0131m program\u0131nda gazeteci Mehmet \u00dcst\u00fcnda\u011f\u2019\u0131n iddias\u0131 magazin g\u00fcndemini yeniden kar\u0131\u015ft\u0131rd\u0131. \u00dcst\u00fcnda\u011f, <a href=\"https:\/\/www.tgrthaber.com\/mavikadin\/hande-ercelin-ayriligina-damga-vuran-sebep-ortaya-cikti-hakan-sabanci-aski-bakin-neden-bitmis\/\">Hande Er\u00e7el<\/a>\u2019in kalbinin \u015fimdi 45 ya\u015f\u0131ndaki \u00fcnl\u00fc bir yap\u0131mc\u0131da oldu\u011funu iddia etti. Hande Er\u00e7el ve Hakan Sabanc\u0131\u2019n\u0131n yakla\u015f\u0131k 3 y\u0131l\u0131 bulan ili\u015fkisi, bu yaz\u0131n sonunda aniden bitmesi \u015fa\u015f\u0131rm\u0131\u015ft\u0131.\u0130lk g\u00fc\u00e7l\u00fc sinyal, A\u011fustos 2025\u2019te Hande\u2019nin sosyal medya hesab\u0131ndan Hakan\u2019la olan foto\u011fraflar\u0131n\u0131 kald\u0131rmas\u0131n\u0131n ard\u0131ndan k\u0131sa s\u00fcre sonra Hakan da ayn\u0131 hamleyi yaparak takip\u00e7ilerine ayr\u0131ld\u0131klar\u0131n\u0131 g\u00f6stermi\u015flerdi.<\/p>\n<p><img loading=\"lazy\" decoding=\"async\" class=\"alignnone size-full wp-image-274514\" src=\"https:\/\/www.tgrthaber.com\/mavikadin\/wp-content\/uploads\/Asli-2025-12-11T161019.676.png\" alt=\"\" width=\"1208\" height=\"680\" title=\"\" srcset=\"https:\/\/www.tgrthaber.com\/mavikadin\/wp-content\/uploads\/Asli-2025-12-11T161019.676.png 1208w, https:\/\/www.tgrthaber.com\/mavikadin\/wp-content\/uploads\/Asli-2025-12-11T161019.676-300x169.png 300w, https:\/\/www.tgrthaber.com\/mavikadin\/wp-content\/uploads\/Asli-2025-12-11T161019.676-1024x576.png 1024w, https:\/\/www.tgrthaber.com\/mavikadin\/wp-content\/uploads\/Asli-2025-12-11T161019.676-768x432.png 768w\" sizes=\"(max-width: 1208px) 100vw, 1208px\" \/><\/p>\n<hr \/>\n<p>Kas\u0131m sonu itibar\u0131yla ikili birbirlerini sosyal medya hesaplar\u0131 \u00fczerinden tamamen takipten \u00e7\u0131kt\u0131. Gel Konu\u015fal\u0131m program\u0131nda Mehmet \u00dcst\u00fcnda\u011f, Hande Er\u00e7el i\u00e7in 45 ya\u015f\u0131ndaki bir yap\u0131mc\u0131yla yakla\u015f\u0131k bir ayd\u0131r ili\u015fki ya\u015fad\u0131\u011f\u0131n\u0131 iddia etti.<\/p>\n<p><img loading=\"lazy\" decoding=\"async\" class=\"alignnone size-full wp-image-274520\" src=\"https:\/\/www.tgrthaber.com\/mavikadin\/wp-content\/uploads\/Asli-2025-12-11T161038.312.png\" alt=\"\" width=\"1208\" height=\"680\" title=\"\" srcset=\"https:\/\/www.tgrthaber.com\/mavikadin\/wp-content\/uploads\/Asli-2025-12-11T161038.312.png 1208w, https:\/\/www.tgrthaber.com\/mavikadin\/wp-content\/uploads\/Asli-2025-12-11T161038.312-300x169.png 300w, https:\/\/www.tgrthaber.com\/mavikadin\/wp-content\/uploads\/Asli-2025-12-11T161038.312-1024x576.png 1024w, https:\/\/www.tgrthaber.com\/mavikadin\/wp-content\/uploads\/Asli-2025-12-11T161038.312-768x432.png 768w\" sizes=\"(max-width: 1208px) 100vw, 1208px\" \/><\/p>\n<hr \/>\n<p>Hande Er\u00e7el&#8217;in \u00fcnl\u00fc bir yap\u0131mc\u0131yla birlikte oldu\u011funu iddia eden Mehmet \u00dcst\u00fcnda\u011f ikilinin birlikte Londra&#8217;ya gitti\u011fini s\u00f6yledi. Yap\u0131mc\u0131n\u0131n 45, Hande Er\u00e7el&#8217;in 32 ya\u015f\u0131nda oldu\u011funu s\u00f6yleyen \u00dcst\u00fcnda\u011f, ikilinin aras\u0131nda 13 ya\u015f oldu\u011funu ve bir ayd\u0131r birlikte olduklar\u0131n\u0131 iddia etti.<\/p>\n<p><img loading=\"lazy\" decoding=\"async\" class=\"alignnone size-full wp-image-274524\" src=\"https:\/\/www.tgrthaber.com\/mavikadin\/wp-content\/uploads\/Asli-2025-12-11T161124.029.png\" alt=\"\" width=\"1208\" height=\"680\" title=\"\" srcset=\"https:\/\/www.tgrthaber.com\/mavikadin\/wp-content\/uploads\/Asli-2025-12-11T161124.029.png 1208w, https:\/\/www.tgrthaber.com\/mavikadin\/wp-content\/uploads\/Asli-2025-12-11T161124.029-300x169.png 300w, https:\/\/www.tgrthaber.com\/mavikadin\/wp-content\/uploads\/Asli-2025-12-11T161124.029-1024x576.png 1024w, https:\/\/www.tgrthaber.com\/mavikadin\/wp-content\/uploads\/Asli-2025-12-11T161124.029-768x432.png 768w\" sizes=\"(max-width: 1208px) 100vw, 1208px\" \/><\/p>\n<hr \/>\n<h3>HANDE ER\u00c7EL D\u00dcNYANIN EN G\u00dcZEL OYUNCUSU SE\u00c7\u0130LD\u0130!<\/h3>\n<p>D\u00fcnyaca \u00fcnl\u00fc film ve dizi veri taban\u0131 IMDb, her y\u0131l oldu\u011fu gibi bu y\u0131l da \u201cD\u00fcnyan\u0131n En G\u00fczel 10 Aktrisi\u201d listesini a\u00e7\u0131klad\u0131. Ba\u015far\u0131l\u0131 oyuncu Hande Er\u00e7el, d\u00fcnya \u00e7ap\u0131ndaki y\u0131ld\u0131zlar\u0131n aras\u0131nda 10. s\u0131radan listeye girmeyi ba\u015fard\u0131. Listeye Margot Robbie, Emma Watson, Ana de Armas, Amber Heard gibi isimler de yer ald\u0131. IMDb taraf\u0131ndan haz\u0131rlanan liste; global pop\u00fclarite, ekran \u0131\u015f\u0131\u011f\u0131, do\u011fal g\u00fczellik, sinema ve televizyon etkisi, sosyal medya etkisi gibi \u00e7ok y\u00f6nl\u00fc kriterler g\u00f6zetilerek olu\u015fturuldu.<\/p>\n<p><img loading=\"lazy\" decoding=\"async\" class=\"alignnone size-full wp-image-274525\" src=\"https:\/\/www.tgrthaber.com\/mavikadin\/wp-content\/uploads\/Asli-2025-12-11T161149.167.png\" alt=\"\" width=\"1208\" height=\"680\" title=\"\" srcset=\"https:\/\/www.tgrthaber.com\/mavikadin\/wp-content\/uploads\/Asli-2025-12-11T161149.167.png 1208w, https:\/\/www.tgrthaber.com\/mavikadin\/wp-content\/uploads\/Asli-2025-12-11T161149.167-300x169.png 300w, https:\/\/www.tgrthaber.com\/mavikadin\/wp-content\/uploads\/Asli-2025-12-11T161149.167-1024x576.png 1024w, https:\/\/www.tgrthaber.com\/mavikadin\/wp-content\/uploads\/Asli-2025-12-11T161149.167-768x432.png 768w\" sizes=\"(max-width: 1208px) 100vw, 1208px\" \/><\/p>\n<h3>IMDB TARAFINDAN A\u00c7IKLANAN L\u0130STE SIRALAMASI!<\/h3>\n<p>1 &#8211; Margot Robbie<\/p>\n<p>2 &#8211; Shailene Woodley<\/p>\n<p>3 &#8211; Dilraba Dilmurat<\/p>\n<p>4 &#8211; Nancy McDonie<\/p>\n<p>5 &#8211; Kriti Sanon<\/p>\n<p>6 &#8211; Hania Aamir<\/p>\n<p>7 &#8211; Ana de Armas<\/p>\n<p>8 &#8211; Emma Watson<\/p>\n<p>9 &#8211; Amber Heard<\/p>\n<p>10 &#8211; Hande Er\u00e7el<\/p>\n","protected":false},"excerpt":{"rendered":"<p>Hande Er\u00e7el ile Hakan Sabanc\u0131\u2019n\u0131n \u00fc\u00e7 y\u0131la yak\u0131n s\u00fcren ili\u015fkisinin aniden bitmesi sevenlerini \u015fa\u015f\u0131rtm\u0131\u015ft\u0131. Hande Er\u00e7el\u2019in kalbinin \u015fimdi 45 ya\u015f\u0131ndaki \u00fcnl\u00fc bir yap\u0131mc\u0131da oldu\u011funu iddia haberleri g\u00fcndem oldu.<\/p>\n","protected":false},"author":37,"featured_media":274496,"comment_status":"closed","ping_status":"closed","sticky":false,"template":"","format":"standard","meta":{"rank_math_lock_modified_date":false,"footnotes":""},"categories":[76],"tags":[2738,2391,133,68103,6037],"class_list":["post-274491","post","type-post","status-publish","format-standard","has-post-thumbnail","hentry","category-magazin","tag-hakan-sabanci","tag-hande-ercel","tag-magazin","tag-mehmet-ustundag","tag-unluler"],"_links":{"self":[{"href":"https:\/\/www.tgrthaber.com\/mavikadin\/wp-json\/wp\/v2\/posts\/274491"}],"collection":[{"href":"https:\/\/www.tgrthaber.com\/mavikadin\/wp-json\/wp\/v2\/posts"}],"about":[{"href":"https:\/\/www.tgrthaber.com\/mavikadin\/wp-json\/wp\/v2\/types\/post"}],"author":[{"embeddable":true,"href":"https:\/\/www.tgrthaber.com\/mavikadin\/wp-json\/wp\/v2\/users\/37"}],"replies":[{"embeddable":true,"href":"https:\/\/www.tgrthaber.com\/mavikadin\/wp-json\/wp\/v2\/comments?post=274491"}],"version-history":[{"count":2,"href":"https:\/\/www.tgrthaber.com\/mavikadin\/wp-json\/wp\/v2\/posts\/274491\/revisions"}],"predecessor-version":[{"id":274531,"href":"https:\/\/www.tgrthaber.com\/mavikadin\/wp-json\/wp\/v2\/posts\/274491\/revisions\/274531"}],"wp:featuredmedia":[{"embeddable":true,"href":"https:\/\/www.tgrthaber.com\/mavikadin\/wp-json\/wp\/v2\/media\/274496"}],"wp:attachment":[{"href":"https:\/\/www.tgrthaber.com\/mavikadin\/wp-json\/wp\/v2\/media?parent=274491"}],"wp:term":[{"taxonomy":"category","embeddable":true,"href":"https:\/\/www.tgrthaber.com\/mavikadin\/wp-json\/wp\/v2\/categories?post=274491"},{"taxonomy":"post_tag","embeddable":true,"href":"https:\/\/www.tgrthaber.com\/mavikadin\/wp-json\/wp\/v2\/tags?post=274491"}],"curies":[{"name":"wp","href":"https:\/\/api.w.org\/{rel}","templated":true}]}}