{"id":274505,"date":"2025-12-11T17:00:44","date_gmt":"2025-12-11T14:00:44","guid":{"rendered":"https:\/\/www.tgrthaber.com\/mavikadin\/?p=274505"},"modified":"2025-12-12T00:47:14","modified_gmt":"2025-12-11T21:47:14","slug":"fahriye-evcen-aslen-nereli-fahriye-evcen-kac-dil-biliyor","status":"publish","type":"post","link":"https:\/\/www.tgrthaber.com\/mavikadin\/fahriye-evcen-aslen-nereli-fahriye-evcen-kac-dil-biliyor\/","title":{"rendered":"Fahriye Evcen aslen nereli? Fahriye Evcen ka\u00e7 dil biliyor?"},"content":{"rendered":"<p>\u00dcnl\u00fc oyuncu Fahriye Evcen, hayat\u0131yla merak edilen ki\u015filer aras\u0131nda yer al\u0131yor. Kariyerinde birbirinden ba\u015far\u0131l\u0131 i\u015flere imza atan Fahriye Evcen, bildi\u011fi diller ile de dikkat \u00e7ekiyor. Peki, Fahriye Evcen aslen nereli? Fahriye Evcen ka\u00e7 dil biliyor? \u0130\u015fte detaylar\u2026<\/p>\n<h3>FAHR\u0130YE EVCEN ASLEN NEREL\u0130?<\/h3>\n<p>Fahriye Evcen aslen nereli oldu\u011fu ile merak edilmeye ba\u015fland\u0131. 4 Haziran 1986 y\u0131l\u0131nda Almanya\u2019da d\u00fcnyaya geldi. E\u011fitimlerini de Almanya\u2019da alan Fahriye Evcen, D\u00fcsseldorf Heinrich-Heine \u00dcniversitesi&#8217;nde Sosyoloji E\u011fitimi al\u0131rken tatil i\u00e7in T\u00fcrkiye\u2019ye geldi.<\/p>\n<p><img loading=\"lazy\" decoding=\"async\" class=\"alignnone size-full wp-image-274532\" src=\"https:\/\/www.tgrthaber.com\/mavikadin\/wp-content\/uploads\/ARZU-2025-12-11T165722.023.jpg\" alt=\"Fahriye Evcen aslen nereli? Fahriye Evcen ka\u00e7 dil biliyor?\" width=\"1208\" height=\"680\" title=\"\" srcset=\"https:\/\/www.tgrthaber.com\/mavikadin\/wp-content\/uploads\/ARZU-2025-12-11T165722.023.jpg 1208w, https:\/\/www.tgrthaber.com\/mavikadin\/wp-content\/uploads\/ARZU-2025-12-11T165722.023-300x169.jpg 300w, https:\/\/www.tgrthaber.com\/mavikadin\/wp-content\/uploads\/ARZU-2025-12-11T165722.023-1024x576.jpg 1024w, https:\/\/www.tgrthaber.com\/mavikadin\/wp-content\/uploads\/ARZU-2025-12-11T165722.023-768x432.jpg 768w\" sizes=\"(max-width: 1208px) 100vw, 1208px\" \/><\/p>\n<hr \/>\n<p>O d\u00f6nemlerde dizi teklifleri de gelince Oya Aydo\u011fan\u2019\u0131n program\u0131na seyirci olarak kat\u0131lm\u0131\u015ft\u0131r. Seyirci olarak kat\u0131ld\u0131\u011f\u0131 program s\u0131ras\u0131nda Fahriye Evcen, yap\u0131mc\u0131 \u0130brahim Merto\u011flu ile tan\u0131\u015fm\u0131\u015ft\u0131r. \u0130lk oyunculuk deneyimini Yaprak D\u00f6k\u00fcm\u00fc dizisiyle yapan Fahriye Evcen, daha sonra birbirinden ba\u015far\u0131l\u0131 yap\u0131mlar ile ekranlara geldi.<\/p>\n<p><img loading=\"lazy\" decoding=\"async\" class=\"alignnone size-full wp-image-274533\" src=\"https:\/\/www.tgrthaber.com\/mavikadin\/wp-content\/uploads\/ARZU-2025-12-11T165712.115.jpg\" alt=\"Fahriye Evcen aslen nereli? Fahriye Evcen ka\u00e7 dil biliyor?\" width=\"1208\" height=\"680\" title=\"\" srcset=\"https:\/\/www.tgrthaber.com\/mavikadin\/wp-content\/uploads\/ARZU-2025-12-11T165712.115.jpg 1208w, https:\/\/www.tgrthaber.com\/mavikadin\/wp-content\/uploads\/ARZU-2025-12-11T165712.115-300x169.jpg 300w, https:\/\/www.tgrthaber.com\/mavikadin\/wp-content\/uploads\/ARZU-2025-12-11T165712.115-1024x576.jpg 1024w, https:\/\/www.tgrthaber.com\/mavikadin\/wp-content\/uploads\/ARZU-2025-12-11T165712.115-768x432.jpg 768w\" sizes=\"(max-width: 1208px) 100vw, 1208px\" \/><\/p>\n<hr \/>\n<p>11 Nisan 2008 y\u0131l\u0131nda Cennet filmiyle ba\u015frol oyuncusu olan Fahriye Evcen, ayn\u0131 sene A\u015fk Tutulmas\u0131 filmiyle ba\u015frol oynad\u0131. Daha sonra e\u011fitimine devam etmek isteyen Fahriye Evcen, Almanya\u2019daki e\u011fitimini tamamlad\u0131ktan sonra Bo\u011fazi\u00e7i \u00dcniversitesi Tarih B\u00f6l\u00fcm\u00fc\u2019nden mezun oldu.<\/p>\n<p><img loading=\"lazy\" decoding=\"async\" class=\"alignnone size-full wp-image-274534\" src=\"https:\/\/www.tgrthaber.com\/mavikadin\/wp-content\/uploads\/ARZU-2025-12-11T165703.955.jpg\" alt=\"Fahriye Evcen aslen nereli? Fahriye Evcen ka\u00e7 dil biliyor?\" width=\"1208\" height=\"680\" title=\"\" srcset=\"https:\/\/www.tgrthaber.com\/mavikadin\/wp-content\/uploads\/ARZU-2025-12-11T165703.955.jpg 1208w, https:\/\/www.tgrthaber.com\/mavikadin\/wp-content\/uploads\/ARZU-2025-12-11T165703.955-300x169.jpg 300w, https:\/\/www.tgrthaber.com\/mavikadin\/wp-content\/uploads\/ARZU-2025-12-11T165703.955-1024x576.jpg 1024w, https:\/\/www.tgrthaber.com\/mavikadin\/wp-content\/uploads\/ARZU-2025-12-11T165703.955-768x432.jpg 768w\" sizes=\"(max-width: 1208px) 100vw, 1208px\" \/><\/p>\n<hr \/>\n<p>Mezuniyetinden sonra \u00c7al\u0131ku\u015fu adl\u0131 d\u00f6nem dizisi ile ekranlara gelen Fahriye Evcen, rol arkada\u015f\u0131 Burak \u00d6z\u00e7ivit ile uyumlar\u0131yla be\u011fenilen isimler aras\u0131nda yer al\u0131yordu. Hatta ikilinin A\u015fk Sana Benzer filmi, sevilen yap\u0131mlar aras\u0131nda yer al\u0131yordu.<\/p>\n<p><img loading=\"lazy\" decoding=\"async\" class=\"alignnone size-full wp-image-274535\" src=\"https:\/\/www.tgrthaber.com\/mavikadin\/wp-content\/uploads\/ARZU-2025-12-11T165658.355.jpg\" alt=\"Fahriye Evcen aslen nereli? Fahriye Evcen ka\u00e7 dil biliyor?\" width=\"1208\" height=\"680\" title=\"\" srcset=\"https:\/\/www.tgrthaber.com\/mavikadin\/wp-content\/uploads\/ARZU-2025-12-11T165658.355.jpg 1208w, https:\/\/www.tgrthaber.com\/mavikadin\/wp-content\/uploads\/ARZU-2025-12-11T165658.355-300x169.jpg 300w, https:\/\/www.tgrthaber.com\/mavikadin\/wp-content\/uploads\/ARZU-2025-12-11T165658.355-1024x576.jpg 1024w, https:\/\/www.tgrthaber.com\/mavikadin\/wp-content\/uploads\/ARZU-2025-12-11T165658.355-768x432.jpg 768w\" sizes=\"(max-width: 1208px) 100vw, 1208px\" \/><\/p>\n<hr \/>\n<p>Anne taraf\u0131ndan da \u00c7erkes k\u00f6kenli olup, baba taraf\u0131ndan Kavala g\u00f6\u00e7menidir. Ancak ailesi Samsunludur. Ailesinin Fahriye Evcen k\u00fc\u00e7\u00fckken Almanya\u2019da zor zamanlardan ge\u00e7ti\u011fi kamuoyunda yer alan bilgiler aras\u0131nda yer al\u0131yor. \u00a029 Haziran 2017 y\u0131l\u0131nda oyuncu ve model olan Burak \u00d6z\u00e7ivit ile \u0130stanbul\u2019da evlendi.<\/p>\n<h3><img loading=\"lazy\" decoding=\"async\" class=\"alignnone size-full wp-image-274536\" src=\"https:\/\/www.tgrthaber.com\/mavikadin\/wp-content\/uploads\/ARZU-2025-12-11T165652.647.jpg\" alt=\"Fahriye Evcen aslen nereli? Fahriye Evcen ka\u00e7 dil biliyor?\" width=\"1208\" height=\"680\" title=\"\" srcset=\"https:\/\/www.tgrthaber.com\/mavikadin\/wp-content\/uploads\/ARZU-2025-12-11T165652.647.jpg 1208w, https:\/\/www.tgrthaber.com\/mavikadin\/wp-content\/uploads\/ARZU-2025-12-11T165652.647-300x169.jpg 300w, https:\/\/www.tgrthaber.com\/mavikadin\/wp-content\/uploads\/ARZU-2025-12-11T165652.647-1024x576.jpg 1024w, https:\/\/www.tgrthaber.com\/mavikadin\/wp-content\/uploads\/ARZU-2025-12-11T165652.647-768x432.jpg 768w\" sizes=\"(max-width: 1208px) 100vw, 1208px\" \/><\/h3>\n<hr \/>\n<h3>FAHR\u0130YE EVCEN KA\u00c7 D\u0130L B\u0130L\u0130YOR?<\/h3>\n<p>G\u00fczelli\u011fi ile dikkat \u00e7eken Fahriye Evcen, bildi\u011fi diller ile de dikkat \u00e7ekmeye devam ediyor. Almanya\u2019da do\u011fmas\u0131 sebebiyle Almancay\u0131 ve \u0130ngilizceyi \u00e7ok iyi bir \u015fekilde biliyor. \u00dcnl\u00fc oyuncu Fahriye Evcen, tam\u0131 tam\u0131na 4 dil bildi\u011fi kamuoyunda yazan bilgiler aras\u0131nda yer al\u0131yor.<\/p>\n<p><img loading=\"lazy\" decoding=\"async\" class=\"alignnone size-full wp-image-274537\" src=\"https:\/\/www.tgrthaber.com\/mavikadin\/wp-content\/uploads\/ARZU-2025-12-11T165643.930.jpg\" alt=\"Fahriye Evcen aslen nereli? Fahriye Evcen ka\u00e7 dil biliyor?\" width=\"1208\" height=\"680\" title=\"\" srcset=\"https:\/\/www.tgrthaber.com\/mavikadin\/wp-content\/uploads\/ARZU-2025-12-11T165643.930.jpg 1208w, https:\/\/www.tgrthaber.com\/mavikadin\/wp-content\/uploads\/ARZU-2025-12-11T165643.930-300x169.jpg 300w, https:\/\/www.tgrthaber.com\/mavikadin\/wp-content\/uploads\/ARZU-2025-12-11T165643.930-1024x576.jpg 1024w, https:\/\/www.tgrthaber.com\/mavikadin\/wp-content\/uploads\/ARZU-2025-12-11T165643.930-768x432.jpg 768w\" sizes=\"(max-width: 1208px) 100vw, 1208px\" \/><\/p>\n<hr \/>\n<p>Almanca ve \u0130ngilizcenin yan\u0131nda ba\u015far\u0131l\u0131 isim Osmanl\u0131ca ve \u0130spanyolca dillerini \u00e7ok iyi kullan\u0131yor. D\u00f6rt dili de ana dili gibi konu\u015fan <a href=\"https:\/\/www.tgrthaber.com\/mavikadin\/fahriye-evcenin-yeni-projesi-belli-oldu-ugultulu-tepelerden-teklif-geldi\/\">Fahriye Evcen<\/a>, kimi zaman bildi\u011fi yabanc\u0131 dillerini oyunculuk alan\u0131nda da kullanmay\u0131 seviyor.<\/p>\n","protected":false},"excerpt":{"rendered":"<p>Ba\u015far\u0131l\u0131 oyuncu Fahriye Evcen, sevilerek takip edilmeye devam ediyor. \u00dcnl\u00fc isim kariyeri ve hayat\u0131yla ara\u015ft\u0131r\u0131l\u0131yor. Peki, Fahriye Evcen aslen nereli? Fahriye Evcen ka\u00e7 dil biliyor? \u0130\u015fte detaylar\u2026<\/p>\n","protected":false},"author":34,"featured_media":274538,"comment_status":"closed","ping_status":"closed","sticky":false,"template":"","format":"standard","meta":{"rank_math_lock_modified_date":false,"footnotes":""},"categories":[491],"tags":[16521,2153,68104,68105,133],"class_list":["post-274505","post","type-post","status-publish","format-standard","has-post-thumbnail","hentry","category-biyografi","tag-biyografi-haberleri","tag-fahriye-evcen","tag-fahriye-evcen-kac-dil-biliyor","tag-fahriye-evcen-nereli","tag-magazin"],"_links":{"self":[{"href":"https:\/\/www.tgrthaber.com\/mavikadin\/wp-json\/wp\/v2\/posts\/274505"}],"collection":[{"href":"https:\/\/www.tgrthaber.com\/mavikadin\/wp-json\/wp\/v2\/posts"}],"about":[{"href":"https:\/\/www.tgrthaber.com\/mavikadin\/wp-json\/wp\/v2\/types\/post"}],"author":[{"embeddable":true,"href":"https:\/\/www.tgrthaber.com\/mavikadin\/wp-json\/wp\/v2\/users\/34"}],"replies":[{"embeddable":true,"href":"https:\/\/www.tgrthaber.com\/mavikadin\/wp-json\/wp\/v2\/comments?post=274505"}],"version-history":[{"count":6,"href":"https:\/\/www.tgrthaber.com\/mavikadin\/wp-json\/wp\/v2\/posts\/274505\/revisions"}],"predecessor-version":[{"id":274747,"href":"https:\/\/www.tgrthaber.com\/mavikadin\/wp-json\/wp\/v2\/posts\/274505\/revisions\/274747"}],"wp:featuredmedia":[{"embeddable":true,"href":"https:\/\/www.tgrthaber.com\/mavikadin\/wp-json\/wp\/v2\/media\/274538"}],"wp:attachment":[{"href":"https:\/\/www.tgrthaber.com\/mavikadin\/wp-json\/wp\/v2\/media?parent=274505"}],"wp:term":[{"taxonomy":"category","embeddable":true,"href":"https:\/\/www.tgrthaber.com\/mavikadin\/wp-json\/wp\/v2\/categories?post=274505"},{"taxonomy":"post_tag","embeddable":true,"href":"https:\/\/www.tgrthaber.com\/mavikadin\/wp-json\/wp\/v2\/tags?post=274505"}],"curies":[{"name":"wp","href":"https:\/\/api.w.org\/{rel}","templated":true}]}}