{"id":274541,"date":"2025-12-11T17:21:33","date_gmt":"2025-12-11T14:21:33","guid":{"rendered":"https:\/\/www.tgrthaber.com\/mavikadin\/?p=274541"},"modified":"2025-12-11T17:21:34","modified_gmt":"2025-12-11T14:21:34","slug":"masterchef-yarismacisi-barbaros-yologlu-esi-kimdir-barbaros-yologlu-bosandi-mi","status":"publish","type":"post","link":"https:\/\/www.tgrthaber.com\/mavikadin\/masterchef-yarismacisi-barbaros-yologlu-esi-kimdir-barbaros-yologlu-bosandi-mi\/","title":{"rendered":"MasterChef yar\u0131\u015fmac\u0131s\u0131 Barbaros Yolo\u011flu e\u015fi kimdir? Barbaros Yolo\u011flu bo\u015fand\u0131 m\u0131?"},"content":{"rendered":"<p>Ad\u0131n\u0131 <a href=\"https:\/\/www.tgrthaber.com\/mavikadin\/masterchef-tarifiyle-evde-sushi-yapmak-artik-cok-kolay-deneyenler-bir-daha-disaridan-yemeyecek\/\">MasterChef&#8217;<\/a>le duyuran ve Alt\u0131n Kupa&#8217;da da yar\u0131\u015fan Barbaros Yolo\u011flu ile ilgili \u00f6nemli iddialar ortaya at\u0131ld\u0131. 2023 y\u0131l\u0131nda \u015eule \u0130dil Ayd\u0131n&#8217;la evlenen Barbaros bo\u015fand\u0131\u011f\u0131n\u0131 a\u00e7\u0131klam\u0131\u015ft\u0131. Ancak e\u015fi \u015eule \u0130dil Ayd\u0131n, bo\u015fanma iddias\u0131n\u0131 yalanlarken \u00f6nemli iddialarda bulundu. Barbaros Yolo\u011flu&#8217;nun e\u015fi kimdir,Barbaros Yolo\u011flu bo\u015fand\u0131 m\u0131? sorular\u0131 g\u00fcndem oldu.\u0130\u015fte detaylar&#8230;<\/p>\n<h3>BARBAROS YOLO\u011eLU&#8217;NUN E\u015e\u0130 K\u0130MD\u0130R<\/h3>\n<p>Samsunlu oldu\u011fu bilinen Barbaros, memleketinde bir restoran a\u00e7m\u0131\u015f ve MasterChef&#8217;le elde etti\u011fi tan\u0131n\u0131rl\u0131kla da ad\u0131ndan s\u00f6z ettirmi\u015fti. Kat\u0131ld\u0131\u011f\u0131 ilk sezonda ikinci olmay\u0131 ba\u015faran Barbaros, \u015fimdilerde MasterChef T\u00fcrkiye Alt\u0131n Kupa&#8217;da da yar\u0131\u015f\u0131yor ve yar\u0131\u015fman\u0131n favorilerinden biri olarak g\u00f6r\u00fcl\u00fcyor.Bo\u015fand\u0131\u011f\u0131n\u0131 a\u00e7\u0131klayan Barbaros&#8217;a e\u015fi, psikolojik ve ekonomik \u015fiddet iddialar\u0131nda bulundu.\u015eule \u0130dil Ayd\u0131n, 1994 do\u011fumludur ve \u0130zmirli bir isimdir. Sanatla i\u00e7 i\u00e7e bir ya\u015fam s\u00fcren Ayd\u0131n, m\u00fczikal yetenekleriyle dikkat \u00e7ekiyor.<\/p>\n<p><img loading=\"lazy\" decoding=\"async\" class=\"alignnone size-full wp-image-274543\" src=\"https:\/\/www.tgrthaber.com\/mavikadin\/wp-content\/uploads\/Asli-2025-12-11T171101.950.png\" alt=\"\" width=\"1208\" height=\"680\" title=\"\" srcset=\"https:\/\/www.tgrthaber.com\/mavikadin\/wp-content\/uploads\/Asli-2025-12-11T171101.950.png 1208w, https:\/\/www.tgrthaber.com\/mavikadin\/wp-content\/uploads\/Asli-2025-12-11T171101.950-300x169.png 300w, https:\/\/www.tgrthaber.com\/mavikadin\/wp-content\/uploads\/Asli-2025-12-11T171101.950-1024x576.png 1024w, https:\/\/www.tgrthaber.com\/mavikadin\/wp-content\/uploads\/Asli-2025-12-11T171101.950-768x432.png 768w\" sizes=\"(max-width: 1208px) 100vw, 1208px\" \/><\/p>\n<hr \/>\n<p>\u00d6zellikle fl\u00fct, piyano ve viyolonsel gibi klasik m\u00fczik enstr\u00fcmanlar\u0131n\u0131 ustal\u0131kla \u00e7alabilmektedir. Barbaros Yolo\u011flu\u2019nun e\u015fi olmas\u0131yla birlikte ad\u0131n\u0131 duyuran \u015eule \u0130dil Ayd\u0131n, sanatsal y\u00f6n\u00fcn\u00fcn yan\u0131 s\u0131ra \u00f6zel hayat\u0131n\u0131 g\u00f6zlerden uzak ya\u015famay\u0131 tercih ediyor. \u015eule \u0130dil Ayd\u0131n\u2019\u0131n kamuya a\u00e7\u0131k bir mesleki bilgisi olmamakla birlikte, bir iddiaya g\u00f6re gastronomi ya da restoran i\u015fletmecili\u011fi alan\u0131nda \u00e7al\u0131\u015f\u0131yor olabilece\u011fi konu\u015fulmaktad\u0131r. Ancak bu bilgi hen\u00fcz netlik kazanmam\u0131\u015ft\u0131r.<\/p>\n<p><img loading=\"lazy\" decoding=\"async\" class=\"alignnone size-full wp-image-274544\" src=\"https:\/\/www.tgrthaber.com\/mavikadin\/wp-content\/uploads\/Asli-2025-12-11T171116.936.png\" alt=\"\" width=\"1208\" height=\"680\" title=\"\" srcset=\"https:\/\/www.tgrthaber.com\/mavikadin\/wp-content\/uploads\/Asli-2025-12-11T171116.936.png 1208w, https:\/\/www.tgrthaber.com\/mavikadin\/wp-content\/uploads\/Asli-2025-12-11T171116.936-300x169.png 300w, https:\/\/www.tgrthaber.com\/mavikadin\/wp-content\/uploads\/Asli-2025-12-11T171116.936-1024x576.png 1024w, https:\/\/www.tgrthaber.com\/mavikadin\/wp-content\/uploads\/Asli-2025-12-11T171116.936-768x432.png 768w\" sizes=\"(max-width: 1208px) 100vw, 1208px\" \/><\/p>\n<hr \/>\n<h3>BARBAROS YOLO\u011eLU BO\u015eANDI MI?<\/h3>\n<p><a href=\"https:\/\/www.tgrthaber.com\/mavikadin\/masterchef-all-star-2025-eleme-adayi-semihcan-temiz-kimdir-masterchef-all-star-semih-aslen-nereli-meslegi-ne\/\">Masterchef<\/a> yar\u0131\u015fmas\u0131n\u0131n ba\u015far\u0131l\u0131 finalistlerinden Barbaros Yolo\u011flu ile \u015eule \u0130dil Ayd\u0131n, 26 Temmuz 2023 tarihinde Samsun&#8217;da d\u00fczenlenen g\u00f6rkemli bir d\u00fc\u011f\u00fcnle d\u00fcnyaevine girdi. \u00c7iftin d\u00fc\u011f\u00fcn\u00fc, hem sosyal medyada hem de yar\u0131\u015fman\u0131n hayranlar\u0131 aras\u0131nda geni\u015f yank\u0131 buldu.Barbaros Yolo\u011flu\u2019nun e\u015fi \u015eule \u0130dil Ayd\u0131n hakk\u0131nda \u00e7\u0131kan \u201cbo\u015fand\u0131lar\u201d iddialar\u0131na net bir cevap verdi.<\/p>\n<p><img loading=\"lazy\" decoding=\"async\" class=\"alignnone size-full wp-image-274545\" src=\"https:\/\/www.tgrthaber.com\/mavikadin\/wp-content\/uploads\/Asli-2025-12-11T171156.986.png\" alt=\"\" width=\"1208\" height=\"680\" title=\"\" srcset=\"https:\/\/www.tgrthaber.com\/mavikadin\/wp-content\/uploads\/Asli-2025-12-11T171156.986.png 1208w, https:\/\/www.tgrthaber.com\/mavikadin\/wp-content\/uploads\/Asli-2025-12-11T171156.986-300x169.png 300w, https:\/\/www.tgrthaber.com\/mavikadin\/wp-content\/uploads\/Asli-2025-12-11T171156.986-1024x576.png 1024w, https:\/\/www.tgrthaber.com\/mavikadin\/wp-content\/uploads\/Asli-2025-12-11T171156.986-768x432.png 768w\" sizes=\"(max-width: 1208px) 100vw, 1208px\" \/><\/p>\n<hr \/>\n<p>Ayd\u0131n, yakla\u015f\u0131k bir y\u0131ld\u0131r psikolojik ve ekonomik \u015fiddete maruz kald\u0131\u011f\u0131n\u0131 \u00f6ne s\u00fcrerek kendi avukatlar\u0131 arac\u0131l\u0131\u011f\u0131yla Samsun 5. Aile Mahkemesi\u2019nde bo\u015fanma davas\u0131 a\u00e7t\u0131\u011f\u0131n\u0131 duyurdu.Ayd\u0131n\u2019\u0131n ifadelerine g\u00f6re Barbaros\u2019un \u0130stanbul\u2019a ta\u015f\u0131nmas\u0131n\u0131n ard\u0131ndan aile sorumluluklar\u0131n\u0131 yerine getirmedi\u011fi, kendisi \u00fczerinden \u00e7ekilen krediler nedeniyle ekonomik y\u00fck olu\u015ftu\u011fu iddia edildi.<\/p>\n<p><img loading=\"lazy\" decoding=\"async\" class=\"alignnone size-full wp-image-274546\" src=\"https:\/\/www.tgrthaber.com\/mavikadin\/wp-content\/uploads\/Asli-2025-12-11T171226.801.png\" alt=\"\" width=\"1208\" height=\"680\" title=\"\" srcset=\"https:\/\/www.tgrthaber.com\/mavikadin\/wp-content\/uploads\/Asli-2025-12-11T171226.801.png 1208w, https:\/\/www.tgrthaber.com\/mavikadin\/wp-content\/uploads\/Asli-2025-12-11T171226.801-300x169.png 300w, https:\/\/www.tgrthaber.com\/mavikadin\/wp-content\/uploads\/Asli-2025-12-11T171226.801-1024x576.png 1024w, https:\/\/www.tgrthaber.com\/mavikadin\/wp-content\/uploads\/Asli-2025-12-11T171226.801-768x432.png 768w\" sizes=\"(max-width: 1208px) 100vw, 1208px\" \/><\/p>\n<hr \/>\n<h3>BARBAROS YOLO\u011eLU&#8217;NDAN \u015eA\u015eIRTAN DE\u011e\u0130\u015e\u0130M<\/h3>\n<p>R\u00fcya gibi bir d\u00fc\u011f\u00fcnle evlenen MasterChef y\u0131ld\u0131z\u0131 Barbaros Yolo\u011flu, k\u0131sa s\u00fcren evlili\u011fini noktalam\u0131\u015ft\u0131. All Star sahnesine yeni tarz\u0131yla d\u00f6nen \u00fcnl\u00fc \u015fefin, d\u00f6vmelerini kapatmas\u0131 sosyal medyada g\u00fcndem oldu.MasterChef 2020&#8217;nin ikincisi olan Barbaros Yolo\u011flu, k\u0131z arkada\u015f\u0131 \u015eule \u0130dil Ayd\u0131n&#8217;la r\u00fcya gibi bir d\u00fc\u011f\u00fcnle evlenmi\u015fti. Sosyal medya payla\u015f\u0131mlar\u0131yla \u00e7ok mutlu olduklar\u0131 y\u00fczlerinden okunan Barbaros ve e\u015finin evlilikleri uzun s\u00fcrmedi.2023 y\u0131l\u0131nda, hayranlar\u0131n\u0131n &#8216;peri masal\u0131&#8217; olarak nitelendirdi\u011fi bir d\u00fc\u011f\u00fcnle \u015eule \u0130dil Ayd\u0131n\u2019la d\u00fcnyaevine giren Barbaros, sosyal medyada payla\u015ft\u0131\u011f\u0131 samimi karelerle a\u015fklar\u0131n\u0131 g\u00f6zler \u00f6n\u00fcne sermi\u015fti.<\/p>\n<p><img loading=\"lazy\" decoding=\"async\" class=\"alignnone size-full wp-image-274547\" src=\"https:\/\/www.tgrthaber.com\/mavikadin\/wp-content\/uploads\/Asli-2025-12-11T171300.587.png\" alt=\"\" width=\"1208\" height=\"680\" title=\"\" srcset=\"https:\/\/www.tgrthaber.com\/mavikadin\/wp-content\/uploads\/Asli-2025-12-11T171300.587.png 1208w, https:\/\/www.tgrthaber.com\/mavikadin\/wp-content\/uploads\/Asli-2025-12-11T171300.587-300x169.png 300w, https:\/\/www.tgrthaber.com\/mavikadin\/wp-content\/uploads\/Asli-2025-12-11T171300.587-1024x576.png 1024w, https:\/\/www.tgrthaber.com\/mavikadin\/wp-content\/uploads\/Asli-2025-12-11T171300.587-768x432.png 768w\" sizes=\"(max-width: 1208px) 100vw, 1208px\" \/><\/p>\n<p>Ancak \u00e7ift uzun s\u00fcre ge\u00e7meden bo\u015fanma karar\u0131 ald\u0131klar\u0131n\u0131 duyurmu\u015f ve evlilik sona ermi\u015fti.MasterChef T\u00fcrkiye All Star Alt\u0131n Kupa&#8217;da yeniden ocak ba\u015f\u0131na ge\u00e7en Barbaros Yolo\u011flu&#8217;nun yeni tarz\u0131 dikkatli izleyicilerin g\u00f6z\u00fcnden ka\u00e7mad\u0131. Yolo\u011flu bo\u015fanmas\u0131n\u0131n ard\u0131ndan d\u00f6vmelerini de kapatt\u0131rd\u0131.<\/p>\n","protected":false},"excerpt":{"rendered":"<p>MasterChef yar\u0131\u015fmas\u0131yla tan\u0131nan Barbaros Yolo\u011flu 2023 y\u0131l\u0131nda evlendi\u011fi \u015eule \u0130dil Ayd\u0131n&#8217;la bo\u015fand\u0131\u011f\u0131n\u0131 a\u00e7\u0131klam\u0131\u015ft\u0131. Ancak e\u015fi \u015eule \u0130dil Ayd\u0131n, \u00e7ok \u00f6nemli iddialarda bulundu.<\/p>\n","protected":false},"author":37,"featured_media":274542,"comment_status":"closed","ping_status":"closed","sticky":false,"template":"","format":"standard","meta":{"rank_math_lock_modified_date":false,"footnotes":""},"categories":[76],"tags":[28439,68106,133,1120,68107,6037],"class_list":["post-274541","post","type-post","status-publish","format-standard","has-post-thumbnail","hentry","category-magazin","tag-barbaros-yologlu","tag-barbaros-yologlu-esi","tag-magazin","tag-masterchef","tag-sule-idil-aydin","tag-unluler"],"_links":{"self":[{"href":"https:\/\/www.tgrthaber.com\/mavikadin\/wp-json\/wp\/v2\/posts\/274541"}],"collection":[{"href":"https:\/\/www.tgrthaber.com\/mavikadin\/wp-json\/wp\/v2\/posts"}],"about":[{"href":"https:\/\/www.tgrthaber.com\/mavikadin\/wp-json\/wp\/v2\/types\/post"}],"author":[{"embeddable":true,"href":"https:\/\/www.tgrthaber.com\/mavikadin\/wp-json\/wp\/v2\/users\/37"}],"replies":[{"embeddable":true,"href":"https:\/\/www.tgrthaber.com\/mavikadin\/wp-json\/wp\/v2\/comments?post=274541"}],"version-history":[{"count":2,"href":"https:\/\/www.tgrthaber.com\/mavikadin\/wp-json\/wp\/v2\/posts\/274541\/revisions"}],"predecessor-version":[{"id":274549,"href":"https:\/\/www.tgrthaber.com\/mavikadin\/wp-json\/wp\/v2\/posts\/274541\/revisions\/274549"}],"wp:featuredmedia":[{"embeddable":true,"href":"https:\/\/www.tgrthaber.com\/mavikadin\/wp-json\/wp\/v2\/media\/274542"}],"wp:attachment":[{"href":"https:\/\/www.tgrthaber.com\/mavikadin\/wp-json\/wp\/v2\/media?parent=274541"}],"wp:term":[{"taxonomy":"category","embeddable":true,"href":"https:\/\/www.tgrthaber.com\/mavikadin\/wp-json\/wp\/v2\/categories?post=274541"},{"taxonomy":"post_tag","embeddable":true,"href":"https:\/\/www.tgrthaber.com\/mavikadin\/wp-json\/wp\/v2\/tags?post=274541"}],"curies":[{"name":"wp","href":"https:\/\/api.w.org\/{rel}","templated":true}]}}