{"id":274587,"date":"2025-12-11T18:56:04","date_gmt":"2025-12-11T15:56:04","guid":{"rendered":"https:\/\/www.tgrthaber.com\/mavikadin\/?p=274587"},"modified":"2025-12-11T19:03:28","modified_gmt":"2025-12-11T16:03:28","slug":"gullunun-olumunde-soke-eden-itiraf-sultan-2-ev-karsiliginda-tugyanla-ortaklasa-gulluyu-itmis","status":"publish","type":"post","link":"https:\/\/www.tgrthaber.com\/mavikadin\/gullunun-olumunde-soke-eden-itiraf-sultan-2-ev-karsiliginda-tugyanla-ortaklasa-gulluyu-itmis\/","title":{"rendered":"G\u00fcll\u00fc&#8217;n\u00fcn \u00f6l\u00fcm\u00fcnde \u015foke eden itiraf! Sultan 2 ev kar\u015f\u0131l\u0131\u011f\u0131nda Tu\u011fyan&#8217;la ortakla\u015fa G\u00fcll\u00fc&#8217;y\u00fc itmi\u015f"},"content":{"rendered":"<p class=\"p1\">Arabesk M\u00fczi\u011fin sevilen isimlerinden biri olan G\u00fcll\u00fc\u2019n\u00fcn \u015f\u00fcpheli \u00f6l\u00fcm\u00fc \u00fczerine g\u00f6zler olay s\u0131ras\u0131nda evde olan k\u0131z\u0131 Tu\u011fyan \u00dclkem G\u00fclter ve Sultan Nur Ulu\u2019ya \u00e7evrilmi\u015fti. Evdeki g\u00fcvenlik kameras\u0131n\u0131n ald\u0131\u011f\u0131 kay\u0131tlar\u0131n T\u00dcB\u0130TAK taraf\u0131ndan \u00e7\u00f6z\u00fcmlenen seslerinde k\u0131z\u0131 Tu\u011fyan\u2019\u0131n \u201cAtaca\u011f\u0131m \u015fimdi seni\u201d dedi\u011fi, ya\u015fanan bo\u011fu\u015fma sonras\u0131 annesini pencereden itti\u011fi ortaya \u00e7\u0131kt\u0131. Bunun yan\u0131 s\u0131ra Esra Esmeci\u2019nin program\u0131na kat\u0131lan Hasan adl\u0131 bir vatanda\u015f elinde ses kay\u0131tlar\u0131n\u0131n oldu\u011fu ve Tu\u011fyan\u2019\u0131n arkada\u015f\u0131 Sultan Nur Ulu\u2019nun 2 ev kar\u015f\u0131l\u0131\u011f\u0131nda <a href=\"https:\/\/www.tgrthaber.com\/mavikadin\/arif-ulu-kimdir-arif-ulunun-gullunun-olumuyle-ne-alakasi-var\/\"><span class=\"s1\">G\u00fcll\u00fc<\/span><\/a>\u2019y\u00fc ortakla\u015fa a\u015fa\u011f\u0131 ittiklerini s\u00f6yledi. Programa kat\u0131lan Hasan adl\u0131 vatanda\u015f bu ses kay\u0131tlar\u0131n\u0131n Emmiyette oldu\u011funu da belirtti.<\/p>\n<h3 class=\"p2\"><b>G\u00dcLL\u00dc&#8217;N\u00dcN \u00d6L\u00dcM\u00dcNE DA\u0130R \u015eOK \u0130T\u0130RAF! SULTAN 2 EV KAR\u015eILI\u011eINDA TU\u011eYAN&#8217;LA ORTAKLA\u015eA G\u00dcLL\u00dc&#8217;Y\u00dc \u0130TM\u0130\u015e\u00a0<\/b><\/h3>\n<p class=\"p1\">Arabesk M\u00fczi\u011fin sevilen isimlerinden biri olan G\u00fcll\u00fc\u2019n\u00fcn \u015f\u00fcpheli \u00f6l\u00fcm\u00fc t\u00fcm T\u00fcrkiye\u2019yi yasa bo\u011fmu\u015ftu. Yalova\u2019daki evinin penceresinden d\u00fc\u015ferek hayat\u0131n\u0131 kaybeden <a href=\"https:\/\/www.tgrthaber.com\/mavikadin\/gullunun-patronu-ferdi-aydin-canli-yayin-acip-gozyaslarina-boguldu-hepinizi-surundurecegim-kanimiz-yer-kalmadi\/\"><span class=\"s1\">G\u00fcll\u00fc<\/span><\/a>\u2019n\u00fcn \u00f6l\u00fcm\u00fcn\u00fcn \u00fczerinden tam 75 g\u00fcn ge\u00e7ti.<span class=\"Apple-converted-space\">\u00a0<\/span><\/p>\n<p><img loading=\"lazy\" decoding=\"async\" class=\"alignnone wp-image-274594 size-full\" src=\"https:\/\/www.tgrthaber.com\/mavikadin\/wp-content\/uploads\/Ekran-Resmi-2025-12-11-18.50.13.png\" alt=\"\" width=\"1024\" height=\"592\" title=\"\" srcset=\"https:\/\/www.tgrthaber.com\/mavikadin\/wp-content\/uploads\/Ekran-Resmi-2025-12-11-18.50.13.png 1024w, https:\/\/www.tgrthaber.com\/mavikadin\/wp-content\/uploads\/Ekran-Resmi-2025-12-11-18.50.13-300x173.png 300w, https:\/\/www.tgrthaber.com\/mavikadin\/wp-content\/uploads\/Ekran-Resmi-2025-12-11-18.50.13-768x444.png 768w\" sizes=\"(max-width: 1024px) 100vw, 1024px\" \/><\/p>\n<hr \/>\n<p class=\"p1\">\u0130ntihar ve cinayet iddialar\u0131 g\u00fcndeme gelirken son noktay\u0131 T\u00dcB\u0130TAK\u2019tan gelen rapor ortaya \u00e7\u0131kard\u0131. Yurt d\u0131\u015f\u0131na ka\u00e7mak \u00fczereyken k\u0131sk\u0131vrak yakalanarak g\u00f6zalt\u0131na al\u0131nan Tu\u011fyan \u00dclkem G\u00fclter ve Sultan Nur Ulu\u2019nun olay gecesine ait ses kay\u0131tlar\u0131 de\u015fifre edildi.<\/p>\n<p><img loading=\"lazy\" decoding=\"async\" class=\"alignnone wp-image-274588 size-large\" src=\"https:\/\/www.tgrthaber.com\/mavikadin\/wp-content\/uploads\/Ekran-Resmi-2025-12-11-18.40.14-1024x575.png\" alt=\"\" width=\"1024\" height=\"575\" title=\"\" srcset=\"https:\/\/www.tgrthaber.com\/mavikadin\/wp-content\/uploads\/Ekran-Resmi-2025-12-11-18.40.14-1024x575.png 1024w, https:\/\/www.tgrthaber.com\/mavikadin\/wp-content\/uploads\/Ekran-Resmi-2025-12-11-18.40.14-300x168.png 300w, https:\/\/www.tgrthaber.com\/mavikadin\/wp-content\/uploads\/Ekran-Resmi-2025-12-11-18.40.14-768x431.png 768w, https:\/\/www.tgrthaber.com\/mavikadin\/wp-content\/uploads\/Ekran-Resmi-2025-12-11-18.40.14.png 1026w\" sizes=\"(max-width: 1024px) 100vw, 1024px\" \/><\/p>\n<hr \/>\n<p class=\"p1\">Kay\u0131tlara yans\u0131yanlara g\u00f6re; k\u0131z\u0131 G\u00fclter ile arkada\u015f\u0131 Ulu, y\u00fcksek oranda alkol alan G\u00fcll\u00fc banyoya gittikten sonra penceresi yere yak\u0131n olan odaya gidip pencereyi a\u00e7t\u0131. Ard\u0131ndan G\u00fcll\u00fc\u2019n\u00fcn her duydu\u011funda oynad\u0131\u011f\u0131 Malkara m\u00fczi\u011fini a\u00e7t\u0131.<span class=\"Apple-converted-space\">\u00a0<\/span><\/p>\n<p><img loading=\"lazy\" decoding=\"async\" class=\"alignnone wp-image-274593 size-large\" src=\"https:\/\/www.tgrthaber.com\/mavikadin\/wp-content\/uploads\/Ekran-Resmi-2025-12-11-18.40.54-1024x598.png\" alt=\"\" width=\"1024\" height=\"598\" title=\"\" srcset=\"https:\/\/www.tgrthaber.com\/mavikadin\/wp-content\/uploads\/Ekran-Resmi-2025-12-11-18.40.54-1024x598.png 1024w, https:\/\/www.tgrthaber.com\/mavikadin\/wp-content\/uploads\/Ekran-Resmi-2025-12-11-18.40.54-300x175.png 300w, https:\/\/www.tgrthaber.com\/mavikadin\/wp-content\/uploads\/Ekran-Resmi-2025-12-11-18.40.54-768x448.png 768w, https:\/\/www.tgrthaber.com\/mavikadin\/wp-content\/uploads\/Ekran-Resmi-2025-12-11-18.40.54.png 1028w\" sizes=\"(max-width: 1024px) 100vw, 1024px\" \/><\/p>\n<hr \/>\n<p class=\"p1\">Lavabodan \u00e7\u0131k\u0131nca m\u00fczi\u011fi duyduktan sonra \u015fa\u015f\u0131r\u0131p &#8220;O ne lan&#8221; diyen G\u00fcll\u00fc, odaya gitti.Burada Tu\u011fyan, &#8220;Ataca\u011f\u0131m \u015fimdi seni&#8221; dedikten sonra ya\u015fanan bo\u011fu\u015fman\u0131n ard\u0131ndan annesini pencereden a\u015fa\u011f\u0131ya itti. G\u00fcll\u00fc&#8217;n\u00fcn pencereden a\u015fa\u011f\u0131ya itilmesinin ard\u0131ndan kay\u0131tlara k\u0131z\u0131n\u0131n &#8220;Hadi g\u00f6r\u00fc\u015f\u00fcr\u00fcz bay bay&#8221; c\u00fcmlesi de girdi.<\/p>\n<p><img loading=\"lazy\" decoding=\"async\" class=\"alignnone wp-image-274589 size-large\" src=\"https:\/\/www.tgrthaber.com\/mavikadin\/wp-content\/uploads\/Ekran-Resmi-2025-12-11-18.40.21-1024x587.png\" alt=\"\" width=\"1024\" height=\"587\" title=\"\" srcset=\"https:\/\/www.tgrthaber.com\/mavikadin\/wp-content\/uploads\/Ekran-Resmi-2025-12-11-18.40.21-1024x587.png 1024w, https:\/\/www.tgrthaber.com\/mavikadin\/wp-content\/uploads\/Ekran-Resmi-2025-12-11-18.40.21-300x172.png 300w, https:\/\/www.tgrthaber.com\/mavikadin\/wp-content\/uploads\/Ekran-Resmi-2025-12-11-18.40.21-768x440.png 768w, https:\/\/www.tgrthaber.com\/mavikadin\/wp-content\/uploads\/Ekran-Resmi-2025-12-11-18.40.21.png 1040w\" sizes=\"(max-width: 1024px) 100vw, 1024px\" \/><\/p>\n<hr \/>\n<h3 class=\"p2\"><b>&#8216;BU B\u0130R \u0130DD\u0130A DE\u011e\u0130L, SES KAYITLARI EMN\u0130YETTE&#8217;<\/b><\/h3>\n<p class=\"p1\">T\u00fcm bu ortaya \u00e7\u0131kan bilgilerin yan\u0131 s\u0131ra bug\u00fcn Esra Ezmeci&#8217;nin program\u0131na kat\u0131lan bir itiraf\u00e7\u0131 s\u00f6yledikleri ile herkesi \u015foke etti. Hasan Bey, Sultan&#8217;\u0131n 2 ev kar\u015f\u0131l\u0131\u011f\u0131nda Tu\u011fyan&#8217;la ortakla\u015fa G\u00fcll\u00fc&#8217;y\u00fc ittiklerini itiraf etti.<\/p>\n<p><img loading=\"lazy\" decoding=\"async\" class=\"alignnone wp-image-274590 size-large\" src=\"https:\/\/www.tgrthaber.com\/mavikadin\/wp-content\/uploads\/Ekran-Resmi-2025-12-11-18.41.25-1024x633.png\" alt=\"\" width=\"1024\" height=\"633\" title=\"\" srcset=\"https:\/\/www.tgrthaber.com\/mavikadin\/wp-content\/uploads\/Ekran-Resmi-2025-12-11-18.41.25-1024x633.png 1024w, https:\/\/www.tgrthaber.com\/mavikadin\/wp-content\/uploads\/Ekran-Resmi-2025-12-11-18.41.25-300x185.png 300w, https:\/\/www.tgrthaber.com\/mavikadin\/wp-content\/uploads\/Ekran-Resmi-2025-12-11-18.41.25-768x474.png 768w, https:\/\/www.tgrthaber.com\/mavikadin\/wp-content\/uploads\/Ekran-Resmi-2025-12-11-18.41.25.png 1036w\" sizes=\"(max-width: 1024px) 100vw, 1024px\" \/><\/p>\n<hr \/>\n<p class=\"p1\">Bu kay\u0131tlar\u0131n Emniyette&#8217; de oldu\u011funu s\u00f6yleyen Hasan, s\u00f6yledikleri ile herkesi \u015fa\u015f\u0131rtt\u0131. Hasan adl\u0131 itiraf\u00e7\u0131, Sultan Nur Ulu\u2019nun babas\u0131 Arif Nur Ulu&#8217;nun, &#8216;K\u0131z\u0131m Tu\u011fyan\u2019la birlikte 2 ev kar\u015f\u0131l\u0131\u011f\u0131nda <a href=\"https:\/\/www.tgrthaber.com\/mavikadin\/ferdi-aydin-kimdir-kac-yasinda-ferdi-aydin-gullunun-neyi-oluyor\/\"><span class=\"s1\">G\u00fcll\u00fc<\/span><\/a>\u2019y\u00fc a\u015fa\u011f\u0131 atm\u0131\u015f\u2019 dedi\u011fini s\u00f6yledi. Bunun bir iddia olmad\u0131\u011f\u0131n\u0131 ses kay\u0131tlar\u0131n\u0131n emniyette oldu\u011funu s\u00f6yleyen Hasan Bey, soru\u015fturman\u0131n gizlili\u011finden dolay\u0131 bildiklerini bu zaman kadar a\u00e7\u0131klayamad\u0131\u011f\u0131n\u0131 s\u00f6yledi.<\/p>\n<p><img loading=\"lazy\" decoding=\"async\" class=\"alignnone wp-image-274591 size-full\" src=\"https:\/\/www.tgrthaber.com\/mavikadin\/wp-content\/uploads\/Ekran-Resmi-2025-12-11-18.41.04.png\" alt=\"\" width=\"1010\" height=\"574\" title=\"\" srcset=\"https:\/\/www.tgrthaber.com\/mavikadin\/wp-content\/uploads\/Ekran-Resmi-2025-12-11-18.41.04.png 1010w, https:\/\/www.tgrthaber.com\/mavikadin\/wp-content\/uploads\/Ekran-Resmi-2025-12-11-18.41.04-300x170.png 300w, https:\/\/www.tgrthaber.com\/mavikadin\/wp-content\/uploads\/Ekran-Resmi-2025-12-11-18.41.04-768x436.png 768w\" sizes=\"(max-width: 1010px) 100vw, 1010px\" \/><\/p>\n<hr \/>\n<h3 class=\"p2\"><b>G\u00dcLL\u00dc\u2019N\u00dcN \u00d6L\u00dcM\u00dcNDE G\u00d6ZALTI SAYISI 5\u2019E Y\u00dcKSELD\u0130<\/b><\/h3>\n<p class=\"p1\">Tu\u011fyan \u00dclkem G\u00fclter ve Sultan Nur Ulu ge\u00e7ti\u011fimiz g\u00fcn<span class=\"Apple-converted-space\">\u00a0 <\/span>yurt d\u0131\u015f\u0131na ka\u00e7maya \u00e7al\u0131\u015f\u0131rken d\u00fczenlenen operasyonla g\u00f6zalt\u0131na al\u0131nm\u0131\u015ft\u0131. TRT Haber\u2019den edinilen bilgiye g\u00f6re Tu\u011fyan G\u00fclter ve Sultan Nur Ulu\u2019nun \u0130stanbul&#8217;da bulunduklar\u0131 s\u0131rada evlerinde oldu\u011fu tespit edilen bir ki\u015fi ile ikilinin ula\u015f\u0131m\u0131n\u0131 sa\u011flayan ba\u015fka bir \u015f\u00fcphelinin yakalanmas\u0131yla birlikte g\u00f6zalt\u0131na al\u0131nanlar\u0131n say\u0131s\u0131 be\u015fe y\u00fckseldi.<\/p>\n","protected":false},"excerpt":{"rendered":"<p>G\u00fcll\u00fc&#8217;n\u00fcn \u00f6l\u00fcm\u00fcnde \u015foke eden itiraflar kan dondurmaya devam ediyor. Son olarak Esra Ezmeci&#8217;nin program\u0131na ba\u011flanan Hasan ad\u0131nda bir vatanda\u015f, Sultan Nur Ulu&#8217;nun babas\u0131 Arif Bey&#8217;in, k\u0131z\u0131 Sultan&#8217;\u0131n 2 ev kar\u015f\u0131l\u0131\u011f\u0131nda G\u00fcll\u00fc&#8217;y\u00fc a\u015fa\u011f\u0131 att\u0131klar\u0131n\u0131 itiraf etti\u011fi ses kay\u0131tlar\u0131n\u0131n elinde oldu\u011funu s\u00f6yleyerek herkesi \u015foke etti. <\/p>\n","protected":false},"author":16,"featured_media":274597,"comment_status":"closed","ping_status":"closed","sticky":false,"template":"","format":"standard","meta":{"rank_math_lock_modified_date":false,"footnotes":""},"categories":[76],"tags":[68114,68113,133,2218],"class_list":["post-274587","post","type-post","status-publish","format-standard","has-post-thumbnail","hentry","category-magazin","tag-gullu-kizi-tugyan-sultan-nur-ulu-itmis","tag-gullu-sultan-nur-ulu-itmis","tag-magazin","tag-magazin-haberleri"],"_links":{"self":[{"href":"https:\/\/www.tgrthaber.com\/mavikadin\/wp-json\/wp\/v2\/posts\/274587"}],"collection":[{"href":"https:\/\/www.tgrthaber.com\/mavikadin\/wp-json\/wp\/v2\/posts"}],"about":[{"href":"https:\/\/www.tgrthaber.com\/mavikadin\/wp-json\/wp\/v2\/types\/post"}],"author":[{"embeddable":true,"href":"https:\/\/www.tgrthaber.com\/mavikadin\/wp-json\/wp\/v2\/users\/16"}],"replies":[{"embeddable":true,"href":"https:\/\/www.tgrthaber.com\/mavikadin\/wp-json\/wp\/v2\/comments?post=274587"}],"version-history":[{"count":4,"href":"https:\/\/www.tgrthaber.com\/mavikadin\/wp-json\/wp\/v2\/posts\/274587\/revisions"}],"predecessor-version":[{"id":274599,"href":"https:\/\/www.tgrthaber.com\/mavikadin\/wp-json\/wp\/v2\/posts\/274587\/revisions\/274599"}],"wp:featuredmedia":[{"embeddable":true,"href":"https:\/\/www.tgrthaber.com\/mavikadin\/wp-json\/wp\/v2\/media\/274597"}],"wp:attachment":[{"href":"https:\/\/www.tgrthaber.com\/mavikadin\/wp-json\/wp\/v2\/media?parent=274587"}],"wp:term":[{"taxonomy":"category","embeddable":true,"href":"https:\/\/www.tgrthaber.com\/mavikadin\/wp-json\/wp\/v2\/categories?post=274587"},{"taxonomy":"post_tag","embeddable":true,"href":"https:\/\/www.tgrthaber.com\/mavikadin\/wp-json\/wp\/v2\/tags?post=274587"}],"curies":[{"name":"wp","href":"https:\/\/api.w.org\/{rel}","templated":true}]}}