{"id":274601,"date":"2025-12-11T19:37:43","date_gmt":"2025-12-11T16:37:43","guid":{"rendered":"https:\/\/www.tgrthaber.com\/mavikadin\/?p=274601"},"modified":"2025-12-11T19:37:44","modified_gmt":"2025-12-11T16:37:44","slug":"fatih-terim-karaca-markasinin-yeni-yuzu-oldu-cesur-hareketi-begeni-topladi","status":"publish","type":"post","link":"https:\/\/www.tgrthaber.com\/mavikadin\/fatih-terim-karaca-markasinin-yeni-yuzu-oldu-cesur-hareketi-begeni-topladi\/","title":{"rendered":"Fatih Terim Karaca markas\u0131n\u0131n yeni y\u00fcz\u00fc oldu! Cesur hareketi be\u011feni toplad\u0131"},"content":{"rendered":"<p class=\"p1\">Teknik Direkt\u00f6r <a href=\"https:\/\/www.tgrthaber.com\/mavikadin\/emir-can-igrekin-fatih-terim-hayali-yuzunde-galatasaray-acti\/\">Fatih Terim<\/a>, Karaca\u2019n\u0131n yeni \u00e7\u0131kard\u0131\u011f\u0131 kahve makinas\u0131n\u0131n reklam\u0131nda oynad\u0131. Hem T\u00fcrk\u00e7e hem de \u0130talyanca konu\u015fan teknik adam\u0131n bu cesur hareketi sosyal medyada da be\u011feni toplad\u0131. Kullan\u0131c\u0131lar videonun yay\u0131lmas\u0131yla birlikte\u00a0 videoyu saniyeler i\u00e7erisinde milyonlarca kez\u00a0 izledi ve videoya yorum ya\u011fd\u0131rd\u0131.<\/p>\n<h3>FAT\u0130H TER\u0130M KARACA MARKASININ YEN\u0130 Y\u00dcZ\u00dc OLDU! CESUR HARKEET\u0130 BE\u011eEN\u0130 TOPLADI<\/h3>\n<p class=\"p1\">\u00dcnl\u00fc teknik adam Fatih Terim bu sefer hi\u00e7 bilmedi\u011fimiz bir \u00f6zelli\u011fi ile ekranlara \u00e7\u0131kt\u0131 ve Karaca markas\u0131n\u0131n reklam y\u00fcz\u00fc oldu. Karaca\u2019n\u0131n yeni \u00e7\u0131kard\u0131\u011f\u0131 kahve makinas\u0131n\u0131n reklam\u0131nda oynayan <a href=\"https:\/\/www.tgrthaber.com\/mavikadin\/arda-turandan-manidar-fatih-terim-paylasimi-galatasarayin-vefali-cocugu\/\">Fatih Terim<\/a>, reklamda hem T\u00fcrk\u00e7e hem de italyanca konu\u015ftu.<\/p>\n<p><img loading=\"lazy\" decoding=\"async\" class=\"alignnone wp-image-274604 \" src=\"https:\/\/www.tgrthaber.com\/mavikadin\/wp-content\/uploads\/Ekran-Resmi-2025-12-11-19.25.36-1.png\" alt=\"\" width=\"984\" height=\"553\" title=\"\" srcset=\"https:\/\/www.tgrthaber.com\/mavikadin\/wp-content\/uploads\/Ekran-Resmi-2025-12-11-19.25.36-1.png 954w, https:\/\/www.tgrthaber.com\/mavikadin\/wp-content\/uploads\/Ekran-Resmi-2025-12-11-19.25.36-1-300x169.png 300w, https:\/\/www.tgrthaber.com\/mavikadin\/wp-content\/uploads\/Ekran-Resmi-2025-12-11-19.25.36-1-768x431.png 768w\" sizes=\"(max-width: 984px) 100vw, 984px\" \/><\/p>\n<hr \/>\n<p>Reklam\u0131n sosyal medyada da yay\u0131nlanmaya ba\u015flamas\u0131yla birlikte videoya k\u0131sa s\u00fcrede be\u011feni ve yorum ya\u011fd\u0131. Kullan\u0131c\u0131lar, &#8216;Bence \u015fahane bir reklam olmu\u015f&#8217;, &#8216;Usta oyunculu\u011funu da konu\u015fturmu\u015f&#8217;, &#8216;Fatih hocam\u0131z ne yapsa yak\u0131\u015f\u0131r&#8217; \u015feklinde yorumlar ya\u011fd\u0131rd\u0131.<\/p>\n<p><img loading=\"lazy\" decoding=\"async\" class=\"alignnone wp-image-274605 size-full\" src=\"https:\/\/www.tgrthaber.com\/mavikadin\/wp-content\/uploads\/Ekran-Resmi-2025-12-11-19.28.07.png\" alt=\"\" width=\"972\" height=\"598\" title=\"\" srcset=\"https:\/\/www.tgrthaber.com\/mavikadin\/wp-content\/uploads\/Ekran-Resmi-2025-12-11-19.28.07.png 972w, https:\/\/www.tgrthaber.com\/mavikadin\/wp-content\/uploads\/Ekran-Resmi-2025-12-11-19.28.07-300x185.png 300w, https:\/\/www.tgrthaber.com\/mavikadin\/wp-content\/uploads\/Ekran-Resmi-2025-12-11-19.28.07-768x472.png 768w\" sizes=\"(max-width: 972px) 100vw, 972px\" \/><\/p>\n<hr \/>\n<h3>FAT\u0130H TER\u0130M K\u0130MD\u0130R?<\/h3>\n<p class=\"p1\"><a href=\"https:\/\/www.tgrthaber.com\/mavikadin\/fatih-terim-mahkeme-yolunda-hakaret-eden-kisiyi-dava-etti\/\">Fatih Terim<\/a> 4 Eyl\u00fcl 1953 y\u0131l\u0131nda Adana\u2019da d\u00fcnyaya gelmi\u015ftir. Fakir bir ailenin \u00e7ocu\u011fu olan Fatih Terim, babas\u0131yla birlikte pek \u00e7ok farkl\u0131 i\u015fte \u00e7al\u0131\u015fm\u0131\u015f, futbol kariyerine<span class=\"Apple-converted-space\">\u00a0 <\/span>Adana Demirspor&#8217;da kaleci olarak ba\u015flam\u0131\u015ft\u0131r. 1974 y\u0131l\u0131nda Galatasaray\u2019a transfer olan Fatih Terim, 1975. Y\u0131l\u0131nda ilk kez milli formay\u0131 giymi\u015ftir. Kariyerine antren\u00f6r olarak devam eden teknik adam 1987 y\u0131l\u0131nda Ankarag\u00fcc\u00fc&#8217;n\u00fcn ba\u015f\u0131na ge\u00e7mi\u015ftir.<\/p>\n<p><img loading=\"lazy\" decoding=\"async\" class=\"alignnone wp-image-274606 size-large\" src=\"https:\/\/www.tgrthaber.com\/mavikadin\/wp-content\/uploads\/Ekran-Resmi-2025-12-11-19.28.15-1024x631.png\" alt=\"\" width=\"1024\" height=\"631\" title=\"\" srcset=\"https:\/\/www.tgrthaber.com\/mavikadin\/wp-content\/uploads\/Ekran-Resmi-2025-12-11-19.28.15-1024x631.png 1024w, https:\/\/www.tgrthaber.com\/mavikadin\/wp-content\/uploads\/Ekran-Resmi-2025-12-11-19.28.15-300x185.png 300w, https:\/\/www.tgrthaber.com\/mavikadin\/wp-content\/uploads\/Ekran-Resmi-2025-12-11-19.28.15-768x473.png 768w, https:\/\/www.tgrthaber.com\/mavikadin\/wp-content\/uploads\/Ekran-Resmi-2025-12-11-19.28.15.png 1068w\" sizes=\"(max-width: 1024px) 100vw, 1024px\" \/><\/p>\n<hr \/>\n<p class=\"p1\">Futbol oynad\u0131\u011f\u0131 d\u00f6nemlerde Adana Demir Spor ve Galatasaray kul\u00fcplerinde top ko\u015fturan Fatih Terim, 68 kez Milli Tak\u0131m formas\u0131n\u0131 giymi\u015ftir.<\/p>\n<p><img loading=\"lazy\" decoding=\"async\" class=\"alignnone wp-image-274607 \" src=\"https:\/\/www.tgrthaber.com\/mavikadin\/wp-content\/uploads\/Ekran-Resmi-2025-12-11-19.29.25.png\" alt=\"\" width=\"993\" height=\"565\" title=\"\" srcset=\"https:\/\/www.tgrthaber.com\/mavikadin\/wp-content\/uploads\/Ekran-Resmi-2025-12-11-19.29.25.png 868w, https:\/\/www.tgrthaber.com\/mavikadin\/wp-content\/uploads\/Ekran-Resmi-2025-12-11-19.29.25-300x171.png 300w, https:\/\/www.tgrthaber.com\/mavikadin\/wp-content\/uploads\/Ekran-Resmi-2025-12-11-19.29.25-768x437.png 768w\" sizes=\"(max-width: 993px) 100vw, 993px\" \/><\/p>\n<hr \/>\n<p class=\"p1\">Adana Demirspor formas\u0131 alt\u0131nda 12 gol atm\u0131\u015fGalatasaray formas\u0131 ile 16 gol kaydetmi\u015ftir.Ankarag\u00fcc\u00fc, G\u00f6ztepe, Galatasaray, Fiorentina, Milan ve T\u00fcrkiye A Milli Tak\u0131m Teknik Direkt\u00f6r\u00fc olarak g\u00f6rev yapan Fatih Terim T\u00fcrkiye\u2019de \u0130mparator, \u0130talya\u2019da ise Grande lakab\u0131 ile an\u0131lmaktad\u0131r.<\/p>\n<p><img loading=\"lazy\" decoding=\"async\" class=\"alignnone wp-image-274608 size-full\" src=\"https:\/\/www.tgrthaber.com\/mavikadin\/wp-content\/uploads\/Ekran-Resmi-2025-12-11-19.29.29.png\" alt=\"\" width=\"1014\" height=\"578\" title=\"\" srcset=\"https:\/\/www.tgrthaber.com\/mavikadin\/wp-content\/uploads\/Ekran-Resmi-2025-12-11-19.29.29.png 1014w, https:\/\/www.tgrthaber.com\/mavikadin\/wp-content\/uploads\/Ekran-Resmi-2025-12-11-19.29.29-300x171.png 300w, https:\/\/www.tgrthaber.com\/mavikadin\/wp-content\/uploads\/Ekran-Resmi-2025-12-11-19.29.29-768x438.png 768w\" sizes=\"(max-width: 1014px) 100vw, 1014px\" \/><\/p>\n<hr \/>\n<p class=\"p1\">2013-2014<span class=\"Apple-converted-space\">\u00a0 <\/span>y\u0131llar\u0131nda milli futbol tak\u0131m\u0131n\u0131n teknik direkt\u00f6r\u00fc olmu\u015ftur. 2017 y\u0131l\u0131nda Galatasaray\u2019\u0131n ba\u015f\u0131na ge\u00e7mi\u015ftir. 1982 y\u0131l\u0131nda Fulya Terim ile d\u00fcnya evine giren \u00fcnl\u00fc isimn Merve ve Buse isminde iki k\u0131z \u00e7ocu\u011fu bulunmaktad\u0131r.<\/p>\n<p><img loading=\"lazy\" decoding=\"async\" class=\"alignnone wp-image-274609 \" src=\"https:\/\/www.tgrthaber.com\/mavikadin\/wp-content\/uploads\/Ekran-Resmi-2025-12-11-19.30.24.png\" alt=\"\" width=\"977\" height=\"597\" title=\"\" srcset=\"https:\/\/www.tgrthaber.com\/mavikadin\/wp-content\/uploads\/Ekran-Resmi-2025-12-11-19.30.24.png 952w, https:\/\/www.tgrthaber.com\/mavikadin\/wp-content\/uploads\/Ekran-Resmi-2025-12-11-19.30.24-300x183.png 300w, https:\/\/www.tgrthaber.com\/mavikadin\/wp-content\/uploads\/Ekran-Resmi-2025-12-11-19.30.24-768x470.png 768w\" sizes=\"(max-width: 977px) 100vw, 977px\" \/><\/p>\n<hr \/>\n<p class=\"p1\">Suudi Arabistan\u2019\u0131n Al- Shabab tak\u0131m\u0131nda g\u00f6rev ald\u0131\u011f\u0131 bu kul\u00fcpte, k\u0131sa s\u00fcrede y\u00f6netimle fikir ayr\u0131l\u0131\u011f\u0131 ya\u015fand\u0131. Bu d\u00f6nemdeki ayr\u0131l\u0131k, Terim&#8217;in Avrupa&#8217;ya geri d\u00f6n\u00fc\u015f\u00fcne de zemin haz\u0131rlam\u0131\u015f oldu.<\/p>\n","protected":false},"excerpt":{"rendered":"<p>\u00dcnl\u00fc teknik direkt\u00f6r Faith Terim bu sefer oyunculu\u011fu ile kamera kar\u015f\u0131s\u0131nda yer ald\u0131. D\u00fcnyaca \u00fcnl\u00fc Karaca markas\u0131n\u0131n reklam y\u00fcz\u00fc olan Fatih Terim cesur hareketi ile be\u011feni toplad\u0131. \u0130\u015fte detaylar&#8230; <\/p>\n","protected":false},"author":16,"featured_media":274613,"comment_status":"closed","ping_status":"closed","sticky":false,"template":"","format":"standard","meta":{"rank_math_lock_modified_date":false,"footnotes":""},"categories":[76],"tags":[68116,68117,68115,133,2218],"class_list":["post-274601","post","type-post","status-publish","format-standard","has-post-thumbnail","hentry","category-magazin","tag-fatih-terim-karaca-reklam-yuzu","tag-fatih-terim-kimdir","tag-fatih-terim-reklam-yuzu","tag-magazin","tag-magazin-haberleri"],"_links":{"self":[{"href":"https:\/\/www.tgrthaber.com\/mavikadin\/wp-json\/wp\/v2\/posts\/274601"}],"collection":[{"href":"https:\/\/www.tgrthaber.com\/mavikadin\/wp-json\/wp\/v2\/posts"}],"about":[{"href":"https:\/\/www.tgrthaber.com\/mavikadin\/wp-json\/wp\/v2\/types\/post"}],"author":[{"embeddable":true,"href":"https:\/\/www.tgrthaber.com\/mavikadin\/wp-json\/wp\/v2\/users\/16"}],"replies":[{"embeddable":true,"href":"https:\/\/www.tgrthaber.com\/mavikadin\/wp-json\/wp\/v2\/comments?post=274601"}],"version-history":[{"count":2,"href":"https:\/\/www.tgrthaber.com\/mavikadin\/wp-json\/wp\/v2\/posts\/274601\/revisions"}],"predecessor-version":[{"id":274614,"href":"https:\/\/www.tgrthaber.com\/mavikadin\/wp-json\/wp\/v2\/posts\/274601\/revisions\/274614"}],"wp:featuredmedia":[{"embeddable":true,"href":"https:\/\/www.tgrthaber.com\/mavikadin\/wp-json\/wp\/v2\/media\/274613"}],"wp:attachment":[{"href":"https:\/\/www.tgrthaber.com\/mavikadin\/wp-json\/wp\/v2\/media?parent=274601"}],"wp:term":[{"taxonomy":"category","embeddable":true,"href":"https:\/\/www.tgrthaber.com\/mavikadin\/wp-json\/wp\/v2\/categories?post=274601"},{"taxonomy":"post_tag","embeddable":true,"href":"https:\/\/www.tgrthaber.com\/mavikadin\/wp-json\/wp\/v2\/tags?post=274601"}],"curies":[{"name":"wp","href":"https:\/\/api.w.org\/{rel}","templated":true}]}}