{"id":274615,"date":"2025-12-11T20:13:58","date_gmt":"2025-12-11T17:13:58","guid":{"rendered":"https:\/\/www.tgrthaber.com\/mavikadin\/?p=274615"},"modified":"2025-12-11T20:13:58","modified_gmt":"2025-12-11T17:13:58","slug":"kizilcik-serbetinin-zulfikari-bahtiyar-memili-diziden-ayriliyor-yaprak-dokumu-devam-ediyor","status":"publish","type":"post","link":"https:\/\/www.tgrthaber.com\/mavikadin\/kizilcik-serbetinin-zulfikari-bahtiyar-memili-diziden-ayriliyor-yaprak-dokumu-devam-ediyor\/","title":{"rendered":"K\u0131z\u0131lc\u0131k \u015eerbeti&#8217;nin Z\u00fclfikar&#8217;\u0131 Bahtiyar Memili diziden ayr\u0131l\u0131yor! Yaprak d\u00f6k\u00fcm\u00fc devam ediyor"},"content":{"rendered":"<p class=\"p1\">SHOW TV ekranlar\u0131n\u0131n sevilerek seyredilen dizisi K\u0131z\u0131lc\u0131k \u015eerbeti\u2019nde yaprak d\u00f6k\u00fcm\u00fc devam ediyor. Pe\u015f pe\u015fe ya\u015fanan oyuncu ayr\u0131l\u0131klar\u0131na bir yenisi daha eklendi. Bu sefer de <a href=\"https:\/\/www.tgrthaber.com\/mavikadin\/kizilcik-serbeti-nilaydan-manidar-sarki-secimi-civelek-sectigi-turkuyle-dikkat-cekti\/\">K\u0131z\u0131lc\u0131k \u015eerbeti<\/a>\u2019nde Z\u00fclfikar karakterini oynayan Bahtiyar Memili\u2019nin diziden ayr\u0131ld\u0131\u011f\u0131 \u00f6\u011frenildi. Peki K\u0131z\u0131lc\u0131k \u015eerbeti Bahtiyar diziden neden ayr\u0131l\u0131yor? \u0130\u015fte detaylar\u2026<\/p>\n<h3 class=\"p1\"><b>KIZILCIK \u015eERBET\u0130\u2019N\u0130N Z\u00dcLF\u0130KAR&#8217;I BAHT\u0130YAR MEM\u0130L\u0130 D\u0130Z\u0130DEN AYRILIYOR <\/b><\/h3>\n<p class=\"p1\">Show TV ekranlar\u0131n\u0131n reyting rekortmeni dizisi Cuma ak\u015famlar\u0131n\u0131n vazge\u00e7ilmezi <a href=\"https:\/\/www.tgrthaber.com\/mavikadin\/kizilcik-serbeti-dizisinde-soke-eden-bir-ayrilik-daha-sosyal-medya-hesabindan-duyurdu\/\">K\u0131z\u0131lc\u0131k \u015eerbeti<\/a> 4. sezonu ile dikkat \u00e7ekmeye devam ediyor. Hikayenin tazeli\u011fini diri tutmak i\u00e7in diziye s\u00fcrekli olarak birileri giriyor ya da birileri dizden ayr\u0131l\u0131yor. Son d\u00f6nemde yaprak d\u00f6k\u00fcm\u00fc ya\u015fayan diziden bir oyuncunun daha ayr\u0131laca\u011f\u0131 \u00f6\u011frenildi.<\/p>\n<p><img loading=\"lazy\" decoding=\"async\" class=\"alignnone wp-image-274618 size-full\" src=\"https:\/\/www.tgrthaber.com\/mavikadin\/wp-content\/uploads\/Ekran-Resmi-2025-12-11-20.00.35.png\" alt=\"\" width=\"1024\" height=\"632\" title=\"\" srcset=\"https:\/\/www.tgrthaber.com\/mavikadin\/wp-content\/uploads\/Ekran-Resmi-2025-12-11-20.00.35.png 1024w, https:\/\/www.tgrthaber.com\/mavikadin\/wp-content\/uploads\/Ekran-Resmi-2025-12-11-20.00.35-300x185.png 300w, https:\/\/www.tgrthaber.com\/mavikadin\/wp-content\/uploads\/Ekran-Resmi-2025-12-11-20.00.35-768x474.png 768w\" sizes=\"(max-width: 1024px) 100vw, 1024px\" \/><\/p>\n<hr \/>\n<p class=\"p1\">Dizide Z\u00fclfikar karakteri ile izleyicinin be\u011fenisini kazanan Bahtiyar Memili diziye veda ediyor. Birsen Altunta\u015f\u2019un haberine g\u00f6re oyuncu senaryodaki hikayesinin sonuna gelmesi nedeniyle diziye veda edecek. Memili&#8217;nin ayr\u0131l\u0131\u011f\u0131, dizinin 119. b\u00f6l\u00fcm\u00fcnde ger\u00e7ekle\u015fecek. K\u0131z\u0131lc\u0131k \u015eerbeti\u2019nin 117.b\u00f6l\u00fcm\u00fc yar\u0131n ekranda olacak. \u0130zleyiciler, \u015fimdiden Z\u00fclfikar karakterinin<span class=\"Apple-converted-space\">\u00a0 <\/span>hikayesinin nas\u0131l sonu\u00e7lanaca\u011f\u0131n\u0131 merak etmeye ba\u015flad\u0131.<\/p>\n<div style=\"width: 640px;\" class=\"wp-video\"><!--[if lt IE 9]><script>document.createElement('video');<\/script><![endif]-->\n<video class=\"wp-video-shortcode\" id=\"video-274615-1\" width=\"640\" height=\"1138\" preload=\"metadata\" controls=\"controls\"><source type=\"video\/mp4\" src=\"https:\/\/www.tgrthaber.com\/mavikadin\/wp-content\/uploads\/Kizilcik-Serbetinde-bir-ayrilik-Zulkar-veda-ediyor\ud83d\udd36-Kizilcik-Serbeti-dizisi-4.-sezonunda-da.mp4?_=1\" \/><a href=\"https:\/\/www.tgrthaber.com\/mavikadin\/wp-content\/uploads\/Kizilcik-Serbetinde-bir-ayrilik-Zulkar-veda-ediyor\ud83d\udd36-Kizilcik-Serbeti-dizisi-4.-sezonunda-da.mp4\">https:\/\/www.tgrthaber.com\/mavikadin\/wp-content\/uploads\/Kizilcik-Serbetinde-bir-ayrilik-Zulkar-veda-ediyor\ud83d\udd36-Kizilcik-Serbeti-dizisi-4.-sezonunda-da.mp4<\/a><\/video><\/div>\n<hr \/>\n<h3>KIZILCIK \u015eERBET\u0130&#8217;N\u0130N Z\u00dcLF\u0130KAR&#8217;I BAHT\u0130YAR MEM\u0130L\u0130 K\u0130MD\u0130R?<\/h3>\n<p class=\"p1\">Bahtiyar Memili 1985 y\u0131l\u0131nda Adana\u2019da do\u011fmu\u015ftur. Kamera kar\u015f\u0131s\u0131na ilk olarak 2014 y\u0131l\u0131nda ge\u00e7en Bahtiyar Memili Ka\u00e7ma Birader, Yedi G\u00fczel Adam, Kehribar, Karakomik Filmler: Deli gibi pek \u00e7ok yap\u0131mda rol alm\u0131\u015f, g\u00f6sterdi\u011fi ba\u015far\u0131l\u0131 oyunculuk performans\u0131 ile dikkatleri \u00fczerine \u00e7ekmi\u015ftir.<\/p>\n<p><img loading=\"lazy\" decoding=\"async\" class=\"alignnone wp-image-274620 size-full\" src=\"https:\/\/www.tgrthaber.com\/mavikadin\/wp-content\/uploads\/Ekran-Resmi-2025-12-11-20.00.25.png\" alt=\"\" width=\"984\" height=\"656\" title=\"\" srcset=\"https:\/\/www.tgrthaber.com\/mavikadin\/wp-content\/uploads\/Ekran-Resmi-2025-12-11-20.00.25.png 984w, https:\/\/www.tgrthaber.com\/mavikadin\/wp-content\/uploads\/Ekran-Resmi-2025-12-11-20.00.25-300x200.png 300w, https:\/\/www.tgrthaber.com\/mavikadin\/wp-content\/uploads\/Ekran-Resmi-2025-12-11-20.00.25-768x512.png 768w\" sizes=\"(max-width: 984px) 100vw, 984px\" \/><\/p>\n<hr \/>\n<p class=\"p1\">Erdal \u00d6zya\u011fc\u0131lar\u2019a \u2018Aile Aras\u0131nda\u2019 adl\u0131 filmde \u015five dan\u0131\u015fmanl\u0131\u011f\u0131 yapan Bahtiyar Memili son olarak Show TV\u2019de yay\u0131nlanan K\u0131z\u0131lc\u0131k \u015eerbeti adl\u0131 dizide Z\u00fclf\u00fckar karakteri ile izleyici kar\u015f\u0131s\u0131na \u00e7\u0131km\u0131\u015ft\u0131r.<\/p>\n<h3><img loading=\"lazy\" decoding=\"async\" class=\"alignnone wp-image-274621 size-full\" src=\"https:\/\/www.tgrthaber.com\/mavikadin\/wp-content\/uploads\/Ekran-Resmi-2025-12-11-20.00.20.png\" alt=\"\" width=\"1018\" height=\"638\" title=\"\" srcset=\"https:\/\/www.tgrthaber.com\/mavikadin\/wp-content\/uploads\/Ekran-Resmi-2025-12-11-20.00.20.png 1018w, https:\/\/www.tgrthaber.com\/mavikadin\/wp-content\/uploads\/Ekran-Resmi-2025-12-11-20.00.20-300x188.png 300w, https:\/\/www.tgrthaber.com\/mavikadin\/wp-content\/uploads\/Ekran-Resmi-2025-12-11-20.00.20-768x481.png 768w\" sizes=\"(max-width: 1018px) 100vw, 1018px\" \/><\/h3>\n<hr \/>\n<h3>KIZILCIK \u015eERBET\u0130 OYUNCU KADROSUNDA K\u0130MLER VAR?<\/h3>\n<p class=\"p1\"><a href=\"https:\/\/www.tgrthaber.com\/mavikadin\/her-yaptigiyla-olay-olan-kizilcik-serbeti-dizisine-barlas-kartal-dahil-oluyor\/\">K\u0131z\u0131lc\u0131k \u015eerbeti<\/a> oyuncu\u00a0kadrosunda, Bar\u0131\u015f K\u0131l\u0131\u00e7, Evrim Alasya, Ahmet M\u00fcmtaz Taylan, S\u0131la T\u00fcrko\u011flu, Do\u011fukan G\u00fcng\u00f6r, Erkan Avc\u0131, Ceren Yalazo\u011flu, Feyza Civelek, Emrah Alt\u0131ntoprak, Servet Pandur, Ece \u0130rtem, Batuhan Bozkurt Y\u00fczg\u00fcle\u00e7, Neslihan Yeldan ve Aliye Uzunata\u011fan gibi isimler yer al\u0131yor.<\/p>\n<p><img loading=\"lazy\" decoding=\"async\" class=\"alignnone wp-image-274622 size-large\" src=\"https:\/\/www.tgrthaber.com\/mavikadin\/wp-content\/uploads\/Ekran-Resmi-2025-12-11-20.03.02-1024x621.png\" alt=\"\" width=\"1024\" height=\"621\" title=\"\" srcset=\"https:\/\/www.tgrthaber.com\/mavikadin\/wp-content\/uploads\/Ekran-Resmi-2025-12-11-20.03.02-1024x621.png 1024w, https:\/\/www.tgrthaber.com\/mavikadin\/wp-content\/uploads\/Ekran-Resmi-2025-12-11-20.03.02-300x182.png 300w, https:\/\/www.tgrthaber.com\/mavikadin\/wp-content\/uploads\/Ekran-Resmi-2025-12-11-20.03.02-768x466.png 768w, https:\/\/www.tgrthaber.com\/mavikadin\/wp-content\/uploads\/Ekran-Resmi-2025-12-11-20.03.02.png 1042w\" sizes=\"(max-width: 1024px) 100vw, 1024px\" \/><\/p>\n<hr \/>\n<p class=\"p1\">Dizinin yeni y\u00fczleri aras\u0131nda tiyatro ve ekranlar\u0131n tan\u0131nan simalar\u0131 \u00d6zge Borak, Seray Kaya, Yal\u00e7\u0131n Haf\u0131zo\u011flu ve Hakan Karahan bulunuyor.<\/p>\n<p><img loading=\"lazy\" decoding=\"async\" class=\"alignnone wp-image-274623 size-full\" src=\"https:\/\/www.tgrthaber.com\/mavikadin\/wp-content\/uploads\/Ekran-Resmi-2025-12-11-20.03.57.png\" alt=\"\" width=\"976\" height=\"516\" title=\"\" srcset=\"https:\/\/www.tgrthaber.com\/mavikadin\/wp-content\/uploads\/Ekran-Resmi-2025-12-11-20.03.57.png 976w, https:\/\/www.tgrthaber.com\/mavikadin\/wp-content\/uploads\/Ekran-Resmi-2025-12-11-20.03.57-300x159.png 300w, https:\/\/www.tgrthaber.com\/mavikadin\/wp-content\/uploads\/Ekran-Resmi-2025-12-11-20.03.57-768x406.png 768w\" sizes=\"(max-width: 976px) 100vw, 976px\" \/><\/p>\n<hr \/>\n<p class=\"p1\">Bunun yan\u0131 s\u0131ra Melis Civelek ve Zeynep G\u00fcr&#8217;\u00fcn kaleme ald\u0131\u011f\u0131 senaryo din\u00e7 tutmak i\u00e7in diziden ayr\u0131lan eski karakterler de diziye bir bir d\u00f6nmeye ba\u015flad\u0131.<\/p>\n<p><img loading=\"lazy\" decoding=\"async\" class=\"alignnone wp-image-274626 size-large\" src=\"https:\/\/www.tgrthaber.com\/mavikadin\/wp-content\/uploads\/Ekran-Resmi-2025-12-11-20.13.11-1024x577.png\" alt=\"\" width=\"1024\" height=\"577\" title=\"\" srcset=\"https:\/\/www.tgrthaber.com\/mavikadin\/wp-content\/uploads\/Ekran-Resmi-2025-12-11-20.13.11-1024x577.png 1024w, https:\/\/www.tgrthaber.com\/mavikadin\/wp-content\/uploads\/Ekran-Resmi-2025-12-11-20.13.11-300x169.png 300w, https:\/\/www.tgrthaber.com\/mavikadin\/wp-content\/uploads\/Ekran-Resmi-2025-12-11-20.13.11-768x433.png 768w, https:\/\/www.tgrthaber.com\/mavikadin\/wp-content\/uploads\/Ekran-Resmi-2025-12-11-20.13.11.png 1036w\" sizes=\"(max-width: 1024px) 100vw, 1024px\" \/><\/p>\n<hr \/>\n<p class=\"p1\"><span class=\"Apple-converted-space\">Onlardan birileri de <\/span>Fatih G\u00fchan&#8217;\u0131n oynad\u0131\u011f\u0131 \u0130mam \u0130lhami karakteri\u00a0 ve Yi\u011fit Kirazc\u0131 oldu. \u0130ki \u00fcnl\u00fc isim K\u0131z\u0131lc\u0131k \u015eerbeti ekibine yeniden kat\u0131larak dizinin hikayesinde yeni bir hava olu\u015fturacak gibi g\u00f6r\u00fcn\u00fcyor.<\/p>\n","protected":false},"excerpt":{"rendered":"<p>K\u0131z\u0131lc\u0131k \u015eerbeti dizisinin Z\u00fclfikar&#8217;\u0131 Bahtiyar Memili diziden ayr\u0131l\u0131yor. Sevilen oyuncunun diziden ayr\u0131laca\u011f\u0131 haberleri sevenlerini \u00fczerken &#8216;K\u0131z\u0131lc\u0131k \u015eerbeti Z\u00fclfikar diziden ayr\u0131lacak m\u0131? K\u0131z\u0131lc\u0131k \u015eerbeti Z\u00fclfikar diziden neden ayr\u0131l\u0131yor?&#8217; sorular\u0131 da g\u00fcndeme geldi. \u0130\u015fte detaylar&#8230; <\/p>\n","protected":false},"author":16,"featured_media":274625,"comment_status":"closed","ping_status":"closed","sticky":false,"template":"","format":"standard","meta":{"rank_math_lock_modified_date":false,"footnotes":""},"categories":[602],"tags":[32159,2628,68119,68118],"class_list":["post-274615","post","type-post","status-publish","format-standard","has-post-thumbnail","hentry","category-diziler","tag-dizi","tag-dizi-haberleri","tag-kizilcik-serbeti-zulfikar-bahtiyar-memili-diziden-ayriliyor","tag-kizilcik-serbeti-zulfikar-diziden-ayriliyor"],"_links":{"self":[{"href":"https:\/\/www.tgrthaber.com\/mavikadin\/wp-json\/wp\/v2\/posts\/274615"}],"collection":[{"href":"https:\/\/www.tgrthaber.com\/mavikadin\/wp-json\/wp\/v2\/posts"}],"about":[{"href":"https:\/\/www.tgrthaber.com\/mavikadin\/wp-json\/wp\/v2\/types\/post"}],"author":[{"embeddable":true,"href":"https:\/\/www.tgrthaber.com\/mavikadin\/wp-json\/wp\/v2\/users\/16"}],"replies":[{"embeddable":true,"href":"https:\/\/www.tgrthaber.com\/mavikadin\/wp-json\/wp\/v2\/comments?post=274615"}],"version-history":[{"count":3,"href":"https:\/\/www.tgrthaber.com\/mavikadin\/wp-json\/wp\/v2\/posts\/274615\/revisions"}],"predecessor-version":[{"id":274627,"href":"https:\/\/www.tgrthaber.com\/mavikadin\/wp-json\/wp\/v2\/posts\/274615\/revisions\/274627"}],"wp:featuredmedia":[{"embeddable":true,"href":"https:\/\/www.tgrthaber.com\/mavikadin\/wp-json\/wp\/v2\/media\/274625"}],"wp:attachment":[{"href":"https:\/\/www.tgrthaber.com\/mavikadin\/wp-json\/wp\/v2\/media?parent=274615"}],"wp:term":[{"taxonomy":"category","embeddable":true,"href":"https:\/\/www.tgrthaber.com\/mavikadin\/wp-json\/wp\/v2\/categories?post=274615"},{"taxonomy":"post_tag","embeddable":true,"href":"https:\/\/www.tgrthaber.com\/mavikadin\/wp-json\/wp\/v2\/tags?post=274615"}],"curies":[{"name":"wp","href":"https:\/\/api.w.org\/{rel}","templated":true}]}}