{"id":274644,"date":"2025-12-11T21:43:32","date_gmt":"2025-12-11T18:43:32","guid":{"rendered":"https:\/\/www.tgrthaber.com\/mavikadin\/?p=274644"},"modified":"2025-12-11T21:47:18","modified_gmt":"2025-12-11T18:47:18","slug":"masterchef-2025-finalinde-dev-skandal-finalistler-degismis-cagatayin-hakki-yendi-iddiasi-ortaligi-karistirdi","status":"publish","type":"post","link":"https:\/\/www.tgrthaber.com\/mavikadin\/masterchef-2025-finalinde-dev-skandal-finalistler-degismis-cagatayin-hakki-yendi-iddiasi-ortaligi-karistirdi\/","title":{"rendered":"MasterChef 2025 finalinde dev skandal! Finalistler de\u011fi\u015fmi\u015f! \u00c7a\u011fatay&#8217;\u0131n hakk\u0131 yendi iddias\u0131 ortal\u0131\u011f\u0131 kar\u0131\u015ft\u0131rd\u0131!"},"content":{"rendered":"<p>TV8 ekranlar\u0131n\u0131n fenomen yemek yar\u0131\u015fmas\u0131 program\u0131 MasterChef T\u00fcrkiye 2025 finali sonras\u0131 ya\u015fanan dev if\u015fa sosyal medyay\u0131 resmen aya\u011fa kald\u0131rd\u0131. Sosyal medyada ortaya \u00e7\u0131kan bir video sonras\u0131 <a href=\"https:\/\/www.tgrthaber.com\/mavikadin\/masterchef-yarismacisi-barbaros-yologlu-esi-kimdir-barbaros-yologlu-bosandi-mi\/\">MasterChef<\/a> finalistlerinin de\u011fi\u015fti\u011fi ortaya \u00e7\u0131kt\u0131. MasterChef finalistleri Sezer ve \u00d6zkan aras\u0131nda ge\u00e7en d\u00fcellonun asl\u0131nda \u00d6zkan ve \u00c7a\u011fatay aras\u0131nda ge\u00e7ece\u011fi fakat bunun de\u011fi\u015ftirildi\u011fi ortaya \u00e7\u0131k\u0131nca i\u015fler kar\u0131\u015ft\u0131. \u0130\u015fte detaylar&#8230;<\/p>\n<h3>MASTERCHEF 2025 F\u0130NAL\u0130NDE DEV \u0130F\u015eA! F\u0130NAL\u0130STLER DE\u011e\u0130\u015eT\u0130 \u00c7A\u011eATAYIN HAKKIN YEND\u0130 \u0130DD\u0130ASI SOSYAL MEDYAYI SALLADI<\/h3>\n<p class=\"p1\">Ekranlar\u0131n sevilerek seyredilen yar\u0131\u015fma program\u0131 <a href=\"https:\/\/www.tgrthaber.com\/mavikadin\/masterchefte-geceye-damga-vuran-ekmek-arasi-kunefe-tarifi-araplar-bu-lezzete-bayiliyor-bu-tarif-cok-konusulur\/\">MasterChef<\/a> T\u00fcrkiye b\u00fcy\u00fck bir skandalla sars\u0131ld\u0131. 6 aral\u0131k ak\u015fam\u0131 MasterChef T\u00fcrkiye finali \u00d6zkan ve Sezer\u2019in kap\u0131\u015fmas\u0131yla sona erse de pop\u00fcler bir Youtube kanal\u0131nda yay\u0131mlanan eski bir r\u00f6portaj t\u00fcm dengeleri tamamen de\u011fi\u015ftirdi.<\/p>\n<p><img loading=\"lazy\" decoding=\"async\" class=\"alignnone wp-image-274651 size-large\" src=\"https:\/\/www.tgrthaber.com\/mavikadin\/wp-content\/uploads\/Ekran-Resmi-2025-12-11-21.21.33-1024x611.png\" alt=\"\" width=\"1024\" height=\"611\" title=\"\" srcset=\"https:\/\/www.tgrthaber.com\/mavikadin\/wp-content\/uploads\/Ekran-Resmi-2025-12-11-21.21.33-1024x611.png 1024w, https:\/\/www.tgrthaber.com\/mavikadin\/wp-content\/uploads\/Ekran-Resmi-2025-12-11-21.21.33-300x179.png 300w, https:\/\/www.tgrthaber.com\/mavikadin\/wp-content\/uploads\/Ekran-Resmi-2025-12-11-21.21.33-768x458.png 768w, https:\/\/www.tgrthaber.com\/mavikadin\/wp-content\/uploads\/Ekran-Resmi-2025-12-11-21.21.33.png 1070w\" sizes=\"(max-width: 1024px) 100vw, 1024px\" \/><\/p>\n<hr \/>\n<p class=\"p1\">MasterChef yar\u0131\u015fmac\u0131lar\u0131 Furkan ve Onur,\u00a0 r\u00f6portajda finalin \u00c7a\u011fatay ve \u00d6zkan aras\u0131nda ge\u00e7ece\u011fini s\u00f6ylemi\u015f.<\/p>\n<div style=\"width: 640px;\" class=\"wp-video\"><!--[if lt IE 9]><script>document.createElement('video');<\/script><![endif]-->\n<video class=\"wp-video-shortcode\" id=\"video-274644-1\" width=\"640\" height=\"1138\" preload=\"metadata\" controls=\"controls\"><source type=\"video\/mp4\" src=\"https:\/\/www.tgrthaber.com\/mavikadin\/wp-content\/uploads\/Ne-oldu-da-final-ikilisi-degisti-\ud83e\udd14\u2022-MasterChefte-\ud83d\udc68_\ud83c\udf73\u2022-Haftanin-Kaptanlari-Kim-\u270d\ud83c\udffb\u2022-Hangi-Ta-online-video-cutter.com_.mp4?_=1\" \/><a href=\"https:\/\/www.tgrthaber.com\/mavikadin\/wp-content\/uploads\/Ne-oldu-da-final-ikilisi-degisti-\ud83e\udd14\u2022-MasterChefte-\ud83d\udc68_\ud83c\udf73\u2022-Haftanin-Kaptanlari-Kim-\u270d\ud83c\udffb\u2022-Hangi-Ta-online-video-cutter.com_.mp4\">https:\/\/www.tgrthaber.com\/mavikadin\/wp-content\/uploads\/Ne-oldu-da-final-ikilisi-degisti-\ud83e\udd14\u2022-MasterChefte-\ud83d\udc68_\ud83c\udf73\u2022-Haftanin-Kaptanlari-Kim-\u270d\ud83c\udffb\u2022-Hangi-Ta-online-video-cutter.com_.mp4<\/a><\/video><\/div>\n<p class=\"p1\">Bu if\u015fa \u00fczerine sosyal medya resmen aya\u011fa kalkt\u0131.<span class=\"Apple-converted-space\">\u00a0 <\/span>MasterChef takip\u00e7ileri ise \u015fimdi \u2018Ne oldu da belirlenen finalistler de\u011fi\u015fi\u015ftirildi?\u2019 sorular\u0131na cevap ar\u0131yor.<\/p>\n<p><img loading=\"lazy\" decoding=\"async\" class=\"alignnone wp-image-274654 size-full\" src=\"https:\/\/www.tgrthaber.com\/mavikadin\/wp-content\/uploads\/Ekran-Resmi-2025-12-11-21.21.52.png\" alt=\"\" width=\"1012\" height=\"590\" title=\"\" srcset=\"https:\/\/www.tgrthaber.com\/mavikadin\/wp-content\/uploads\/Ekran-Resmi-2025-12-11-21.21.52.png 1012w, https:\/\/www.tgrthaber.com\/mavikadin\/wp-content\/uploads\/Ekran-Resmi-2025-12-11-21.21.52-300x175.png 300w, https:\/\/www.tgrthaber.com\/mavikadin\/wp-content\/uploads\/Ekran-Resmi-2025-12-11-21.21.52-768x448.png 768w\" sizes=\"(max-width: 1012px) 100vw, 1012px\" \/><\/p>\n<hr \/>\n<h3>MASTERCHEF 2025 \u00d6ZKAN AKAN K\u0130MD\u0130R?<\/h3>\n<p class=\"p1\"><a href=\"https:\/\/www.tgrthaber.com\/mavikadin\/masterchef-altin-kupa-heyecani-basladi-masterchef-2025-altin-kupa-kadrosunda-kimler-var-ne-kadar-surecek\/\">MasterChef<\/a> \u00d6zkan Akan 28 ya\u015f\u0131ndad\u0131r. Aslen Vanl\u0131 olan yar\u0131\u015fmac\u0131n\u0131n gastronomi tutkusu gen\u00e7 ya\u015flarda ba\u015flam\u0131\u015ft\u0131r. Yar\u0131\u015fmaya Bodrum\u2019dan kat\u0131lan isim \u00fc\u00e7 \u00f6d\u00fcll\u00fc bir restoranda su \u015fefi olarak \u00e7al\u0131\u015fmaktad\u0131r.<\/p>\n<p><img loading=\"lazy\" decoding=\"async\" class=\"alignnone wp-image-274657 \" src=\"https:\/\/www.tgrthaber.com\/mavikadin\/wp-content\/uploads\/Ekran-Resmi-2025-12-11-21.22.02.png\" alt=\"\" width=\"1007\" height=\"610\" title=\"\" srcset=\"https:\/\/www.tgrthaber.com\/mavikadin\/wp-content\/uploads\/Ekran-Resmi-2025-12-11-21.22.02.png 938w, https:\/\/www.tgrthaber.com\/mavikadin\/wp-content\/uploads\/Ekran-Resmi-2025-12-11-21.22.02-300x182.png 300w, https:\/\/www.tgrthaber.com\/mavikadin\/wp-content\/uploads\/Ekran-Resmi-2025-12-11-21.22.02-768x465.png 768w\" sizes=\"(max-width: 1007px) 100vw, 1007px\" \/><\/p>\n<hr \/>\n<h3>MASTERCHEF 2025 \u00c7A\u011eATAY DO\u011eANAY K\u0130MD\u0130R?<\/h3>\n<p class=\"p1\">MasterChef T\u00fcrkiye\u2019nin ana kadrosuna giren 3. yar\u0131\u015fmac\u0131 \u00c7a\u011fatay Do\u011fanay olmu\u015ftu. 27 ya\u015f\u0131nda olan yar\u0131\u015fmac\u0131 Private Chef olarak tan\u0131nmaktad\u0131r.<span class=\"Apple-converted-space\">\u00a0 <\/span>Sakin ve kararl\u0131 tav\u0131rlar\u0131yla dikkatleri \u00fczerine \u00e7eken \u00c7a\u011fatay\u2019\u0131n do\u011fum yeri \u0130stanbul olarak biliniyor.<span class=\"Apple-converted-space\">\u00a0 <\/span>\u0130stanbul\u2019da bir ailenin evinde \u015fef olarak \u00e7al\u0131\u015fan \u00c7a\u011fatay Afrika k\u0131tas\u0131nda da g\u00fcnde 50 ki\u015fiye yemek \u00e7\u0131karan mutfak ekibinin ba\u015f\u0131nda g\u00f6rev alm\u0131\u015ft\u0131r.<\/p>\n<p><img loading=\"lazy\" decoding=\"async\" class=\"alignnone wp-image-274659 \" src=\"https:\/\/www.tgrthaber.com\/mavikadin\/wp-content\/uploads\/Ekran-Resmi-2025-12-11-21.22.17-1024x563.png\" alt=\"\" width=\"1024\" height=\"563\" title=\"\" srcset=\"https:\/\/www.tgrthaber.com\/mavikadin\/wp-content\/uploads\/Ekran-Resmi-2025-12-11-21.22.17-1024x563.png 1024w, https:\/\/www.tgrthaber.com\/mavikadin\/wp-content\/uploads\/Ekran-Resmi-2025-12-11-21.22.17-300x165.png 300w, https:\/\/www.tgrthaber.com\/mavikadin\/wp-content\/uploads\/Ekran-Resmi-2025-12-11-21.22.17-768x422.png 768w, https:\/\/www.tgrthaber.com\/mavikadin\/wp-content\/uploads\/Ekran-Resmi-2025-12-11-21.22.17.png 1034w\" sizes=\"(max-width: 1024px) 100vw, 1024px\" \/><\/p>\n<hr \/>\n<h3>MASTERCHEF 2025\u00a0 SEZER D\u0130R\u0130CAN K\u0130MD\u0130R?<\/h3>\n<p class=\"p1\">MasterChef 2025 \u015fampiyonu Sezer Dirican 30 ya\u015f\u0131ndad\u0131r. Amasya do\u011fumlu olan Sezer, profesyonel olarak 7 senedir sekt\u00f6rde g\u00f6rev yapmaktad\u0131r. MasterChef 2024\u2019e kat\u0131lan fakat \u00fc\u00e7l\u00fc d\u00fcellolarda elenen Sezer bu sefer MasterChef\u2019i \u015fampiyon olarak tamamlam\u0131\u015ft\u0131r. Restoranlarda Ched de partie pozisyonunda \u00e7al\u0131\u015fan yar\u0131\u015fmac\u0131, azimli ve kararl\u0131 duru\u015flar\u0131yla MasterChef\u2019in dikkat \u00e7eken yar\u0131\u015fmac\u0131lar\u0131 aras\u0131nda yer alm\u0131\u015ft\u0131r.<\/p>\n<p><img loading=\"lazy\" decoding=\"async\" class=\"alignnone wp-image-274662 size-full\" src=\"https:\/\/www.tgrthaber.com\/mavikadin\/wp-content\/uploads\/Ekran-Resmi-2025-12-11-21.22.09.png\" alt=\"\" width=\"986\" height=\"552\" title=\"\" srcset=\"https:\/\/www.tgrthaber.com\/mavikadin\/wp-content\/uploads\/Ekran-Resmi-2025-12-11-21.22.09.png 986w, https:\/\/www.tgrthaber.com\/mavikadin\/wp-content\/uploads\/Ekran-Resmi-2025-12-11-21.22.09-300x168.png 300w, https:\/\/www.tgrthaber.com\/mavikadin\/wp-content\/uploads\/Ekran-Resmi-2025-12-11-21.22.09-768x430.png 768w\" sizes=\"(max-width: 986px) 100vw, 986px\" \/><\/p>\n<hr \/>\n<h3 class=\"p1\"><b>MASTERCHEF ALTIN KUPA YARI\u015eMACILARI K\u0130MLER?<\/b><\/h3>\n<p class=\"p1\">MasterChef Alt\u0131n Kupa\u2019da yar\u0131\u015facak isimler,<\/p>\n<p class=\"p1\">Alican Sabunsoy<\/p>\n<p class=\"p1\">Ayaz Ge\u00e7er<\/p>\n<p class=\"p1\">Barbaros Yolo\u011flu<\/p>\n<p class=\"p1\">Bar\u0131\u015f Demir<\/p>\n<p class=\"p1\">Batuhan Bay\u0131r<\/p>\n<p class=\"p1\">Dilara Ba\u015faran<\/p>\n<p><img loading=\"lazy\" decoding=\"async\" class=\"alignnone wp-image-274664 size-large\" src=\"https:\/\/www.tgrthaber.com\/mavikadin\/wp-content\/uploads\/Ekran-Resmi-2025-12-11-20.29.01-1-1024x639.png\" alt=\"\" width=\"1024\" height=\"639\" title=\"\" srcset=\"https:\/\/www.tgrthaber.com\/mavikadin\/wp-content\/uploads\/Ekran-Resmi-2025-12-11-20.29.01-1-1024x639.png 1024w, https:\/\/www.tgrthaber.com\/mavikadin\/wp-content\/uploads\/Ekran-Resmi-2025-12-11-20.29.01-1-300x187.png 300w, https:\/\/www.tgrthaber.com\/mavikadin\/wp-content\/uploads\/Ekran-Resmi-2025-12-11-20.29.01-1-768x479.png 768w, https:\/\/www.tgrthaber.com\/mavikadin\/wp-content\/uploads\/Ekran-Resmi-2025-12-11-20.29.01-1.png 1036w\" sizes=\"(max-width: 1024px) 100vw, 1024px\" \/><\/p>\n<hr \/>\n<p class=\"p1\">Eda \u00c7a\u011flayan<\/p>\n<p class=\"p1\">Eren Ka\u015f\u0131k\u00e7\u0131<\/p>\n<p class=\"p1\">Erim \u015eanal<\/p>\n<p class=\"p1\">Hasan Biltekin<\/p>\n<p class=\"p1\">Kerem Bilginer<\/p>\n<p class=\"p1\">K\u0131van\u00e7 Karadeniz<\/p>\n<p><img loading=\"lazy\" decoding=\"async\" class=\"alignnone wp-image-274667 size-large\" src=\"https:\/\/www.tgrthaber.com\/mavikadin\/wp-content\/uploads\/Ekran-Resmi-2025-12-11-20.28.46-1024x560.png\" alt=\"\" width=\"1024\" height=\"560\" title=\"\" srcset=\"https:\/\/www.tgrthaber.com\/mavikadin\/wp-content\/uploads\/Ekran-Resmi-2025-12-11-20.28.46-1024x560.png 1024w, https:\/\/www.tgrthaber.com\/mavikadin\/wp-content\/uploads\/Ekran-Resmi-2025-12-11-20.28.46-300x164.png 300w, https:\/\/www.tgrthaber.com\/mavikadin\/wp-content\/uploads\/Ekran-Resmi-2025-12-11-20.28.46-768x420.png 768w, https:\/\/www.tgrthaber.com\/mavikadin\/wp-content\/uploads\/Ekran-Resmi-2025-12-11-20.28.46.png 1054w\" sizes=\"(max-width: 1024px) 100vw, 1024px\" \/><\/p>\n<hr \/>\n<p class=\"p1\">Semihcan Temiz<\/p>\n<p class=\"p1\">Sergen \u00d6zen<\/p>\n<p class=\"p1\">Tolga \u015eener<\/p>\n<p class=\"p1\">Beyza Huri Ayd\u0131n<\/p>\n","protected":false},"excerpt":{"rendered":"<p>MasterChef T\u00fcrkiye 2025&#8217;te dev if\u015fa! 6 Aral\u0131k 2025 ak\u015fam\u0131 yap\u0131lan final gecesi finalistler \u00d6zkan ve Sezer olmu\u015ftu.  Bir Youtube kanal\u0131nda  daha \u00f6nceden \u00e7ekilmi\u015f bir r\u00f6portajda MasterChef yar\u0131\u015fmac\u0131lar\u0131 Furkan ve Onur&#8217;un finalistlerin \u00c7a\u011fatay ve \u00d6zkan olaca\u011f\u0131n\u0131 s\u00f6ylemesi \u00fczerine ortal\u0131k fena kar\u0131\u015ft\u0131. \u015eimdi MasterChef izleyicileri &#8216;Ne oldu da finalistler de\u011fi\u015fti?&#8217; sorusunun cevab\u0131n\u0131 ar\u0131yor. \u0130\u015fte detaylar&#8230; <\/p>\n","protected":false},"author":16,"featured_media":274674,"comment_status":"closed","ping_status":"closed","sticky":false,"template":"","format":"standard","meta":{"rank_math_lock_modified_date":false,"footnotes":""},"categories":[76],"tags":[133,2218,68123,68124,68125],"class_list":["post-274644","post","type-post","status-publish","format-standard","has-post-thumbnail","hentry","category-magazin","tag-magazin","tag-magazin-haberleri","tag-masterchef-2025-finalistler-degisti","tag-masterchef-2025-finalistler-degisti-ifsa","tag-masterchef-finalistler-cagatay-ifsa-degisti"],"_links":{"self":[{"href":"https:\/\/www.tgrthaber.com\/mavikadin\/wp-json\/wp\/v2\/posts\/274644"}],"collection":[{"href":"https:\/\/www.tgrthaber.com\/mavikadin\/wp-json\/wp\/v2\/posts"}],"about":[{"href":"https:\/\/www.tgrthaber.com\/mavikadin\/wp-json\/wp\/v2\/types\/post"}],"author":[{"embeddable":true,"href":"https:\/\/www.tgrthaber.com\/mavikadin\/wp-json\/wp\/v2\/users\/16"}],"replies":[{"embeddable":true,"href":"https:\/\/www.tgrthaber.com\/mavikadin\/wp-json\/wp\/v2\/comments?post=274644"}],"version-history":[{"count":8,"href":"https:\/\/www.tgrthaber.com\/mavikadin\/wp-json\/wp\/v2\/posts\/274644\/revisions"}],"predecessor-version":[{"id":274673,"href":"https:\/\/www.tgrthaber.com\/mavikadin\/wp-json\/wp\/v2\/posts\/274644\/revisions\/274673"}],"wp:featuredmedia":[{"embeddable":true,"href":"https:\/\/www.tgrthaber.com\/mavikadin\/wp-json\/wp\/v2\/media\/274674"}],"wp:attachment":[{"href":"https:\/\/www.tgrthaber.com\/mavikadin\/wp-json\/wp\/v2\/media?parent=274644"}],"wp:term":[{"taxonomy":"category","embeddable":true,"href":"https:\/\/www.tgrthaber.com\/mavikadin\/wp-json\/wp\/v2\/categories?post=274644"},{"taxonomy":"post_tag","embeddable":true,"href":"https:\/\/www.tgrthaber.com\/mavikadin\/wp-json\/wp\/v2\/tags?post=274644"}],"curies":[{"name":"wp","href":"https:\/\/api.w.org\/{rel}","templated":true}]}}