{"id":274645,"date":"2025-12-11T21:35:37","date_gmt":"2025-12-11T18:35:37","guid":{"rendered":"https:\/\/www.tgrthaber.com\/mavikadin\/?p=274645"},"modified":"2025-12-11T23:15:59","modified_gmt":"2025-12-11T20:15:59","slug":"halef-koklerin-cagrisi-12-bolumde-ziyanin-gizli-sirri-ne-aileler-arasindaki-dengeleri-nasil-degistirecek","status":"publish","type":"post","link":"https:\/\/www.tgrthaber.com\/mavikadin\/halef-koklerin-cagrisi-12-bolumde-ziyanin-gizli-sirri-ne-aileler-arasindaki-dengeleri-nasil-degistirecek\/","title":{"rendered":"Halef K\u00f6klerin \u00c7a\u011fr\u0131s\u0131 12. B\u00f6l\u00fcmde Ziyan\u2019\u0131n gizli s\u0131rr\u0131 ne? Aileler aras\u0131ndaki dengeleri nas\u0131l de\u011fi\u015ftirecek?"},"content":{"rendered":"<p>Now kanal\u0131n\u0131n Per\u015fembe ak\u015fam\u0131 reyting rekorlar\u0131 k\u0131ran yap\u0131m\u0131 <a href=\"https:\/\/www.tgrthaber.com\/mavikadin\/halef-koklerin-cagrisi-dizisinde-yildizi-ihbar-eden-kisi-kim-yildizi-ihbar-eden-melek-mi\/\">Halef K\u00f6klerin \u00c7a\u011fr\u0131s\u0131<\/a> dizisi yeni b\u00f6l\u00fcm\u00fc ile seyircisiyle bulu\u015facak. Halef K\u00f6klerin \u00c7a\u011fr\u0131s\u0131 12. B\u00f6l\u00fcm\u00fcnde yer yerinden oynayacak. Ziyan A\u011fa\u2019n\u0131n kimsenin bilmedi\u011fi gizli s\u0131rr\u0131 ortaya \u00e7\u0131kacak. B\u00fct\u00fcn aile etkisinde kalacak. Peki, Halef K\u00f6klerin \u00c7a\u011fr\u0131s\u0131 12. B\u00f6l\u00fcmde Ziyan\u2019\u0131n gizli s\u0131rr\u0131 ne? Aileler aras\u0131ndaki dengeleri nas\u0131l de\u011fi\u015ftirecek?<\/p>\n<h3>HALEF K\u00d6KLER\u0130N \u00c7A\u011eRISI\u2019NDA Z\u0130YAN A\u011eA\u2019NIN G\u0130ZL\u0130 SIRRI<\/h3>\n<p><a href=\"https:\/\/www.tgrthaber.com\/mavikadin\/halef-koklerin-cagrisi-dizisine-ugur-yucel-dahil-oldu-usta-oyuncunun-oynayacagi-rol-merak-konusu-oldu\/\">Halef K\u00f6klerin \u00c7a\u011fr\u0131s\u0131<\/a> dizisinde Ziyan\u2019\u0131n y\u0131llard\u0131r gizledi\u011fi s\u0131r a\u00e7\u0131\u011fa \u00e7\u0131kar ve herkesin \u00fczerine kurdu\u011fu d\u00fczenin asl\u0131nda koca bir yalan oldu\u011fu anla\u015f\u0131l\u0131r. Bu ger\u00e7ekle birlikte Yelduran ve Korda\u011fl\u0131 aileleri aras\u0131nda t\u00fcm dengeleri bozacak yeni bir \u00e7at\u0131\u015fma ba\u015flar. Di\u011fer yandan Nergis\u2019in, Sevde\u2019den \u00f6\u011frendi\u011fi s\u0131rla araya girmesi, Serhat\u2019\u0131n verece\u011fi kararlar\u0131 derinden etkileyecektir.<\/p>\n<p><img loading=\"lazy\" decoding=\"async\" class=\"alignnone wp-image-274655 size-full\" src=\"https:\/\/www.tgrthaber.com\/mavikadin\/wp-content\/uploads\/Adsiz-tasarim-1-162.jpg\" alt=\"\" width=\"1208\" height=\"680\" title=\"\" srcset=\"https:\/\/www.tgrthaber.com\/mavikadin\/wp-content\/uploads\/Adsiz-tasarim-1-162.jpg 1208w, https:\/\/www.tgrthaber.com\/mavikadin\/wp-content\/uploads\/Adsiz-tasarim-1-162-300x169.jpg 300w, https:\/\/www.tgrthaber.com\/mavikadin\/wp-content\/uploads\/Adsiz-tasarim-1-162-1024x576.jpg 1024w, https:\/\/www.tgrthaber.com\/mavikadin\/wp-content\/uploads\/Adsiz-tasarim-1-162-768x432.jpg 768w\" sizes=\"(max-width: 1208px) 100vw, 1208px\" \/><\/p>\n<hr \/>\n<h3>HALEF K\u00d6KLER\u0130N \u00c7A\u011eRISI 12. B\u00d6L\u00dcMDE NELER OLACAK?<\/h3>\n<p>Dalyan\u2019\u0131n ifadesinin ard\u0131ndan Serhat, Y\u0131ld\u0131z\u2019\u0131 yeniden kona\u011fa g\u00f6t\u00fcrmek ister. Ancak Y\u0131ld\u0131z\u2019\u0131n bir \u015fart\u0131 vard\u0131r: \u00dcniversiteye gidip e\u011fitimini tamamlamak ve kendi ayaklar\u0131 \u00fczerinde durmak. Serhat bu \u015fart\u0131 kabul eder; Y\u0131ld\u0131z\u2019\u0131n e\u011fitim hayat\u0131n\u0131 s\u00fcrd\u00fcrmesi i\u00e7in her t\u00fcrl\u00fc deste\u011fi verece\u011fini s\u00f6yleyerek onu tekrar kona\u011fa getirir. Fakat Y\u0131ld\u0131z\u2019\u0131n Dalyan\u2019la ka\u00e7\u0131\u015f\u0131n\u0131 hazmedemeyen Sultan ve onlar\u0131 koyun koyuna g\u00f6ren Melek, Y\u0131ld\u0131z\u2019\u0131n konakta kalmas\u0131na kar\u015f\u0131 \u00e7\u0131kar. Bu durum kona\u011f\u0131n i\u00e7inde b\u00fcy\u00fck bir gerilime ve kaosa yol a\u00e7ar.<\/p>\n<p><img loading=\"lazy\" decoding=\"async\" class=\"alignnone wp-image-274658 size-full\" src=\"https:\/\/www.tgrthaber.com\/mavikadin\/wp-content\/uploads\/Adsiz-tasarim-303.jpg\" alt=\"\" width=\"1208\" height=\"680\" title=\"\" srcset=\"https:\/\/www.tgrthaber.com\/mavikadin\/wp-content\/uploads\/Adsiz-tasarim-303.jpg 1208w, https:\/\/www.tgrthaber.com\/mavikadin\/wp-content\/uploads\/Adsiz-tasarim-303-300x169.jpg 300w, https:\/\/www.tgrthaber.com\/mavikadin\/wp-content\/uploads\/Adsiz-tasarim-303-1024x576.jpg 1024w, https:\/\/www.tgrthaber.com\/mavikadin\/wp-content\/uploads\/Adsiz-tasarim-303-768x432.jpg 768w\" sizes=\"(max-width: 1208px) 100vw, 1208px\" \/><\/p>\n<hr \/>\n<h3>HALEF K\u00d6KLER\u0130N \u00c7A\u011eRISI D\u0130Z\u0130S\u0130 OYUNCULARI VE KARAKTERLER\u0130<\/h3>\n<p>\u0130lhan \u015een &#8211; Serhat Yelduran<\/p>\n<p>Ayb\u00fcke Pusat &#8211; Melek \u00d6zdel<\/p>\n<p>Biran Damla Y\u0131lmaz &#8211; Y\u0131ld\u0131z Korda\u011fl\u0131<\/p>\n<p>Onur Bilge &#8211; Akif Yelduran<\/p>\n<p>Sezin Bozac\u0131 &#8211; Deli Sevde<\/p>\n<p>Mazlum \u00c7imen &#8211; Ziyan Korda\u011fl\u0131 \/ Ziyan A\u011fa<\/p>\n<p>Mert Do\u011fan &#8211; A\u015f\u0131r Korda\u011fl\u0131<\/p>\n<p>\u00dcmit \u00c7\u0131rak &#8211; Hilmi \u00d6zdel<\/p>\n<p>Benian D\u00f6nmez &#8211; Nergis \u00d6zdel<\/p>\n<p><img loading=\"lazy\" decoding=\"async\" class=\"alignnone wp-image-274660 size-full\" src=\"https:\/\/www.tgrthaber.com\/mavikadin\/wp-content\/uploads\/Adsiz-tasarim-3-168.jpg\" alt=\"\" width=\"1208\" height=\"680\" title=\"\" srcset=\"https:\/\/www.tgrthaber.com\/mavikadin\/wp-content\/uploads\/Adsiz-tasarim-3-168.jpg 1208w, https:\/\/www.tgrthaber.com\/mavikadin\/wp-content\/uploads\/Adsiz-tasarim-3-168-300x169.jpg 300w, https:\/\/www.tgrthaber.com\/mavikadin\/wp-content\/uploads\/Adsiz-tasarim-3-168-1024x576.jpg 1024w, https:\/\/www.tgrthaber.com\/mavikadin\/wp-content\/uploads\/Adsiz-tasarim-3-168-768x432.jpg 768w\" sizes=\"(max-width: 1208px) 100vw, 1208px\" \/><\/p>\n<hr \/>\n<p>Beril Kayar &#8211; Nida Korda\u011fl\u0131<\/p>\n<p>Ay\u015feg\u00fcl Cengiz &#8211; Meryem Korda\u011fl\u0131<\/p>\n<p>Ozan \u00c7elik &#8211; Dalyan Korda\u011fl\u0131<\/p>\n<p>\u0130nci Sefa Cing\u00f6z &#8211; Nurg\u00fcl Yelduran<\/p>\n<p>Ceyda Ceren Edis &#8211; Hatcik<\/p>\n<p>Eren Demircan &#8211; Yusuf<\/p>\n<p>Birg\u00fcl Ulusoy &#8211; G\u00fclizar<\/p>\n<p>G\u00f6kce \u015een &#8211; Asiye<\/p>\n<p>Serhat Kurtay &#8211; Kahya Kad\u0131<\/p>\n<p>\u015eivan Vural Tantekin &#8211; Halil Kahya<\/p>\n<p>Cennet Top\u00e7u- D\u00f6nd\u00fc<\/p>\n<p>P\u0131nar C\u0131l\u0131t\u00a0 &#8211; Kevser<\/p>\n<p>Veda Yurtsever &#8211; Sultan Yelduran<\/p>\n<p>\u0130layda \u00c7evik &#8211; Hicran<\/p>\n<p><strong>\u00c7ocuk karakterler<\/strong><\/p>\n<p>Yusuf Demir G\u00f6k\u00e7e &#8211; \u00c7ocuk Serhat<\/p>\n<p>Toprak Terkenli &#8211; \u00c7ocuk Akif<\/p>\n<p><img loading=\"lazy\" decoding=\"async\" class=\"alignnone wp-image-274663 size-full\" src=\"https:\/\/www.tgrthaber.com\/mavikadin\/wp-content\/uploads\/Adsiz-tasarim-2-157.jpg\" alt=\"\" width=\"1208\" height=\"680\" title=\"\" srcset=\"https:\/\/www.tgrthaber.com\/mavikadin\/wp-content\/uploads\/Adsiz-tasarim-2-157.jpg 1208w, https:\/\/www.tgrthaber.com\/mavikadin\/wp-content\/uploads\/Adsiz-tasarim-2-157-300x169.jpg 300w, https:\/\/www.tgrthaber.com\/mavikadin\/wp-content\/uploads\/Adsiz-tasarim-2-157-1024x576.jpg 1024w, https:\/\/www.tgrthaber.com\/mavikadin\/wp-content\/uploads\/Adsiz-tasarim-2-157-768x432.jpg 768w\" sizes=\"(max-width: 1208px) 100vw, 1208px\" \/><\/p>\n<hr \/>\n<h3>HALEF K\u00d6KLER\u0130N \u00c7A\u011eRISI 13. B\u00d6L\u00dcM FRAGMANI YAYINLANDI MI?<\/h3>\n<p><a href=\"https:\/\/www.tgrthaber.com\/mavikadin\/halef-koklerin-cagrisi-dizisinde-asir-nidayi-mi-oldurecek-nida-diziden-ayriliyor-mu\/\">Halef K\u00f6klerin \u00c7a\u011fr\u0131s\u0131<\/a> dizisi yay\u0131nlanan yeni b\u00f6l\u00fcm\u00fc biter bitmez; gelecek hafta b\u00f6l\u00fcm\u00fcne dair ipu\u00e7lar\u0131n\u0131 veriyor. Now kanal\u0131nda yay\u0131nlanmas\u0131n\u0131n yan\u0131 s\u0131ra hem YouTube hem Now kanal\u0131n\u0131n resmi hesab\u0131 hem de Halef K\u00f6klerin \u00c7a\u011fr\u0131s\u0131 instagram hesab\u0131ndan dizinin gelecek b\u00f6l\u00fcm\u00fcne dair detaylar ve foto\u011fraflara ula\u015fabilirsiniz.<\/p>\n","protected":false},"excerpt":{"rendered":"<p>\u0130lhan \u015een Biran Damla Y\u0131lmaz ve Ayb\u00fcke Pusat\u2019\u0131n birlikte yer ald\u0131\u011f\u0131 Halef K\u00f6klerin \u00c7a\u011fr\u0131s\u0131 12. B\u00f6l\u00fcm\u00fcyle ekranlarda yer ald\u0131. Yelduranlar ve Korhanl\u0131lar aras\u0131ndaki dengeler ya\u015fan\u0131lan olaylar sonucunda daha da gerginle\u015fecek. Peki, Halef K\u00f6klerin \u00c7a\u011fr\u0131s\u0131 12. B\u00f6l\u00fcmde Ziyan\u2019\u0131n gizli s\u0131rr\u0131 ne? Aileler aras\u0131ndaki dengeleri nas\u0131l de\u011fi\u015ftirecek?<\/p>\n","protected":false},"author":10,"featured_media":274649,"comment_status":"closed","ping_status":"closed","sticky":false,"template":"","format":"standard","meta":{"rank_math_lock_modified_date":false,"footnotes":""},"categories":[602],"tags":[2806,22154,2232,67621,25972,4906],"class_list":["post-274645","post","type-post","status-publish","format-standard","has-post-thumbnail","hentry","category-diziler","tag-aybuke-pusat","tag-biran-damla-yilmaz","tag-halef","tag-halef-koklerin-cagrisi-12-bolum","tag-halef-koklerin-cagrisi","tag-ilhan-sen"],"_links":{"self":[{"href":"https:\/\/www.tgrthaber.com\/mavikadin\/wp-json\/wp\/v2\/posts\/274645"}],"collection":[{"href":"https:\/\/www.tgrthaber.com\/mavikadin\/wp-json\/wp\/v2\/posts"}],"about":[{"href":"https:\/\/www.tgrthaber.com\/mavikadin\/wp-json\/wp\/v2\/types\/post"}],"author":[{"embeddable":true,"href":"https:\/\/www.tgrthaber.com\/mavikadin\/wp-json\/wp\/v2\/users\/10"}],"replies":[{"embeddable":true,"href":"https:\/\/www.tgrthaber.com\/mavikadin\/wp-json\/wp\/v2\/comments?post=274645"}],"version-history":[{"count":3,"href":"https:\/\/www.tgrthaber.com\/mavikadin\/wp-json\/wp\/v2\/posts\/274645\/revisions"}],"predecessor-version":[{"id":274710,"href":"https:\/\/www.tgrthaber.com\/mavikadin\/wp-json\/wp\/v2\/posts\/274645\/revisions\/274710"}],"wp:featuredmedia":[{"embeddable":true,"href":"https:\/\/www.tgrthaber.com\/mavikadin\/wp-json\/wp\/v2\/media\/274649"}],"wp:attachment":[{"href":"https:\/\/www.tgrthaber.com\/mavikadin\/wp-json\/wp\/v2\/media?parent=274645"}],"wp:term":[{"taxonomy":"category","embeddable":true,"href":"https:\/\/www.tgrthaber.com\/mavikadin\/wp-json\/wp\/v2\/categories?post=274645"},{"taxonomy":"post_tag","embeddable":true,"href":"https:\/\/www.tgrthaber.com\/mavikadin\/wp-json\/wp\/v2\/tags?post=274645"}],"curies":[{"name":"wp","href":"https:\/\/api.w.org\/{rel}","templated":true}]}}