{"id":274677,"date":"2025-12-11T23:03:55","date_gmt":"2025-12-11T20:03:55","guid":{"rendered":"https:\/\/www.tgrthaber.com\/mavikadin\/?p=274677"},"modified":"2025-12-11T23:09:39","modified_gmt":"2025-12-11T20:09:39","slug":"masterchef-all-star-2025-ilk-elenecek-isim-ifsa-oldu-bunu-kimse-beklemiyordu","status":"publish","type":"post","link":"https:\/\/www.tgrthaber.com\/mavikadin\/masterchef-all-star-2025-ilk-elenecek-isim-ifsa-oldu-bunu-kimse-beklemiyordu\/","title":{"rendered":"MasterChef All Star 2025 ilk elenecek isim if\u015fa oldu! Bunu kimse beklemiyordu"},"content":{"rendered":"<p>Ekranlar\u0131n sevilerek seyredilen yar\u0131\u015fma program\u0131 <a href=\"https:\/\/www.tgrthaber.com\/mavikadin\/masterchef-all-star-yarismacilarina-ter-dokturen-tatli-krokan-buch-nasil-yapilir-masterchef-krokan-buch-tarifinin-puf-noktasi-buymus\/\">MasterChef<\/a> T\u00fcrkiye t\u00fcm h\u0131z\u0131yla devam ediyor. All Star format\u0131 ile ekranlara devam eden yar\u0131\u015fman\u0131n ilk elenecek ismi if\u015fa oldu. Haftan\u0131n \u00fcst\u00fcnl\u00fc\u011f\u00fc k\u0131rm\u0131z\u0131 tak\u0131mda. Dokunulmazl\u0131k oyunlar\u0131n\u0131 pe\u015f pe\u015fe kazanan k\u0131rm\u0131z\u0131 tak\u0131m mavi tak\u0131mdan olan isimleri tek tek eleme potas\u0131na g\u00f6nderiyor. Sosyal medyada yay\u0131lan bir iddiaya g\u00f6re All Star yar\u0131\u015fmac\u0131lar\u0131n\u0131n ilk elenen ismi de if\u015fa oldu. \u0130\u015fte detaylar&#8230;<\/p>\n<h3>MASTERCHEF ALL STAR 2025 \u0130LK ELENECEK \u0130S\u0130M \u0130F\u015eA OLDU! BUNU K\u0130MSE BEKLEM\u0130YORDU<\/h3>\n<p>TV8 ekranlar\u0131n\u0131n sevilen yar\u0131\u015fma program\u0131 <a href=\"https:\/\/www.tgrthaber.com\/mavikadin\/masterchef-2025-finalinde-dev-skandal-finalistler-degismis-cagatayin-hakki-yendi-iddiasi-ortaligi-karistirdi\/\">MasterChef<\/a> T\u00fcrkiye All Star \u00f6zel turuvas\u0131 ile devam ediyor. Eski sezon yar\u0131\u015fmac\u0131lar\u0131 ve bu sezonun ceket giyen 4 yar\u0131\u015fmac\u0131s\u0131n\u0131n yar\u0131\u015ft\u0131\u011f\u0131 program\u0131n sonun bir ki\u015fi Alt\u0131n kupa sahibi olacak.<\/p>\n<p><img loading=\"lazy\" decoding=\"async\" class=\"alignnone wp-image-274690 size-full\" src=\"https:\/\/www.tgrthaber.com\/mavikadin\/wp-content\/uploads\/Ekran-Resmi-2025-12-11-20.30.21-1.png\" alt=\"\" width=\"1018\" height=\"614\" title=\"\" srcset=\"https:\/\/www.tgrthaber.com\/mavikadin\/wp-content\/uploads\/Ekran-Resmi-2025-12-11-20.30.21-1.png 1018w, https:\/\/www.tgrthaber.com\/mavikadin\/wp-content\/uploads\/Ekran-Resmi-2025-12-11-20.30.21-1-300x181.png 300w, https:\/\/www.tgrthaber.com\/mavikadin\/wp-content\/uploads\/Ekran-Resmi-2025-12-11-20.30.21-1-768x463.png 768w\" sizes=\"(max-width: 1018px) 100vw, 1018px\" \/><\/p>\n<hr \/>\n<p>Mavi tak\u0131m ve k\u0131rm\u0131z\u0131 tak\u0131m yar\u0131\u015fmac\u0131lar\u0131n\u0131n k\u0131yas\u0131ya m\u00fccadele etti\u011fi programda bu hafta elenecek olan isim if\u015fa oldu. Mastervivorallstar sayfas\u0131n\u0131n iddias\u0131na g\u00f6re MasterChef T\u00fcrkiye&#8217;nin bu hafta elenecek olan ismi Bar\u0131\u015f olacak. Bakal\u0131m ger\u00e7ekten eleme gecesi elenen isim Bar\u0131\u015f m\u0131 olacak! \u015eimdi g\u00f6zler eleme oyununun oynanaca\u011f\u0131 g\u00fcne \u00e7evrildi.<\/p>\n<p><img loading=\"lazy\" decoding=\"async\" class=\"alignnone wp-image-274691 size-full\" src=\"https:\/\/www.tgrthaber.com\/mavikadin\/wp-content\/uploads\/Ekran-Resmi-2025-12-11-22.16.43.png\" alt=\"\" width=\"1016\" height=\"574\" title=\"\" srcset=\"https:\/\/www.tgrthaber.com\/mavikadin\/wp-content\/uploads\/Ekran-Resmi-2025-12-11-22.16.43.png 1016w, https:\/\/www.tgrthaber.com\/mavikadin\/wp-content\/uploads\/Ekran-Resmi-2025-12-11-22.16.43-300x169.png 300w, https:\/\/www.tgrthaber.com\/mavikadin\/wp-content\/uploads\/Ekran-Resmi-2025-12-11-22.16.43-768x434.png 768w\" sizes=\"(max-width: 1016px) 100vw, 1016px\" \/><\/p>\n<hr \/>\n<h3 class=\"p1\"><b>MASTERCHEF 10 ARALIK 2025 ELEME ADAYI K\u0130M OLDU?<\/b><\/h3>\n<p class=\"p1\"><a href=\"https:\/\/www.tgrthaber.com\/mavikadin\/masterchef-yarismacisi-barbaros-yologlu-esi-kimdir-barbaros-yologlu-bosandi-mi\/\">MasterChef<\/a> 10 Aral\u0131k 2025 g\u00fcn\u00fcn eleme aday\u0131 Bar\u0131\u015f oldu. Bireysel dokunulmazl\u0131\u011f\u0131 kazanan isim ise Erim oldu.<\/p>\n<p><img loading=\"lazy\" decoding=\"async\" class=\"alignnone wp-image-274684 size-full\" src=\"https:\/\/www.tgrthaber.com\/mavikadin\/wp-content\/uploads\/Ekran-Resmi-2025-12-11-20.45.43.png\" alt=\"\" width=\"976\" height=\"582\" title=\"\" srcset=\"https:\/\/www.tgrthaber.com\/mavikadin\/wp-content\/uploads\/Ekran-Resmi-2025-12-11-20.45.43.png 976w, https:\/\/www.tgrthaber.com\/mavikadin\/wp-content\/uploads\/Ekran-Resmi-2025-12-11-20.45.43-300x179.png 300w, https:\/\/www.tgrthaber.com\/mavikadin\/wp-content\/uploads\/Ekran-Resmi-2025-12-11-20.45.43-768x458.png 768w\" sizes=\"(max-width: 976px) 100vw, 976px\" \/><\/p>\n<hr \/>\n<h3 class=\"p1\"><b>MASTERCHEF 9 ARALIK 2025 ELEME ADAYLARI K\u0130MLER OLDU?<\/b><\/h3>\n<p class=\"p1\">MasterChef 9 Aral\u0131k 2025 eleme aday\u0131 Semih oldu. Bireysel dokunulmazl\u0131\u011f\u0131 kazanan isim ise Alican oldu.<\/p>\n<h3 class=\"p1\"><b>MASTERCHEF ALL STAR 8 ARALIK 2025 ELEME ADAYI K\u0130M OLDU?<\/b><\/h3>\n<p class=\"p1\">MasterChef 8 Aral\u0131k 2025 eleme aday\u0131 Erim \u015eanal oldu.<\/p>\n<p><img loading=\"lazy\" decoding=\"async\" class=\"alignnone wp-image-274685 \" src=\"https:\/\/www.tgrthaber.com\/mavikadin\/wp-content\/uploads\/Ekran-Resmi-2025-12-11-20.32.14-1.png\" alt=\"\" width=\"977\" height=\"561\" title=\"\" srcset=\"https:\/\/www.tgrthaber.com\/mavikadin\/wp-content\/uploads\/Ekran-Resmi-2025-12-11-20.32.14-1.png 954w, https:\/\/www.tgrthaber.com\/mavikadin\/wp-content\/uploads\/Ekran-Resmi-2025-12-11-20.32.14-1-300x172.png 300w, https:\/\/www.tgrthaber.com\/mavikadin\/wp-content\/uploads\/Ekran-Resmi-2025-12-11-20.32.14-1-768x441.png 768w\" sizes=\"(max-width: 977px) 100vw, 977px\" \/><\/p>\n<hr \/>\n<h3 class=\"p1\"><b>MASTERCHEF B\u0130REYSEL DOKUNULMAZLIK OYUNUNU K\u0130M KAZANDI?<\/b><\/h3>\n<p class=\"p1\">MasterChef All Star bireysellik oyununun kazanan\u0131 Hakan oldu.<\/p>\n<h3 class=\"p1\"><b>MASTERCHEF ALL STAR MAV\u0130 TAKIM KAPTANI K\u0130M OLDU?<\/b><\/h3>\n<p class=\"p1\">MasterChef All Star mavi tak\u0131m kaptan\u0131 \u00c7a\u011fatay oldu.\u00a0\u00c7a\u011fatay kar\u015f\u0131s\u0131na k\u0131rm\u0131z\u0131 tak\u0131m kaptan\u0131 olarak Sergen\u2019i se\u00e7ti.<\/p>\n<p><img loading=\"lazy\" decoding=\"async\" class=\"alignnone wp-image-274686 size-large\" src=\"https:\/\/www.tgrthaber.com\/mavikadin\/wp-content\/uploads\/Ekran-Resmi-2025-12-11-21.22.17-1-1024x563.png\" alt=\"\" width=\"1024\" height=\"563\" title=\"\" srcset=\"https:\/\/www.tgrthaber.com\/mavikadin\/wp-content\/uploads\/Ekran-Resmi-2025-12-11-21.22.17-1-1024x563.png 1024w, https:\/\/www.tgrthaber.com\/mavikadin\/wp-content\/uploads\/Ekran-Resmi-2025-12-11-21.22.17-1-300x165.png 300w, https:\/\/www.tgrthaber.com\/mavikadin\/wp-content\/uploads\/Ekran-Resmi-2025-12-11-21.22.17-1-768x422.png 768w, https:\/\/www.tgrthaber.com\/mavikadin\/wp-content\/uploads\/Ekran-Resmi-2025-12-11-21.22.17-1.png 1034w\" sizes=\"(max-width: 1024px) 100vw, 1024px\" \/><\/p>\n<hr \/>\n<h3 class=\"p1\"><b>MASTERCHEF TAKIMLAR NASIL OLDU?<\/b><\/h3>\n<p class=\"p1\"><b>MAV\u0130 TAKIM<\/b><b><\/b><\/p>\n<p class=\"p1\">\u00c7a\u011fatay (Kaptan) &#8211; Hakan, Eda, Semih, Eren, Kerem, Beyza, Alican, Erim<\/p>\n<p class=\"p1\"><b>KIRMIZI TAKIM<\/b><b><\/b><\/p>\n<p class=\"p1\">Sergen (Kaptan) &#8211; Hasan, Ayaz, Barbaros, K\u0131van\u00e7, Tolga, Dilara, Batuhan, Bar\u0131\u015f<\/p>\n<p><img loading=\"lazy\" decoding=\"async\" class=\"alignnone wp-image-274687 size-large\" src=\"https:\/\/www.tgrthaber.com\/mavikadin\/wp-content\/uploads\/Ekran-Resmi-2025-12-11-20.28.51-1024x614.png\" alt=\"\" width=\"1024\" height=\"614\" title=\"\" srcset=\"https:\/\/www.tgrthaber.com\/mavikadin\/wp-content\/uploads\/Ekran-Resmi-2025-12-11-20.28.51-1024x614.png 1024w, https:\/\/www.tgrthaber.com\/mavikadin\/wp-content\/uploads\/Ekran-Resmi-2025-12-11-20.28.51-300x180.png 300w, https:\/\/www.tgrthaber.com\/mavikadin\/wp-content\/uploads\/Ekran-Resmi-2025-12-11-20.28.51-768x461.png 768w, https:\/\/www.tgrthaber.com\/mavikadin\/wp-content\/uploads\/Ekran-Resmi-2025-12-11-20.28.51.png 1130w\" sizes=\"(max-width: 1024px) 100vw, 1024px\" \/><\/p>\n<hr \/>\n<h3 class=\"p1\"><b>MASTERCHEF ALTIN KUPA YARI\u015eMACILARI K\u0130MLER?<\/b><\/h3>\n<p class=\"p1\">MasterChef Alt\u0131n Kupa\u2019da yar\u0131\u015facak isimler,<\/p>\n<p class=\"p1\">Alican Sabunsoy<\/p>\n<p class=\"p1\">Ayaz Ge\u00e7er<\/p>\n<p class=\"p1\">Barbaros Yolo\u011flu<\/p>\n<p class=\"p1\">Bar\u0131\u015f Demir<\/p>\n<p class=\"p1\">Batuhan Bay\u0131r<\/p>\n<p><img loading=\"lazy\" decoding=\"async\" class=\"alignnone wp-image-274688 size-large\" src=\"https:\/\/www.tgrthaber.com\/mavikadin\/wp-content\/uploads\/Ekran-Resmi-2025-12-11-20.29.09-1-1024x627.png\" alt=\"\" width=\"1024\" height=\"627\" title=\"\" srcset=\"https:\/\/www.tgrthaber.com\/mavikadin\/wp-content\/uploads\/Ekran-Resmi-2025-12-11-20.29.09-1-1024x627.png 1024w, https:\/\/www.tgrthaber.com\/mavikadin\/wp-content\/uploads\/Ekran-Resmi-2025-12-11-20.29.09-1-300x184.png 300w, https:\/\/www.tgrthaber.com\/mavikadin\/wp-content\/uploads\/Ekran-Resmi-2025-12-11-20.29.09-1-768x470.png 768w, https:\/\/www.tgrthaber.com\/mavikadin\/wp-content\/uploads\/Ekran-Resmi-2025-12-11-20.29.09-1.png 1124w\" sizes=\"(max-width: 1024px) 100vw, 1024px\" \/><\/p>\n<hr \/>\n<p class=\"p1\">Dilara Ba\u015faran<\/p>\n<p class=\"p1\">Eda \u00c7a\u011flayan<\/p>\n<p class=\"p1\">Eren Ka\u015f\u0131k\u00e7\u0131<\/p>\n<p class=\"p1\">Erim \u015eanal<\/p>\n<p class=\"p1\">Hasan Biltekin<\/p>\n<p class=\"p1\">Kerem Bilginer<\/p>\n<p class=\"p1\">K\u0131van\u00e7 Karadeniz<\/p>\n<p><img loading=\"lazy\" decoding=\"async\" class=\"alignnone wp-image-274689 size-full\" src=\"https:\/\/www.tgrthaber.com\/mavikadin\/wp-content\/uploads\/Ekran-Resmi-2025-12-11-20.45.43-1.png\" alt=\"\" width=\"976\" height=\"582\" title=\"\" srcset=\"https:\/\/www.tgrthaber.com\/mavikadin\/wp-content\/uploads\/Ekran-Resmi-2025-12-11-20.45.43-1.png 976w, https:\/\/www.tgrthaber.com\/mavikadin\/wp-content\/uploads\/Ekran-Resmi-2025-12-11-20.45.43-1-300x179.png 300w, https:\/\/www.tgrthaber.com\/mavikadin\/wp-content\/uploads\/Ekran-Resmi-2025-12-11-20.45.43-1-768x458.png 768w\" sizes=\"(max-width: 976px) 100vw, 976px\" \/><\/p>\n<hr \/>\n<p class=\"p1\">Semihcan Temiz<\/p>\n<p class=\"p1\">Sergen \u00d6zen<\/p>\n<p class=\"p1\">Tolga \u015eener<\/p>\n<p class=\"p1\">Beyza Huri Ayd\u0131n<\/p>\n<p class=\"p1\">Eski sezon yar\u0131\u015fmac\u0131lar\u0131n\u0131n yan\u0131 s\u0131ra bu sezonun \u015fef ceketi kazanan son 4 ismi; \u00c7a\u011fatay, \u00d6zkan, Sezer ve Hakan da Alt\u0131n Kupa i\u00e7in yar\u0131\u015facak.<\/p>\n","protected":false},"excerpt":{"rendered":"<p>MasterChef T\u00fcrkiye All Star 2025&#8217;i ilk elenen ismi if\u015fa oldu. Haftay\u0131 galibiyetle devam ettiren k\u0131rm\u0131z\u0131 tak\u0131m yerini sa\u011flamla\u015ft\u0131r\u0131rken Mavi tak\u0131mdaki yar\u0131\u015fmac\u0131lar eleme potas\u0131n\u0131 doldurmaya devam ediyor. Sosyal medyadaki iddialara g\u00f6re bu hafta elenecek olan isim if\u015fa oldu. \u0130\u015fte detaylar.. <\/p>\n","protected":false},"author":16,"featured_media":274692,"comment_status":"closed","ping_status":"closed","sticky":false,"template":"","format":"standard","meta":{"rank_math_lock_modified_date":false,"footnotes":""},"categories":[76],"tags":[133,2218,68126,68127,26982],"class_list":["post-274677","post","type-post","status-publish","format-standard","has-post-thumbnail","hentry","category-magazin","tag-magazin","tag-magazin-haberleri","tag-masterchef-2025-all-star-eleme-ifsa","tag-masterchef-2025-all-star-elenen-isim-ifsa","tag-masterchef-haberleri"],"_links":{"self":[{"href":"https:\/\/www.tgrthaber.com\/mavikadin\/wp-json\/wp\/v2\/posts\/274677"}],"collection":[{"href":"https:\/\/www.tgrthaber.com\/mavikadin\/wp-json\/wp\/v2\/posts"}],"about":[{"href":"https:\/\/www.tgrthaber.com\/mavikadin\/wp-json\/wp\/v2\/types\/post"}],"author":[{"embeddable":true,"href":"https:\/\/www.tgrthaber.com\/mavikadin\/wp-json\/wp\/v2\/users\/16"}],"replies":[{"embeddable":true,"href":"https:\/\/www.tgrthaber.com\/mavikadin\/wp-json\/wp\/v2\/comments?post=274677"}],"version-history":[{"count":4,"href":"https:\/\/www.tgrthaber.com\/mavikadin\/wp-json\/wp\/v2\/posts\/274677\/revisions"}],"predecessor-version":[{"id":274694,"href":"https:\/\/www.tgrthaber.com\/mavikadin\/wp-json\/wp\/v2\/posts\/274677\/revisions\/274694"}],"wp:featuredmedia":[{"embeddable":true,"href":"https:\/\/www.tgrthaber.com\/mavikadin\/wp-json\/wp\/v2\/media\/274692"}],"wp:attachment":[{"href":"https:\/\/www.tgrthaber.com\/mavikadin\/wp-json\/wp\/v2\/media?parent=274677"}],"wp:term":[{"taxonomy":"category","embeddable":true,"href":"https:\/\/www.tgrthaber.com\/mavikadin\/wp-json\/wp\/v2\/categories?post=274677"},{"taxonomy":"post_tag","embeddable":true,"href":"https:\/\/www.tgrthaber.com\/mavikadin\/wp-json\/wp\/v2\/tags?post=274677"}],"curies":[{"name":"wp","href":"https:\/\/api.w.org\/{rel}","templated":true}]}}