{"id":274698,"date":"2025-12-11T23:08:11","date_gmt":"2025-12-11T20:08:11","guid":{"rendered":"https:\/\/www.tgrthaber.com\/mavikadin\/?p=274698"},"modified":"2025-12-11T23:08:11","modified_gmt":"2025-12-11T20:08:11","slug":"veliaht-13-bolumde-timur-yol-ayriminda-timurun-karari-ne-olacak","status":"publish","type":"post","link":"https:\/\/www.tgrthaber.com\/mavikadin\/veliaht-13-bolumde-timur-yol-ayriminda-timurun-karari-ne-olacak\/","title":{"rendered":"Veliaht 13. B\u00f6l\u00fcmde Timur yol ayr\u0131m\u0131nda! Timur\u2019un karar\u0131 ne olacak?"},"content":{"rendered":"<p>Ak\u0131n Ak\u0131n\u00f6z\u00fc ve Serra Ar\u0131t\u00fcrk&#8217;\u00fcn ba\u015frollerinde yer ald\u0131\u011f\u0131 <a href=\"https:\/\/www.tgrthaber.com\/mavikadin\/veliaht-dizisine-saygin-soysal-dahil-oluyor-oyuncu-korkut-karakteriyle-izleyici-karsisina-cikacak\/\">Veliaht<\/a> dizisi yeni b\u00f6l\u00fcm\u00fcyle yeni bir yol ayr\u0131m\u0131 ya\u015fatacak. Timur tekrardan karar vermek zorunda kalacak. Ya eski Timur olacak ya da Zafer olarak yoluna devam edecek. Di\u011fer yandan Karsl\u0131 ailesinde gerilim ya\u015fanacak. Z\u00fclfikar A\u011fa ve Derya Karsl\u0131 kar\u015f\u0131 kar\u015f\u0131ya gelecek. Esenler Otogar&#8217;\u0131nda yap\u0131lan tek bir hata babas\u0131n\u0131n kaybetmesine neden olmu\u015ftu. Peki, Veliaht 13. B\u00f6l\u00fcmde Timur\u2019un karar\u0131 ne olacak?<\/p>\n<h3>VEL\u0130AHT 13. B\u00d6L\u00dcMDE T\u0130MUR KARAR A\u015eAMASINDA<\/h3>\n<p><a href=\"https:\/\/www.tgrthaber.com\/mavikadin\/veliaht-dizisinde-vezir-ve-kudret-ne-sakliyor-timur-sucsuz-mu\/\">Veliaht<\/a>&#8216;ta se\u00e7imi Yahya\u2019n\u0131n kazanmas\u0131yla Esenler\u2019de yeni bir d\u00f6nem ba\u015flar. Timur\u2019un ustaca kurdu\u011fu plan Z\u00fclfikar\u2019a ihanet edenlerin maskelerini d\u00fc\u015f\u00fcr\u00fcr ve Karsl\u0131 Kona\u011f\u0131\u2019nda ge\u00e7mi\u015fe dair b\u00fcy\u00fck bir y\u00fczle\u015fme ya\u015fan\u0131r. Z\u00fclfikar\u2019\u0131n iktidar\u0131 devretmesiyle Timur\u2019un \u00f6n\u00fcnde art\u0131k iki se\u00e7enek vard\u0131r: Tamirci Timur olarak evine ve annesine d\u00f6nmek ya da Zafer Karsl\u0131 olarak kal\u0131p Esenler Otogar\u0131\u2019nda iktidar sava\u015f\u0131na devam etmek\u2026<\/p>\n<p><img loading=\"lazy\" decoding=\"async\" class=\"alignnone wp-image-274700 size-full\" src=\"https:\/\/www.tgrthaber.com\/mavikadin\/wp-content\/uploads\/Adsiz-tasarim-8-141.jpg\" alt=\"\" width=\"1208\" height=\"680\" title=\"\" srcset=\"https:\/\/www.tgrthaber.com\/mavikadin\/wp-content\/uploads\/Adsiz-tasarim-8-141.jpg 1208w, https:\/\/www.tgrthaber.com\/mavikadin\/wp-content\/uploads\/Adsiz-tasarim-8-141-300x169.jpg 300w, https:\/\/www.tgrthaber.com\/mavikadin\/wp-content\/uploads\/Adsiz-tasarim-8-141-1024x576.jpg 1024w, https:\/\/www.tgrthaber.com\/mavikadin\/wp-content\/uploads\/Adsiz-tasarim-8-141-768x432.jpg 768w\" sizes=\"(max-width: 1208px) 100vw, 1208px\" \/><\/p>\n<hr \/>\n<h3>VEL\u0130AHT SON B\u00d6L\u00dcMDE NELER OLMU\u015eTU?<\/h3>\n<p><a href=\"https:\/\/www.tgrthaber.com\/mavikadin\/veliaht-dizisinde-esenler-otogarindaki-secimin-galibi-kim-olacak-timur-ve-yahyanin-buyuk-kapismasi\/\">Veliaht<\/a> dizisinin son b\u00f6l\u00fcm\u00fcnde ya\u015fan\u0131lan olaylar Karsl\u0131 ailesini f\u0131rt\u0131nal\u0131 g\u00fcnler ya\u015fayaca\u011f\u0131n\u0131n g\u00f6stergesidir. Derya&#8217;n\u0131n Eseneler Otogar se\u00e7imlerinde babas\u0131 Z\u00fclfikar A\u011faya kar\u015f\u0131 Yahya&#8217;n\u0131n yan\u0131nda yer almas\u0131 t\u00fcm dengeleri alt \u00fcst etti. Di\u011fer yandan Reyhan, cezaevinden ka\u00e7\u0131p gelen karde\u015fi\u00a0Do\u011fa\u2019y\u0131 Esenler Otogar\u0131\u2019nda saklamak i\u00e7in Timur\u2019dan yard\u0131m ister. \u0130\u015fler hesap ettikleri gibi gitmeyince, Reyhan kendisini bir \u00e7\u0131kmazda bulur. Reyhan\u2019\u0131n bu \u00e7\u0131kmazdaki son \u00e7aresi ise, beklenmedik bir \u015fekilde Yahya\u2019dan yard\u0131m istemek olacakt\u0131r.<\/p>\n<p><img loading=\"lazy\" decoding=\"async\" class=\"alignnone wp-image-274701 size-full\" src=\"https:\/\/www.tgrthaber.com\/mavikadin\/wp-content\/uploads\/Adsiz-tasarim-9-137.jpg\" alt=\"\" width=\"1208\" height=\"680\" title=\"\" srcset=\"https:\/\/www.tgrthaber.com\/mavikadin\/wp-content\/uploads\/Adsiz-tasarim-9-137.jpg 1208w, https:\/\/www.tgrthaber.com\/mavikadin\/wp-content\/uploads\/Adsiz-tasarim-9-137-300x169.jpg 300w, https:\/\/www.tgrthaber.com\/mavikadin\/wp-content\/uploads\/Adsiz-tasarim-9-137-1024x576.jpg 1024w, https:\/\/www.tgrthaber.com\/mavikadin\/wp-content\/uploads\/Adsiz-tasarim-9-137-768x432.jpg 768w\" sizes=\"(max-width: 1208px) 100vw, 1208px\" \/><\/p>\n<hr \/>\n<p>Esenler Otogar\u0131\u2019nda, sand\u0131klar kurulur ve herkesin birbirinin arkas\u0131ndan i\u015f \u00e7evirdi\u011fi bir atmosfer ya\u015fan\u0131r. Derya\u2019n\u0131n babas\u0131na yapt\u0131\u011f\u0131 ihanet, Otogar\u2019daki g\u00fc\u00e7 dengelerini k\u00f6kten de\u011fi\u015ftirir. \u0130haneti \u00f6\u011frenen\u00a0Timur, daha fazla sessiz kalamaz ve Z\u00fclfikar Karsl\u0131\u2019ya bu ac\u0131 ger\u00e7e\u011fi s\u00f6ylemek zorunda kal\u0131r. Timur\u2019un bu hamlesi, Karsl\u0131 ailesi i\u00e7inde b\u00fcy\u00fck bir \u015fok etkisi olu\u015fturur.<\/p>\n<p><img loading=\"lazy\" decoding=\"async\" class=\"alignnone wp-image-274702 size-full\" src=\"https:\/\/www.tgrthaber.com\/mavikadin\/wp-content\/uploads\/Adsiz-tasarim-10-146.jpg\" alt=\"\" width=\"1208\" height=\"680\" title=\"\" srcset=\"https:\/\/www.tgrthaber.com\/mavikadin\/wp-content\/uploads\/Adsiz-tasarim-10-146.jpg 1208w, https:\/\/www.tgrthaber.com\/mavikadin\/wp-content\/uploads\/Adsiz-tasarim-10-146-300x169.jpg 300w, https:\/\/www.tgrthaber.com\/mavikadin\/wp-content\/uploads\/Adsiz-tasarim-10-146-1024x576.jpg 1024w, https:\/\/www.tgrthaber.com\/mavikadin\/wp-content\/uploads\/Adsiz-tasarim-10-146-768x432.jpg 768w\" sizes=\"(max-width: 1208px) 100vw, 1208px\" \/><\/p>\n<hr \/>\n<h3>VEL\u0130AHT D\u0130Z\u0130 OYUNCU KADROSU<\/h3>\n<p>Ak\u0131n Ak\u0131n\u00f6z\u00fc\u00a0\u00a0\u00a0\u00a0 Timur Aslan<\/p>\n<p>Serra Ar\u0131t\u00fcrk\u00a0\u00a0\u00a0\u00a0\u00a0 Reyhan Karsl\u0131<\/p>\n<p>Ercan Kesal\u00a0\u00a0\u00a0\u00a0\u00a0\u00a0\u00a0 Z\u00fclfikar Karsl\u0131<\/p>\n<p>Erkan Kol\u00e7ak K\u00f6stendil\u00a0 Yahya Kaptan<\/p>\n<p>Hazal T\u00fcresan\u00a0\u00a0 Derya Karsl\u0131<\/p>\n<p>Tansu Bi\u00e7er\u00a0\u00a0\u00a0\u00a0\u00a0\u00a0\u00a0 Vezir Y\u0131lmaz<\/p>\n<p>Derya Karada\u015f\u00a0\u00a0 Kudret Karsl\u0131<\/p>\n<p>Bora Akka\u015f\u00a0\u00a0\u00a0\u00a0\u00a0\u00a0\u00a0\u00a0 Zafer Karsl\u0131<\/p>\n<p>Erdem \u015eenocak Beyaz\u0131t Kurtaran<\/p>\n<p>Arif Pi\u015fkin Arnavut Saim<\/p>\n<p>Ay\u015feg\u00fcl \u00dcnsal\u00a0\u00a0 Ay\u015fe<\/p>\n<p>\u0130lkay Akda\u011fl\u0131\u00a0\u00a0\u00a0\u00a0\u00a0 Davut<\/p>\n<p>Semra San Leyla<\/p>\n<p>Rahimcan Kapkap Selim<\/p>\n<p>Derin Be\u015fik\u00e7io\u011flu B\u00fc\u015fra<\/p>\n<p><img loading=\"lazy\" decoding=\"async\" class=\"alignnone wp-image-274703 size-full\" src=\"https:\/\/www.tgrthaber.com\/mavikadin\/wp-content\/uploads\/Adsiz-tasarim-11-129.jpg\" alt=\"\" width=\"1208\" height=\"680\" title=\"\" srcset=\"https:\/\/www.tgrthaber.com\/mavikadin\/wp-content\/uploads\/Adsiz-tasarim-11-129.jpg 1208w, https:\/\/www.tgrthaber.com\/mavikadin\/wp-content\/uploads\/Adsiz-tasarim-11-129-300x169.jpg 300w, https:\/\/www.tgrthaber.com\/mavikadin\/wp-content\/uploads\/Adsiz-tasarim-11-129-1024x576.jpg 1024w, https:\/\/www.tgrthaber.com\/mavikadin\/wp-content\/uploads\/Adsiz-tasarim-11-129-768x432.jpg 768w\" sizes=\"(max-width: 1208px) 100vw, 1208px\" \/><\/p>\n<hr \/>\n<h3>VEL\u0130AHT 14. B\u00d6L\u00dcM FRAGMANI NE ZAMAN YAYINLANACAK?<\/h3>\n<p>Show Tv ekranlar\u0131nda Per\u015fembe g\u00fcnleri yay\u0131nlanan Veliaht dizisi yeni b\u00f6l\u00fcm\u00fc bittikten sonra bir sonraki hafta yay\u0131nlanacak olan yeni b\u00f6l\u00fcme dair geli\u015fmeler ekranlarda yer al\u0131yor. Veliaht 14. b\u00f6l\u00fcm fragman g\u00f6r\u00fcnt\u00fclerini merak eden izleyenler, YouTube kanal\u0131ndan, sosyal medya uygulamalar\u0131ndan ve hem kanal\u0131n hem de dizisinin resmi hesaplar\u0131ndan Veliaht 14. b\u00f6l\u00fcm fragman\u0131na ula\u015fabilirsiniz.<\/p>\n","protected":false},"excerpt":{"rendered":"<p>Ak\u0131n Ak\u0131n\u00f6z\u00fc ve  Serra Ar\u0131t\u00fcrk&#8217;\u00fcn ba\u015frollerinde yer ald\u0131\u011f\u0131 Veliaht dizisi 13. b\u00f6l\u00fcm\u00fcyle ekrana geldi. Timur ve Yahya aras\u0131nda yar\u0131\u015f\u0131 Yahya&#8217;n\u0131n kazanmas\u0131, Timur&#8217;u yeni bir yol ayr\u0131m\u0131na getirir. Timur ya Zafer olacakt\u0131r ya da kendisine geri d\u00f6necektir. Peki, Veliaht 13. b\u00f6l\u00fcmde Timur&#8217;un karar\u0131 ne olacak? Z\u00fclfikar A\u011fa ve Derya Karsl\u0131 aras\u0131nda neler ya\u015fanacak? <\/p>\n","protected":false},"author":10,"featured_media":274699,"comment_status":"closed","ping_status":"closed","sticky":false,"template":"","format":"standard","meta":{"rank_math_lock_modified_date":false,"footnotes":""},"categories":[602],"tags":[2167,12285,24737,68128,68129],"class_list":["post-274698","post","type-post","status-publish","format-standard","has-post-thumbnail","hentry","category-diziler","tag-akin-akinozu","tag-serra-ariturk","tag-veliaht","tag-veliaht-13-bolum","tag-veliaht-14-bolum-fragman"],"_links":{"self":[{"href":"https:\/\/www.tgrthaber.com\/mavikadin\/wp-json\/wp\/v2\/posts\/274698"}],"collection":[{"href":"https:\/\/www.tgrthaber.com\/mavikadin\/wp-json\/wp\/v2\/posts"}],"about":[{"href":"https:\/\/www.tgrthaber.com\/mavikadin\/wp-json\/wp\/v2\/types\/post"}],"author":[{"embeddable":true,"href":"https:\/\/www.tgrthaber.com\/mavikadin\/wp-json\/wp\/v2\/users\/10"}],"replies":[{"embeddable":true,"href":"https:\/\/www.tgrthaber.com\/mavikadin\/wp-json\/wp\/v2\/comments?post=274698"}],"version-history":[{"count":1,"href":"https:\/\/www.tgrthaber.com\/mavikadin\/wp-json\/wp\/v2\/posts\/274698\/revisions"}],"predecessor-version":[{"id":274704,"href":"https:\/\/www.tgrthaber.com\/mavikadin\/wp-json\/wp\/v2\/posts\/274698\/revisions\/274704"}],"wp:featuredmedia":[{"embeddable":true,"href":"https:\/\/www.tgrthaber.com\/mavikadin\/wp-json\/wp\/v2\/media\/274699"}],"wp:attachment":[{"href":"https:\/\/www.tgrthaber.com\/mavikadin\/wp-json\/wp\/v2\/media?parent=274698"}],"wp:term":[{"taxonomy":"category","embeddable":true,"href":"https:\/\/www.tgrthaber.com\/mavikadin\/wp-json\/wp\/v2\/categories?post=274698"},{"taxonomy":"post_tag","embeddable":true,"href":"https:\/\/www.tgrthaber.com\/mavikadin\/wp-json\/wp\/v2\/tags?post=274698"}],"curies":[{"name":"wp","href":"https:\/\/api.w.org\/{rel}","templated":true}]}}