{"id":274705,"date":"2025-12-11T23:32:48","date_gmt":"2025-12-11T20:32:48","guid":{"rendered":"https:\/\/www.tgrthaber.com\/mavikadin\/?p=274705"},"modified":"2025-12-11T23:33:55","modified_gmt":"2025-12-11T20:33:55","slug":"masterchef-all-starda-sergen-ve-hasan-arasinda-buyuk-gerilim-kirmizi-takim-resmen-alev-aldi-benimle-sakin-muhattap-olma","status":"publish","type":"post","link":"https:\/\/www.tgrthaber.com\/mavikadin\/masterchef-all-starda-sergen-ve-hasan-arasinda-buyuk-gerilim-kirmizi-takim-resmen-alev-aldi-benimle-sakin-muhattap-olma\/","title":{"rendered":"MasterChef All Star&#8217;da Sergen ve Hasan aras\u0131nda b\u00fcy\u00fck gerilim! K\u0131rm\u0131z\u0131 tak\u0131m resmen alev ald\u0131! Benimle sak\u0131n muhattap olma!"},"content":{"rendered":"<p class=\"p1\"><a href=\"https:\/\/www.tgrthaber.com\/mavikadin\/masterchef-yarismacisi-barbaros-yologlu-esi-kimdir-barbaros-yologlu-bosandi-mi\/\">MasterChef<\/a> T\u00fcrkiye All Star format\u0131yla devam ediyor.<span class=\"Apple-converted-space\">\u00a0 <\/span>Eski sezon yar\u0131\u015fmac\u0131lar\u0131 Hasan ve Sergen aras\u0131nda sular bir t\u00fcrl\u00fc durulmuyor. Ge\u00e7mi\u015ften beri birbirine \u0131s\u0131namayan ikili bu sezon da s\u00f6zl\u00fc tart\u0131\u015fmalar\u0131yla daha \u015fimdiden dikkat \u00e7ekiyor.<span class=\"Apple-converted-space\">\u00a0 <\/span>\u0130ni\u015fli \u00e7\u0131k\u0131\u015fl\u0131 arkada\u015fl\u0131klar\u0131yla dikkat \u00e7eken ikilinin bu ak\u015fam ya\u015fad\u0131\u011f\u0131 tart\u0131\u015fma yine g\u00fcndem oldu. Sergen&#8217;in Hasan&#8217;a &#8220;Benimle sak\u0131n muhatap olma&#8221; \u015feklindeki sert uyar\u0131s\u0131yla ba\u015flayan tart\u0131\u015fma geceye damga vurdu. \u0130\u015fte detaylar\u2026<\/p>\n<h3>MASTERCHEF&#8217;TE SERGEN VE HASAN ARASINDA B\u00dcY\u00dcK GER\u0130L\u0130M! KIRMIZI TAKIM RESMEN ALEV ALDI BEN\u0130MLE MUHATTAP OLMA!<\/h3>\n<p>TV8 ekranlar\u0131n\u0131n sevilerek seyredilen yar\u0131\u015fma program\u0131 <a href=\"https:\/\/www.tgrthaber.com\/mavikadin\/masterchef-2025-finalinde-dev-skandal-finalistler-degismis-cagatayin-hakki-yendi-iddiasi-ortaligi-karistirdi\/\">MasterChef<\/a> T\u00fcrkiye&#8217;de bu ak\u015fam k\u0131rm\u0131z\u0131 tak\u0131mda sinirler gerildi. Eski sezon yar\u0131\u015fmac\u0131lar\u0131ndan Hasan ve Sergen&#8217;in aras\u0131 ge\u00e7mi\u015ften beri hep ini\u015fli \u00e7\u0131k\u0131\u015fl\u0131 arkada\u015fl\u0131klar\u0131yla ad\u0131ndan s\u00f6z ettiriyordu. Ge\u00e7mi\u015ften gelen m\u00fcnaka\u015falar\u0131na kald\u0131\u011f\u0131 yerden devam eden ikili aras\u0131nda bu gece yine sinirler gerildi. Sergen&#8217;in Hasan&#8217;a benimle sak\u0131n muhatap olma dedi\u011fi anlarda Hasan \u00e7ilden \u00e7\u0131kt\u0131. Yar\u0131\u015fmac\u0131 arkada\u015flar\u0131n\u0131n m\u00fcdahale etti\u011fi anlar geceye damga vurdu.<\/p>\n<div style=\"width: 640px;\" class=\"wp-video\"><!--[if lt IE 9]><script>document.createElement('video');<\/script><![endif]-->\n<video class=\"wp-video-shortcode\" id=\"video-274705-1\" width=\"640\" height=\"360\" preload=\"metadata\" controls=\"controls\"><source type=\"video\/mp4\" src=\"https:\/\/www.tgrthaber.com\/mavikadin\/wp-content\/uploads\/Hasan-ve-Sergen-arasinda-gerilim-MasterChefTurkiye-AllStar-AltinKupa-MasterChef-ACUNMEDYA-.mp4?_=1\" \/><a href=\"https:\/\/www.tgrthaber.com\/mavikadin\/wp-content\/uploads\/Hasan-ve-Sergen-arasinda-gerilim-MasterChefTurkiye-AllStar-AltinKupa-MasterChef-ACUNMEDYA-.mp4\">https:\/\/www.tgrthaber.com\/mavikadin\/wp-content\/uploads\/Hasan-ve-Sergen-arasinda-gerilim-MasterChefTurkiye-AllStar-AltinKupa-MasterChef-ACUNMEDYA-.mp4<\/a><\/video><\/div>\n<h3 class=\"p1\"><b>MASTERCHEF 10 ARALIK 2025 ELEME ADAYI K\u0130M OLDU?<\/b><\/h3>\n<p class=\"p1\"><a href=\"https:\/\/www.tgrthaber.com\/mavikadin\/masterchef-all-star-11-aralik-2025-dokunulmazlik-oyununu-kim-kazandi-masterchef-all-star-eleme-adayi-kim-oldu\/\">MasterChef<\/a> 10 Aral\u0131k 2025 g\u00fcn\u00fcn eleme aday\u0131 Bar\u0131\u015f oldu. Bireysel dokunulmazl\u0131\u011f\u0131 kazanan isim ise Erim oldu.<\/p>\n<p><img loading=\"lazy\" decoding=\"async\" class=\"alignnone wp-image-274691 size-full\" src=\"https:\/\/www.tgrthaber.com\/mavikadin\/wp-content\/uploads\/Ekran-Resmi-2025-12-11-22.16.43.png\" alt=\"\" width=\"1016\" height=\"574\" title=\"\" srcset=\"https:\/\/www.tgrthaber.com\/mavikadin\/wp-content\/uploads\/Ekran-Resmi-2025-12-11-22.16.43.png 1016w, https:\/\/www.tgrthaber.com\/mavikadin\/wp-content\/uploads\/Ekran-Resmi-2025-12-11-22.16.43-300x169.png 300w, https:\/\/www.tgrthaber.com\/mavikadin\/wp-content\/uploads\/Ekran-Resmi-2025-12-11-22.16.43-768x434.png 768w\" sizes=\"(max-width: 1016px) 100vw, 1016px\" \/><\/p>\n<hr \/>\n<h3 class=\"p1\"><b>MASTERCHEF 9 ARALIK 2025 ELEME ADAYLARI K\u0130MLER OLDU?<\/b><\/h3>\n<p class=\"p1\">MasterChef 9 Aral\u0131k 2025 eleme aday\u0131 Semih oldu. Bireysel dokunulmazl\u0131\u011f\u0131 kazanan isim ise Alican oldu.\u00a0<b>\u00a0<\/b><\/p>\n<h3 class=\"p1\"><b>MASTERCHEF ALL STAR 8 ARALIK 2025 ELEME ADAYI K\u0130M OLDU?<\/b><\/h3>\n<p class=\"p1\">MasterChef 8 Aral\u0131k 2025 eleme aday\u0131 Erim \u015eanal oldu.<\/p>\n<p><img loading=\"lazy\" decoding=\"async\" class=\"alignnone wp-image-274685 \" src=\"https:\/\/www.tgrthaber.com\/mavikadin\/wp-content\/uploads\/Ekran-Resmi-2025-12-11-20.32.14-1.png\" alt=\"\" width=\"984\" height=\"565\" title=\"\" srcset=\"https:\/\/www.tgrthaber.com\/mavikadin\/wp-content\/uploads\/Ekran-Resmi-2025-12-11-20.32.14-1.png 954w, https:\/\/www.tgrthaber.com\/mavikadin\/wp-content\/uploads\/Ekran-Resmi-2025-12-11-20.32.14-1-300x172.png 300w, https:\/\/www.tgrthaber.com\/mavikadin\/wp-content\/uploads\/Ekran-Resmi-2025-12-11-20.32.14-1-768x441.png 768w\" sizes=\"(max-width: 984px) 100vw, 984px\" \/><\/p>\n<hr \/>\n<h3 class=\"p1\"><b>MASTERCHEF B\u0130REYSEL DOKUNULMAZLIK OYUNUNU K\u0130M KAZANDI?<\/b><\/h3>\n<p class=\"p1\">MasterChef All Star bireysellik oyununun kazanan\u0131 Hakan oldu.<\/p>\n<h3 class=\"p1\"><b>MASTERCHEF ALL STAR MAV\u0130 TAKIM KAPTANI K\u0130M OLDU?<\/b><\/h3>\n<p class=\"p1\">MasterChef All Star mavi tak\u0131m kaptan\u0131 \u00c7a\u011fatay oldu.\u00a0\u00c7a\u011fatay kar\u015f\u0131s\u0131na k\u0131rm\u0131z\u0131 tak\u0131m kaptan\u0131 olarak Sergen\u2019i se\u00e7ti.<\/p>\n<p><img loading=\"lazy\" decoding=\"async\" class=\"alignnone wp-image-274686 size-large\" src=\"https:\/\/www.tgrthaber.com\/mavikadin\/wp-content\/uploads\/Ekran-Resmi-2025-12-11-21.22.17-1-1024x563.png\" alt=\"\" width=\"1024\" height=\"563\" title=\"\" srcset=\"https:\/\/www.tgrthaber.com\/mavikadin\/wp-content\/uploads\/Ekran-Resmi-2025-12-11-21.22.17-1-1024x563.png 1024w, https:\/\/www.tgrthaber.com\/mavikadin\/wp-content\/uploads\/Ekran-Resmi-2025-12-11-21.22.17-1-300x165.png 300w, https:\/\/www.tgrthaber.com\/mavikadin\/wp-content\/uploads\/Ekran-Resmi-2025-12-11-21.22.17-1-768x422.png 768w, https:\/\/www.tgrthaber.com\/mavikadin\/wp-content\/uploads\/Ekran-Resmi-2025-12-11-21.22.17-1.png 1034w\" sizes=\"(max-width: 1024px) 100vw, 1024px\" \/><\/p>\n<hr \/>\n<h3 class=\"p1\"><b>MASTERCHEF TAKIMLAR NASIL OLDU?<\/b><\/h3>\n<p class=\"p1\"><b>MAV\u0130 TAKIM<\/b><b><\/b><\/p>\n<p class=\"p1\">\u00c7a\u011fatay (Kaptan) &#8211; Hakan, Eda, Semih, Eren, Kerem, Beyza, Alican, Erim<\/p>\n<p class=\"p1\"><b>KIRMIZI TAKIM<\/b><b><\/b><\/p>\n<p class=\"p1\">Sergen (Kaptan) &#8211; Hasan, Ayaz, Barbaros, K\u0131van\u00e7, Tolga, Dilara, Batuhan, Bar\u0131\u015f<\/p>\n<p><img loading=\"lazy\" decoding=\"async\" class=\"alignnone wp-image-274687 size-large\" src=\"https:\/\/www.tgrthaber.com\/mavikadin\/wp-content\/uploads\/Ekran-Resmi-2025-12-11-20.28.51-1024x614.png\" alt=\"\" width=\"1024\" height=\"614\" title=\"\" srcset=\"https:\/\/www.tgrthaber.com\/mavikadin\/wp-content\/uploads\/Ekran-Resmi-2025-12-11-20.28.51-1024x614.png 1024w, https:\/\/www.tgrthaber.com\/mavikadin\/wp-content\/uploads\/Ekran-Resmi-2025-12-11-20.28.51-300x180.png 300w, https:\/\/www.tgrthaber.com\/mavikadin\/wp-content\/uploads\/Ekran-Resmi-2025-12-11-20.28.51-768x461.png 768w, https:\/\/www.tgrthaber.com\/mavikadin\/wp-content\/uploads\/Ekran-Resmi-2025-12-11-20.28.51.png 1130w\" sizes=\"(max-width: 1024px) 100vw, 1024px\" \/><\/p>\n<hr \/>\n<h3 class=\"p1\"><b>MASTERCHEF ALTIN KUPA YARI\u015eMACILARI K\u0130MLER?<\/b><\/h3>\n<p class=\"p1\">MasterChef Alt\u0131n Kupa\u2019da yar\u0131\u015facak isimler,<\/p>\n<p class=\"p1\">Alican Sabunsoy<\/p>\n<p class=\"p1\">Ayaz Ge\u00e7er<\/p>\n<p class=\"p1\">Barbaros Yolo\u011flu<\/p>\n<p class=\"p1\">Bar\u0131\u015f Demir<\/p>\n<p class=\"p1\">Batuhan Bay\u0131r<\/p>\n<p class=\"p1\">Dilara Ba\u015faran<\/p>\n<p class=\"p1\">Eda \u00c7a\u011flayan<\/p>\n<p><img loading=\"lazy\" decoding=\"async\" class=\"alignnone wp-image-274688 size-large\" src=\"https:\/\/www.tgrthaber.com\/mavikadin\/wp-content\/uploads\/Ekran-Resmi-2025-12-11-20.29.09-1-1024x627.png\" alt=\"\" width=\"1024\" height=\"627\" title=\"\" srcset=\"https:\/\/www.tgrthaber.com\/mavikadin\/wp-content\/uploads\/Ekran-Resmi-2025-12-11-20.29.09-1-1024x627.png 1024w, https:\/\/www.tgrthaber.com\/mavikadin\/wp-content\/uploads\/Ekran-Resmi-2025-12-11-20.29.09-1-300x184.png 300w, https:\/\/www.tgrthaber.com\/mavikadin\/wp-content\/uploads\/Ekran-Resmi-2025-12-11-20.29.09-1-768x470.png 768w, https:\/\/www.tgrthaber.com\/mavikadin\/wp-content\/uploads\/Ekran-Resmi-2025-12-11-20.29.09-1.png 1124w\" sizes=\"(max-width: 1024px) 100vw, 1024px\" \/><\/p>\n<hr \/>\n<p class=\"p1\">Eren Ka\u015f\u0131k\u00e7\u0131<\/p>\n<p class=\"p1\">Erim \u015eanal<\/p>\n<p class=\"p1\">Hasan Biltekin<\/p>\n<p class=\"p1\">Kerem Bilginer<\/p>\n<p class=\"p1\">K\u0131van\u00e7 Karadeniz<\/p>\n<p><img loading=\"lazy\" decoding=\"async\" class=\"alignnone wp-image-274713 size-full\" src=\"https:\/\/www.tgrthaber.com\/mavikadin\/wp-content\/uploads\/Ekran-Resmi-2025-12-11-22.19.09.png\" alt=\"\" width=\"1022\" height=\"590\" title=\"\" srcset=\"https:\/\/www.tgrthaber.com\/mavikadin\/wp-content\/uploads\/Ekran-Resmi-2025-12-11-22.19.09.png 1022w, https:\/\/www.tgrthaber.com\/mavikadin\/wp-content\/uploads\/Ekran-Resmi-2025-12-11-22.19.09-300x173.png 300w, https:\/\/www.tgrthaber.com\/mavikadin\/wp-content\/uploads\/Ekran-Resmi-2025-12-11-22.19.09-768x443.png 768w\" sizes=\"(max-width: 1022px) 100vw, 1022px\" \/><\/p>\n<hr \/>\n<p class=\"p1\">Semihcan Temiz<\/p>\n<p class=\"p1\">Sergen \u00d6zen<\/p>\n<p class=\"p1\">Tolga \u015eener<\/p>\n<p class=\"p1\">Beyza Huri Ayd\u0131n<\/p>\n<p class=\"p1\">Eski sezon yar\u0131\u015fmac\u0131lar\u0131n\u0131n yan\u0131 s\u0131ra bu sezonun \u015fef ceketi kazanan son 4 ismi; \u00c7a\u011fatay, \u00d6zkan, Sezer ve Hakan da Alt\u0131n Kupa i\u00e7in yar\u0131\u015facak.<\/p>\n","protected":false},"excerpt":{"rendered":"<p>MasterChef T\u00fcrkiye All Star t\u00fcm h\u0131z\u0131yla devam ediyor. Haftay\u0131 \u00f6nde kapatan k\u0131rm\u0131z\u0131 tak\u0131m da bu ak\u015fam tansiyon y\u00fckseldi. Tak\u0131m kaptan\u0131 Sergen ve Hasan aras\u0131nda sinirler gerildi. \u0130kili aras\u0131nda ya\u015fanan s\u00f6zl\u00fc tart\u0131\u015fmay\u0131 yar\u0131\u015fmac\u0131 arkada\u015flar\u0131 m\u00fcdahale ederek durdurdu.\u0130\u015fte detaylar&#8230; <\/p>\n","protected":false},"author":16,"featured_media":274714,"comment_status":"closed","ping_status":"closed","sticky":false,"template":"","format":"standard","meta":{"rank_math_lock_modified_date":false,"footnotes":""},"categories":[76],"tags":[133,2218,68130,68131,68132],"class_list":["post-274705","post","type-post","status-publish","format-standard","has-post-thumbnail","hentry","category-magazin","tag-magazin","tag-magazin-haberleri","tag-masterchef-sergen-hasan-kavga","tag-masterchef-sergen-hasan-tartisma","tag-masterhef-haberleri"],"_links":{"self":[{"href":"https:\/\/www.tgrthaber.com\/mavikadin\/wp-json\/wp\/v2\/posts\/274705"}],"collection":[{"href":"https:\/\/www.tgrthaber.com\/mavikadin\/wp-json\/wp\/v2\/posts"}],"about":[{"href":"https:\/\/www.tgrthaber.com\/mavikadin\/wp-json\/wp\/v2\/types\/post"}],"author":[{"embeddable":true,"href":"https:\/\/www.tgrthaber.com\/mavikadin\/wp-json\/wp\/v2\/users\/16"}],"replies":[{"embeddable":true,"href":"https:\/\/www.tgrthaber.com\/mavikadin\/wp-json\/wp\/v2\/comments?post=274705"}],"version-history":[{"count":5,"href":"https:\/\/www.tgrthaber.com\/mavikadin\/wp-json\/wp\/v2\/posts\/274705\/revisions"}],"predecessor-version":[{"id":274718,"href":"https:\/\/www.tgrthaber.com\/mavikadin\/wp-json\/wp\/v2\/posts\/274705\/revisions\/274718"}],"wp:featuredmedia":[{"embeddable":true,"href":"https:\/\/www.tgrthaber.com\/mavikadin\/wp-json\/wp\/v2\/media\/274714"}],"wp:attachment":[{"href":"https:\/\/www.tgrthaber.com\/mavikadin\/wp-json\/wp\/v2\/media?parent=274705"}],"wp:term":[{"taxonomy":"category","embeddable":true,"href":"https:\/\/www.tgrthaber.com\/mavikadin\/wp-json\/wp\/v2\/categories?post=274705"},{"taxonomy":"post_tag","embeddable":true,"href":"https:\/\/www.tgrthaber.com\/mavikadin\/wp-json\/wp\/v2\/tags?post=274705"}],"curies":[{"name":"wp","href":"https:\/\/api.w.org\/{rel}","templated":true}]}}