{"id":274720,"date":"2025-12-12T00:09:57","date_gmt":"2025-12-11T21:09:57","guid":{"rendered":"https:\/\/www.tgrthaber.com\/mavikadin\/?p=274720"},"modified":"2025-12-12T00:16:28","modified_gmt":"2025-12-11T21:16:28","slug":"arda-anarat-kimdir-kac-yasinda-arda-anarat-aslen-nereli","status":"publish","type":"post","link":"https:\/\/www.tgrthaber.com\/mavikadin\/arda-anarat-kimdir-kac-yasinda-arda-anarat-aslen-nereli\/","title":{"rendered":"Arda Anarat kimdir, ka\u00e7 ya\u015f\u0131nda? Arda Anarat aslen nereli?"},"content":{"rendered":"<p class=\"p1\">TRT1 ekranlar\u0131n\u0131n yeni sezon dizisi <a href=\"https:\/\/www.tgrthaber.com\/mavikadin\/tasacak-bu-deniz-genc-adili-arda-anarat-kimdir-arda-anarat-kac-yasinda-hangi-projelerde-rol-aldi\/?p=6\">Ta\u015facak Bu Deniz<\/a>\u2019de Adil Ko\u00e7ari\u2019nin gen\u00e7li\u011fini oynayan Arda Anarat, Ula\u015f Tuna Astepe\u2019ye benzerli\u011fiyle ilgili yapt\u0131\u011f\u0131 a\u00e7\u0131klamalar\u0131yla dikkat \u00e7ekti. Bas\u0131n mensuplar\u0131n\u0131n sorular\u0131n\u0131 cevaplayan Arda Anarat Ula\u015f Tuna Astepe\u2019ye olan benzerli\u011fine kendisinin bile \u00e7ok \u015fa\u015f\u0131rd\u0131\u011f\u0131n\u0131 annesinin de onlar\u0131 \u00e7ok benzetti\u011fini s\u00f6yledi. Diziyle birlikte y\u0131ld\u0131z\u0131 da parlayan Arda Anarat\u2019\u0131n hayat\u0131 yeniden merak edildi. Peki Arda Anarat kimdir, ka\u00e7 ya\u015f\u0131nda? Arda Anarat aslen nereli? \u0130\u015fte detaylar\u2026<\/p>\n<h3>ARDA ANARAT K\u0130MD\u0130R KA\u00c7 YA\u015eINDA? ARDA ANARAT ASLEN NEREL\u0130?<\/h3>\n<p class=\"p1\"><a href=\"https:\/\/www.tgrthaber.com\/mavikadin\/tasacak-bu-deniz-sevcan-kimdir-hande-nur-tekin-kim-kac-yasinda\/\">Ta\u015facak Bu Deniz<\/a>\u2019de Adil Ko\u00e7ari\u2019nin gen\u00e7li\u011fini oynayan oyuncu Arda Anarat 1999 y\u0131l\u0131nda d\u00fcnyaya gelmi\u015ftir. Dizi, sinema ve tiyatro oyuncusu olan isim aslen Samsunludur.<\/p>\n<p><img loading=\"lazy\" decoding=\"async\" class=\"alignnone wp-image-274722 size-full\" src=\"https:\/\/www.tgrthaber.com\/mavikadin\/wp-content\/uploads\/Ekran-Resmi-2025-12-11-23.57.14.png\" alt=\"\" width=\"986\" height=\"582\" title=\"\" srcset=\"https:\/\/www.tgrthaber.com\/mavikadin\/wp-content\/uploads\/Ekran-Resmi-2025-12-11-23.57.14.png 986w, https:\/\/www.tgrthaber.com\/mavikadin\/wp-content\/uploads\/Ekran-Resmi-2025-12-11-23.57.14-300x177.png 300w, https:\/\/www.tgrthaber.com\/mavikadin\/wp-content\/uploads\/Ekran-Resmi-2025-12-11-23.57.14-768x453.png 768w\" sizes=\"(max-width: 986px) 100vw, 986px\" \/><\/p>\n<hr \/>\n<p class=\"p1\">\u0130stanbul Notre Dame de Sion Frans\u0131z Lisesi\u2019nde lise e\u011fitimi alan oyuncu Leyla \u015eirin Ajans\u2019a kay\u0131t olarak oyunculuk \u00e7al\u0131\u015fmalar\u0131na ba\u015flam\u0131\u015f ilk ekran maceras\u0131na &#8216;Muhte\u015fem Y\u00fczy\u0131l&#8217;da \u015eehzade Mehmet\u2019in \u00e7ocuklu\u011funu oynayarak ba\u015flam\u0131\u015ft\u0131r. Bu performans\u0131yla dikkatleri \u00fczerine \u00e7eken oyuncu daha sonra pek \u00e7ok projede yer alm\u0131\u015f g\u00f6sterdi\u011fi ba\u015far\u0131l\u0131 oyunculuk performanslar\u0131yla ad\u0131ndan s\u00f6z ettirmi\u015ftir.<\/p>\n<p><img loading=\"lazy\" decoding=\"async\" class=\"alignnone wp-image-274723 size-full\" src=\"https:\/\/www.tgrthaber.com\/mavikadin\/wp-content\/uploads\/Ekran-Resmi-2025-12-11-23.57.19.png\" alt=\"\" width=\"1010\" height=\"578\" title=\"\" srcset=\"https:\/\/www.tgrthaber.com\/mavikadin\/wp-content\/uploads\/Ekran-Resmi-2025-12-11-23.57.19.png 1010w, https:\/\/www.tgrthaber.com\/mavikadin\/wp-content\/uploads\/Ekran-Resmi-2025-12-11-23.57.19-300x172.png 300w, https:\/\/www.tgrthaber.com\/mavikadin\/wp-content\/uploads\/Ekran-Resmi-2025-12-11-23.57.19-768x440.png 768w\" sizes=\"(max-width: 1010px) 100vw, 1010px\" \/><\/p>\n<hr \/>\n<p class=\"p1\">2017\u20132018 sezonunda pop\u00fcler dizi &#8216;\u00c7ukur&#8217;da Efe karakterini oynayan oyuncu 2018 isew &#8216;Zomerbroeders&#8217; (2018) adl\u0131 bir TV filminde oynam\u0131\u015ft\u0131r. Gen\u00e7 ya\u015f\u0131na ra\u011fmen \u00e7al\u0131\u015fkanl\u0131\u011f\u0131 ve ba\u015far\u0131l\u0131 performans\u0131yla g\u00f6z dolduran ismin as\u0131l \u00e7\u0131k\u0131\u015f\u0131 TRT 1 ekranlar\u0131nda oynayan Ta\u015facak Bu Deniz dizisi ile olmu\u015ftur. Dizi de Ula\u015f Tuna Astepe\u2019nin gen\u00e7li\u011fini oynayan oyuncu oyunculu\u011fuyla dikkat \u00e7ekmektedir.<\/p>\n<p><img loading=\"lazy\" decoding=\"async\" class=\"alignnone wp-image-274724 size-large\" src=\"https:\/\/www.tgrthaber.com\/mavikadin\/wp-content\/uploads\/Ekran-Resmi-2025-12-11-23.57.33-1024x583.png\" alt=\"\" width=\"1024\" height=\"583\" title=\"\" srcset=\"https:\/\/www.tgrthaber.com\/mavikadin\/wp-content\/uploads\/Ekran-Resmi-2025-12-11-23.57.33-1024x583.png 1024w, https:\/\/www.tgrthaber.com\/mavikadin\/wp-content\/uploads\/Ekran-Resmi-2025-12-11-23.57.33-300x171.png 300w, https:\/\/www.tgrthaber.com\/mavikadin\/wp-content\/uploads\/Ekran-Resmi-2025-12-11-23.57.33-768x437.png 768w, https:\/\/www.tgrthaber.com\/mavikadin\/wp-content\/uploads\/Ekran-Resmi-2025-12-11-23.57.33.png 1044w\" sizes=\"(max-width: 1024px) 100vw, 1024px\" \/><\/p>\n<hr \/>\n<h3 class=\"p1\">ARDA ANARAT HANG\u0130 PROJELERDE ROL ALDI?<\/h3>\n<p class=\"p1\">Zomerbroeders<\/p>\n<p class=\"p1\">Tek Y\u00fcrek<\/p>\n<p class=\"p1\">Bilmemek<\/p>\n<p class=\"p1\">S\u0131cak Kafa<\/p>\n<p><img loading=\"lazy\" decoding=\"async\" class=\"alignnone wp-image-274725 size-full\" src=\"https:\/\/www.tgrthaber.com\/mavikadin\/wp-content\/uploads\/Ekran-Resmi-2025-12-11-23.59.00.png\" alt=\"\" width=\"988\" height=\"582\" title=\"\" srcset=\"https:\/\/www.tgrthaber.com\/mavikadin\/wp-content\/uploads\/Ekran-Resmi-2025-12-11-23.59.00.png 988w, https:\/\/www.tgrthaber.com\/mavikadin\/wp-content\/uploads\/Ekran-Resmi-2025-12-11-23.59.00-300x177.png 300w, https:\/\/www.tgrthaber.com\/mavikadin\/wp-content\/uploads\/Ekran-Resmi-2025-12-11-23.59.00-768x452.png 768w\" sizes=\"(max-width: 988px) 100vw, 988px\" \/><\/p>\n<hr \/>\n<p class=\"p1\">Ta\u015facak Bu Deniz<\/p>\n<p class=\"p1\">\u00c7ukur<\/p>\n<p class=\"p1\">Yarg\u0131<\/p>\n<h3><img loading=\"lazy\" decoding=\"async\" class=\"alignnone wp-image-274726 size-full\" src=\"https:\/\/www.tgrthaber.com\/mavikadin\/wp-content\/uploads\/Ekran-Resmi-2025-12-11-23.59.08.png\" alt=\"\" width=\"998\" height=\"594\" title=\"\" srcset=\"https:\/\/www.tgrthaber.com\/mavikadin\/wp-content\/uploads\/Ekran-Resmi-2025-12-11-23.59.08.png 998w, https:\/\/www.tgrthaber.com\/mavikadin\/wp-content\/uploads\/Ekran-Resmi-2025-12-11-23.59.08-300x179.png 300w, https:\/\/www.tgrthaber.com\/mavikadin\/wp-content\/uploads\/Ekran-Resmi-2025-12-11-23.59.08-768x457.png 768w\" sizes=\"(max-width: 998px) 100vw, 998px\" \/><\/h3>\n<hr \/>\n<h3>TA\u015eACAK BU DEN\u0130Z OYUNCU KADROSUNDA K\u0130MLER VAR?<\/h3>\n<p class=\"p1\"><a href=\"https:\/\/www.tgrthaber.com\/mavikadin\/tasacak-bu-deniz-dizisine-naz-cagla-irmak-katildi-oyuncu-tasacak-bu-deniz-de-feride-karakterini-oynayacak\/\">Ta\u015facak Bu Deniz<\/a> dizisinin ba\u015frollerinde Ula\u015f Tuna Astepe ve Deniz Baysal yer al\u0131yor. Geni\u015f kadroda ayr\u0131ca Burak Y\u00f6r\u00fck (Oru\u00e7), Ava Z. Yaman (Eleni), Ye\u015fim Ceren Bozo\u011flu (Zarife), Aytek \u015eayan (\u015eerif), Zeynep At\u0131lgan (Fadime), Onur Dilber (S\u00fcleyman), Hakan Sal\u0131nm\u0131\u015f (Dursun), Gamze S\u00fcner Atay (\u015eirin), Ger\u00e7ek Aln\u0131a\u00e7\u0131k (Melina), Batuhan Bayar (Ey\u00fcphan) gibi ba\u015far\u0131l\u0131 oyuncular yer almaktad\u0131r.<\/p>\n<p><img loading=\"lazy\" decoding=\"async\" class=\"alignnone wp-image-274727 \" src=\"https:\/\/www.tgrthaber.com\/mavikadin\/wp-content\/uploads\/Ekran-Resmi-2025-12-11-23.58.48.png\" alt=\"\" width=\"988\" height=\"617\" title=\"\" srcset=\"https:\/\/www.tgrthaber.com\/mavikadin\/wp-content\/uploads\/Ekran-Resmi-2025-12-11-23.58.48.png 938w, https:\/\/www.tgrthaber.com\/mavikadin\/wp-content\/uploads\/Ekran-Resmi-2025-12-11-23.58.48-300x187.png 300w, https:\/\/www.tgrthaber.com\/mavikadin\/wp-content\/uploads\/Ekran-Resmi-2025-12-11-23.58.48-768x480.png 768w\" sizes=\"(max-width: 988px) 100vw, 988px\" \/><\/p>\n<hr \/>\n<p class=\"p1\">Dizide bu isimlerin yan\u0131 s\u0131ra Erdem \u015eanl\u0131 (\u0130smail), Burcu Cavrar (Hicran), Ulviye Karaca (\u015e\u00fckriye), Seda Soysal (Emine), Hande Nur Tekin (Sevcan), Erkan Y\u00fcce (H\u0131d\u0131r), Emir \u00c7ubuk\u00e7u (Beh\u00e7et), Adil \u015eahin (\u00c7etin), Nasmina \u00c7okla\u015f (Muhsine), Ali \u00d6ner (G\u00f6khan) ve Fester Abd\u00fc (\u00c7ak\u0131r U\u015fak) gibi yetenekli isimler de bulunmaktad\u0131r.<\/p>\n<p class=\"p1\">.<\/p>\n","protected":false},"excerpt":{"rendered":"<p>Ta\u015facak Bu Deniz dizisinde Adil Ko\u00e7ari&#8217;nin gen\u00e7li\u011finin oynayan Arda Anarat&#8217;\u0131n hayat\u0131 merak edilip ara\u015ft\u0131r\u0131l\u0131yor. Peki Arda Anarat kimdir, ka\u00e7 ya\u015f\u0131nda? Arda Anarat aslen nereli? \u0130\u015fte detaylar&#8230; <\/p>\n","protected":false},"author":16,"featured_media":274728,"comment_status":"closed","ping_status":"closed","sticky":false,"template":"","format":"standard","meta":{"rank_math_lock_modified_date":false,"footnotes":""},"categories":[491],"tags":[68134,68133,65892,3374,26568],"class_list":["post-274720","post","type-post","status-publish","format-standard","has-post-thumbnail","hentry","category-biyografi","tag-arda-anarat-aslen-nereli","tag-arda-anarat-kac-yasinda","tag-arda-anarat-kimdir","tag-biyografi","tag-biyografi-haberler"],"_links":{"self":[{"href":"https:\/\/www.tgrthaber.com\/mavikadin\/wp-json\/wp\/v2\/posts\/274720"}],"collection":[{"href":"https:\/\/www.tgrthaber.com\/mavikadin\/wp-json\/wp\/v2\/posts"}],"about":[{"href":"https:\/\/www.tgrthaber.com\/mavikadin\/wp-json\/wp\/v2\/types\/post"}],"author":[{"embeddable":true,"href":"https:\/\/www.tgrthaber.com\/mavikadin\/wp-json\/wp\/v2\/users\/16"}],"replies":[{"embeddable":true,"href":"https:\/\/www.tgrthaber.com\/mavikadin\/wp-json\/wp\/v2\/comments?post=274720"}],"version-history":[{"count":5,"href":"https:\/\/www.tgrthaber.com\/mavikadin\/wp-json\/wp\/v2\/posts\/274720\/revisions"}],"predecessor-version":[{"id":274737,"href":"https:\/\/www.tgrthaber.com\/mavikadin\/wp-json\/wp\/v2\/posts\/274720\/revisions\/274737"}],"wp:featuredmedia":[{"embeddable":true,"href":"https:\/\/www.tgrthaber.com\/mavikadin\/wp-json\/wp\/v2\/media\/274728"}],"wp:attachment":[{"href":"https:\/\/www.tgrthaber.com\/mavikadin\/wp-json\/wp\/v2\/media?parent=274720"}],"wp:term":[{"taxonomy":"category","embeddable":true,"href":"https:\/\/www.tgrthaber.com\/mavikadin\/wp-json\/wp\/v2\/categories?post=274720"},{"taxonomy":"post_tag","embeddable":true,"href":"https:\/\/www.tgrthaber.com\/mavikadin\/wp-json\/wp\/v2\/tags?post=274720"}],"curies":[{"name":"wp","href":"https:\/\/api.w.org\/{rel}","templated":true}]}}