{"id":274743,"date":"2025-12-12T00:56:34","date_gmt":"2025-12-11T21:56:34","guid":{"rendered":"https:\/\/admin.mavikadin.com\/?p=274743"},"modified":"2025-12-12T01:00:19","modified_gmt":"2025-12-11T22:00:19","slug":"tasacak-bu-deniz-dizisinde-pes-dedirtti-benzerlik-arda-anaratin-ulas-tuna-astepe-aciklamasi-sasirtti","status":"publish","type":"post","link":"https:\/\/www.tgrthaber.com\/mavikadin\/tasacak-bu-deniz-dizisinde-pes-dedirtti-benzerlik-arda-anaratin-ulas-tuna-astepe-aciklamasi-sasirtti\/","title":{"rendered":"Ta\u015facak Bu Deniz dizisinde pes dedirtti benzerlik! Arda Anarat\u2019\u0131n Ula\u015f Tuna Astepe a\u00e7\u0131klamas\u0131 \u015fa\u015f\u0131rtt\u0131"},"content":{"rendered":"<p>TRT 1 ekranlar\u0131nda yay\u0131nlanan <a href=\"https:\/\/www.tgrthaber.com\/mavikadin\/tasacak-bu-deniz-ekranda-ve-dijitalde-zirvede-izlenme-rekorlari-kirmaya-devam-ediyor\/\">Ta\u015facak Bu Deniz<\/a> dizisi Cuma ak\u015famlar\u0131 reyting rekorlar\u0131 k\u0131rmaya devam ediyor. Dizinin ba\u015frollerinde yer alan Ula\u015f Tuna Astepe\u2019nin dizideki gen\u00e7li\u011fini oynayan Arda Anarat benzerlik sorular\u0131n\u0131 cevaplad\u0131. Gen\u00e7 oyuncu yapt\u0131\u011f\u0131 a\u00e7\u0131klamayla hem g\u00fcld\u00fcrd\u00fc hem de \u015fa\u015f\u0131rtt\u0131.<\/p>\n<h3>TA\u015eACAK BU DEN\u0130Z D\u0130Z\u0130S\u0130NDE AD\u0130L KO\u00c7AR\u0130LER BENZ\u0130YOR<\/h3>\n<p><a href=\"https:\/\/www.tgrthaber.com\/mavikadin\/survivor-ayseden-tasacak-bu-deniz-aciklamasi-bakin-neden-kadroya-girememis\/\">Ta\u015facak Bu Deniz<\/a> dizisinde Adil Ko\u00e7ari\u2019nin hem gen\u00e7li\u011fi hem de \u015fimdi ki zaman dilimindeki hali ekranlara geliyor. Adil Ko\u00e7ari\u2019nin gen\u00e7lik halini oynayan Arda Anarat, Ula\u015f Tuna Astepe\u2019ye olan benzerli\u011fi ile g\u00fcndem olmaya devam ediyor. Ta\u015facak Bu Deniz dizisinin yeni b\u00f6l\u00fcmlerinde iki oyuncunun ekrana gelmesi izleyicinin g\u00f6z\u00fcnde \u201cikizi gibi\u201d yorumlar\u0131n\u0131 alm\u0131\u015ft\u0131.<\/p>\n<p><img loading=\"lazy\" decoding=\"async\" class=\"alignnone wp-image-274745 size-full\" src=\"https:\/\/admin.mavikadin.com\/wp-content\/uploads\/ARDA-ANARATTAN-ULAS-TUNA-ASTEPE-BENZERLIK-ACIKLAMASI.jpg\" alt=\"\" width=\"1208\" height=\"680\" title=\"\" srcset=\"https:\/\/www.tgrthaber.com\/mavikadin\/wp-content\/uploads\/ARDA-ANARATTAN-ULAS-TUNA-ASTEPE-BENZERLIK-ACIKLAMASI.jpg 1208w, https:\/\/www.tgrthaber.com\/mavikadin\/wp-content\/uploads\/ARDA-ANARATTAN-ULAS-TUNA-ASTEPE-BENZERLIK-ACIKLAMASI-300x169.jpg 300w, https:\/\/www.tgrthaber.com\/mavikadin\/wp-content\/uploads\/ARDA-ANARATTAN-ULAS-TUNA-ASTEPE-BENZERLIK-ACIKLAMASI-1024x576.jpg 1024w, https:\/\/www.tgrthaber.com\/mavikadin\/wp-content\/uploads\/ARDA-ANARATTAN-ULAS-TUNA-ASTEPE-BENZERLIK-ACIKLAMASI-768x432.jpg 768w\" sizes=\"(max-width: 1208px) 100vw, 1208px\" \/><\/p>\n<hr \/>\n<h3>ARDA ANARAT\u2019TAN ULA\u015e TUNA ASTEPE BENZERL\u0130K A\u00c7IKLAMASI<\/h3>\n<p>Gen\u00e7 oyuncu Arda Anarat\u2019a Ula\u015f Tuna Astepe\u2019ye olan benzerli\u011fi muhabirler taraf\u0131ndan soruldu. Oyuncu Arda Anarat, \u201c Sokaktaki herkes \u00e7ok benzetiyor. Sokaktan \u00f6nemlisi benim annem \u00e7ok benzetiyor bizi.\u00a0 Ben bunu her yerde s\u00f6yl\u00fcyorum. Ger\u00e7ekten a\u015f\u0131r\u0131 benziyoruz. Yan yana aynada birbirimize bakt\u0131k. Ger\u00e7ekten \u00e7ok benziyoruz.\u201d s\u00f6zleriyle a\u00e7\u0131klad\u0131. Oyuncunun yapt\u0131\u011f\u0131 a\u00e7\u0131klama ard\u0131ndan bir\u00e7ok sosyal medya kullan\u0131c\u0131s\u0131 Arda Anarat&#8217;\u0131 destekleyen yorumlar yapt\u0131. <a href=\"https:\/\/www.tgrthaber.com\/mavikadin\/tasacak-bu-denizin-yildizlari-deniz-baysal-ve-ulas-tuna-astepe-sosyal-medyayi-salladi-yilin-dizi-cifti-yorumu-yapildi\/\">Ta\u015facak Bu Deniz<\/a> dizisinin oyuncu cast ekibinin birebir benzer olarak bulmas\u0131 ise takdir edildi.<\/p>\n<p><img loading=\"lazy\" decoding=\"async\" class=\"alignnone wp-image-274748 size-full\" src=\"https:\/\/admin.mavikadin.com\/wp-content\/uploads\/Adsiz-tasarim-18-132.jpg\" alt=\"\" width=\"1208\" height=\"680\" title=\"\" srcset=\"https:\/\/www.tgrthaber.com\/mavikadin\/wp-content\/uploads\/Adsiz-tasarim-18-132.jpg 1208w, https:\/\/www.tgrthaber.com\/mavikadin\/wp-content\/uploads\/Adsiz-tasarim-18-132-300x169.jpg 300w, https:\/\/www.tgrthaber.com\/mavikadin\/wp-content\/uploads\/Adsiz-tasarim-18-132-1024x576.jpg 1024w, https:\/\/www.tgrthaber.com\/mavikadin\/wp-content\/uploads\/Adsiz-tasarim-18-132-768x432.jpg 768w\" sizes=\"(max-width: 1208px) 100vw, 1208px\" \/><\/p>\n<hr \/>\n<h3>TA\u015eACAK BU DEN\u0130Z\u2019\u0130N ARDA ARANAT\u2019I K\u0130M?<\/h3>\n<p>Arda Anarat \u0130stanbul&#8217;da d\u00fcnyaya geldi. Aslen Samsun&#8217;un Bafral\u0131d\u0131r. Oyunculuk kariyeri i\u00e7in T\u00fcrkiye\u2019ye d\u00f6nen oyuncu, daha sonra \u0130stanbul&#8217;a geri d\u00f6nd\u00fc. Anarat, Notre Dame De Sion Frans\u0131z Lisesi&#8217;nden mezundur. Gen\u00e7 oyuncu oyunculuk kariyerine Muhte\u015fem Y\u00fczy\u0131l dizisinde \u015eehzade Mehmed rol\u00fcyle ba\u015flad\u0131.<\/p>\n<p><img loading=\"lazy\" decoding=\"async\" class=\"alignnone wp-image-274749 size-full\" src=\"https:\/\/admin.mavikadin.com\/wp-content\/uploads\/Adsiz-tasarim-19-127.jpg\" alt=\"\" width=\"1208\" height=\"680\" title=\"\" srcset=\"https:\/\/www.tgrthaber.com\/mavikadin\/wp-content\/uploads\/Adsiz-tasarim-19-127.jpg 1208w, https:\/\/www.tgrthaber.com\/mavikadin\/wp-content\/uploads\/Adsiz-tasarim-19-127-300x169.jpg 300w, https:\/\/www.tgrthaber.com\/mavikadin\/wp-content\/uploads\/Adsiz-tasarim-19-127-1024x576.jpg 1024w, https:\/\/www.tgrthaber.com\/mavikadin\/wp-content\/uploads\/Adsiz-tasarim-19-127-768x432.jpg 768w\" sizes=\"(max-width: 1208px) 100vw, 1208px\" \/><\/p>\n<hr \/>\n<p>\u0130ki sezon boyunca Dirili\u015f: Ertu\u011frul dizisinde rol alan Arda Anarat, Tek Y\u00fcrek&#8217;te Umut, \u00c7ukur&#8217;da Efe ve 2019&#8217;da ekranlara gelen Bilmemek&#8217;te Berk rollerini oynayarak oyunculuk merdivenlerini ad\u0131m ad\u0131m \u00e7\u0131kt\u0131.<\/p>\n<p><img loading=\"lazy\" decoding=\"async\" class=\"alignnone wp-image-274750 size-full\" src=\"https:\/\/admin.mavikadin.com\/wp-content\/uploads\/Adsiz-tasarim-20-132.jpg\" alt=\"\" width=\"1208\" height=\"680\" title=\"\" srcset=\"https:\/\/www.tgrthaber.com\/mavikadin\/wp-content\/uploads\/Adsiz-tasarim-20-132.jpg 1208w, https:\/\/www.tgrthaber.com\/mavikadin\/wp-content\/uploads\/Adsiz-tasarim-20-132-300x169.jpg 300w, https:\/\/www.tgrthaber.com\/mavikadin\/wp-content\/uploads\/Adsiz-tasarim-20-132-1024x576.jpg 1024w, https:\/\/www.tgrthaber.com\/mavikadin\/wp-content\/uploads\/Adsiz-tasarim-20-132-768x432.jpg 768w\" sizes=\"(max-width: 1208px) 100vw, 1208px\" \/><\/p>\n<hr \/>\n<p>P\u0131nar Deniz ve Kaan Urganc\u0131o\u011flu ile birlikte Yarg\u0131 adl\u0131 dizide \u00c7\u0131nar Kaya karakteriyle geni\u015f kitleler taraf\u0131ndan tan\u0131nd\u0131. 2025 y\u0131l\u0131nda TRT 1 kanal\u0131nda yay\u0131nlanan Ta\u015facak Bu Deniz dizisinde Adil Ko\u00e7ari\u2019nin gen\u00e7lik d\u00f6nemlerini oynamaktad\u0131r.<\/p>\n","protected":false},"excerpt":{"rendered":"<p>Ta\u015facak Bu Deniz dizisindeki Ula\u015f Tuna Astepe\u2019nin oynad\u0131\u011f\u0131 Adil Ko\u00e7ari karakterini oynayan gen\u00e7 karakter Arda Anarat a\u00e7\u0131klamalarda bulundu. Ula\u015f Tuna Astepe\u2019ye olan benzerli\u011fi sorulan Arda Anarat yapt\u0131\u011f\u0131 a\u00e7\u0131klamayla \u015fa\u015f\u0131rtt\u0131. <\/p>\n","protected":false},"author":10,"featured_media":274749,"comment_status":"closed","ping_status":"closed","sticky":false,"template":"","format":"standard","meta":{"rank_math_lock_modified_date":false,"footnotes":""},"categories":[76],"tags":[65891,133,61052,61193,3178],"class_list":["post-274743","post","type-post","status-publish","format-standard","has-post-thumbnail","hentry","category-magazin","tag-arda-anarat","tag-magazin","tag-tasacak-bu-deniz","tag-tasacak-bu-deniz-dizi","tag-ulas-tuna-astepe"],"_links":{"self":[{"href":"https:\/\/www.tgrthaber.com\/mavikadin\/wp-json\/wp\/v2\/posts\/274743"}],"collection":[{"href":"https:\/\/www.tgrthaber.com\/mavikadin\/wp-json\/wp\/v2\/posts"}],"about":[{"href":"https:\/\/www.tgrthaber.com\/mavikadin\/wp-json\/wp\/v2\/types\/post"}],"author":[{"embeddable":true,"href":"https:\/\/www.tgrthaber.com\/mavikadin\/wp-json\/wp\/v2\/users\/10"}],"replies":[{"embeddable":true,"href":"https:\/\/www.tgrthaber.com\/mavikadin\/wp-json\/wp\/v2\/comments?post=274743"}],"version-history":[{"count":3,"href":"https:\/\/www.tgrthaber.com\/mavikadin\/wp-json\/wp\/v2\/posts\/274743\/revisions"}],"predecessor-version":[{"id":274753,"href":"https:\/\/www.tgrthaber.com\/mavikadin\/wp-json\/wp\/v2\/posts\/274743\/revisions\/274753"}],"wp:featuredmedia":[{"embeddable":true,"href":"https:\/\/www.tgrthaber.com\/mavikadin\/wp-json\/wp\/v2\/media\/274749"}],"wp:attachment":[{"href":"https:\/\/www.tgrthaber.com\/mavikadin\/wp-json\/wp\/v2\/media?parent=274743"}],"wp:term":[{"taxonomy":"category","embeddable":true,"href":"https:\/\/www.tgrthaber.com\/mavikadin\/wp-json\/wp\/v2\/categories?post=274743"},{"taxonomy":"post_tag","embeddable":true,"href":"https:\/\/www.tgrthaber.com\/mavikadin\/wp-json\/wp\/v2\/tags?post=274743"}],"curies":[{"name":"wp","href":"https:\/\/api.w.org\/{rel}","templated":true}]}}