{"id":275727,"date":"2025-12-14T20:49:00","date_gmt":"2025-12-14T17:49:00","guid":{"rendered":"https:\/\/admin.mavikadin.com\/?p=275727"},"modified":"2025-12-14T20:49:41","modified_gmt":"2025-12-14T17:49:41","slug":"tasacak-bu-deniz-savci-feridesi-kimdir-naz-cagla-irmak-kim-hangi-dizilerde-oynadi","status":"publish","type":"post","link":"https:\/\/www.tgrthaber.com\/mavikadin\/tasacak-bu-deniz-savci-feridesi-kimdir-naz-cagla-irmak-kim-hangi-dizilerde-oynadi\/","title":{"rendered":"Ta\u015facak Bu Deniz Savc\u0131 Feride&#8217;si kimdir? Naz \u00c7a\u011fla Irmak kim, hangi dizilerde oynad\u0131?"},"content":{"rendered":"<p>TRT 1&#8217;in reytingleri alt\u00fcst eden dizisi Ta\u015facak Bu Deniz, her Cuma yeni b\u00f6l\u00fcm\u00fcyle ekranlara geliyor. Dizinin 11. b\u00f6l\u00fcm\u00fc i\u00e7in heyecan doruktayken, bomba bir transfer haberi ger\u00e7ekle\u015fti. Ba\u015far\u0131l\u0131 oyuncu Naz \u00c7a\u011fla Irmak, <a href=\"https:\/\/www.tgrthaber.com\/mavikadin\/tasacak-bu-deniz-dizisine-naz-cagla-irmak-katildi-oyuncu-tasacak-bu-deniz-de-feride-karakterini-oynayacak\/\">Ta\u015facak Bu Deniz<\/a> dizisine Savc\u0131 Feride rol\u00fcyle dahil oluyor. Peki Ta\u015facak Bu Deniz Savc\u0131 Feride Cing\u00f6z&#8217;\u00fc kimdir? Savc\u0131 Feride&#8217;yi oynayan Naz \u00c7a\u011fla Irmak kim, ka\u00e7 ya\u015f\u0131nda ve hangi dizilerde oynad\u0131? \u0130\u015fte Ta\u015facak Bu Deniz&#8217;in Savc\u0131 Feride&#8217;si Naz \u00c7a\u011fla Irmak hakk\u0131nda merak edilenler&#8230;<\/p>\n<h3>TA\u015eACAK BU DEN\u0130Z SAVCI FER\u0130DE&#8217;S\u0130 K\u0130MD\u0130R?<\/h3>\n<p>Naz \u00c7a\u011fla Irmak, <a href=\"https:\/\/www.tgrthaber.com\/mavikadin\/tasacak-bu-deniz-dizisine-ilk-sert-elestiri-geldi-dizi-tekrara-dusuyor\/\">Ta\u015facak Bu Deniz<\/a> dizisinde Savc\u0131 Feride Cing\u00f6z Cengiz karakterini oynayacak. Feride, d\u0131\u015f g\u00f6r\u00fcn\u00fc\u015f\u00fcn da\u011f\u0131n\u0131k ve umursamaz tav\u0131rlar\u0131yla dikkat \u00e7eken bir isim. Ancak Savc\u0131 Feride, k\u00fc\u00e7\u00fck ayr\u0131nt\u0131lardan yola \u00e7\u0131karak olaylar\u0131 keskin zekas\u0131yla \u00e7\u00f6zecek ve so\u011fukkanl\u0131 halleriyle \u00f6n plana \u00e7\u0131kacak.<\/p>\n<p><img loading=\"lazy\" decoding=\"async\" class=\"alignnone wp-image-275742\" src=\"https:\/\/admin.mavikadin.com\/wp-content\/uploads\/naz-cagla-irmak-evli-mi-naz-cagla-irmak-kimdir-nereli-kac-yasinda-su-an-hangi-dizide-oynuyor-bosandi-mi-naz-cagla-irmak-dizileri-ve-filmleri-1-300x170.webp\" alt=\"\" width=\"1208\" height=\"686\" title=\"\" srcset=\"https:\/\/www.tgrthaber.com\/mavikadin\/wp-content\/uploads\/naz-cagla-irmak-evli-mi-naz-cagla-irmak-kimdir-nereli-kac-yasinda-su-an-hangi-dizide-oynuyor-bosandi-mi-naz-cagla-irmak-dizileri-ve-filmleri-1-300x170.webp 300w, https:\/\/www.tgrthaber.com\/mavikadin\/wp-content\/uploads\/naz-cagla-irmak-evli-mi-naz-cagla-irmak-kimdir-nereli-kac-yasinda-su-an-hangi-dizide-oynuyor-bosandi-mi-naz-cagla-irmak-dizileri-ve-filmleri-1.webp 740w\" sizes=\"(max-width: 1208px) 100vw, 1208px\" \/><\/p>\n<hr \/>\n<p>Feride, gen\u00e7 ya\u015f\u0131na ra\u011fmen hukuk alan\u0131nda olduk\u00e7a ba\u015far\u0131l\u0131. Ta\u015facak Bu Deniz&#8217;de Savc\u0131 Feride ilk etapta g\u00f6r\u00fcnt\u00fcs\u00fc ve rahat halleri nedeniyle pek ciddiye al\u0131nmasa da, zamanla herkes Feride&#8217;nin tehlikeli y\u00f6n\u00fcn\u00fc g\u00f6rmeye ba\u015flayacak.<\/p>\n<p><img loading=\"lazy\" decoding=\"async\" class=\"alignnone wp-image-275743\" src=\"https:\/\/admin.mavikadin.com\/wp-content\/uploads\/naz-cagla-irmak-6-300x169.webp\" alt=\"\" width=\"1208\" height=\"680\" title=\"\" srcset=\"https:\/\/www.tgrthaber.com\/mavikadin\/wp-content\/uploads\/naz-cagla-irmak-6-300x169.webp 300w, https:\/\/www.tgrthaber.com\/mavikadin\/wp-content\/uploads\/naz-cagla-irmak-6-1024x576.webp 1024w, https:\/\/www.tgrthaber.com\/mavikadin\/wp-content\/uploads\/naz-cagla-irmak-6-768x432.webp 768w, https:\/\/www.tgrthaber.com\/mavikadin\/wp-content\/uploads\/naz-cagla-irmak-6.webp 1280w\" sizes=\"(max-width: 1208px) 100vw, 1208px\" \/><\/p>\n<hr \/>\n<p>\u00c7\u00fcnk\u00fc Feride karakteri, karanl\u0131k i\u015flerin kokusunu an\u0131nda alan ve gerekti\u011finde hem \u00e7ok sert hem de \u00e7ok tehlikeli olabilecek bir savc\u0131 olarak hikayede yer edecek. Feride\u2019nin geli\u015fi Ta\u015facak Bu Deniz\u2019deki dengeleri de\u011fi\u015ftirecek gibi duruyor. \u00d6zellikle sosyal medyada Feride&#8217;nin Ta\u015facak Bu Deniz&#8217;de kime a\u015f\u0131k olaca\u011f\u0131 konu\u015fuluyor.<\/p>\n<p><img loading=\"lazy\" decoding=\"async\" class=\"alignnone wp-image-275740\" src=\"https:\/\/admin.mavikadin.com\/wp-content\/uploads\/naz-cagla-irmak-kac-yasinda-nereli-tasacak-bu-deniz-dizisinin-dikkat-ceken-ismi-1-300x169.webp\" alt=\"\" width=\"1208\" height=\"680\" title=\"\" srcset=\"https:\/\/www.tgrthaber.com\/mavikadin\/wp-content\/uploads\/naz-cagla-irmak-kac-yasinda-nereli-tasacak-bu-deniz-dizisinin-dikkat-ceken-ismi-1-300x169.webp 300w, https:\/\/www.tgrthaber.com\/mavikadin\/wp-content\/uploads\/naz-cagla-irmak-kac-yasinda-nereli-tasacak-bu-deniz-dizisinin-dikkat-ceken-ismi-1-1024x576.webp 1024w, https:\/\/www.tgrthaber.com\/mavikadin\/wp-content\/uploads\/naz-cagla-irmak-kac-yasinda-nereli-tasacak-bu-deniz-dizisinin-dikkat-ceken-ismi-1-768x432.webp 768w, https:\/\/www.tgrthaber.com\/mavikadin\/wp-content\/uploads\/naz-cagla-irmak-kac-yasinda-nereli-tasacak-bu-deniz-dizisinin-dikkat-ceken-ismi-1.webp 1280w\" sizes=\"(max-width: 1208px) 100vw, 1208px\" \/><\/p>\n<hr \/>\n<h3>NAZ \u00c7A\u011eLA IRMAK K\u0130MD\u0130R, KA\u00c7 YA\u015eINDA?<\/h3>\n<p>Naz \u00c7a\u011fla Irmak, 1997 y\u0131l\u0131nda Ankara\u2019da d\u00fcnyaya gelmi\u015ftir. Hem tiyatro hem dizi hem de sinemada oyunculu\u011funu kan\u0131tlam\u0131\u015f bir isimdir. Nazl\u0131 \u00c7a\u011fla Irmak&#8217;\u0131n annesi de yine oyuncu olan H\u00fclya G\u00fcl\u015fen Irmak&#8217;t\u0131r. Irmak ilk deneyimini Bizim Evin Halleri dizisiyle yapm\u0131\u015ft\u0131r. Naz \u00c7a\u011fla Irmak, lise e\u011fitimini Pera G\u00fczel Sanatlar Lisesi tiyatro b\u00f6l\u00fcm\u00fcnde tamamlad\u0131. Irmak, okul y\u0131llar\u0131nda da sahnede pek \u00e7ok oyunda yer alm\u0131\u015ft\u0131r.<\/p>\n<p><img loading=\"lazy\" decoding=\"async\" class=\"alignnone wp-image-275738\" src=\"https:\/\/admin.mavikadin.com\/wp-content\/uploads\/c7d7607b28501a1a12126d89416e7c4a-300x200.jpg\" alt=\"\" width=\"1208\" height=\"805\" title=\"\" srcset=\"https:\/\/www.tgrthaber.com\/mavikadin\/wp-content\/uploads\/c7d7607b28501a1a12126d89416e7c4a-300x200.jpg 300w, https:\/\/www.tgrthaber.com\/mavikadin\/wp-content\/uploads\/c7d7607b28501a1a12126d89416e7c4a-1024x683.jpg 1024w, https:\/\/www.tgrthaber.com\/mavikadin\/wp-content\/uploads\/c7d7607b28501a1a12126d89416e7c4a-768x512.jpg 768w, https:\/\/www.tgrthaber.com\/mavikadin\/wp-content\/uploads\/c7d7607b28501a1a12126d89416e7c4a.jpg 1200w\" sizes=\"(max-width: 1208px) 100vw, 1208px\" \/><\/p>\n<hr \/>\n<p>Naz \u00c7a\u011fla Irmak, 2025 y\u0131l\u0131 itibar\u0131yla 20\u2019li ya\u015flar\u0131n\u0131n sonlar\u0131nda bulunuyor kariyerinden s\u00f6z ettiriyor. Son d\u00f6nemde \u00f6zellikle TRT 1\u2019de yay\u0131nlanan <a href=\"https:\/\/www.tgrthaber.com\/mavikadin\/tasacak-bu-deniz-balli-kimdir-tasacak-bu-deniz-balli-oldu-mu\/\">Ta\u015facak Bu Deniz<\/a> dizisiyle g\u00fcndeme gelmi\u015ftir.<\/p>\n<p><img loading=\"lazy\" decoding=\"async\" class=\"alignnone wp-image-275737\" src=\"https:\/\/admin.mavikadin.com\/wp-content\/uploads\/tasacak-bu-deniz-dizisine-naz-cagla-irmaktan-yeni-rol-savci-feride-1769147060-300x169.jpg\" alt=\"\" width=\"1208\" height=\"680\" title=\"\" srcset=\"https:\/\/www.tgrthaber.com\/mavikadin\/wp-content\/uploads\/tasacak-bu-deniz-dizisine-naz-cagla-irmaktan-yeni-rol-savci-feride-1769147060-300x169.jpg 300w, https:\/\/www.tgrthaber.com\/mavikadin\/wp-content\/uploads\/tasacak-bu-deniz-dizisine-naz-cagla-irmaktan-yeni-rol-savci-feride-1769147060-1024x576.jpg 1024w, https:\/\/www.tgrthaber.com\/mavikadin\/wp-content\/uploads\/tasacak-bu-deniz-dizisine-naz-cagla-irmaktan-yeni-rol-savci-feride-1769147060-768x432.jpg 768w, https:\/\/www.tgrthaber.com\/mavikadin\/wp-content\/uploads\/tasacak-bu-deniz-dizisine-naz-cagla-irmaktan-yeni-rol-savci-feride-1769147060.jpg 1280w\" sizes=\"(max-width: 1208px) 100vw, 1208px\" \/><\/p>\n<hr \/>\n<h3>NAZ \u00c7A\u011eLA IRMAK HANG\u0130 D\u0130Z\u0130LERDE OYNADI?<\/h3>\n<p>Naz \u00c7ala Irmak pek \u00e7ok iddial\u0131 rollerle ekran ba\u015f\u0131nda olmu\u015ftur. Son zamanlarda ad\u0131ndan s\u0131k\u00e7a s\u00f6z ettiren Naz \u00c7a\u011fla Irmak&#8217;\u0131n rol ald\u0131\u011f\u0131 diziler ise \u015fu \u015fekilde;<\/p>\n<p><img loading=\"lazy\" decoding=\"async\" class=\"alignnone wp-image-275739\" src=\"https:\/\/admin.mavikadin.com\/wp-content\/uploads\/naz-cagla-irmak-10-300x169.webp\" alt=\"\" width=\"1208\" height=\"680\" title=\"\" srcset=\"https:\/\/www.tgrthaber.com\/mavikadin\/wp-content\/uploads\/naz-cagla-irmak-10-300x169.webp 300w, https:\/\/www.tgrthaber.com\/mavikadin\/wp-content\/uploads\/naz-cagla-irmak-10-1024x576.webp 1024w, https:\/\/www.tgrthaber.com\/mavikadin\/wp-content\/uploads\/naz-cagla-irmak-10-768x432.webp 768w, https:\/\/www.tgrthaber.com\/mavikadin\/wp-content\/uploads\/naz-cagla-irmak-10.webp 1280w\" sizes=\"(max-width: 1208px) 100vw, 1208px\" \/><\/p>\n<hr \/>\n<p>Bizim Evin Halleri<\/p>\n<p>K\u0131rg\u0131n \u00c7i\u00e7ekler &#8211; Kader Kutay Lokumcuzade<\/p>\n<p>T\u00f6vbeler Olsun- Aylin Necipli<\/p>\n<p>Hakim &#8211; Ceren Seyhan<\/p>\n<p><img loading=\"lazy\" decoding=\"async\" class=\"alignnone wp-image-275741\" src=\"https:\/\/admin.mavikadin.com\/wp-content\/uploads\/61904710d5da273b87cf9e668f6abfa1-300x220.jpg\" alt=\"\" width=\"1208\" height=\"888\" title=\"\" srcset=\"https:\/\/www.tgrthaber.com\/mavikadin\/wp-content\/uploads\/61904710d5da273b87cf9e668f6abfa1-300x220.jpg 300w, https:\/\/www.tgrthaber.com\/mavikadin\/wp-content\/uploads\/61904710d5da273b87cf9e668f6abfa1.jpg 735w\" sizes=\"(max-width: 1208px) 100vw, 1208px\" \/><\/p>\n<hr \/>\n<p>S\u0131f\u0131r\u0131nc\u0131 G\u00fcn &#8211; Bilge<\/p>\n<p>Hudutsuz Sevda &#8211; Edanur Kara\u00e7aml\u0131<\/p>\n<p>Ta\u015facak Bu Deniz &#8211; Savc\u0131 Feride Cengiz<\/p>\n","protected":false},"excerpt":{"rendered":"<p>Ekranlara yay\u0131nlad\u0131\u011f\u0131 her b\u00f6l\u00fcmle damga vuran Ta\u015facak Bu Deniz, kadrosuna s\u00fcpriz bir isim daha ekledi. Dizinin hikayesine Savc\u0131 Feride, Cing\u00f6z Cengiz olarak olarak dahil olan oyuncu Naz \u00c7a\u011fla Irmak, sosyal medyan\u0131n g\u00fcndemine d\u00fc\u015ft\u00fc. Peki Ta\u015facak Bu Deniz Savc\u0131 Feride&#8217;si kimdir? Naz \u00c7a\u011fla Irmak kim, hangi dizilerde oynad\u0131? \u0130\u015fte detaylar&#8230;<\/p>\n","protected":false},"author":35,"featured_media":275735,"comment_status":"closed","ping_status":"closed","sticky":false,"template":"","format":"standard","meta":{"rank_math_lock_modified_date":false,"footnotes":""},"categories":[491],"tags":[3374,68286,68285,68284,61052],"class_list":["post-275727","post","type-post","status-publish","format-standard","has-post-thumbnail","hentry","category-biyografi","tag-biyografi","tag-naz-cagla-irmak-dizileri","tag-naz-cagla-irmak-kim","tag-savci-feride-kimdir","tag-tasacak-bu-deniz"],"_links":{"self":[{"href":"https:\/\/www.tgrthaber.com\/mavikadin\/wp-json\/wp\/v2\/posts\/275727"}],"collection":[{"href":"https:\/\/www.tgrthaber.com\/mavikadin\/wp-json\/wp\/v2\/posts"}],"about":[{"href":"https:\/\/www.tgrthaber.com\/mavikadin\/wp-json\/wp\/v2\/types\/post"}],"author":[{"embeddable":true,"href":"https:\/\/www.tgrthaber.com\/mavikadin\/wp-json\/wp\/v2\/users\/35"}],"replies":[{"embeddable":true,"href":"https:\/\/www.tgrthaber.com\/mavikadin\/wp-json\/wp\/v2\/comments?post=275727"}],"version-history":[{"count":2,"href":"https:\/\/www.tgrthaber.com\/mavikadin\/wp-json\/wp\/v2\/posts\/275727\/revisions"}],"predecessor-version":[{"id":275746,"href":"https:\/\/www.tgrthaber.com\/mavikadin\/wp-json\/wp\/v2\/posts\/275727\/revisions\/275746"}],"wp:featuredmedia":[{"embeddable":true,"href":"https:\/\/www.tgrthaber.com\/mavikadin\/wp-json\/wp\/v2\/media\/275735"}],"wp:attachment":[{"href":"https:\/\/www.tgrthaber.com\/mavikadin\/wp-json\/wp\/v2\/media?parent=275727"}],"wp:term":[{"taxonomy":"category","embeddable":true,"href":"https:\/\/www.tgrthaber.com\/mavikadin\/wp-json\/wp\/v2\/categories?post=275727"},{"taxonomy":"post_tag","embeddable":true,"href":"https:\/\/www.tgrthaber.com\/mavikadin\/wp-json\/wp\/v2\/tags?post=275727"}],"curies":[{"name":"wp","href":"https:\/\/api.w.org\/{rel}","templated":true}]}}