{"id":293922,"date":"2026-01-22T18:39:34","date_gmt":"2026-01-22T15:39:34","guid":{"rendered":"https:\/\/www.tgrthaber.com\/mavikadin\/?p=293922"},"modified":"2026-01-22T18:39:34","modified_gmt":"2026-01-22T15:39:34","slug":"gelinim-mutfaktada-altin-kazandiran-tavada-anne-pizzasi-nasil-yapilir-tam-kivami-bu-puf-noktasinda-sakli","status":"publish","type":"post","link":"https:\/\/www.tgrthaber.com\/mavikadin\/gelinim-mutfaktada-altin-kazandiran-tavada-anne-pizzasi-nasil-yapilir-tam-kivami-bu-puf-noktasinda-sakli\/","title":{"rendered":"Gelinim Mutfakta&#8217;da alt\u0131n kazand\u0131ran tavada anne pizzas\u0131 nas\u0131l yap\u0131l\u0131r? Tam k\u0131vam\u0131 bu p\u00fcf noktas\u0131nda sakl\u0131"},"content":{"rendered":"<p>\u00c7o\u011fumuz mutfakta \u00e7ok uzun vakit ge\u00e7irmeden hem pratik hem doyurucu hem de sa\u011fl\u0131kl\u0131 yemek tariflerin pe\u015fine d\u00fc\u015feriz. Gelinim Mutfakta yar\u0131\u015fmas\u0131n\u0131n bug\u00fcnk\u00fc men\u00fcs\u00fcnde bulunan tavada <a href=\"https:\/\/www.tgrthaber.com\/mavikadin\/brokoli-pizzasini-denediniz-mi-cocuklar-icin-vitamini-deposu\/\">pizza<\/a> tarifi tam da bu tariflerden. Annelerin kurtar\u0131c\u0131 yeme\u011fi olacak ve damaklar\u0131 \u015fenlendirecek tavada pizza tarifi, bu p\u00fcf noktalar\u0131yla uyguland\u0131\u011f\u0131nda ise tam k\u0131vam\u0131nda oluyor. F\u0131r\u0131n yok, uzun u\u011fra\u015flar yok ama sonu\u00e7 tam bir anne eli de\u011fmi\u015f hissi veriyor. Peki tavada anne pizzas\u0131 nas\u0131l yap\u0131l\u0131yor, hangi malzemeler kullan\u0131l\u0131yor ve tam tutmas\u0131 i\u00e7in nelere dikkat etmek gerekiyor? \u0130\u015fte tavada pizza yap\u0131l\u0131\u015f\u0131 ve bilmeniz gereken p\u00fcf noktalar<\/p>\n<h3>GEL\u0130N\u0130M MUTFAKTA\u2019DA ALTIN KAZANDIRAN TAVADA ANNE P\u0130ZZASI NASIL YAPILIR?<\/h3>\n<p>Tavada anne pizzas\u0131, klasik pizza hamurundan biraz daha yumu\u015fak ve ak\u0131\u015fkan bir yap\u0131da oluyor. B\u00f6yle olunca da tava i\u00e7inde kabar\u0131yor, i\u00e7i yumu\u015fak kal\u0131rken alt\u0131 da g\u00fczelce k\u0131zar\u0131yor. Tarifin en sevilen yan\u0131, evde bulunan malzemelerle kolayca haz\u0131rlanabilmesi. \u0130\u015fte tavada<a href=\"https:\/\/www.tgrthaber.com\/mavikadin\/cocuklarin-vazgecilmez-yemegi-olacak-sebzeli-pizza\/\"> pizza<\/a> yapmak isteyenlerin elinin alt\u0131nda bulundurmas\u0131 gereken malzeme listesi&#8230;<\/p>\n<p><img loading=\"lazy\" decoding=\"async\" class=\"alignnone wp-image-293938 \" src=\"https:\/\/www.tgrthaber.com\/mavikadin\/wp-content\/uploads\/2026\/01\/Ekran-goruntusu-2026-01-22-182010.png\" alt=\"\" width=\"1231\" height=\"809\" title=\"\" srcset=\"https:\/\/www.tgrthaber.com\/mavikadin\/wp-content\/uploads\/2026\/01\/Ekran-goruntusu-2026-01-22-182010.png 750w, https:\/\/www.tgrthaber.com\/mavikadin\/wp-content\/uploads\/2026\/01\/Ekran-goruntusu-2026-01-22-182010-300x197.png 300w\" sizes=\"(max-width: 1231px) 100vw, 1231px\" \/><\/p>\n<hr \/>\n<p><strong>Malzemeler:<\/strong><\/p>\n<p>1 su barda\u011f\u0131 \u0131l\u0131k s\u00fct<\/p>\n<p>1 adet yumurta<\/p>\n<p>1 yemek ka\u015f\u0131\u011f\u0131 yo\u011furt<\/p>\n<p>1 \u00e7ay barda\u011f\u0131 s\u0131v\u0131 ya\u011f<\/p>\n<p><img loading=\"lazy\" decoding=\"async\" class=\"alignnone wp-image-293941 \" src=\"https:\/\/www.tgrthaber.com\/mavikadin\/wp-content\/uploads\/2026\/01\/Ekran-goruntusu-2026-01-22-182113.png\" alt=\"\" width=\"1364\" height=\"908\" title=\"\" srcset=\"https:\/\/www.tgrthaber.com\/mavikadin\/wp-content\/uploads\/2026\/01\/Ekran-goruntusu-2026-01-22-182113.png 646w, https:\/\/www.tgrthaber.com\/mavikadin\/wp-content\/uploads\/2026\/01\/Ekran-goruntusu-2026-01-22-182113-300x200.png 300w\" sizes=\"(max-width: 1364px) 100vw, 1364px\" \/><\/p>\n<hr \/>\n<p>1 paket kabartma tozu<\/p>\n<p>1 \u00e7ay ka\u015f\u0131\u011f\u0131 tuz<\/p>\n<p>2\u20132,5 su barda\u011f\u0131 un<\/p>\n<p><strong>\u00dczeri i\u00e7in:<\/strong><\/p>\n<p>Ka\u015far peyniri rendesi<\/p>\n<p>Sucuk, sosis veya salam<\/p>\n<p><img loading=\"lazy\" decoding=\"async\" class=\"alignnone wp-image-293934 \" src=\"https:\/\/www.tgrthaber.com\/mavikadin\/wp-content\/uploads\/2026\/01\/Ekran-goruntusu-2026-01-22-182135.png\" alt=\"\" width=\"1376\" height=\"912\" title=\"\" srcset=\"https:\/\/www.tgrthaber.com\/mavikadin\/wp-content\/uploads\/2026\/01\/Ekran-goruntusu-2026-01-22-182135.png 750w, https:\/\/www.tgrthaber.com\/mavikadin\/wp-content\/uploads\/2026\/01\/Ekran-goruntusu-2026-01-22-182135-300x199.png 300w\" sizes=\"(max-width: 1376px) 100vw, 1376px\" \/><\/p>\n<hr \/>\n<p>Ye\u015fil biber, domates<\/p>\n<p>\u0130ste\u011fe g\u00f6re zeytin, m\u0131s\u0131r<\/p>\n<p><strong>Yap\u0131l\u0131\u015f\u0131:<\/strong><\/p>\n<p><img loading=\"lazy\" decoding=\"async\" class=\"alignnone wp-image-293933 \" src=\"https:\/\/www.tgrthaber.com\/mavikadin\/wp-content\/uploads\/2026\/01\/Ekran-goruntusu-2026-01-22-182125.png\" alt=\"\" width=\"1368\" height=\"810\" title=\"\" srcset=\"https:\/\/www.tgrthaber.com\/mavikadin\/wp-content\/uploads\/2026\/01\/Ekran-goruntusu-2026-01-22-182125.png 576w, https:\/\/www.tgrthaber.com\/mavikadin\/wp-content\/uploads\/2026\/01\/Ekran-goruntusu-2026-01-22-182125-300x178.png 300w\" sizes=\"(max-width: 1368px) 100vw, 1368px\" \/><\/p>\n<hr \/>\n<p>Derin bir kapta s\u00fct, yumurta, yo\u011furt ve s\u0131v\u0131 ya\u011f\u0131n\u0131 bir g\u00fczel kar\u0131\u015ft\u0131rarak i\u015fe ba\u015flay\u0131n. Daha sonra tuz ve kabartma tozunu kar\u0131\u015f\u0131ma ekleyin. Unu da yava\u015f yava\u015f ekleyin. Bu a\u015famada ak\u0131\u015fkan ama ka\u015f\u0131ktan a\u011f\u0131r a\u011f\u0131r d\u00f6k\u00fclen bir hamur elde etmeniz gerekiyor.<\/p>\n<p><img loading=\"lazy\" decoding=\"async\" class=\"alignnone wp-image-293935 \" src=\"https:\/\/www.tgrthaber.com\/mavikadin\/wp-content\/uploads\/2026\/01\/Ekran-goruntusu-2026-01-22-182145.png\" alt=\"\" width=\"1157\" height=\"736\" title=\"\" srcset=\"https:\/\/www.tgrthaber.com\/mavikadin\/wp-content\/uploads\/2026\/01\/Ekran-goruntusu-2026-01-22-182145.png 759w, https:\/\/www.tgrthaber.com\/mavikadin\/wp-content\/uploads\/2026\/01\/Ekran-goruntusu-2026-01-22-182145-300x191.png 300w\" sizes=\"(max-width: 1157px) 100vw, 1157px\" \/><\/p>\n<hr \/>\n<p>Yap\u0131\u015fmaz bir tavay\u0131 hafif\u00e7e ya\u011flay\u0131n. Hamuru tavaya d\u00f6k\u00fcn ve ka\u015f\u0131\u011f\u0131n arka y\u00fcz\u00fc yard\u0131m\u0131yla e\u015fit bir \u015fekilde yay\u0131n. \u00dczerine \u00f6nce ka\u015far peyniri, sonradan di\u011fer malzemeleri ekleyin. Tavan\u0131n kapa\u011f\u0131 kapatarak, k\u0131s\u0131k ate\u015fte yakla\u015f\u0131k 15 ila 20 dakika kadar pi\u015firin. \u015eimdiden afiyetler olsun.<\/p>\n<p><img loading=\"lazy\" decoding=\"async\" class=\"alignnone wp-image-293940 \" src=\"https:\/\/www.tgrthaber.com\/mavikadin\/wp-content\/uploads\/2026\/01\/Ekran-goruntusu-2026-01-22-182056.png\" alt=\"\" width=\"1286\" height=\"857\" title=\"\" srcset=\"https:\/\/www.tgrthaber.com\/mavikadin\/wp-content\/uploads\/2026\/01\/Ekran-goruntusu-2026-01-22-182056.png 750w, https:\/\/www.tgrthaber.com\/mavikadin\/wp-content\/uploads\/2026\/01\/Ekran-goruntusu-2026-01-22-182056-300x200.png 300w\" sizes=\"(max-width: 1286px) 100vw, 1286px\" \/><\/p>\n<hr \/>\n<h3>TAM KIVAMI BU P\u00dcF NOKTASINDA SAKLI<\/h3>\n<p>Bu tarifin en \u00f6nemli p\u00fcf noktas\u0131 hamurun ne \u00e7ok kat\u0131 ne de \u00e7ok s\u0131v\u0131 olmas\u0131. Unu bir anda ekleyen yand\u0131. Unu hemen d\u00f6kmek yerine azar azar koymak, tavada <a href=\"https:\/\/www.tgrthaber.com\/mavikadin\/protein-deposu-deniz-mahsullu-pizzaya-bayilacaksiniz-kisin-hastaliga-karsi-kalkan\/\">pizzan\u0131n<\/a> k\u0131vam\u0131n\u0131 tutturman\u0131n ilk \u015fart\u0131. Tavan\u0131n mutlaka k\u0131s\u0131k ate\u015fte olmas\u0131 gerekiyor. Y\u00fcksek ate\u015fte yaparsan\u0131z, alt\u0131n\u0131 yakarken i\u00e7inin \u00e7i\u011f kalmas\u0131na neden olursunuz. Kapa\u011f\u0131 pi\u015firme boyunca kapal\u0131 tutmak da pizzan\u0131n g\u00fczel kabarmas\u0131n\u0131 sa\u011fl\u0131yor.<\/p>\n<p><img loading=\"lazy\" decoding=\"async\" class=\"alignnone wp-image-293937 \" src=\"https:\/\/www.tgrthaber.com\/mavikadin\/wp-content\/uploads\/2026\/01\/Ekran-goruntusu-2026-01-22-182206.png\" alt=\"\" width=\"1339\" height=\"778\" title=\"\" srcset=\"https:\/\/www.tgrthaber.com\/mavikadin\/wp-content\/uploads\/2026\/01\/Ekran-goruntusu-2026-01-22-182206.png 764w, https:\/\/www.tgrthaber.com\/mavikadin\/wp-content\/uploads\/2026\/01\/Ekran-goruntusu-2026-01-22-182206-300x174.png 300w\" sizes=\"(max-width: 1339px) 100vw, 1339px\" \/><\/p>\n<hr \/>\n<h3>EN SIK SORULAN SORULAR VE CEVAPLARI<\/h3>\n<h3>Tavada pizza kabarmazsa ne yap\u0131lmal\u0131?<\/h3>\n<p>Hamur \u00e7ok koyu olmu\u015f olabilir. Bir sonraki denemede s\u00fct miktar\u0131 az art\u0131r\u0131labilir.<\/p>\n<h3>Kabartma tozu yerine maya olur mu?<\/h3>\n<p>Olur ancak bu tarifte kabartma tozu daha pratik ve h\u0131zl\u0131 sonu\u00e7 veriyor.<\/p>\n<p><img loading=\"lazy\" decoding=\"async\" class=\"alignnone wp-image-293939\" src=\"https:\/\/www.tgrthaber.com\/mavikadin\/wp-content\/uploads\/2026\/01\/Ekran-goruntusu-2026-01-22-182040-262x300.png\" alt=\"\" width=\"1208\" height=\"1385\" title=\"\" srcset=\"https:\/\/www.tgrthaber.com\/mavikadin\/wp-content\/uploads\/2026\/01\/Ekran-goruntusu-2026-01-22-182040-262x300.png 262w, https:\/\/www.tgrthaber.com\/mavikadin\/wp-content\/uploads\/2026\/01\/Ekran-goruntusu-2026-01-22-182040.png 437w\" sizes=\"(max-width: 1208px) 100vw, 1208px\" \/><\/p>\n<hr \/>\n<h3>Alt\u0131 k\u0131zarmazsa ne yap\u0131lmal\u0131?<\/h3>\n<p>Son birka\u00e7 dakikada kapa\u011f\u0131 a\u00e7\u0131p alt\u0131n\u0131 kontrol etmekte fayda var. Bu durumda \u00e7ok k\u0131s\u0131k ate\u015fte biraz daha pi\u015firilebilir.<\/p>\n<h3>Farkl\u0131 malzemeler eklenebilir mi?<\/h3>\n<p>Evet, mantar, lor peyniri veya k\u00f6zlenmi\u015f sebzelerle tarif zenginle\u015ftirilebilir.<\/p>\n","protected":false},"excerpt":{"rendered":"<p>Gelinim Mutfakta yeni b\u00f6l\u00fcm yay\u0131nlan\u0131r yay\u0131nlanmaz, gelinlere sunulan bir tarif, izleyiciyi yine merakta b\u0131rakt\u0131. Gelinim Mutfakta&#8217;da \u00e7eyrek kazand\u0131ran tavada anne pizzas\u0131, hem pratik hem de doyurucu olmas\u0131yla yo\u011fun ilgi g\u00f6rd\u00fc. Peki tavada anne pizzas\u0131 nas\u0131l yap\u0131l\u0131r, hangi malzemeler gerekir? \u0130\u015fte t\u00fcm p\u00fcf noktalar\u0131yla tavada anne pizzas\u0131 tarifi&#8230;<\/p>\n","protected":false},"author":35,"featured_media":293927,"comment_status":"closed","ping_status":"closed","sticky":false,"template":"","format":"standard","meta":{"rank_math_lock_modified_date":false,"footnotes":""},"categories":[191],"tags":[16810,16500,71269,71268,8205],"class_list":["post-293922","post","type-post","status-publish","format-standard","has-post-thumbnail","hentry","category-yemek-tarifleri","tag-pizza-tarifi","tag-tarifler","tag-tavada-pizza-malzemeleri","tag-tavada-pizza-nasil-yapilir","tag-yemek-tarifi"],"_links":{"self":[{"href":"https:\/\/www.tgrthaber.com\/mavikadin\/wp-json\/wp\/v2\/posts\/293922"}],"collection":[{"href":"https:\/\/www.tgrthaber.com\/mavikadin\/wp-json\/wp\/v2\/posts"}],"about":[{"href":"https:\/\/www.tgrthaber.com\/mavikadin\/wp-json\/wp\/v2\/types\/post"}],"author":[{"embeddable":true,"href":"https:\/\/www.tgrthaber.com\/mavikadin\/wp-json\/wp\/v2\/users\/35"}],"replies":[{"embeddable":true,"href":"https:\/\/www.tgrthaber.com\/mavikadin\/wp-json\/wp\/v2\/comments?post=293922"}],"version-history":[{"count":2,"href":"https:\/\/www.tgrthaber.com\/mavikadin\/wp-json\/wp\/v2\/posts\/293922\/revisions"}],"predecessor-version":[{"id":293944,"href":"https:\/\/www.tgrthaber.com\/mavikadin\/wp-json\/wp\/v2\/posts\/293922\/revisions\/293944"}],"wp:featuredmedia":[{"embeddable":true,"href":"https:\/\/www.tgrthaber.com\/mavikadin\/wp-json\/wp\/v2\/media\/293927"}],"wp:attachment":[{"href":"https:\/\/www.tgrthaber.com\/mavikadin\/wp-json\/wp\/v2\/media?parent=293922"}],"wp:term":[{"taxonomy":"category","embeddable":true,"href":"https:\/\/www.tgrthaber.com\/mavikadin\/wp-json\/wp\/v2\/categories?post=293922"},{"taxonomy":"post_tag","embeddable":true,"href":"https:\/\/www.tgrthaber.com\/mavikadin\/wp-json\/wp\/v2\/tags?post=293922"}],"curies":[{"name":"wp","href":"https:\/\/api.w.org\/{rel}","templated":true}]}}