{"id":293961,"date":"2026-01-22T19:53:40","date_gmt":"2026-01-22T16:53:40","guid":{"rendered":"https:\/\/www.tgrthaber.com\/mavikadin\/?p=293961"},"modified":"2026-01-22T22:29:12","modified_gmt":"2026-01-22T19:29:12","slug":"survivor-deniz-catalbas-unluler-adasini-karistirdi-serhan-onat-gozyaslarina-hakim-olamadi","status":"publish","type":"post","link":"https:\/\/www.tgrthaber.com\/mavikadin\/survivor-deniz-catalbas-unluler-adasini-karistirdi-serhan-onat-gozyaslarina-hakim-olamadi\/","title":{"rendered":"Survivor Deniz \u00c7atalba\u015f \u00dcnl\u00fcler adas\u0131n\u0131 kar\u0131\u015ft\u0131rd\u0131! Serhan Onat g\u00f6zya\u015flar\u0131na hakim olamad\u0131"},"content":{"rendered":"<p><a href=\"https:\/\/www.tgrthaber.com\/mavikadin\/survivor-22-ocak-2026-odul-oyununu-hangi-takim-kazandi-survivor-odul-oyununun-odulu-ne-oldu\/\">Survivor<\/a> T\u00fcrkiye 2026 \u00dcnl\u00fcler tak\u0131m\u0131nda pirin\u00e7 krizi, adadaki dengeleri alt\u00fcst etti. Deniz \u00c7atalba\u015f\u2019\u0131n, Seren Ay \u00c7etin ile aralar\u0131nda konu\u015fulan pilav konusunu Serhan Onat\u2019a aktarmas\u0131yla tansiyon bir anda y\u00fckseldi. Bayhan\u2019\u0131n pirin\u00e7 yapmas\u0131n\u0131 istemeyen tak\u0131m\u0131n, pilav\u0131n Serhan Onat taraf\u0131ndan haz\u0131rlan\u0131p da\u011f\u0131t\u0131lmas\u0131n\u0131 talep etmesi tart\u0131\u015fmalar\u0131 alevlendirdi. Durumu sonradan \u00f6\u011frenen Serhan Onat, arkada\u015flar\u0131n\u0131n tav\u0131rlar\u0131na sert tepki g\u00f6sterdi. \u00dcnl\u00fcler adas\u0131nda ya\u015fanan bu kriz, duygusal anlara sahne olurken Serhan Onat g\u00f6zya\u015flar\u0131na h\u00e2kim olamad\u0131. Deniz \u00c7atalba\u015f\u2019\u0131n hamlesi sonras\u0131 ya\u015fananlar, Seren Ay \u00c7etin\u2019i k\u0131zd\u0131rd\u0131.<\/p>\n<h3>SURV\u0130VOR DEN\u0130Z \u00c7ATALBA\u015e ADAYI KARI\u015eTIRDI<\/h3>\n<p>Survivor yar\u0131\u015fmas\u0131nda Selen G\u00f6rg\u00fczel\u2019in elenmesiyle pilav yap\u0131m\u0131n\u0131 Bayhan \u00fcstlenmi\u015fti. Pilav da\u011f\u0131l\u0131m\u0131n\u0131 e\u015fit sa\u011flayamad\u0131\u011f\u0131n\u0131 s\u00f6ylenmesi \u00fczerine \u00fcnl\u00fcler tak\u0131m\u0131n\u0131n kad\u0131nlar\u0131 g\u00f6revi <a href=\"https:\/\/www.tgrthaber.com\/mavikadin\/survivor-serhan-onat-bayhana-karsi-ipleri-kopardi-serhan-onattan-bayhana-net-mesaj\/\">Serhan Onat<\/a>\u2019\u0131n olmas\u0131n\u0131 istemi\u015f. D\u00fcn ak\u015fam ki yay\u0131nlanan b\u00f6l\u00fcmde Deniz \u00c7atalba\u015f, Seren Ay \u00c7etin ve Seda Albayrak kendi aralar\u0131nda pilav olay\u0131n\u0131 konu\u015fmu\u015flard\u0131.<\/p>\n<p><img loading=\"lazy\" decoding=\"async\" class=\"alignnone wp-image-293963 size-full\" src=\"https:\/\/www.tgrthaber.com\/mavikadin\/wp-content\/uploads\/2026\/01\/Adsiz-tasarim-4-13.jpg\" alt=\"\" width=\"1208\" height=\"680\" title=\"\" srcset=\"https:\/\/www.tgrthaber.com\/mavikadin\/wp-content\/uploads\/2026\/01\/Adsiz-tasarim-4-13.jpg 1208w, https:\/\/www.tgrthaber.com\/mavikadin\/wp-content\/uploads\/2026\/01\/Adsiz-tasarim-4-13-300x169.jpg 300w, https:\/\/www.tgrthaber.com\/mavikadin\/wp-content\/uploads\/2026\/01\/Adsiz-tasarim-4-13-1024x576.jpg 1024w, https:\/\/www.tgrthaber.com\/mavikadin\/wp-content\/uploads\/2026\/01\/Adsiz-tasarim-4-13-768x432.jpg 768w\" sizes=\"(max-width: 1208px) 100vw, 1208px\" \/><\/p>\n<hr \/>\n<p>Dokunulmazl\u0131k oyunu sonras\u0131 adaya d\u00f6nen \u00fcnl\u00fcler tak\u0131m\u0131nda gerilim dolu anlar ya\u015fand\u0131. Deniz \u00c7atlaba\u015f, \u00f6\u011flen kendi aralar\u0131nda konu\u015ftuklar\u0131 pilav mevzunu Serhan Onat\u2019a anlatt\u0131. Onat, \u201c Pilav\u0131 da\u011f\u0131tma konusunda birtak\u0131m \u015fikayetler olmu\u015f\u201d diyerek tak\u0131m arkada\u015flar\u0131na s\u00f6yledi. Ya\u015fan\u0131lan bu geli\u015fme sonras\u0131nda Serhan Onat, Seren Ay \u00c7etin\u2019in \u201cBayhan\u2019dan tiksindi\u011fini\u201d dile getirdi.<\/p>\n<p><img loading=\"lazy\" decoding=\"async\" class=\"alignnone wp-image-293964 size-full\" src=\"https:\/\/www.tgrthaber.com\/mavikadin\/wp-content\/uploads\/2026\/01\/Adsiz-tasarim-5-12.jpg\" alt=\"\" width=\"1208\" height=\"680\" title=\"\" srcset=\"https:\/\/www.tgrthaber.com\/mavikadin\/wp-content\/uploads\/2026\/01\/Adsiz-tasarim-5-12.jpg 1208w, https:\/\/www.tgrthaber.com\/mavikadin\/wp-content\/uploads\/2026\/01\/Adsiz-tasarim-5-12-300x169.jpg 300w, https:\/\/www.tgrthaber.com\/mavikadin\/wp-content\/uploads\/2026\/01\/Adsiz-tasarim-5-12-1024x576.jpg 1024w, https:\/\/www.tgrthaber.com\/mavikadin\/wp-content\/uploads\/2026\/01\/Adsiz-tasarim-5-12-768x432.jpg 768w\" sizes=\"(max-width: 1208px) 100vw, 1208px\" \/><\/p>\n<hr \/>\n<h3>SERHAN ONAT G\u00d6ZYA\u015eLARINA HAK\u0130M OLAMADI<\/h3>\n<p>Serhan Onat, \u00dcnl\u00fcler tak\u0131m\u0131n\u0131n k\u0131zlar\u0131 taraf\u0131ndan pilav olay\u0131nda zan alt\u0131na kalmas\u0131n\u0131 kabullenemedi. Seren Ay \u00c7etin ile ya\u015fad\u0131\u011f\u0131 gerilim sonras\u0131 Onat, sinirlerine hakim olamad\u0131. Onat, \u201c Ben pilav yemeyece\u011fim bundan sonra. Yemiyorum. Bir lokma pilav yemem.\u201d diyerek tepkisini g\u00f6sterdi.<\/p>\n<p><img loading=\"lazy\" decoding=\"async\" class=\"alignnone wp-image-293965 size-full\" src=\"https:\/\/www.tgrthaber.com\/mavikadin\/wp-content\/uploads\/2026\/01\/Adsiz-tasarim-6-13.jpg\" alt=\"\" width=\"1208\" height=\"680\" title=\"\" srcset=\"https:\/\/www.tgrthaber.com\/mavikadin\/wp-content\/uploads\/2026\/01\/Adsiz-tasarim-6-13.jpg 1208w, https:\/\/www.tgrthaber.com\/mavikadin\/wp-content\/uploads\/2026\/01\/Adsiz-tasarim-6-13-300x169.jpg 300w, https:\/\/www.tgrthaber.com\/mavikadin\/wp-content\/uploads\/2026\/01\/Adsiz-tasarim-6-13-1024x576.jpg 1024w, https:\/\/www.tgrthaber.com\/mavikadin\/wp-content\/uploads\/2026\/01\/Adsiz-tasarim-6-13-768x432.jpg 768w\" sizes=\"(max-width: 1208px) 100vw, 1208px\" \/><\/p>\n<hr \/>\n<p>Murat Ark\u0131n, Serhan Onat\u2019\u0131 yat\u0131\u015ft\u0131rmaya ve sorunu \u00e7\u00f6zmeye \u00e7al\u0131\u015fsa da Seren Ay \u00c7etin\u2019in, \u201c Yemezsen yeme\u201d s\u00f6zleri \u00fczerine ortam daha da gerildi. Onat, barakaya giderek, sessizce a\u011flad\u0131.<\/p>\n<p><img loading=\"lazy\" decoding=\"async\" class=\"alignnone wp-image-293966 size-full\" src=\"https:\/\/www.tgrthaber.com\/mavikadin\/wp-content\/uploads\/2026\/01\/Adsiz-tasarim-8-14.jpg\" alt=\"\" width=\"1208\" height=\"680\" title=\"\" srcset=\"https:\/\/www.tgrthaber.com\/mavikadin\/wp-content\/uploads\/2026\/01\/Adsiz-tasarim-8-14.jpg 1208w, https:\/\/www.tgrthaber.com\/mavikadin\/wp-content\/uploads\/2026\/01\/Adsiz-tasarim-8-14-300x169.jpg 300w, https:\/\/www.tgrthaber.com\/mavikadin\/wp-content\/uploads\/2026\/01\/Adsiz-tasarim-8-14-1024x576.jpg 1024w, https:\/\/www.tgrthaber.com\/mavikadin\/wp-content\/uploads\/2026\/01\/Adsiz-tasarim-8-14-768x432.jpg 768w\" sizes=\"(max-width: 1208px) 100vw, 1208px\" \/><\/p>\n<hr \/>\n<h3><strong>SURV\u0130VOR 2026 \u00dcNL\u00dcLER TAKIMI KADROSU\u00a0<\/strong><\/h3>\n<ul>\n<li>Bayhan G\u00fcrhan<\/li>\n<li>Deniz \u00c7atalba\u015f<\/li>\n<li>Dilan \u00c7\u0131tak (elendi)<\/li>\n<li>Keremcem D\u00fcr\u00fck ( elendi)<\/li>\n<li>Mert Nobre<\/li>\n<li>Meryem Boz<\/li>\n<li>Murat Ark\u0131n<\/li>\n<li>Selen G\u00f6rg\u00fczel (elendi)<\/li>\n<li>Seren Ay \u00c7etin<\/li>\n<li>Serhan Onat<\/li>\n<\/ul>\n<p><img loading=\"lazy\" decoding=\"async\" class=\"alignnone wp-image-293925 size-full\" src=\"https:\/\/www.tgrthaber.com\/mavikadin\/wp-content\/uploads\/2026\/01\/Adsiz-tasarim-11-14.jpg\" alt=\"\" width=\"1208\" height=\"680\" title=\"\" srcset=\"https:\/\/www.tgrthaber.com\/mavikadin\/wp-content\/uploads\/2026\/01\/Adsiz-tasarim-11-14.jpg 1208w, https:\/\/www.tgrthaber.com\/mavikadin\/wp-content\/uploads\/2026\/01\/Adsiz-tasarim-11-14-300x169.jpg 300w, https:\/\/www.tgrthaber.com\/mavikadin\/wp-content\/uploads\/2026\/01\/Adsiz-tasarim-11-14-1024x576.jpg 1024w, https:\/\/www.tgrthaber.com\/mavikadin\/wp-content\/uploads\/2026\/01\/Adsiz-tasarim-11-14-768x432.jpg 768w\" sizes=\"(max-width: 1208px) 100vw, 1208px\" \/><\/p>\n<hr \/>\n<p><strong>\u00dcnl\u00fcler tak\u0131m\u0131na yedeklerden gelen adaylar<\/strong><\/p>\n<p>Can Berkay Ertemiz<\/p>\n<p>Seda Albayrak<\/p>\n","protected":false},"excerpt":{"rendered":"<p>Survivor \u00dcnl\u00fcler tak\u0131m\u0131nda pirin\u00e7 olay\u0131 tart\u0131\u015f\u0131lmaya devam ediyor. Bayhan\u2019\u0131n pirin\u00e7 yapmas\u0131n\u0131 istemeyen \u00dcnl\u00fcler tak\u0131m\u0131 Serhan Onat\u2019\u0131n pilav yapmas\u0131n\u0131 da\u011f\u0131tmas\u0131n\u0131 istediler. Deniz \u00c7atalba\u015f, Seren Ay \u00c7etin\u2019in kendi aralar\u0131nda pilav olay\u0131n\u0131 Serhan Onat\u2019a s\u00f6yleyince olanlar oldu. Serhan Onat, arkada\u015flar\u0131n\u0131n tavr\u0131na k\u0131zarak, g\u00f6zya\u015flar\u0131na hakim olamad\u0131. <\/p>\n","protected":false},"author":10,"featured_media":293967,"comment_status":"closed","ping_status":"closed","sticky":false,"template":"","format":"standard","meta":{"rank_math_lock_modified_date":false,"footnotes":""},"categories":[76],"tags":[66672,133,71274,66833,19805,2366,39250],"class_list":["post-293961","post","type-post","status-publish","format-standard","has-post-thumbnail","hentry","category-magazin","tag-deniz-catalbas","tag-magazin","tag-seda-albayrak","tag-seren-ay-cetin","tag-serhan-onat","tag-survivor","tag-survivor-turkiye"],"_links":{"self":[{"href":"https:\/\/www.tgrthaber.com\/mavikadin\/wp-json\/wp\/v2\/posts\/293961"}],"collection":[{"href":"https:\/\/www.tgrthaber.com\/mavikadin\/wp-json\/wp\/v2\/posts"}],"about":[{"href":"https:\/\/www.tgrthaber.com\/mavikadin\/wp-json\/wp\/v2\/types\/post"}],"author":[{"embeddable":true,"href":"https:\/\/www.tgrthaber.com\/mavikadin\/wp-json\/wp\/v2\/users\/10"}],"replies":[{"embeddable":true,"href":"https:\/\/www.tgrthaber.com\/mavikadin\/wp-json\/wp\/v2\/comments?post=293961"}],"version-history":[{"count":3,"href":"https:\/\/www.tgrthaber.com\/mavikadin\/wp-json\/wp\/v2\/posts\/293961\/revisions"}],"predecessor-version":[{"id":294035,"href":"https:\/\/www.tgrthaber.com\/mavikadin\/wp-json\/wp\/v2\/posts\/293961\/revisions\/294035"}],"wp:featuredmedia":[{"embeddable":true,"href":"https:\/\/www.tgrthaber.com\/mavikadin\/wp-json\/wp\/v2\/media\/293967"}],"wp:attachment":[{"href":"https:\/\/www.tgrthaber.com\/mavikadin\/wp-json\/wp\/v2\/media?parent=293961"}],"wp:term":[{"taxonomy":"category","embeddable":true,"href":"https:\/\/www.tgrthaber.com\/mavikadin\/wp-json\/wp\/v2\/categories?post=293961"},{"taxonomy":"post_tag","embeddable":true,"href":"https:\/\/www.tgrthaber.com\/mavikadin\/wp-json\/wp\/v2\/tags?post=293961"}],"curies":[{"name":"wp","href":"https:\/\/api.w.org\/{rel}","templated":true}]}}