{"id":294010,"date":"2026-01-22T21:20:39","date_gmt":"2026-01-22T18:20:39","guid":{"rendered":"https:\/\/www.tgrthaber.com\/mavikadin\/?p=294010"},"modified":"2026-01-22T21:23:32","modified_gmt":"2026-01-22T18:23:32","slug":"survivor-2026ya-4-yeni-isim-daha-kadro-genisliyor-dengeler-degisiyor","status":"publish","type":"post","link":"https:\/\/www.tgrthaber.com\/mavikadin\/survivor-2026ya-4-yeni-isim-daha-kadro-genisliyor-dengeler-degisiyor\/","title":{"rendered":"Survivor 2026\u2019ya 4 yeni isim daha! Kadro geni\u015fliyor dengeler de\u011fi\u015fiyor"},"content":{"rendered":"<p>Survivor 2026 <a href=\"https:\/\/www.tgrthaber.com\/mavikadin\/survivor-2026-unluler-gonullulere-all-star-surprizi-survivor-2026-unluler-gonulluler-all-star-yarismacilari-kimler\/\">All Star<\/a> yar\u0131\u015fmac\u0131lar\u0131n\u0131n gelmesine az bir zaman kalm\u0131\u015fken, yar\u0131\u015fman\u0131n kadrosu da her ge\u00e7en g\u00fcn daha da \u015fekilleniyor. Acun Il\u0131cal\u0131\u2019n\u0131n yap\u0131mc\u0131l\u0131\u011f\u0131n\u0131 \u00fcstlendi\u011fi ve her sezonu b\u00fcy\u00fck ilgi g\u00f6ren Survivor\u2019da, rekabeti art\u0131racak 4 yeni isim daha kadroya dahil olaca\u011f\u0131 iddia ediliyor. Spor, magazin ve televizyon d\u00fcnyas\u0131ndan gelen isimlerin, parkurlardaki performans\u0131 ve hangi tak\u0131ma gidecekleri \u015fimdiden merak konusu oldu. Peki, Survivor 2026 \u00dcnl\u00fcler G\u00f6n\u00fcll\u00fcler kadrosuna hangi All Star yar\u0131\u015fmac\u0131lar\u0131 gelecek?<\/p>\n<h3>SURV\u0130VOR 2026\u2019YA 4 YEN\u0130 \u0130S\u0130M<\/h3>\n<p><a href=\"https:\/\/www.tgrthaber.com\/mavikadin\/survivor-22-ocak-2026-odul-oyununu-hangi-takim-kazandi-survivor-odul-oyununun-odulu-ne-oldu\/\">Survivor<\/a> 2026\u2019da heyecan her ge\u00e7en g\u00fcn artarken, yar\u0131\u015fman\u0131n kadrosuna 4 yeni ismin dahil oldu\u011funa dair iddia ortaya at\u0131ld\u0131. \u00dcnl\u00fcler\u2013G\u00f6n\u00fcll\u00fcler m\u00fccadelesinde dengeleri de\u011fi\u015ftirmesi beklenen yeni yar\u0131\u015fmac\u0131lar Tu\u011f\u00e7e Melis, Do\u011fu\u015f, Osman Can Ural ve B\u00fc\u015fra Yal\u00e7\u0131n isimleri ge\u00e7iyor. Farkl\u0131 karakterleri ve ge\u00e7mi\u015fleriyle dikkat \u00e7eken Survivor yar\u0131\u015fmac\u0131lar\u0131n\u0131n adaya kat\u0131lmas\u0131yla neler olaca\u011f\u0131 merak ediliyor.<\/p>\n<p><img loading=\"lazy\" decoding=\"async\" class=\"alignnone wp-image-294012 size-full\" src=\"https:\/\/www.tgrthaber.com\/mavikadin\/wp-content\/uploads\/2026\/01\/Survivor-2026ya-4-yeni-isim-daha.jpg\" alt=\"\" width=\"1208\" height=\"680\" title=\"\" srcset=\"https:\/\/www.tgrthaber.com\/mavikadin\/wp-content\/uploads\/2026\/01\/Survivor-2026ya-4-yeni-isim-daha.jpg 1208w, https:\/\/www.tgrthaber.com\/mavikadin\/wp-content\/uploads\/2026\/01\/Survivor-2026ya-4-yeni-isim-daha-300x169.jpg 300w, https:\/\/www.tgrthaber.com\/mavikadin\/wp-content\/uploads\/2026\/01\/Survivor-2026ya-4-yeni-isim-daha-1024x576.jpg 1024w, https:\/\/www.tgrthaber.com\/mavikadin\/wp-content\/uploads\/2026\/01\/Survivor-2026ya-4-yeni-isim-daha-768x432.jpg 768w\" sizes=\"(max-width: 1208px) 100vw, 1208px\" \/><\/p>\n<hr \/>\n<p>Sosyal medyada g\u00fcndem olan bu isimler daha adaya ayak basmadan sosyal mecrada konu\u015fulmaya ba\u015fland\u0131. Yar\u0131\u015ft\u0131klar\u0131 sezonlarda performans\u0131yla ve bireysel m\u00fccadele g\u00fcc\u00fc, stratejik hamleleriyle \u00f6ne \u00e7\u0131kan yar\u0131\u015fmac\u0131lar\u0131n, hangi tak\u0131mlara gidece\u011fi ise kullan\u0131c\u0131lar taraf\u0131ndan tahmin ediliyor. Survivor 2026\u2019da rekabetin dozu y\u00fckselirken, Tu\u011f\u00e7e Melis, Do\u011fu\u015f, Osman Can Ural ve B\u00fc\u015fra Yal\u00e7\u0131n\u2019\u0131 \u00f6n\u00fcm\u00fczdeki g\u00fcnlerde adaya gelece\u011fine dair iddialar bulunuyor.<\/p>\n<p><img loading=\"lazy\" decoding=\"async\" class=\"alignnone wp-image-293926 size-full\" src=\"https:\/\/www.tgrthaber.com\/mavikadin\/wp-content\/uploads\/2026\/01\/Survivor-2026-Unluler-Gonulluler-1.jpg\" alt=\"\" width=\"1208\" height=\"680\" title=\"\" srcset=\"https:\/\/www.tgrthaber.com\/mavikadin\/wp-content\/uploads\/2026\/01\/Survivor-2026-Unluler-Gonulluler-1.jpg 1208w, https:\/\/www.tgrthaber.com\/mavikadin\/wp-content\/uploads\/2026\/01\/Survivor-2026-Unluler-Gonulluler-1-300x169.jpg 300w, https:\/\/www.tgrthaber.com\/mavikadin\/wp-content\/uploads\/2026\/01\/Survivor-2026-Unluler-Gonulluler-1-1024x576.jpg 1024w, https:\/\/www.tgrthaber.com\/mavikadin\/wp-content\/uploads\/2026\/01\/Survivor-2026-Unluler-Gonulluler-1-768x432.jpg 768w\" sizes=\"(max-width: 1208px) 100vw, 1208px\" \/><\/p>\n<hr \/>\n<h3>SURV\u0130VOR 2026 \u00dcNL\u00dcLER VE G\u00d6N\u00dcLL\u00dcLER KADROSU<\/h3>\n<p><strong>\u00dcnl\u00fcler Tak\u0131m\u0131 kadrosu<\/strong><\/p>\n<ul>\n<li>Bayhan G\u00fcrhan<\/li>\n<li>Deniz \u00c7atalba\u015f<\/li>\n<li>Dilan \u00c7\u0131tak (elendi)<\/li>\n<li>Keremcem D\u00fcr\u00fck ( elendi)<\/li>\n<li>Mert Nobre<\/li>\n<li>Meryem Boz<\/li>\n<li>Murat Ark\u0131n<\/li>\n<li>Selen G\u00f6rg\u00fczel (elendi)<\/li>\n<li>Seren Ay \u00c7etin<\/li>\n<li>Serhan Onat<\/li>\n<\/ul>\n<p><img loading=\"lazy\" decoding=\"async\" class=\"alignnone wp-image-293966 size-full\" src=\"https:\/\/www.tgrthaber.com\/mavikadin\/wp-content\/uploads\/2026\/01\/Adsiz-tasarim-8-14.jpg\" alt=\"\" width=\"1208\" height=\"680\" title=\"\" srcset=\"https:\/\/www.tgrthaber.com\/mavikadin\/wp-content\/uploads\/2026\/01\/Adsiz-tasarim-8-14.jpg 1208w, https:\/\/www.tgrthaber.com\/mavikadin\/wp-content\/uploads\/2026\/01\/Adsiz-tasarim-8-14-300x169.jpg 300w, https:\/\/www.tgrthaber.com\/mavikadin\/wp-content\/uploads\/2026\/01\/Adsiz-tasarim-8-14-1024x576.jpg 1024w, https:\/\/www.tgrthaber.com\/mavikadin\/wp-content\/uploads\/2026\/01\/Adsiz-tasarim-8-14-768x432.jpg 768w\" sizes=\"(max-width: 1208px) 100vw, 1208px\" \/><\/p>\n<hr \/>\n<p><strong>\u00dcnl\u00fcler tak\u0131m\u0131na yedeklerden gelen adaylar<\/strong><\/p>\n<p>Can Berkay Ertemiz<\/p>\n<p>Seda Albayrak<\/p>\n<p><img loading=\"lazy\" decoding=\"async\" class=\"alignnone wp-image-293924 size-full\" src=\"https:\/\/www.tgrthaber.com\/mavikadin\/wp-content\/uploads\/2026\/01\/SURVIVOR-2026-UNLULER-VE-GONULLULER-KADROSU-3.jpg\" alt=\"\" width=\"1208\" height=\"680\" title=\"\" srcset=\"https:\/\/www.tgrthaber.com\/mavikadin\/wp-content\/uploads\/2026\/01\/SURVIVOR-2026-UNLULER-VE-GONULLULER-KADROSU-3.jpg 1208w, https:\/\/www.tgrthaber.com\/mavikadin\/wp-content\/uploads\/2026\/01\/SURVIVOR-2026-UNLULER-VE-GONULLULER-KADROSU-3-300x169.jpg 300w, https:\/\/www.tgrthaber.com\/mavikadin\/wp-content\/uploads\/2026\/01\/SURVIVOR-2026-UNLULER-VE-GONULLULER-KADROSU-3-1024x576.jpg 1024w, https:\/\/www.tgrthaber.com\/mavikadin\/wp-content\/uploads\/2026\/01\/SURVIVOR-2026-UNLULER-VE-GONULLULER-KADROSU-3-768x432.jpg 768w\" sizes=\"(max-width: 1208px) 100vw, 1208px\" \/><\/p>\n<hr \/>\n<p><strong>G\u00f6n\u00fcll\u00fcler tak\u0131m\u0131 kadrosu<\/strong><\/p>\n<p>Ramazan Sar\u0131<\/p>\n<p>Beyza Gemici<\/p>\n<p>Engincan Tura<\/p>\n<p>Eren Semerci<\/p>\n<p>Erkan Bilben<\/p>\n<p>G\u00f6zde Bozkurt<\/p>\n<p>Lina Hourieh<\/p>\n<p>Nisanur G\u00fcler<\/p>\n<p>Onur Alp \u00c7am<\/p>\n<p><img loading=\"lazy\" decoding=\"async\" class=\"alignnone wp-image-293925 size-full\" src=\"https:\/\/www.tgrthaber.com\/mavikadin\/wp-content\/uploads\/2026\/01\/Adsiz-tasarim-11-14.jpg\" alt=\"\" width=\"1208\" height=\"680\" title=\"\" srcset=\"https:\/\/www.tgrthaber.com\/mavikadin\/wp-content\/uploads\/2026\/01\/Adsiz-tasarim-11-14.jpg 1208w, https:\/\/www.tgrthaber.com\/mavikadin\/wp-content\/uploads\/2026\/01\/Adsiz-tasarim-11-14-300x169.jpg 300w, https:\/\/www.tgrthaber.com\/mavikadin\/wp-content\/uploads\/2026\/01\/Adsiz-tasarim-11-14-1024x576.jpg 1024w, https:\/\/www.tgrthaber.com\/mavikadin\/wp-content\/uploads\/2026\/01\/Adsiz-tasarim-11-14-768x432.jpg 768w\" sizes=\"(max-width: 1208px) 100vw, 1208px\" \/><\/p>\n<hr \/>\n<h3>SURV\u0130VOR 2026\u2019YA VEDE EDEN YARI\u015eMACILAR<\/h3>\n<ul>\n<li>Dilan \u00c7\u0131tak<\/li>\n<li>Keremcem D\u00fcr\u00fck<\/li>\n<li>Selen G\u00f6rg\u00fczel<\/li>\n<\/ul>\n<p><img loading=\"lazy\" decoding=\"async\" class=\"alignnone wp-image-294013 size-full\" src=\"https:\/\/www.tgrthaber.com\/mavikadin\/wp-content\/uploads\/2026\/01\/Adsiz-tasarim-100.jpg\" alt=\"\" width=\"1208\" height=\"680\" title=\"\" srcset=\"https:\/\/www.tgrthaber.com\/mavikadin\/wp-content\/uploads\/2026\/01\/Adsiz-tasarim-100.jpg 1208w, https:\/\/www.tgrthaber.com\/mavikadin\/wp-content\/uploads\/2026\/01\/Adsiz-tasarim-100-300x169.jpg 300w, https:\/\/www.tgrthaber.com\/mavikadin\/wp-content\/uploads\/2026\/01\/Adsiz-tasarim-100-1024x576.jpg 1024w, https:\/\/www.tgrthaber.com\/mavikadin\/wp-content\/uploads\/2026\/01\/Adsiz-tasarim-100-768x432.jpg 768w\" sizes=\"(max-width: 1208px) 100vw, 1208px\" \/><\/p>\n<hr \/>\n<h3>SURV\u0130VOR 2026 \u00dcNL\u00dcLER G\u00d6N\u00dcLL\u00dcLER&#8217;E ALL STARLAR NE ZAMAN GELECEK?<\/h3>\n<p>\u0130zleyicilerin merakla bekledi\u011fi eski yar\u0131\u015fmac\u0131lar\u0131n Survivor 2026 \u00dcnl\u00fcler G\u00f6n\u00fcl\u00fcler kadrosuna ne zaman dahil olacaklar\u0131 hen\u00fcz netle\u015fmedi. Sosyal medyada bir\u00e7ok Survivor All Star yar\u0131\u015fmac\u0131s\u0131n\u0131n ad\u0131 ge\u00e7se de\u00a0 Dominik Cumhuriyeti&#8217;ne zaman gidecekleri bilinmiyor. Acun Il\u0131cal\u0131, ge\u00e7ti\u011fimiz g\u00fcnlerde haftaya bir\u00e7ok s\u00fcrprizle kar\u015f\u0131la\u015fabilirsiniz diyerek, yar\u0131\u015fmac\u0131lar\u0131 uyarm\u0131\u015ft\u0131. Il\u0131cal\u0131&#8217;n\u0131n bu s\u00f6ylemleri kullan\u0131c\u0131lar taraf\u0131ndan All Star yar\u0131\u015fmac\u0131lar\u0131 haftaya gelecek \u015feklinde tahminler y\u00fcr\u00fctmesine neden olmu\u015ftu. Acun Medya taraf\u0131ndan eski Survivor All Star yar\u0131\u015fmac\u0131lar\u0131n kadroya hangi g\u00fcn geleceklerine dair bir bilgi hen\u00fcz a\u00e7\u0131klanmad\u0131.<\/p>\n","protected":false},"excerpt":{"rendered":"<p>Survivor T\u00fcrkiye \u00dcnl\u00fcler G\u00f6n\u00fcll\u00fcler 2026 yar\u0131\u015fmas\u0131nda haftaya b\u00fcy\u00fck s\u00fcrprizler ya\u015fanacak. Eski survivor yar\u0131\u015fmac\u0131lara Dominik Cumhuriyeti\u2019ne giderek Survivor 2026 kadrosuna kat\u0131lacak. \u00dcnl\u00fcler ve G\u00f6n\u00fcll\u00fcler tak\u0131m\u0131na dahil olan 4 yeni isim, daha adaya \u00e7\u0131kmadan sosyal medyada g\u00fcndem oldu. \u0130\u015fte Survivor 2026\u2019ya son kat\u0131lan yar\u0131\u015fmac\u0131lar\u2026<\/p>\n","protected":false},"author":10,"featured_media":294014,"comment_status":"closed","ping_status":"closed","sticky":false,"template":"","format":"standard","meta":{"rank_math_lock_modified_date":false,"footnotes":""},"categories":[76],"tags":[133,2218,2366,63785,39250,68604],"class_list":["post-294010","post","type-post","status-publish","format-standard","has-post-thumbnail","hentry","category-magazin","tag-magazin","tag-magazin-haberleri","tag-survivor","tag-survivor-2026","tag-survivor-turkiye","tag-survivor-2026-unluler-gonulluler"],"_links":{"self":[{"href":"https:\/\/www.tgrthaber.com\/mavikadin\/wp-json\/wp\/v2\/posts\/294010"}],"collection":[{"href":"https:\/\/www.tgrthaber.com\/mavikadin\/wp-json\/wp\/v2\/posts"}],"about":[{"href":"https:\/\/www.tgrthaber.com\/mavikadin\/wp-json\/wp\/v2\/types\/post"}],"author":[{"embeddable":true,"href":"https:\/\/www.tgrthaber.com\/mavikadin\/wp-json\/wp\/v2\/users\/10"}],"replies":[{"embeddable":true,"href":"https:\/\/www.tgrthaber.com\/mavikadin\/wp-json\/wp\/v2\/comments?post=294010"}],"version-history":[{"count":2,"href":"https:\/\/www.tgrthaber.com\/mavikadin\/wp-json\/wp\/v2\/posts\/294010\/revisions"}],"predecessor-version":[{"id":294016,"href":"https:\/\/www.tgrthaber.com\/mavikadin\/wp-json\/wp\/v2\/posts\/294010\/revisions\/294016"}],"wp:featuredmedia":[{"embeddable":true,"href":"https:\/\/www.tgrthaber.com\/mavikadin\/wp-json\/wp\/v2\/media\/294014"}],"wp:attachment":[{"href":"https:\/\/www.tgrthaber.com\/mavikadin\/wp-json\/wp\/v2\/media?parent=294010"}],"wp:term":[{"taxonomy":"category","embeddable":true,"href":"https:\/\/www.tgrthaber.com\/mavikadin\/wp-json\/wp\/v2\/categories?post=294010"},{"taxonomy":"post_tag","embeddable":true,"href":"https:\/\/www.tgrthaber.com\/mavikadin\/wp-json\/wp\/v2\/tags?post=294010"}],"curies":[{"name":"wp","href":"https:\/\/api.w.org\/{rel}","templated":true}]}}