{"id":294024,"date":"2026-01-22T21:44:53","date_gmt":"2026-01-22T18:44:53","guid":{"rendered":"https:\/\/www.tgrthaber.com\/mavikadin\/?p=294024"},"modified":"2026-01-23T00:20:38","modified_gmt":"2026-01-22T21:20:38","slug":"survivorda-kim-elendi-survivor-22-ocak-2026-elenen-yarismaci-kim-oldu","status":"publish","type":"post","link":"https:\/\/www.tgrthaber.com\/mavikadin\/survivorda-kim-elendi-survivor-22-ocak-2026-elenen-yarismaci-kim-oldu\/","title":{"rendered":"Survivor\u2019da kim elendi? Survivor 22 Ocak 2026 elenen yar\u0131\u015fmac\u0131 kim oldu?"},"content":{"rendered":"<p><a href=\"https:\/\/www.tgrthaber.com\/mavikadin\/survivor-22-ocak-2026-odul-oyununu-hangi-takim-kazandi-survivor-odul-oyununun-odulu-ne-oldu\/\">Survivor<\/a> T\u00fcrkiye 2026\u2019da 22 Ocak eleme gecesi, duygusal ve tansiyonun y\u00fcksek oldu\u011fu anlara sahne oldu. Haftalar s\u00fcren zorlu parkurlar, dokunulmazl\u0131k m\u00fccadeleleri ve ada i\u00e7i tart\u0131\u015fmalar\u0131n ard\u0131ndan eleme potas\u0131ndaki yar\u0131\u015fmac\u0131lar kaderlerini kader konseyine b\u0131rakt\u0131. Konseyde yap\u0131lan a\u00e7\u0131klamayla birlikte Survivor hayali sona eren isim belli olacak. Kader Konseyi\u2019nde Eren Semerci ve Erkan Bilben i\u00e7in ne karar verecek? Survivor\u2019da kim elendi? Survivor 22 Ocak 2026 elenen yar\u0131\u015fmac\u0131 kim oldu?<\/p>\n<h3>SURV\u0130VOR\u2019DA K\u0130M ELEND\u0130?<\/h3>\n<p><a href=\"https:\/\/www.tgrthaber.com\/mavikadin\/survivorda-ceza-oyunu-herkese-yok-artik-dedirtti-survivor-22-ocak-2026-ceza-oyununu-hangi-takim-aldi\/\">Survivor<\/a> 2026\u2019da bir eleme gecesi daha ya\u015fanacak. \u00dcnl\u00fcler ve G\u00f6n\u00fcll\u00fcler tak\u0131mlar\u0131 aras\u0131nda ya\u015fanan k\u0131yas\u0131ya m\u00fccadelelerin ard\u0131ndan, eleme potas\u0131na giren Eren Semerci ve Erkan Bilben kaderlerini \u00dcnl\u00fcler tak\u0131m\u0131n\u0131n verece\u011fi oylara b\u0131rakt\u0131. Acun Il\u0131cal\u0131\u2019n\u0131n a\u00e7\u0131klad\u0131\u011f\u0131 sonu\u00e7la birlikte Survivor hayaline veda eden isim belli olacak. Survivor T\u00fcrkiye yar\u0131\u015fmas\u0131na veda eden Erkan Bilben oldu.<\/p>\n<p><img loading=\"lazy\" decoding=\"async\" class=\"alignnone wp-image-293925 size-full\" src=\"https:\/\/www.tgrthaber.com\/mavikadin\/wp-content\/uploads\/2026\/01\/Adsiz-tasarim-11-14.jpg\" alt=\"\" width=\"1208\" height=\"680\" title=\"\" srcset=\"https:\/\/www.tgrthaber.com\/mavikadin\/wp-content\/uploads\/2026\/01\/Adsiz-tasarim-11-14.jpg 1208w, https:\/\/www.tgrthaber.com\/mavikadin\/wp-content\/uploads\/2026\/01\/Adsiz-tasarim-11-14-300x169.jpg 300w, https:\/\/www.tgrthaber.com\/mavikadin\/wp-content\/uploads\/2026\/01\/Adsiz-tasarim-11-14-1024x576.jpg 1024w, https:\/\/www.tgrthaber.com\/mavikadin\/wp-content\/uploads\/2026\/01\/Adsiz-tasarim-11-14-768x432.jpg 768w\" sizes=\"(max-width: 1208px) 100vw, 1208px\" \/><\/p>\n<hr \/>\n<h3>SURV\u0130VOR 22 OCAK 2026 ELENEN YARI\u015eMACI K\u0130M OLDU?<\/h3>\n<p>22 Ocak 2026 ak\u015fam\u0131 Survivor T\u00fcrkiye 2026\u2019da eleme gecesi, izleyicilere unutulmaz anlar ya\u015fatt\u0131. Survivor hayallerini s\u00fcrd\u00fcrmek i\u00e7in Eren Semerci ve Erkan Bilben d\u00fcelloya \u00e7\u0131kt\u0131. Kader Konseyinde \u00dcnl\u00fcler tak\u0131m\u0131ndan gelen oylar\u0131n a\u00e7\u0131klanmas\u0131yla birlikte adaya veda eden isim netle\u015fecek. Survivor 22 Ocak 2026 elenen yar\u0131\u015fmac\u0131 Erkan Bilben oldu.<\/p>\n<p><img loading=\"lazy\" decoding=\"async\" class=\"alignnone wp-image-293926 size-full\" src=\"https:\/\/www.tgrthaber.com\/mavikadin\/wp-content\/uploads\/2026\/01\/Survivor-2026-Unluler-Gonulluler-1.jpg\" alt=\"\" width=\"1208\" height=\"680\" title=\"\" srcset=\"https:\/\/www.tgrthaber.com\/mavikadin\/wp-content\/uploads\/2026\/01\/Survivor-2026-Unluler-Gonulluler-1.jpg 1208w, https:\/\/www.tgrthaber.com\/mavikadin\/wp-content\/uploads\/2026\/01\/Survivor-2026-Unluler-Gonulluler-1-300x169.jpg 300w, https:\/\/www.tgrthaber.com\/mavikadin\/wp-content\/uploads\/2026\/01\/Survivor-2026-Unluler-Gonulluler-1-1024x576.jpg 1024w, https:\/\/www.tgrthaber.com\/mavikadin\/wp-content\/uploads\/2026\/01\/Survivor-2026-Unluler-Gonulluler-1-768x432.jpg 768w\" sizes=\"(max-width: 1208px) 100vw, 1208px\" \/><\/p>\n<hr \/>\n<h3>SURV\u0130VOR 2026 \u00dcNL\u00dcLER VE G\u00d6N\u00dcLL\u00dcLER KADROSU<\/h3>\n<p><strong>\u00dcnl\u00fcler Tak\u0131m\u0131 kadrosu<\/strong><\/p>\n<ul>\n<li>Bayhan G\u00fcrhan<\/li>\n<li>Deniz \u00c7atalba\u015f<\/li>\n<li>Dilan \u00c7\u0131tak (elendi)<\/li>\n<li>Keremcem D\u00fcr\u00fck ( elendi)<\/li>\n<li>Mert Nobre<\/li>\n<li>Meryem Boz<\/li>\n<li>Murat Ark\u0131n<\/li>\n<li>Selen G\u00f6rg\u00fczel (elendi)<\/li>\n<li>Seren Ay \u00c7etin<\/li>\n<li>Serhan Onat<\/li>\n<\/ul>\n<p><img loading=\"lazy\" decoding=\"async\" class=\"alignnone wp-image-293966 size-full\" src=\"https:\/\/www.tgrthaber.com\/mavikadin\/wp-content\/uploads\/2026\/01\/Adsiz-tasarim-8-14.jpg\" alt=\"\" width=\"1208\" height=\"680\" title=\"\" srcset=\"https:\/\/www.tgrthaber.com\/mavikadin\/wp-content\/uploads\/2026\/01\/Adsiz-tasarim-8-14.jpg 1208w, https:\/\/www.tgrthaber.com\/mavikadin\/wp-content\/uploads\/2026\/01\/Adsiz-tasarim-8-14-300x169.jpg 300w, https:\/\/www.tgrthaber.com\/mavikadin\/wp-content\/uploads\/2026\/01\/Adsiz-tasarim-8-14-1024x576.jpg 1024w, https:\/\/www.tgrthaber.com\/mavikadin\/wp-content\/uploads\/2026\/01\/Adsiz-tasarim-8-14-768x432.jpg 768w\" sizes=\"(max-width: 1208px) 100vw, 1208px\" \/><\/p>\n<hr \/>\n<p><strong>\u00dcnl\u00fcler tak\u0131m\u0131na yedeklerden gelen adaylar<\/strong><\/p>\n<p>Can Berkay Ertemiz<\/p>\n<p>Seda Albayrak<\/p>\n<p><img loading=\"lazy\" decoding=\"async\" class=\"alignnone wp-image-293924 size-full\" src=\"https:\/\/www.tgrthaber.com\/mavikadin\/wp-content\/uploads\/2026\/01\/SURVIVOR-2026-UNLULER-VE-GONULLULER-KADROSU-3.jpg\" alt=\"\" width=\"1208\" height=\"680\" title=\"\" srcset=\"https:\/\/www.tgrthaber.com\/mavikadin\/wp-content\/uploads\/2026\/01\/SURVIVOR-2026-UNLULER-VE-GONULLULER-KADROSU-3.jpg 1208w, https:\/\/www.tgrthaber.com\/mavikadin\/wp-content\/uploads\/2026\/01\/SURVIVOR-2026-UNLULER-VE-GONULLULER-KADROSU-3-300x169.jpg 300w, https:\/\/www.tgrthaber.com\/mavikadin\/wp-content\/uploads\/2026\/01\/SURVIVOR-2026-UNLULER-VE-GONULLULER-KADROSU-3-1024x576.jpg 1024w, https:\/\/www.tgrthaber.com\/mavikadin\/wp-content\/uploads\/2026\/01\/SURVIVOR-2026-UNLULER-VE-GONULLULER-KADROSU-3-768x432.jpg 768w\" sizes=\"(max-width: 1208px) 100vw, 1208px\" \/><\/p>\n<hr \/>\n<p><strong>G\u00f6n\u00fcll\u00fcler tak\u0131m\u0131 kadrosu<\/strong><\/p>\n<p>Ramazan Sar\u0131<\/p>\n<p>Beyza Gemici<\/p>\n<p>Engincan Tura<\/p>\n<p>Eren Semerci<\/p>\n<p>Erkan Bilben<\/p>\n<p>G\u00f6zde Bozkurt<\/p>\n<p>Lina Hourieh<\/p>\n<p>Nisanur G\u00fcler<\/p>\n<p>Onur Alp \u00c7am<\/p>\n<p><img loading=\"lazy\" decoding=\"async\" class=\"alignnone wp-image-293930 size-full\" src=\"https:\/\/www.tgrthaber.com\/mavikadin\/wp-content\/uploads\/2026\/01\/Adsiz-tasarim-1-8.jpg\" alt=\"\" width=\"1208\" height=\"680\" title=\"\" srcset=\"https:\/\/www.tgrthaber.com\/mavikadin\/wp-content\/uploads\/2026\/01\/Adsiz-tasarim-1-8.jpg 1208w, https:\/\/www.tgrthaber.com\/mavikadin\/wp-content\/uploads\/2026\/01\/Adsiz-tasarim-1-8-300x169.jpg 300w, https:\/\/www.tgrthaber.com\/mavikadin\/wp-content\/uploads\/2026\/01\/Adsiz-tasarim-1-8-1024x576.jpg 1024w, https:\/\/www.tgrthaber.com\/mavikadin\/wp-content\/uploads\/2026\/01\/Adsiz-tasarim-1-8-768x432.jpg 768w\" sizes=\"(max-width: 1208px) 100vw, 1208px\" \/><\/p>\n<hr \/>\n<h3>SURV\u0130VOR 2026\u2019YA VEDE EDEN YARI\u015eMACILAR<\/h3>\n<ul>\n<li>Dilan \u00c7\u0131tak<\/li>\n<li>Keremcem D\u00fcr\u00fck<\/li>\n<li>Selen G\u00f6rg\u00fczel<\/li>\n<\/ul>\n","protected":false},"excerpt":{"rendered":"<p>Survivor 2026 \u00dcnl\u00fcler G\u00f6n\u00fcl\u00fcler yar\u0131\u015fmas\u0131nda bu ak\u015fam adaya bir ki\u015fi veda edecek. 22 Ocak ak\u015fam\u0131 oynanacak olan d\u00fcello sonucunda G\u00f6n\u00fcll\u00fcler aras\u0131ndan elenecek olan bir yar\u0131\u015fmac\u0131n\u0131n kaderi Kader Konseyine kald\u0131. \u00dcnl\u00fcler tak\u0131m\u0131 Kader Konsey\u2019inde hangisine Evet hangisine Hay\u0131r diyecek. Peki, Survivor\u2019da kim elendi? Survivor 22 Ocak 2026 elenen yar\u0131\u015fmac\u0131 kim oldu?<\/p>\n","protected":false},"author":10,"featured_media":294028,"comment_status":"closed","ping_status":"closed","sticky":false,"template":"","format":"standard","meta":{"rank_math_lock_modified_date":false,"footnotes":""},"categories":[76],"tags":[71292,133,2366,63785,21693,69840],"class_list":["post-294024","post","type-post","status-publish","format-standard","has-post-thumbnail","hentry","category-magazin","tag-22-ocak-2026-survivor-elenen-yarismaci","tag-magazin","tag-survivor","tag-survivor-2026","tag-survivor-eleme-gecesi","tag-survivor-kader-konseyi"],"_links":{"self":[{"href":"https:\/\/www.tgrthaber.com\/mavikadin\/wp-json\/wp\/v2\/posts\/294024"}],"collection":[{"href":"https:\/\/www.tgrthaber.com\/mavikadin\/wp-json\/wp\/v2\/posts"}],"about":[{"href":"https:\/\/www.tgrthaber.com\/mavikadin\/wp-json\/wp\/v2\/types\/post"}],"author":[{"embeddable":true,"href":"https:\/\/www.tgrthaber.com\/mavikadin\/wp-json\/wp\/v2\/users\/10"}],"replies":[{"embeddable":true,"href":"https:\/\/www.tgrthaber.com\/mavikadin\/wp-json\/wp\/v2\/comments?post=294024"}],"version-history":[{"count":3,"href":"https:\/\/www.tgrthaber.com\/mavikadin\/wp-json\/wp\/v2\/posts\/294024\/revisions"}],"predecessor-version":[{"id":294047,"href":"https:\/\/www.tgrthaber.com\/mavikadin\/wp-json\/wp\/v2\/posts\/294024\/revisions\/294047"}],"wp:featuredmedia":[{"embeddable":true,"href":"https:\/\/www.tgrthaber.com\/mavikadin\/wp-json\/wp\/v2\/media\/294028"}],"wp:attachment":[{"href":"https:\/\/www.tgrthaber.com\/mavikadin\/wp-json\/wp\/v2\/media?parent=294024"}],"wp:term":[{"taxonomy":"category","embeddable":true,"href":"https:\/\/www.tgrthaber.com\/mavikadin\/wp-json\/wp\/v2\/categories?post=294024"},{"taxonomy":"post_tag","embeddable":true,"href":"https:\/\/www.tgrthaber.com\/mavikadin\/wp-json\/wp\/v2\/tags?post=294024"}],"curies":[{"name":"wp","href":"https:\/\/api.w.org\/{rel}","templated":true}]}}