{"id":294036,"date":"2026-01-22T23:55:46","date_gmt":"2026-01-22T20:55:46","guid":{"rendered":"https:\/\/www.tgrthaber.com\/mavikadin\/?p=294036"},"modified":"2026-01-23T00:09:32","modified_gmt":"2026-01-22T21:09:32","slug":"survivor-unluler-gonullulerde-acil-durum-konseyi-survivor-2026ya-gelen-all-star-yarismacilari-kimler","status":"publish","type":"post","link":"https:\/\/www.tgrthaber.com\/mavikadin\/survivor-unluler-gonullulerde-acil-durum-konseyi-survivor-2026ya-gelen-all-star-yarismacilari-kimler\/","title":{"rendered":"Survivor \u00dcnl\u00fcler G\u00f6n\u00fcll\u00fcler\u2019de Acil Durum Konseyi! Survivor 2026\u2019ya gelen All Star yar\u0131\u015fmac\u0131lar\u0131 kimler?"},"content":{"rendered":"<p><a href=\"https:\/\/www.tgrthaber.com\/mavikadin\/survivor-2026-unluler-gonullulere-all-star-surprizi-survivor-2026-unluler-gonulluler-all-star-yarismacilari-kimler\/\">Survivor<\/a> T\u00fcrkiye 2026 \u00dcnl\u00fcler G\u00f6n\u00fcll\u00fcler, heyecan dozunu art\u0131ran acil durum konseyi ile izleyicileri ekran ba\u015f\u0131na kilitlemeye haz\u0131rlan\u0131yor. Yay\u0131nlanan tan\u0131t\u0131mla 24 Ocak 2026 Cumartesi Survivor \u00dcnl\u00fcler G\u00f6n\u00fcll\u00fcler yar\u0131\u015fmas\u0131na 2 All Star yar\u0131\u015fmac\u0131s\u0131 ve 2 yeni yar\u0131\u015fmac\u0131 dahil oluyor. Daha \u00f6nce Survivor\u2019da tecr\u00fcbe kazanm\u0131\u015f isimlerin adaya girmesiyle birlikte rekabetin seviyesi y\u00fckselirken, mevcut yar\u0131\u015fmac\u0131lar i\u00e7in de yeni bir d\u00f6nem ba\u015fl\u0131yor. Acil konsey karar\u0131n\u0131n ard\u0131ndan tak\u0131mlar aras\u0131ndaki g\u00fc\u00e7 dengesi yeniden \u015fekillenecek. All Star hamlesi, ada i\u00e7indeki stratejileri ve ittifaklar\u0131 da do\u011frudan etkileyecek. Peki, Survivor 2026\u2019ya gelen All Star yar\u0131\u015fmac\u0131lar\u0131 kimler?<\/p>\n<h3>SURV\u0130VOR 2026\u2019YA GELEN ALL STAR YARI\u015eMACILARI K\u0130MLER?<\/h3>\n<p><a href=\"https:\/\/www.tgrthaber.com\/mavikadin\/survivor-2026ya-4-yeni-isim-daha-kadro-genisliyor-dengeler-degisiyor\/\">Survivor <\/a>T\u00fcrkiye \u00dcnl\u00fcler G\u00f6n\u00fcll\u00fcler 2026 yar\u0131\u015fmas\u0131nda yeni bir d\u00f6nem ba\u015fl\u0131yor. 24 Ocak 2026 Cumartesi g\u00fcn\u00fc yay\u0131nlanacak olan Survivor T\u00fcrkiye \u00dcnl\u00fcler G\u00f6n\u00fcll\u00fcler Acil Durum Konseyi\u2019nde Acun Il\u0131cal\u0131 2 eski yar\u0131\u015fmac\u0131 ve 2 yeni yar\u0131\u015fmac\u0131n\u0131n geldi\u011fini duyurdu. T\u00fcm yar\u0131\u015fmac\u0131lar\u0131n merakla bekledi\u011fi isimler konseye geldi\u011finde herkes \u015fok oldu.<\/p>\n<p><img loading=\"lazy\" decoding=\"async\" class=\"alignnone wp-image-294037 size-full\" src=\"https:\/\/www.tgrthaber.com\/mavikadin\/wp-content\/uploads\/2026\/01\/Adsiz-tasarim-17-10.jpg\" alt=\"\" width=\"1208\" height=\"680\" title=\"\" srcset=\"https:\/\/www.tgrthaber.com\/mavikadin\/wp-content\/uploads\/2026\/01\/Adsiz-tasarim-17-10.jpg 1208w, https:\/\/www.tgrthaber.com\/mavikadin\/wp-content\/uploads\/2026\/01\/Adsiz-tasarim-17-10-300x169.jpg 300w, https:\/\/www.tgrthaber.com\/mavikadin\/wp-content\/uploads\/2026\/01\/Adsiz-tasarim-17-10-1024x576.jpg 1024w, https:\/\/www.tgrthaber.com\/mavikadin\/wp-content\/uploads\/2026\/01\/Adsiz-tasarim-17-10-768x432.jpg 768w\" sizes=\"(max-width: 1208px) 100vw, 1208px\" \/><\/p>\n<hr \/>\n<p>Survivor T\u00fcrkiye yar\u0131\u015fmas\u0131na damga vuran ve ad\u0131n\u0131 alt\u0131n harflerle yazd\u0131ran yar\u0131\u015fmac\u0131lar\u0131n yeniden Survivor 2026 \u00dcnl\u00fcler G\u00f6n\u00fcll\u00fcler yar\u0131\u015fmas\u0131na kat\u0131lacak olmas\u0131 heyecan\u0131 ikiye katlad\u0131. Rekabetin daha da alevlenece\u011fi yar\u0131\u015fmaya gelen 2 All Star yar\u0131\u015fmac\u0131s\u0131n\u0131n hangi tak\u0131mlarda olaca\u011f\u0131 da merak konusu oldu.<\/p>\n<p><img loading=\"lazy\" decoding=\"async\" class=\"alignnone wp-image-294038 size-full\" src=\"https:\/\/www.tgrthaber.com\/mavikadin\/wp-content\/uploads\/2026\/01\/Adsiz-tasarim-18-9.jpg\" alt=\"\" width=\"1208\" height=\"680\" title=\"\" srcset=\"https:\/\/www.tgrthaber.com\/mavikadin\/wp-content\/uploads\/2026\/01\/Adsiz-tasarim-18-9.jpg 1208w, https:\/\/www.tgrthaber.com\/mavikadin\/wp-content\/uploads\/2026\/01\/Adsiz-tasarim-18-9-300x169.jpg 300w, https:\/\/www.tgrthaber.com\/mavikadin\/wp-content\/uploads\/2026\/01\/Adsiz-tasarim-18-9-1024x576.jpg 1024w, https:\/\/www.tgrthaber.com\/mavikadin\/wp-content\/uploads\/2026\/01\/Adsiz-tasarim-18-9-768x432.jpg 768w\" sizes=\"(max-width: 1208px) 100vw, 1208px\" \/><\/p>\n<hr \/>\n<p>Survivor T\u00fcrkiye \u00dcnl\u00fcler G\u00f6n\u00fcll\u00fcler 2026 sezonuna gelen All Star yar\u0131\u015fmac\u0131lar\u0131, Sercan Y\u0131ld\u0131r\u0131m, Nagihan Karadere, Nefise Karatay ve Bar\u0131\u015f Murat Ya\u011fc\u0131 aras\u0131ndan iki ki\u015finin adaya gidece\u011fi iddia edilirken, Survivor 2026 \u00dcnl\u00fcler G\u00f6n\u00fcll\u00fcler kadrosuna yedeklerden gelenler Ata D\u00f6kerel, Can T\u00fcrkmen, Aleyna Gereg\u00fcl ve Seda Cing\u00f6z aras\u0131ndan iki ki\u015finde kadroya dahil olaca\u011f\u0131 tahmin ediliyor.<\/p>\n<p><img loading=\"lazy\" decoding=\"async\" class=\"alignnone wp-image-293926 size-full\" src=\"https:\/\/www.tgrthaber.com\/mavikadin\/wp-content\/uploads\/2026\/01\/Survivor-2026-Unluler-Gonulluler-1.jpg\" alt=\"\" width=\"1208\" height=\"680\" title=\"\" srcset=\"https:\/\/www.tgrthaber.com\/mavikadin\/wp-content\/uploads\/2026\/01\/Survivor-2026-Unluler-Gonulluler-1.jpg 1208w, https:\/\/www.tgrthaber.com\/mavikadin\/wp-content\/uploads\/2026\/01\/Survivor-2026-Unluler-Gonulluler-1-300x169.jpg 300w, https:\/\/www.tgrthaber.com\/mavikadin\/wp-content\/uploads\/2026\/01\/Survivor-2026-Unluler-Gonulluler-1-1024x576.jpg 1024w, https:\/\/www.tgrthaber.com\/mavikadin\/wp-content\/uploads\/2026\/01\/Survivor-2026-Unluler-Gonulluler-1-768x432.jpg 768w\" sizes=\"(max-width: 1208px) 100vw, 1208px\" \/><\/p>\n<hr \/>\n<h3>SURV\u0130VOR 2026 \u00dcNL\u00dcLER VE G\u00d6N\u00dcLL\u00dcLER KADROSU<\/h3>\n<p><strong>\u00dcnl\u00fcler Tak\u0131m\u0131 kadrosu<\/strong><\/p>\n<ul>\n<li>Bayhan G\u00fcrhan<\/li>\n<li>Deniz \u00c7atalba\u015f<\/li>\n<li>Dilan \u00c7\u0131tak (elendi)<\/li>\n<li>Keremcem D\u00fcr\u00fck ( elendi)<\/li>\n<li>Mert Nobre<\/li>\n<li>Meryem Boz<\/li>\n<li>Murat Ark\u0131n<\/li>\n<li>Selen G\u00f6rg\u00fczel (elendi)<\/li>\n<li>Seren Ay \u00c7etin<\/li>\n<li>Serhan Onat<\/li>\n<\/ul>\n<p><img loading=\"lazy\" decoding=\"async\" class=\"alignnone wp-image-293966 size-full\" src=\"https:\/\/www.tgrthaber.com\/mavikadin\/wp-content\/uploads\/2026\/01\/Adsiz-tasarim-8-14.jpg\" alt=\"\" width=\"1208\" height=\"680\" title=\"\" srcset=\"https:\/\/www.tgrthaber.com\/mavikadin\/wp-content\/uploads\/2026\/01\/Adsiz-tasarim-8-14.jpg 1208w, https:\/\/www.tgrthaber.com\/mavikadin\/wp-content\/uploads\/2026\/01\/Adsiz-tasarim-8-14-300x169.jpg 300w, https:\/\/www.tgrthaber.com\/mavikadin\/wp-content\/uploads\/2026\/01\/Adsiz-tasarim-8-14-1024x576.jpg 1024w, https:\/\/www.tgrthaber.com\/mavikadin\/wp-content\/uploads\/2026\/01\/Adsiz-tasarim-8-14-768x432.jpg 768w\" sizes=\"(max-width: 1208px) 100vw, 1208px\" \/><\/p>\n<hr \/>\n<p><strong>\u00dcnl\u00fcler tak\u0131m\u0131na yedeklerden gelen adaylar<\/strong><\/p>\n<p>Can Berkay Ertemiz<\/p>\n<p>Seda Albayrak<\/p>\n<p><strong>G\u00f6n\u00fcll\u00fcler tak\u0131m\u0131 kadrosu<\/strong><\/p>\n<p>Ramazan Sar\u0131<\/p>\n<p>Beyza Gemici<\/p>\n<p>Engincan Tura<\/p>\n<p>Eren Semerci<\/p>\n<p>Erkan Bilben<\/p>\n<p>G\u00f6zde Bozkurt<\/p>\n<p>Lina Hourieh<\/p>\n<p>Nisanur G\u00fcler<\/p>\n<p>Onur Alp \u00c7am<\/p>\n<p><img loading=\"lazy\" decoding=\"async\" class=\"alignnone wp-image-293924 size-full\" src=\"https:\/\/www.tgrthaber.com\/mavikadin\/wp-content\/uploads\/2026\/01\/SURVIVOR-2026-UNLULER-VE-GONULLULER-KADROSU-3.jpg\" alt=\"\" width=\"1208\" height=\"680\" title=\"\" srcset=\"https:\/\/www.tgrthaber.com\/mavikadin\/wp-content\/uploads\/2026\/01\/SURVIVOR-2026-UNLULER-VE-GONULLULER-KADROSU-3.jpg 1208w, https:\/\/www.tgrthaber.com\/mavikadin\/wp-content\/uploads\/2026\/01\/SURVIVOR-2026-UNLULER-VE-GONULLULER-KADROSU-3-300x169.jpg 300w, https:\/\/www.tgrthaber.com\/mavikadin\/wp-content\/uploads\/2026\/01\/SURVIVOR-2026-UNLULER-VE-GONULLULER-KADROSU-3-1024x576.jpg 1024w, https:\/\/www.tgrthaber.com\/mavikadin\/wp-content\/uploads\/2026\/01\/SURVIVOR-2026-UNLULER-VE-GONULLULER-KADROSU-3-768x432.jpg 768w\" sizes=\"(max-width: 1208px) 100vw, 1208px\" \/><\/p>\n<hr \/>\n<h3>SURV\u0130VOR 2026\u2019YA VEDE EDEN YARI\u015eMACILAR<\/h3>\n<ul>\n<li>Dilan \u00c7\u0131tak<\/li>\n<li>Keremcem D\u00fcr\u00fck<\/li>\n<li>Selen G\u00f6rg\u00fczel<\/li>\n<li>Erkan Bilben<\/li>\n<\/ul>\n","protected":false},"excerpt":{"rendered":"<p>24 Ocak 2026 Cumartesi Survivor \u00dcnl\u00fcler G\u00f6n\u00fcll\u00fcler acil durum konseyi ya\u015fanacak. Yar\u0131\u015fman\u0131n gidi\u015fat\u0131n\u0131 do\u011frudan etkileyecek kritik konseyde, izleyicileri \u015fa\u015f\u0131rtan bir geli\u015fme ger\u00e7ekle\u015fecek. Al\u0131nan karar do\u011frultusunda 2 Survivor All Star yar\u0131\u015fmac\u0131s\u0131n\u0131n ve 2 yeni yar\u0131\u015fmac\u0131n\u0131n Survivor 2026 kadrosuna dahil olaca\u011f\u0131 \u00f6\u011frenildi. Peki, Survivor 2026\u2019ya gelen All Star yar\u0131\u015fmac\u0131lar\u0131 kimler?<\/p>\n","protected":false},"author":10,"featured_media":294039,"comment_status":"closed","ping_status":"closed","sticky":false,"template":"","format":"standard","meta":{"rank_math_lock_modified_date":false,"footnotes":""},"categories":[76],"tags":[133,2218,71294,2366,63785,2367,71293,39250],"class_list":["post-294036","post","type-post","status-publish","format-standard","has-post-thumbnail","hentry","category-magazin","tag-magazin","tag-magazin-haberleri","tag-survivior-unluler-gonulluler","tag-survivor","tag-survivor-2026","tag-survivor-all-star","tag-survivor-all-star-2026","tag-survivor-turkiye"],"_links":{"self":[{"href":"https:\/\/www.tgrthaber.com\/mavikadin\/wp-json\/wp\/v2\/posts\/294036"}],"collection":[{"href":"https:\/\/www.tgrthaber.com\/mavikadin\/wp-json\/wp\/v2\/posts"}],"about":[{"href":"https:\/\/www.tgrthaber.com\/mavikadin\/wp-json\/wp\/v2\/types\/post"}],"author":[{"embeddable":true,"href":"https:\/\/www.tgrthaber.com\/mavikadin\/wp-json\/wp\/v2\/users\/10"}],"replies":[{"embeddable":true,"href":"https:\/\/www.tgrthaber.com\/mavikadin\/wp-json\/wp\/v2\/comments?post=294036"}],"version-history":[{"count":7,"href":"https:\/\/www.tgrthaber.com\/mavikadin\/wp-json\/wp\/v2\/posts\/294036\/revisions"}],"predecessor-version":[{"id":294046,"href":"https:\/\/www.tgrthaber.com\/mavikadin\/wp-json\/wp\/v2\/posts\/294036\/revisions\/294046"}],"wp:featuredmedia":[{"embeddable":true,"href":"https:\/\/www.tgrthaber.com\/mavikadin\/wp-json\/wp\/v2\/media\/294039"}],"wp:attachment":[{"href":"https:\/\/www.tgrthaber.com\/mavikadin\/wp-json\/wp\/v2\/media?parent=294036"}],"wp:term":[{"taxonomy":"category","embeddable":true,"href":"https:\/\/www.tgrthaber.com\/mavikadin\/wp-json\/wp\/v2\/categories?post=294036"},{"taxonomy":"post_tag","embeddable":true,"href":"https:\/\/www.tgrthaber.com\/mavikadin\/wp-json\/wp\/v2\/tags?post=294036"}],"curies":[{"name":"wp","href":"https:\/\/api.w.org\/{rel}","templated":true}]}}