{"id":294109,"date":"2026-01-23T10:56:25","date_gmt":"2026-01-23T07:56:25","guid":{"rendered":"https:\/\/www.tgrthaber.com\/mavikadin\/?p=294109"},"modified":"2026-01-23T10:56:25","modified_gmt":"2026-01-23T07:56:25","slug":"dogus-survivor-2026ya-katilacak-mi-dogus-survivor-2026-yarismasina-ne-zaman-dahil-olacak","status":"publish","type":"post","link":"https:\/\/www.tgrthaber.com\/mavikadin\/dogus-survivor-2026ya-katilacak-mi-dogus-survivor-2026-yarismasina-ne-zaman-dahil-olacak\/","title":{"rendered":"Do\u011fu\u015f Survivor 2026\u2019ya kat\u0131lacak m\u0131? Do\u011fu\u015f Survivor 2026 yar\u0131\u015fmas\u0131na ne zaman dahil olacak?"},"content":{"rendered":"<p>Survivor 2026 \u00dcnl\u00fcler ve G\u00f6n\u00fcll\u00fcler m\u00fccadelesi h\u0131z kesmeden devam ederken \u00fcnl\u00fc sanat\u00e7\u0131 <a href=\"https:\/\/www.tgrthaber.com\/mavikadin\/survivor-unluler-gonullulerde-acil-durum-konseyi-survivor-2026ya-gelen-all-star-yarismacilari-kimler\/\">Do\u011fu\u015f\u2019un<\/a> fenomen yar\u0131\u015fmaya kat\u0131l\u0131p kat\u0131lmayaca\u011f\u0131 merak edildi. TV8 ekranlar\u0131n\u0131n b\u00fcy\u00fck bir ilgiyle takip edilen yar\u0131\u015fma program\u0131 t\u00fcm h\u0131z\u0131yla yay\u0131nlan\u0131yor. K\u0131ran k\u0131rana m\u00fccadelenin ya\u015fand\u0131\u011f\u0131 Survivor yar\u0131\u015fmas\u0131nda birbirinden ba\u015far\u0131l\u0131 isimler \u015fampiyonluk i\u00e7in yar\u0131\u015f\u0131yor. Survivor 2026 yar\u0131\u015fmas\u0131 t\u00fcm h\u0131z\u0131yla devam ederken, yar\u0131\u015fmaya yeni isimlerde dahil olmaya devam ediyor. \u00d6zellikle ge\u00e7ti\u011fimiz sezonlarda Survivor yar\u0131\u015fmas\u0131nda yar\u0131\u015fan Do\u011fu\u015f\u2019un yeniden Survivor\u2019a kat\u0131l\u0131p kat\u0131lmayaca\u011f\u0131 ara\u015ft\u0131r\u0131l\u0131yor. Peki, Do\u011fu\u015f Survivor 2026\u2019ya kat\u0131lacak m\u0131? Do\u011fu\u015f Survivor 2026 yar\u0131\u015fmas\u0131na ne zaman dahil olacak? Sanat\u00e7\u0131 Do\u011fu\u015f\u2019un Survivor 2026\u2019ya kat\u0131l\u0131p kat\u0131lmayaca\u011f\u0131n\u0131 sizin i\u00e7in ara\u015ft\u0131rd\u0131k. \u0130\u015fte Do\u011fu\u015f\u2019un Survivor 2026\u2019ya kat\u0131l\u0131p kat\u0131lmayaca\u011f\u0131na dair bilinmeyenler\u2026<\/p>\n<h3>DO\u011eU\u015e SURV\u0130VOR 2026\u2019YA KATILACAK MI?<\/h3>\n<p>As\u0131l ad\u0131 Orhan Baltac\u0131 olan \u00fcnl\u00fc \u015fark\u0131c\u0131 <a href=\"https:\/\/www.tgrthaber.com\/mavikadin\/survivorda-kim-elendi-survivor-22-ocak-2026-elenen-yarismaci-kim-oldu\/\">Do\u011fu\u015f\u2019un<\/a> \u015fimdilerde Survivor 2026 yar\u0131\u015fmas\u0131na kat\u0131l\u0131p kat\u0131lmayaca\u011f\u0131 merak ediliyor. \u00d6zellikle \u015fark\u0131c\u0131 ki\u015filiyle dikkatleri \u00fczerine \u00e7eken Do\u011fu\u015f, ge\u00e7ti\u011fimiz sezonlarda Survivor\u2019da yar\u0131\u015fm\u0131\u015ft\u0131. Survivor yar\u0131\u015fmas\u0131n\u0131n unutulmaz isimleri aras\u0131nda yer alan Do\u011fu\u015f, performans\u0131 ve ki\u015fili\u011fiyle dikkatleri \u00fczerine \u00e7ekmi\u015fti.<\/p>\n<p><img loading=\"lazy\" decoding=\"async\" class=\"size-full wp-image-294116\" src=\"https:\/\/www.tgrthaber.com\/mavikadin\/wp-content\/uploads\/2026\/01\/Survivor-Dogus-8.jpg\" alt=\"Do\u011fu\u015f Survivor 2026\u2019ya kat\u0131lacak m\u0131? Do\u011fu\u015f Survivor 2026 yar\u0131\u015fmas\u0131na ne zaman dahil olacak?\" width=\"1208\" height=\"680\" title=\"\" srcset=\"https:\/\/www.tgrthaber.com\/mavikadin\/wp-content\/uploads\/2026\/01\/Survivor-Dogus-8.jpg 1208w, https:\/\/www.tgrthaber.com\/mavikadin\/wp-content\/uploads\/2026\/01\/Survivor-Dogus-8-300x169.jpg 300w, https:\/\/www.tgrthaber.com\/mavikadin\/wp-content\/uploads\/2026\/01\/Survivor-Dogus-8-1024x576.jpg 1024w, https:\/\/www.tgrthaber.com\/mavikadin\/wp-content\/uploads\/2026\/01\/Survivor-Dogus-8-768x432.jpg 768w\" sizes=\"(max-width: 1208px) 100vw, 1208px\" \/><\/p>\n<hr \/>\n<p>Survivor 2026 \u00dcnl\u00fcler ve G\u00f6n\u00fcll\u00fcler m\u00fccadelesi h\u0131z kesmeden izleyici kar\u015f\u0131s\u0131na \u00e7\u0131k\u0131yor. TV8 ekranlar\u0131n\u0131n b\u00fcy\u00fck bir ilgiyle takip edilen yar\u0131\u015fma program\u0131 t\u00fcm h\u0131z\u0131yla yay\u0131nlan\u0131yor. K\u0131ran k\u0131rana m\u00fccadelenin ya\u015fand\u0131\u011f\u0131 Survivor yar\u0131\u015fmas\u0131nda birbirinden ba\u015far\u0131l\u0131 isimler \u015fampiyonluk i\u00e7in yar\u0131\u015f\u0131yor. Survivor 2026 yar\u0131\u015fmas\u0131 t\u00fcm h\u0131z\u0131yla devam ederken, bir\u00e7ok isim de yar\u0131\u015fmaya dahil olmaya devam ediyor.<\/p>\n<p><img loading=\"lazy\" decoding=\"async\" class=\"size-full wp-image-294121\" src=\"https:\/\/www.tgrthaber.com\/mavikadin\/wp-content\/uploads\/2026\/01\/Survivor-Dogus-1.jpg\" alt=\"Do\u011fu\u015f Survivor 2026\u2019ya kat\u0131lacak m\u0131? Do\u011fu\u015f Survivor 2026 yar\u0131\u015fmas\u0131na ne zaman dahil olacak?\" width=\"1208\" height=\"680\" title=\"\" srcset=\"https:\/\/www.tgrthaber.com\/mavikadin\/wp-content\/uploads\/2026\/01\/Survivor-Dogus-1.jpg 1208w, https:\/\/www.tgrthaber.com\/mavikadin\/wp-content\/uploads\/2026\/01\/Survivor-Dogus-1-300x169.jpg 300w, https:\/\/www.tgrthaber.com\/mavikadin\/wp-content\/uploads\/2026\/01\/Survivor-Dogus-1-1024x576.jpg 1024w, https:\/\/www.tgrthaber.com\/mavikadin\/wp-content\/uploads\/2026\/01\/Survivor-Dogus-1-768x432.jpg 768w\" sizes=\"(max-width: 1208px) 100vw, 1208px\" \/><\/p>\n<hr \/>\n<p>\u015eark\u0131c\u0131 kariyeriyle ad\u0131ndan s\u00f6z ettiren Do\u011fu\u015f\u2019un Survivor 2026 yar\u0131\u015fmas\u0131na kat\u0131laca\u011f\u0131 iddia edildi. Do\u011fu\u015f\u2019la birlikte toplam 4 yar\u0131\u015fmac\u0131n\u0131n da Survivor 2026\u2019ya kat\u0131laca\u011f\u0131 \u00f6\u011frenildi. Ge\u00e7ti\u011fimiz sezonlarda Survivor\u2019da yar\u0131\u015fan \u00fcnl\u00fc sanat\u00e7\u0131 Do\u011fu\u015f\u2019un Survivor 2026\u2019daki performans\u0131 ise merak konusu oldu.<\/p>\n<p><img loading=\"lazy\" decoding=\"async\" class=\"size-full wp-image-294118\" src=\"https:\/\/www.tgrthaber.com\/mavikadin\/wp-content\/uploads\/2026\/01\/Survivor-Dogus-10.jpg\" alt=\"Do\u011fu\u015f Survivor 2026\u2019ya kat\u0131lacak m\u0131? Do\u011fu\u015f Survivor 2026 yar\u0131\u015fmas\u0131na ne zaman dahil olacak?\" width=\"1208\" height=\"680\" title=\"\" srcset=\"https:\/\/www.tgrthaber.com\/mavikadin\/wp-content\/uploads\/2026\/01\/Survivor-Dogus-10.jpg 1208w, https:\/\/www.tgrthaber.com\/mavikadin\/wp-content\/uploads\/2026\/01\/Survivor-Dogus-10-300x169.jpg 300w, https:\/\/www.tgrthaber.com\/mavikadin\/wp-content\/uploads\/2026\/01\/Survivor-Dogus-10-1024x576.jpg 1024w, https:\/\/www.tgrthaber.com\/mavikadin\/wp-content\/uploads\/2026\/01\/Survivor-Dogus-10-768x432.jpg 768w\" sizes=\"(max-width: 1208px) 100vw, 1208px\" \/><\/p>\n<hr \/>\n<p>Hen\u00fcz resmi ve kesin bir a\u00e7\u0131klama olmasa da Do\u011fu\u015f\u2019un ikinci kez Survivor\u2019a kat\u0131laca\u011f\u0131 ve Survivor 2026 yar\u0131\u015fmas\u0131nda boy g\u00f6sterece\u011fi haberleri herkesi heyecanland\u0131rd\u0131. Ba\u015far\u0131l\u0131 m\u00fczisyen ki\u015fili\u011finin yan\u0131 s\u0131ra \u00f6zel hayat\u0131yla da dikkatleri \u00fczerine \u00e7eken Do\u011fu\u015f, bu kez Survivor 2026 yar\u0131\u015fmas\u0131na dahil olaca\u011f\u0131 haberleriyle magazin g\u00fcndemine oturdu.<\/p>\n<p><img loading=\"lazy\" decoding=\"async\" class=\"size-full wp-image-294115\" src=\"https:\/\/www.tgrthaber.com\/mavikadin\/wp-content\/uploads\/2026\/01\/Survivor-Dogus-7.jpg\" alt=\"Do\u011fu\u015f Survivor 2026\u2019ya kat\u0131lacak m\u0131? Do\u011fu\u015f Survivor 2026 yar\u0131\u015fmas\u0131na ne zaman dahil olacak?\" width=\"1208\" height=\"680\" title=\"\" srcset=\"https:\/\/www.tgrthaber.com\/mavikadin\/wp-content\/uploads\/2026\/01\/Survivor-Dogus-7.jpg 1208w, https:\/\/www.tgrthaber.com\/mavikadin\/wp-content\/uploads\/2026\/01\/Survivor-Dogus-7-300x169.jpg 300w, https:\/\/www.tgrthaber.com\/mavikadin\/wp-content\/uploads\/2026\/01\/Survivor-Dogus-7-1024x576.jpg 1024w, https:\/\/www.tgrthaber.com\/mavikadin\/wp-content\/uploads\/2026\/01\/Survivor-Dogus-7-768x432.jpg 768w\" sizes=\"(max-width: 1208px) 100vw, 1208px\" \/><\/p>\n<hr \/>\n<h3>DO\u011eU\u015e SURV\u0130VOR 2026 YARI\u015eMASINA NE ZAMAN DAH\u0130L OLACAK?<\/h3>\n<p>Survivor 2026 \u00dcnl\u00fcler ve G\u00f6n\u00fcller yar\u0131\u015fmas\u0131na t\u00fcm h\u0131z\u0131yla devam ederken yar\u0131\u015fmaya 4 yedek isim dahil olaca\u011f\u0131 \u00f6\u011frenildi. Bu isimlerden birinin, ge\u00e7ti\u011fimiz sezonlarda Survivor\u2019da yar\u0131\u015fan ve b\u00fcy\u00fck bir ilgiyle takip edilen \u00fcnl\u00fc sanat\u00e7\u0131 <a href=\"https:\/\/www.tgrthaber.com\/mavikadin\/survivor-2026ya-4-yeni-isim-daha-kadro-genisliyor-dengeler-degisiyor\/\">Do\u011fu\u015f<\/a> olaca\u011f\u0131 dikkat \u00e7ekti.<\/p>\n<p><img loading=\"lazy\" decoding=\"async\" class=\"size-full wp-image-294110\" src=\"https:\/\/www.tgrthaber.com\/mavikadin\/wp-content\/uploads\/2026\/01\/Survivor-Dogus-2.jpg\" alt=\"Do\u011fu\u015f Survivor 2026\u2019ya kat\u0131lacak m\u0131? Do\u011fu\u015f Survivor 2026 yar\u0131\u015fmas\u0131na ne zaman dahil olacak?\" width=\"1208\" height=\"680\" title=\"\" srcset=\"https:\/\/www.tgrthaber.com\/mavikadin\/wp-content\/uploads\/2026\/01\/Survivor-Dogus-2.jpg 1208w, https:\/\/www.tgrthaber.com\/mavikadin\/wp-content\/uploads\/2026\/01\/Survivor-Dogus-2-300x169.jpg 300w, https:\/\/www.tgrthaber.com\/mavikadin\/wp-content\/uploads\/2026\/01\/Survivor-Dogus-2-1024x576.jpg 1024w, https:\/\/www.tgrthaber.com\/mavikadin\/wp-content\/uploads\/2026\/01\/Survivor-Dogus-2-768x432.jpg 768w\" sizes=\"(max-width: 1208px) 100vw, 1208px\" \/><\/p>\n<hr \/>\n<p>Fenomen yar\u0131\u015fmaya ikinci kez kat\u0131lacak olan Do\u011fu\u015f\u2019un Survivor 2026\u2019ya ne zaman dahil olaca\u011f\u0131 da merak edildi. Dominik Cumhuriyeti\u2019ne gelmek i\u00e7in g\u00fcn sayan Do\u011fu\u015f\u2019un ne zaman Survivor\u2019a dahil olaca\u011f\u0131 bilinmiyor. \u00d6n\u00fcm\u00fczdeki g\u00fcnlerde yar\u0131\u015fmaya dahil olaca\u011f\u0131 iddia edilen Do\u011fu\u015f\u2019un performans\u0131 i\u015fe \u015fimdiden merak ediliyor.<\/p>\n<p><img loading=\"lazy\" decoding=\"async\" class=\"size-full wp-image-294112\" src=\"https:\/\/www.tgrthaber.com\/mavikadin\/wp-content\/uploads\/2026\/01\/Survivor-Dogus-4.jpg\" alt=\"Do\u011fu\u015f Survivor 2026\u2019ya kat\u0131lacak m\u0131? Do\u011fu\u015f Survivor 2026 yar\u0131\u015fmas\u0131na ne zaman dahil olacak?\" width=\"1208\" height=\"680\" title=\"\" srcset=\"https:\/\/www.tgrthaber.com\/mavikadin\/wp-content\/uploads\/2026\/01\/Survivor-Dogus-4.jpg 1208w, https:\/\/www.tgrthaber.com\/mavikadin\/wp-content\/uploads\/2026\/01\/Survivor-Dogus-4-300x169.jpg 300w, https:\/\/www.tgrthaber.com\/mavikadin\/wp-content\/uploads\/2026\/01\/Survivor-Dogus-4-1024x576.jpg 1024w, https:\/\/www.tgrthaber.com\/mavikadin\/wp-content\/uploads\/2026\/01\/Survivor-Dogus-4-768x432.jpg 768w\" sizes=\"(max-width: 1208px) 100vw, 1208px\" \/><\/p>\n<hr \/>\n<p>Di\u011fer yandan Do\u011fu\u015f\u2019la birlikte yar\u0131\u015fmaya dahil olacak isimler aras\u0131nda Tu\u011f\u00e7e Melis, Osman Can Ural ve B\u00fc\u015fra Yal\u00e7\u0131n gibi isimler bulunuyor. Yar\u0131\u015ft\u0131klar\u0131 sezonlarda performans\u0131yla ve bireysel m\u00fccadele g\u00fcc\u00fc, stratejik hamleleriyle \u00f6ne \u00e7\u0131kan yar\u0131\u015fmac\u0131lar\u0131n, hangi tak\u0131mlara gidece\u011fi izleyiciler taraf\u0131ndan merakla bekleniyor.<\/p>\n","protected":false},"excerpt":{"rendered":"<p>Survivor 2026 \u00dcnl\u00fcler-G\u00f6n\u00fcll\u00fcler yar\u0131\u015fmas\u0131 t\u00fcm h\u0131z\u0131yla devam ederken, Do\u011fu\u015f\u2019un Survivor\u2019a kat\u0131l\u0131p kat\u0131lmayaca\u011f\u0131 merak konusu oldu? Peki, Do\u011fu\u015f Survivor 2026\u2019ya kat\u0131lacak m\u0131? Do\u011fu\u015f Survivor 2026 yar\u0131\u015fmas\u0131na ne zaman dahil olacak? \u0130\u015fte detaylar\u2026<\/p>\n","protected":false},"author":26,"featured_media":294111,"comment_status":"closed","ping_status":"closed","sticky":false,"template":"","format":"standard","meta":{"rank_math_lock_modified_date":false,"footnotes":""},"categories":[76],"tags":[869,71305,133,2218,24112,63785,71304],"class_list":["post-294109","post","type-post","status-publish","format-standard","has-post-thumbnail","hentry","category-magazin","tag-dogus","tag-dogus-survivor-2026","tag-magazin","tag-magazin-haberleri","tag-sarkici-dogus","tag-survivor-2026","tag-survivor-yarismasi"],"_links":{"self":[{"href":"https:\/\/www.tgrthaber.com\/mavikadin\/wp-json\/wp\/v2\/posts\/294109"}],"collection":[{"href":"https:\/\/www.tgrthaber.com\/mavikadin\/wp-json\/wp\/v2\/posts"}],"about":[{"href":"https:\/\/www.tgrthaber.com\/mavikadin\/wp-json\/wp\/v2\/types\/post"}],"author":[{"embeddable":true,"href":"https:\/\/www.tgrthaber.com\/mavikadin\/wp-json\/wp\/v2\/users\/26"}],"replies":[{"embeddable":true,"href":"https:\/\/www.tgrthaber.com\/mavikadin\/wp-json\/wp\/v2\/comments?post=294109"}],"version-history":[{"count":2,"href":"https:\/\/www.tgrthaber.com\/mavikadin\/wp-json\/wp\/v2\/posts\/294109\/revisions"}],"predecessor-version":[{"id":294123,"href":"https:\/\/www.tgrthaber.com\/mavikadin\/wp-json\/wp\/v2\/posts\/294109\/revisions\/294123"}],"wp:featuredmedia":[{"embeddable":true,"href":"https:\/\/www.tgrthaber.com\/mavikadin\/wp-json\/wp\/v2\/media\/294111"}],"wp:attachment":[{"href":"https:\/\/www.tgrthaber.com\/mavikadin\/wp-json\/wp\/v2\/media?parent=294109"}],"wp:term":[{"taxonomy":"category","embeddable":true,"href":"https:\/\/www.tgrthaber.com\/mavikadin\/wp-json\/wp\/v2\/categories?post=294109"},{"taxonomy":"post_tag","embeddable":true,"href":"https:\/\/www.tgrthaber.com\/mavikadin\/wp-json\/wp\/v2\/tags?post=294109"}],"curies":[{"name":"wp","href":"https:\/\/api.w.org\/{rel}","templated":true}]}}