{"id":294155,"date":"2026-01-23T12:29:40","date_gmt":"2026-01-23T09:29:40","guid":{"rendered":"https:\/\/www.tgrthaber.com\/mavikadin\/?p=294155"},"modified":"2026-01-23T12:29:40","modified_gmt":"2026-01-23T09:29:40","slug":"haldun-dormen-vasiyeti-ne-haldun-dormen-mirasi-kime-kaldi","status":"publish","type":"post","link":"https:\/\/www.tgrthaber.com\/mavikadin\/haldun-dormen-vasiyeti-ne-haldun-dormen-mirasi-kime-kaldi\/","title":{"rendered":"Haldun Dormen vasiyeti ne? Haldun Dormen miras\u0131 kime kald\u0131?"},"content":{"rendered":"<p>T\u00fcrk tiyatrosuna ad\u0131n\u0131 alt\u0131n harflerle yazd\u0131ran <a href=\"https:\/\/www.tgrthaber.com\/mavikadin\/haldun-dormenin-kac-tane-cocugu-var-haldun-dormen-kac-kez-evlendi\/\">Haldun Dormen<\/a>\u2019in 97 ya\u015f\u0131nda hayat\u0131n\u0131 kaybetmesinin ard\u0131ndan \u2018Haldun Dormen vasiyeti ne? Haldun Dormen miras\u0131 kime kald\u0131?\u2019 gibi sorular\u0131n cevaplar\u0131 merak konusu oldu.<\/p>\n<h3>HALDUN DORMEN VAS\u0130YET\u0130 NE?<\/h3>\n<p>97 ya\u015f\u0131nda ya\u015fam\u0131n\u0131 yitiren T\u00fcrk tiyatrosunun usta ismi <a href=\"https:\/\/www.tgrthaber.com\/mavikadin\/haldun-dormen-mal-varligi-ne-kadar-haldun-dormen-okulu-kimin\/\">Haldun Dormen<\/a>\u2019in cenaze program\u0131 duyuruldu. Sanat d\u00fcnyas\u0131n\u0131 h\u00fczne bo\u011fan Dormen\u2019in, vasiyeti do\u011frultusunda t\u00f6renler yap\u0131lacak.<\/p>\n<p><img loading=\"lazy\" decoding=\"async\" class=\"aligncenter size-full wp-image-294156\" src=\"https:\/\/www.tgrthaber.com\/mavikadin\/wp-content\/uploads\/2026\/01\/Haldun-dormen-6.webp\" alt=\"\" width=\"1170\" height=\"806\" title=\"\" srcset=\"https:\/\/www.tgrthaber.com\/mavikadin\/wp-content\/uploads\/2026\/01\/Haldun-dormen-6.webp 1170w, https:\/\/www.tgrthaber.com\/mavikadin\/wp-content\/uploads\/2026\/01\/Haldun-dormen-6-300x207.webp 300w, https:\/\/www.tgrthaber.com\/mavikadin\/wp-content\/uploads\/2026\/01\/Haldun-dormen-6-1024x705.webp 1024w, https:\/\/www.tgrthaber.com\/mavikadin\/wp-content\/uploads\/2026\/01\/Haldun-dormen-6-768x529.webp 768w\" sizes=\"(max-width: 1170px) 100vw, 1170px\" \/><\/p>\n<hr \/>\n<p>Enfeksiyon nedeniyle hastaneye kald\u0131r\u0131lan Haldun Dormen, 21 Ocak 2026 \u00c7ar\u015famba g\u00fcn\u00fc \u0130stanbul\u2019da tedavi g\u00f6rd\u00fc\u011f\u00fc hastanede hayat\u0131n\u0131 kaybetmi\u015fti.<\/p>\n<p><img loading=\"lazy\" decoding=\"async\" class=\"aligncenter size-full wp-image-293728\" src=\"https:\/\/www.tgrthaber.com\/mavikadin\/wp-content\/uploads\/2026\/01\/Asli-2026-01-22T124256.785.png\" alt=\"\" width=\"1208\" height=\"680\" title=\"\" srcset=\"https:\/\/www.tgrthaber.com\/mavikadin\/wp-content\/uploads\/2026\/01\/Asli-2026-01-22T124256.785.png 1208w, https:\/\/www.tgrthaber.com\/mavikadin\/wp-content\/uploads\/2026\/01\/Asli-2026-01-22T124256.785-300x169.png 300w, https:\/\/www.tgrthaber.com\/mavikadin\/wp-content\/uploads\/2026\/01\/Asli-2026-01-22T124256.785-1024x576.png 1024w, https:\/\/www.tgrthaber.com\/mavikadin\/wp-content\/uploads\/2026\/01\/Asli-2026-01-22T124256.785-768x432.png 768w\" sizes=\"(max-width: 1208px) 100vw, 1208px\" \/><\/p>\n<hr \/>\n<p>Usta sanat\u00e7\u0131n\u0131n cenaze program\u0131 da a\u00e7\u0131kland\u0131. Dormen i\u00e7in ilk t\u00f6ren, kendi vasiyeti do\u011frultusunda, 25 Ocak 2026 Pazar g\u00fcn\u00fc saat 10.30\u2019da Harbiye Muhsin Ertu\u011frul Sahnesi\u2019nde yap\u0131lacak.<\/p>\n<p><img loading=\"lazy\" decoding=\"async\" class=\"aligncenter size-full wp-image-294157\" src=\"https:\/\/www.tgrthaber.com\/mavikadin\/wp-content\/uploads\/2026\/01\/Haldun-dormen-3-1.webp\" alt=\"\" width=\"1208\" height=\"680\" title=\"\" srcset=\"https:\/\/www.tgrthaber.com\/mavikadin\/wp-content\/uploads\/2026\/01\/Haldun-dormen-3-1.webp 1208w, https:\/\/www.tgrthaber.com\/mavikadin\/wp-content\/uploads\/2026\/01\/Haldun-dormen-3-1-300x169.webp 300w, https:\/\/www.tgrthaber.com\/mavikadin\/wp-content\/uploads\/2026\/01\/Haldun-dormen-3-1-1024x576.webp 1024w, https:\/\/www.tgrthaber.com\/mavikadin\/wp-content\/uploads\/2026\/01\/Haldun-dormen-3-1-768x432.webp 768w\" sizes=\"(max-width: 1208px) 100vw, 1208px\" \/><\/p>\n<hr \/>\n<h3>ACI HABER\u0130 O\u011eLU DUYURMU\u015eTU<\/h3>\n<p>Dormen\u2019in vefat\u0131n\u0131 sosyal medya hesab\u0131ndan duyuran o\u011flu \u00d6mer Dormen, \u201cSevgili babam Haldun Dormen\u2019i ebediyete u\u011furlaman\u0131n tarifsiz \u00fcz\u00fcnt\u00fcs\u00fc i\u00e7indeyim. Onu tan\u0131yan, seven ve hayat\u0131na dokundu\u011fu herkese ba\u015fsa\u011fl\u0131\u011f\u0131 diliyorum. Mek\u00e2n\u0131 cennet olsun\u201d ifadelerini kulland\u0131.<\/p>\n<h3>A\u0130LE KABR\u0130STANINDA TOPRA\u011eA VER\u0130LECEK<\/h3>\n<p>Anma t\u00f6reninin ard\u0131ndan Haldun Dormen\u2019in naa\u015f\u0131 Te\u015fvikiye Camii\u2019ne g\u00f6t\u00fcr\u00fclecek. \u00d6\u011fle namaz\u0131n\u0131n ard\u0131ndan k\u0131l\u0131nacak cenaze namaz\u0131n\u0131n ard\u0131ndan Dormen, Edirnekap\u0131 \u015eehitlik Mezarl\u0131\u011f\u0131\u2019ndaki aile kabristan\u0131na defnedilecek.<\/p>\n<p><img loading=\"lazy\" decoding=\"async\" class=\"aligncenter size-full wp-image-294158\" src=\"https:\/\/www.tgrthaber.com\/mavikadin\/wp-content\/uploads\/2026\/01\/Haldun-dormen-1-1.webp\" alt=\"\" width=\"770\" height=\"433\" title=\"\" srcset=\"https:\/\/www.tgrthaber.com\/mavikadin\/wp-content\/uploads\/2026\/01\/Haldun-dormen-1-1.webp 770w, https:\/\/www.tgrthaber.com\/mavikadin\/wp-content\/uploads\/2026\/01\/Haldun-dormen-1-1-300x169.webp 300w, https:\/\/www.tgrthaber.com\/mavikadin\/wp-content\/uploads\/2026\/01\/Haldun-dormen-1-1-768x432.webp 768w\" sizes=\"(max-width: 770px) 100vw, 770px\" \/><\/p>\n<hr \/>\n<h3>HALDUN DORMEN M\u0130RASI K\u0130ME KALDI?<\/h3>\n<p>Usta sanat\u00e7\u0131 Haldun Dormen\u2019in miras\u0131yla ilgili hen\u00fcz resmi veya kamuya a\u00e7\u0131klanm\u0131\u015f bir detay bulunmuyor. Bas\u0131nda, Dormen\u2019in mal varl\u0131\u011f\u0131 ve vasiyetine ili\u015fkin net bir bilgi yer alm\u0131yor.<\/p>\n<p><img loading=\"lazy\" decoding=\"async\" class=\"aligncenter wp-image-294159 size-full\" src=\"https:\/\/www.tgrthaber.com\/mavikadin\/wp-content\/uploads\/2026\/01\/Haldun-dormen-1.jpeg\" alt=\"\" width=\"800\" height=\"503\" title=\"\" srcset=\"https:\/\/www.tgrthaber.com\/mavikadin\/wp-content\/uploads\/2026\/01\/Haldun-dormen-1.jpeg 800w, https:\/\/www.tgrthaber.com\/mavikadin\/wp-content\/uploads\/2026\/01\/Haldun-dormen-1-300x189.jpeg 300w, https:\/\/www.tgrthaber.com\/mavikadin\/wp-content\/uploads\/2026\/01\/Haldun-dormen-1-768x483.jpeg 768w\" sizes=\"(max-width: 800px) 100vw, 800px\" \/><\/p>\n<hr \/>\n<p>Yasal miras\u00e7\u0131lar, genellikle \u00f6len ki\u015finin e\u015fi, \u00e7ocuklar\u0131 ve yak\u0131n aile bireyleri oldu\u011fundan, s\u00fcrecin \u00f6ncelikli olarak o\u011flu \u00d6mer Dormen ve varsa di\u011fer hak sahiplerini kapsamas\u0131 bekleniyor. Ancak bu konuda hen\u00fcz resm\u00ee bir a\u00e7\u0131klama yap\u0131lmad\u0131.<\/p>\n","protected":false},"excerpt":{"rendered":"<p>Usta sanat\u00e7\u0131 Haldun Dormen\u2019in 97 ya\u015f\u0131nda hayat\u0131n\u0131 kaybetmesinin ard\u0131ndan \u2018Haldun Dormen vasiyeti ne? Haldun Dormen miras\u0131 kime kald\u0131?\u2019 gibi sorular\u0131n cevaplar\u0131 merak konusu oldu. \u00d6l\u00fcm\u00fcyle sanat d\u00fcnyas\u0131n\u0131 h\u00fczne bo\u011fan Dormen\u2019in vasiyetinin yerine getirilece\u011fi \u00f6\u011frenildi.<\/p>\n","protected":false},"author":5,"featured_media":294160,"comment_status":"closed","ping_status":"closed","sticky":false,"template":"","format":"standard","meta":{"rank_math_lock_modified_date":false,"footnotes":""},"categories":[76],"tags":[3886,133,71236],"class_list":["post-294155","post","type-post","status-publish","format-standard","has-post-thumbnail","hentry","category-magazin","tag-haldun-dormen","tag-magazin","tag-omer-dormen"],"_links":{"self":[{"href":"https:\/\/www.tgrthaber.com\/mavikadin\/wp-json\/wp\/v2\/posts\/294155"}],"collection":[{"href":"https:\/\/www.tgrthaber.com\/mavikadin\/wp-json\/wp\/v2\/posts"}],"about":[{"href":"https:\/\/www.tgrthaber.com\/mavikadin\/wp-json\/wp\/v2\/types\/post"}],"author":[{"embeddable":true,"href":"https:\/\/www.tgrthaber.com\/mavikadin\/wp-json\/wp\/v2\/users\/5"}],"replies":[{"embeddable":true,"href":"https:\/\/www.tgrthaber.com\/mavikadin\/wp-json\/wp\/v2\/comments?post=294155"}],"version-history":[{"count":1,"href":"https:\/\/www.tgrthaber.com\/mavikadin\/wp-json\/wp\/v2\/posts\/294155\/revisions"}],"predecessor-version":[{"id":294161,"href":"https:\/\/www.tgrthaber.com\/mavikadin\/wp-json\/wp\/v2\/posts\/294155\/revisions\/294161"}],"wp:featuredmedia":[{"embeddable":true,"href":"https:\/\/www.tgrthaber.com\/mavikadin\/wp-json\/wp\/v2\/media\/294160"}],"wp:attachment":[{"href":"https:\/\/www.tgrthaber.com\/mavikadin\/wp-json\/wp\/v2\/media?parent=294155"}],"wp:term":[{"taxonomy":"category","embeddable":true,"href":"https:\/\/www.tgrthaber.com\/mavikadin\/wp-json\/wp\/v2\/categories?post=294155"},{"taxonomy":"post_tag","embeddable":true,"href":"https:\/\/www.tgrthaber.com\/mavikadin\/wp-json\/wp\/v2\/tags?post=294155"}],"curies":[{"name":"wp","href":"https:\/\/api.w.org\/{rel}","templated":true}]}}