{"id":294212,"date":"2026-01-23T13:38:30","date_gmt":"2026-01-23T10:38:30","guid":{"rendered":"https:\/\/www.tgrthaber.com\/mavikadin\/?p=294212"},"modified":"2026-01-23T13:38:30","modified_gmt":"2026-01-23T10:38:30","slug":"survivor-2026-elenen-isim-belli-oldu-22-ocak-persembe-adaya-veda-eden-kisi-aciklandi","status":"publish","type":"post","link":"https:\/\/www.tgrthaber.com\/mavikadin\/survivor-2026-elenen-isim-belli-oldu-22-ocak-persembe-adaya-veda-eden-kisi-aciklandi\/","title":{"rendered":"Survivor 2026 elenen isim belli oldu! 22 Ocak Per\u015fembe adaya veda eden ki\u015fi a\u00e7\u0131kland\u0131"},"content":{"rendered":"<p><a href=\"https:\/\/www.tgrthaber.com\/mavikadin\/survivorda-kim-elendi-survivor-22-ocak-2026-elenen-yarismaci-kim-oldu\/\">Survivor 2026<\/a> \u00dcnl\u00fcler ve G\u00f6n\u00fcll\u00fcler m\u00fccadelesi h\u0131z kesmeden devam ediyor. TV8 ekranlar\u0131n\u0131n b\u00fcy\u00fck bir ilgiyle takip edilen yar\u0131\u015fma program\u0131 t\u00fcm h\u0131z\u0131yla yay\u0131nlan\u0131yor. K\u0131ran k\u0131rana m\u00fccadelenin ya\u015fand\u0131\u011f\u0131 ve birbirinden ba\u015far\u0131l\u0131 yar\u0131\u015fmac\u0131lar\u0131n \u015fampiyonluk i\u00e7in yar\u0131\u015ft\u0131\u011f\u0131 programda en son elenen isim belli oldu. Nefeslerin tutuldu\u011fu Survivor 2026 yar\u0131\u015fmas\u0131nda 22 Ocak Per\u015fembe adaya veda eden ki\u015fi a\u00e7\u0131kland\u0131. Peki, Survivor 2026 yar\u0131\u015fmas\u0131ndan en son kim elendi? Survivor 2026 adaya veda eden isim kim oldu? \u0130\u015fte Survivor 2026\u2019dan en son elenen isim\u2026<\/p>\n<h3>SURV\u0130VOR 2026 ELENEN \u0130S\u0130M BELL\u0130 OLDU!<\/h3>\n<p><a href=\"https:\/\/www.tgrthaber.com\/mavikadin\/survivor-unluler-gonullulerde-acil-durum-konseyi-survivor-2026ya-gelen-all-star-yarismacilari-kimler\/\">Survivor 2026<\/a> yar\u0131\u015fmas\u0131 heyecan dolu yeni b\u00f6l\u00fcmleri ve nefes kesen m\u00fccadelesiyle yay\u0131nlanmaya devam ediyor. Kaosun, tart\u0131\u015fmalar\u0131n, kavgan\u0131n ve k\u0131ran k\u0131rana m\u00fccadelenin bir an olsun bitmedi\u011fi yar\u0131\u015fma program\u0131nda elenen isim belli oldu.<\/p>\n<p><img loading=\"lazy\" decoding=\"async\" class=\"size-full wp-image-294221\" src=\"https:\/\/www.tgrthaber.com\/mavikadin\/wp-content\/uploads\/2026\/01\/Survivor-2026-7-1.jpg\" alt=\"Survivor 2026 elenen isim belli oldu! 22 Ocak Per\u015fembe adaya veda eden ki\u015fi a\u00e7\u0131kland\u0131\" width=\"1208\" height=\"680\" title=\"\" srcset=\"https:\/\/www.tgrthaber.com\/mavikadin\/wp-content\/uploads\/2026\/01\/Survivor-2026-7-1.jpg 1208w, https:\/\/www.tgrthaber.com\/mavikadin\/wp-content\/uploads\/2026\/01\/Survivor-2026-7-1-300x169.jpg 300w, https:\/\/www.tgrthaber.com\/mavikadin\/wp-content\/uploads\/2026\/01\/Survivor-2026-7-1-1024x576.jpg 1024w, https:\/\/www.tgrthaber.com\/mavikadin\/wp-content\/uploads\/2026\/01\/Survivor-2026-7-1-768x432.jpg 768w\" sizes=\"(max-width: 1208px) 100vw, 1208px\" \/><\/p>\n<hr \/>\n<p>Survivor 2026 \u00dcnl\u00fcler-G\u00f6n\u00fcll\u00fcler yar\u0131\u015fmas\u0131nda yeni bir eleme ger\u00e7ekle\u015fti. Bir isim daha Survivor hayallerine veda etmek zorunda kald\u0131. K\u0131ran k\u0131rana ge\u00e7en d\u00fcello finali sonras\u0131 ada hayali yar\u0131m kalan yar\u0131\u015fmac\u0131 Survivor 2026\u2019ya veda etti. 22 Ocak Per\u015fembe 2026 yeni bir eleme heyecan\u0131 ya\u015fand\u0131.<\/p>\n<figure id=\"attachment_294218\" aria-describedby=\"caption-attachment-294218\" style=\"width: 1208px\" class=\"wp-caption alignnone\"><img loading=\"lazy\" decoding=\"async\" class=\"size-full wp-image-294218\" src=\"https:\/\/www.tgrthaber.com\/mavikadin\/wp-content\/uploads\/2026\/01\/Survivor-2026-1-3.jpg\" alt=\"Survivor 2026 elenen isim belli oldu! 22 Ocak Per\u015fembe adaya veda eden ki\u015fi a\u00e7\u0131kland\u0131\" width=\"1208\" height=\"680\" title=\"\" srcset=\"https:\/\/www.tgrthaber.com\/mavikadin\/wp-content\/uploads\/2026\/01\/Survivor-2026-1-3.jpg 1208w, https:\/\/www.tgrthaber.com\/mavikadin\/wp-content\/uploads\/2026\/01\/Survivor-2026-1-3-300x169.jpg 300w, https:\/\/www.tgrthaber.com\/mavikadin\/wp-content\/uploads\/2026\/01\/Survivor-2026-1-3-1024x576.jpg 1024w, https:\/\/www.tgrthaber.com\/mavikadin\/wp-content\/uploads\/2026\/01\/Survivor-2026-1-3-768x432.jpg 768w\" sizes=\"(max-width: 1208px) 100vw, 1208px\" \/><figcaption id=\"caption-attachment-294218\" class=\"wp-caption-text\">&#8211;<\/figcaption><\/figure>\n<hr \/>\n<p>B\u00fcy\u00fck bir ilgiyle takip edilen Survivor 2026\u2019da bu hafta erkekler eleme potas\u0131 vard\u0131. Eleme potas\u0131nda yer alan Eren, Onur Alp, Bayhan ve Erkan d\u00f6rtl\u00fcs\u00fcnden biri Survivor maceras\u0131na veda etti. 1 Ocak Per\u015fembe 2026 tarihinden bu yana t\u00fcm h\u0131z\u0131yla yay\u0131nlanmaya devam eden Survivor 2026 yar\u0131\u015fmas\u0131nda her hafta bir yar\u0131\u015fmac\u0131 adadan ayr\u0131l\u0131yor.<\/p>\n<p><img loading=\"lazy\" decoding=\"async\" class=\"size-full wp-image-294216\" src=\"https:\/\/www.tgrthaber.com\/mavikadin\/wp-content\/uploads\/2026\/01\/Survivor-2026-5-2.jpg\" alt=\"Survivor 2026 elenen isim belli oldu! 22 Ocak Per\u015fembe adaya veda eden ki\u015fi a\u00e7\u0131kland\u0131\" width=\"1208\" height=\"680\" title=\"\" srcset=\"https:\/\/www.tgrthaber.com\/mavikadin\/wp-content\/uploads\/2026\/01\/Survivor-2026-5-2.jpg 1208w, https:\/\/www.tgrthaber.com\/mavikadin\/wp-content\/uploads\/2026\/01\/Survivor-2026-5-2-300x169.jpg 300w, https:\/\/www.tgrthaber.com\/mavikadin\/wp-content\/uploads\/2026\/01\/Survivor-2026-5-2-1024x576.jpg 1024w, https:\/\/www.tgrthaber.com\/mavikadin\/wp-content\/uploads\/2026\/01\/Survivor-2026-5-2-768x432.jpg 768w\" sizes=\"(max-width: 1208px) 100vw, 1208px\" \/><\/p>\n<hr \/>\n<p>\u00dcnl\u00fcler ve G\u00f6n\u00fcll\u00fcler tak\u0131m\u0131n\u0131n m\u00fccadelesinin izleyici kar\u015f\u0131s\u0131na \u00e7\u0131kt\u0131\u011f\u0131 Survivor 2026 yar\u0131\u015fmas\u0131nda birbirinden ba\u015far\u0131l\u0131 bir\u00e7ok isim bulunuyor. TV8 ekranlar\u0131n\u0131n fenomen yar\u0131\u015fma program\u0131 Survivor 2026 \u00dcnl\u00fcler-G\u00f6n\u00fcll\u00fcler t\u00fcm h\u0131z\u0131yla yay\u0131nlanmaya devam ederken, 22 Ocak Per\u015fembe 2026 yar\u0131\u015fmaya kimin veda etti\u011fi belli oldu.<\/p>\n<p><img loading=\"lazy\" decoding=\"async\" class=\"size-full wp-image-294220\" src=\"https:\/\/www.tgrthaber.com\/mavikadin\/wp-content\/uploads\/2026\/01\/Survivor-2026-9.jpg\" alt=\"Survivor 2026 elenen isim belli oldu! 22 Ocak Per\u015fembe adaya veda eden ki\u015fi a\u00e7\u0131kland\u0131\" width=\"1208\" height=\"680\" title=\"\" srcset=\"https:\/\/www.tgrthaber.com\/mavikadin\/wp-content\/uploads\/2026\/01\/Survivor-2026-9.jpg 1208w, https:\/\/www.tgrthaber.com\/mavikadin\/wp-content\/uploads\/2026\/01\/Survivor-2026-9-300x169.jpg 300w, https:\/\/www.tgrthaber.com\/mavikadin\/wp-content\/uploads\/2026\/01\/Survivor-2026-9-1024x576.jpg 1024w, https:\/\/www.tgrthaber.com\/mavikadin\/wp-content\/uploads\/2026\/01\/Survivor-2026-9-768x432.jpg 768w\" sizes=\"(max-width: 1208px) 100vw, 1208px\" \/><\/p>\n<hr \/>\n<h3>22 OCAK PER\u015eEMBE SURV\u0130VOR 2026 ADAYA VEDA EDEN K\u0130\u015e\u0130 A\u00c7IKLANDI!<\/h3>\n<p><a href=\"https:\/\/www.tgrthaber.com\/mavikadin\/dogus-survivor-2026ya-katilacak-mi-dogus-survivor-2026-yarismasina-ne-zaman-dahil-olacak\/\">Survivor 2026<\/a> yar\u0131\u015fmas\u0131nda yeni haftan\u0131n eleme potas\u0131na giren isimler aras\u0131nda; Eren, Onur Alp, Bayhan ve Erkan vard\u0131. Halk oylamas\u0131nda en \u00e7ok oyu olan Bayhan ve Onur Alp eleme potas\u0131ndan kurtulmay\u0131 ba\u015fard\u0131.<\/p>\n<p><img loading=\"lazy\" decoding=\"async\" class=\"size-full wp-image-294214\" src=\"https:\/\/www.tgrthaber.com\/mavikadin\/wp-content\/uploads\/2026\/01\/Survivor-2026-3-2.jpg\" alt=\"Survivor 2026 elenen isim belli oldu! 22 Ocak Per\u015fembe adaya veda eden ki\u015fi a\u00e7\u0131kland\u0131\" width=\"1208\" height=\"680\" title=\"\" srcset=\"https:\/\/www.tgrthaber.com\/mavikadin\/wp-content\/uploads\/2026\/01\/Survivor-2026-3-2.jpg 1208w, https:\/\/www.tgrthaber.com\/mavikadin\/wp-content\/uploads\/2026\/01\/Survivor-2026-3-2-300x169.jpg 300w, https:\/\/www.tgrthaber.com\/mavikadin\/wp-content\/uploads\/2026\/01\/Survivor-2026-3-2-1024x576.jpg 1024w, https:\/\/www.tgrthaber.com\/mavikadin\/wp-content\/uploads\/2026\/01\/Survivor-2026-3-2-768x432.jpg 768w\" sizes=\"(max-width: 1208px) 100vw, 1208px\" \/><\/p>\n<hr \/>\n<p>Eren ve Erkan aras\u0131ndaki nefes kesen d\u00fcello m\u00fccadelesini kazanan isim ise Eren oldu. D\u00fcellonun kaybeden ismi Erkan ise Survivor 2026\u2019dan elenen isim oldu. Survivor adas\u0131na veda eden Erkan, arkada\u015flar\u0131yla vedala\u015f\u0131rken duygusal anlar ya\u015fad\u0131.<\/p>\n<p><img loading=\"lazy\" decoding=\"async\" class=\"size-full wp-image-294217\" src=\"https:\/\/www.tgrthaber.com\/mavikadin\/wp-content\/uploads\/2026\/01\/Survivor-2026-6-2.jpg\" alt=\"Survivor 2026 elenen isim belli oldu! 22 Ocak Per\u015fembe adaya veda eden ki\u015fi a\u00e7\u0131kland\u0131\" width=\"1208\" height=\"680\" title=\"\" srcset=\"https:\/\/www.tgrthaber.com\/mavikadin\/wp-content\/uploads\/2026\/01\/Survivor-2026-6-2.jpg 1208w, https:\/\/www.tgrthaber.com\/mavikadin\/wp-content\/uploads\/2026\/01\/Survivor-2026-6-2-300x169.jpg 300w, https:\/\/www.tgrthaber.com\/mavikadin\/wp-content\/uploads\/2026\/01\/Survivor-2026-6-2-1024x576.jpg 1024w, https:\/\/www.tgrthaber.com\/mavikadin\/wp-content\/uploads\/2026\/01\/Survivor-2026-6-2-768x432.jpg 768w\" sizes=\"(max-width: 1208px) 100vw, 1208px\" \/><\/p>\n<hr \/>\n<p>Kaosun, tart\u0131\u015fmalar\u0131n, kavgan\u0131n ve k\u0131ran k\u0131rana m\u00fccadelenin bir an olsun dur durak bilmedi\u011fi Survivor 2026 yar\u0131\u015fmas\u0131ndan \u015fu ana kadar Keremcem, Selen G\u00f6rg\u00fczel, Dilan \u00c7\u0131tak ve Erkan elenmi\u015f oldu.<\/p>\n","protected":false},"excerpt":{"rendered":"<p>Survivor 2026 yar\u0131\u015fmas\u0131nda elenen en son isim belli oldu. TV8 ekranlar\u0131n\u0131n b\u00fcy\u00fck bir ilgiyle takip edilen yar\u0131\u015fma program\u0131nda 22 Ocak Per\u015fembe adaya veda eden ki\u015fi a\u00e7\u0131kland\u0131. \u0130\u015fte detaylar\u2026<\/p>\n","protected":false},"author":26,"featured_media":294222,"comment_status":"closed","ping_status":"closed","sticky":false,"template":"","format":"standard","meta":{"rank_math_lock_modified_date":false,"footnotes":""},"categories":[76],"tags":[133,2218,63785,71316,71315],"class_list":["post-294212","post","type-post","status-publish","format-standard","has-post-thumbnail","hentry","category-magazin","tag-magazin","tag-magazin-haberleri","tag-survivor-2026","tag-survivor-2026-eleme","tag-survivor-2026-elenen-isim"],"_links":{"self":[{"href":"https:\/\/www.tgrthaber.com\/mavikadin\/wp-json\/wp\/v2\/posts\/294212"}],"collection":[{"href":"https:\/\/www.tgrthaber.com\/mavikadin\/wp-json\/wp\/v2\/posts"}],"about":[{"href":"https:\/\/www.tgrthaber.com\/mavikadin\/wp-json\/wp\/v2\/types\/post"}],"author":[{"embeddable":true,"href":"https:\/\/www.tgrthaber.com\/mavikadin\/wp-json\/wp\/v2\/users\/26"}],"replies":[{"embeddable":true,"href":"https:\/\/www.tgrthaber.com\/mavikadin\/wp-json\/wp\/v2\/comments?post=294212"}],"version-history":[{"count":1,"href":"https:\/\/www.tgrthaber.com\/mavikadin\/wp-json\/wp\/v2\/posts\/294212\/revisions"}],"predecessor-version":[{"id":294223,"href":"https:\/\/www.tgrthaber.com\/mavikadin\/wp-json\/wp\/v2\/posts\/294212\/revisions\/294223"}],"wp:featuredmedia":[{"embeddable":true,"href":"https:\/\/www.tgrthaber.com\/mavikadin\/wp-json\/wp\/v2\/media\/294222"}],"wp:attachment":[{"href":"https:\/\/www.tgrthaber.com\/mavikadin\/wp-json\/wp\/v2\/media?parent=294212"}],"wp:term":[{"taxonomy":"category","embeddable":true,"href":"https:\/\/www.tgrthaber.com\/mavikadin\/wp-json\/wp\/v2\/categories?post=294212"},{"taxonomy":"post_tag","embeddable":true,"href":"https:\/\/www.tgrthaber.com\/mavikadin\/wp-json\/wp\/v2\/tags?post=294212"}],"curies":[{"name":"wp","href":"https:\/\/api.w.org\/{rel}","templated":true}]}}