{"id":294224,"date":"2026-01-23T13:59:59","date_gmt":"2026-01-23T10:59:59","guid":{"rendered":"https:\/\/www.tgrthaber.com\/mavikadin\/?p=294224"},"modified":"2026-01-23T14:00:00","modified_gmt":"2026-01-23T11:00:00","slug":"irem-helvacioglundan-bosanma-iddialari-sonrasi-dikkat-ceken-paylasim-ilk-defa-yuzum-guldu","status":"publish","type":"post","link":"https:\/\/www.tgrthaber.com\/mavikadin\/irem-helvacioglundan-bosanma-iddialari-sonrasi-dikkat-ceken-paylasim-ilk-defa-yuzum-guldu\/","title":{"rendered":"\u0130rem Helvac\u0131o\u011flu\u2019ndan bo\u015fanma iddialar\u0131 sonras\u0131 dikkat \u00e7eken payla\u015f\u0131m! \u2018\u0130lk defa y\u00fcz\u00fcm g\u00fcld\u00fc\u2019"},"content":{"rendered":"<p>Magazin g\u00fcndeminde bo\u015fanma iddialar\u0131yla ad\u0131n\u0131 s\u0131kl\u0131kla duyuran<a href=\"https:\/\/www.tgrthaber.com\/mavikadin\/irem-helvacioglu-ural-kaspar-cifti-bosaniyor-2-ay-once-anne-olmustu\/\"> \u0130rem Helvac\u0131o\u011flu<\/a>, ge\u00e7ti\u011fimiz saatlerde yapm\u0131\u015f oldu\u011fu payla\u015f\u0131mla dikkatleri \u00fczerine \u00e7ekti. \u2018\u0130lk defa y\u00fcz\u00fcm g\u00fcld\u00fc\u2019 diyerek payla\u015f\u0131m yapan \u0130rem Helvac\u0131o\u011flu, hayranlar\u0131n\u0131 duyguland\u0131r\u0131rken yapt\u0131\u011f\u0131 payla\u015f\u0131m manidar bulundu. \u0130\u015fte detaylar\u2026<\/p>\n<h3>\u0130REM HELVACIO\u011eLU\u2019NDAN BO\u015eANMA \u0130DD\u0130ALARI SONRASI D\u0130KKAT \u00c7EKEN PAYLA\u015eIM!<\/h3>\n<p>\u00dcnl\u00fc oyuncu <a href=\"https:\/\/www.tgrthaber.com\/mavikadin\/irem-helvacioglu-ve-ural-kasparin-bosanacagi-iddia-edildi-bebeklerinin-daha-40i-cikmadi\/\">\u0130rem Helvac\u0131o\u011flu<\/a>, magazin g\u00fcndeminde yer almaya devam ediyor. G\u00fcne\u015fin K\u0131zlar\u0131, Sen Anlat Karadeniz ve Y\u00fcrek \u00c7\u0131kmaz\u0131 gibi yap\u0131mlarda yer alan \u00fcnl\u00fc isim, oyunculu\u011funun yan\u0131 s\u0131ra \u00f6zel hayat\u0131yla da dikkatleri \u00fczerine \u00e7ekiyor.<\/p>\n<p><img loading=\"lazy\" decoding=\"async\" class=\"alignnone size-full wp-image-294229\" src=\"https:\/\/www.tgrthaber.com\/mavikadin\/wp-content\/uploads\/2026\/01\/irem-helvacioglu-4-1.jpg\" alt=\"\u0130rem Helvac\u0131o\u011flu\u2019ndan bo\u015fanma iddialar\u0131 sonras\u0131 dikkat \u00e7eken payla\u015f\u0131m! \u2018\u0130lk defa y\u00fcz\u00fcm g\u00fcld\u00fc\u2019\" width=\"1208\" height=\"680\" title=\"\" srcset=\"https:\/\/www.tgrthaber.com\/mavikadin\/wp-content\/uploads\/2026\/01\/irem-helvacioglu-4-1.jpg 1208w, https:\/\/www.tgrthaber.com\/mavikadin\/wp-content\/uploads\/2026\/01\/irem-helvacioglu-4-1-300x169.jpg 300w, https:\/\/www.tgrthaber.com\/mavikadin\/wp-content\/uploads\/2026\/01\/irem-helvacioglu-4-1-1024x576.jpg 1024w, https:\/\/www.tgrthaber.com\/mavikadin\/wp-content\/uploads\/2026\/01\/irem-helvacioglu-4-1-768x432.jpg 768w\" sizes=\"(max-width: 1208px) 100vw, 1208px\" \/><\/p>\n<hr \/>\n<p>28 Ekim\u2019de Ural Kaspar ile d\u00fcnyaevine giren \u0130rem Helvac\u0131o\u011flu, 15 Ekim 2025\u2019te ilk evlad\u0131n\u0131 kuca\u011f\u0131na alm\u0131\u015ft\u0131. Ancak ge\u00e7ti\u011fimiz aylarda e\u015fi Ural Kaspar ile bo\u015fanma iddialar\u0131 ortaya \u00e7\u0131kan \u0130rem Helvac\u0131o\u011flu, evleri bile ay\u0131rd\u0131klar\u0131 iddia edilmi\u015fti.<\/p>\n<p><img loading=\"lazy\" decoding=\"async\" class=\"alignnone size-full wp-image-294230\" src=\"https:\/\/www.tgrthaber.com\/mavikadin\/wp-content\/uploads\/2026\/01\/irem-helvacioglu-5.jpg\" alt=\"\u0130rem Helvac\u0131o\u011flu\u2019ndan bo\u015fanma iddialar\u0131 sonras\u0131 dikkat \u00e7eken payla\u015f\u0131m! \u2018\u0130lk defa y\u00fcz\u00fcm g\u00fcld\u00fc\u2019\" width=\"1208\" height=\"680\" title=\"\" srcset=\"https:\/\/www.tgrthaber.com\/mavikadin\/wp-content\/uploads\/2026\/01\/irem-helvacioglu-5.jpg 1208w, https:\/\/www.tgrthaber.com\/mavikadin\/wp-content\/uploads\/2026\/01\/irem-helvacioglu-5-300x169.jpg 300w, https:\/\/www.tgrthaber.com\/mavikadin\/wp-content\/uploads\/2026\/01\/irem-helvacioglu-5-1024x576.jpg 1024w, https:\/\/www.tgrthaber.com\/mavikadin\/wp-content\/uploads\/2026\/01\/irem-helvacioglu-5-768x432.jpg 768w\" sizes=\"(max-width: 1208px) 100vw, 1208px\" \/><\/p>\n<hr \/>\n<p>Milliyet Cadde\u2019nin haberine g\u00f6re, Ural Kaspar sahip oldu\u011fu kafenin kar\u015f\u0131nda bulunan bir daire de ya\u015famaya ba\u015flad\u0131. Magazin g\u00fcndemine bomba gibi d\u00fc\u015fen bu iddialar sonras\u0131 \u00e7iften bir a\u00e7\u0131klama gelmemi\u015fti. \u0130rem Helvac\u0131o\u011flu magazin g\u00fcndeminde yer alan bo\u015fanma iddialar\u0131na cevap vermezken ge\u00e7ti\u011fimiz saatlerde kendi sosyal medyas\u0131nda yapm\u0131\u015f oldu\u011fu bir payla\u015f\u0131mla dikkatleri \u00fczerine \u00e7ekti.<\/p>\n<p><img loading=\"lazy\" decoding=\"async\" class=\"alignnone size-full wp-image-294228\" src=\"https:\/\/www.tgrthaber.com\/mavikadin\/wp-content\/uploads\/2026\/01\/irem-helvacioglu-3.jpg\" alt=\"\u0130rem Helvac\u0131o\u011flu\u2019ndan bo\u015fanma iddialar\u0131 sonras\u0131 dikkat \u00e7eken payla\u015f\u0131m! \u2018\u0130lk defa y\u00fcz\u00fcm g\u00fcld\u00fc\u2019\" width=\"1208\" height=\"680\" title=\"\" srcset=\"https:\/\/www.tgrthaber.com\/mavikadin\/wp-content\/uploads\/2026\/01\/irem-helvacioglu-3.jpg 1208w, https:\/\/www.tgrthaber.com\/mavikadin\/wp-content\/uploads\/2026\/01\/irem-helvacioglu-3-300x169.jpg 300w, https:\/\/www.tgrthaber.com\/mavikadin\/wp-content\/uploads\/2026\/01\/irem-helvacioglu-3-1024x576.jpg 1024w, https:\/\/www.tgrthaber.com\/mavikadin\/wp-content\/uploads\/2026\/01\/irem-helvacioglu-3-768x432.jpg 768w\" sizes=\"(max-width: 1208px) 100vw, 1208px\" \/><\/p>\n<hr \/>\n<p>K\u0131z\u0131 Sora\u2019y\u0131 kuca\u011f\u0131na ald\u0131\u011f\u0131 g\u00fcnden beri e\u015fi Ural Kaspar ile bo\u015fanaca\u011f\u0131 iddia edilen g\u00fczel oyuncu \u0130rem Helvac\u0131o\u011flu, kendi sosyal medyas\u0131ndan \u2018Asla yapamam demeyin\u2019 diyerek takip\u00e7ilerine k\u0131z\u0131n\u0131n \u00fc\u00e7\u00fcnc\u00fc ay\u0131na \u00f6zel yapt\u0131\u011f\u0131 \u00e7ekimleri payla\u015ft\u0131.<\/p>\n<h3><img loading=\"lazy\" decoding=\"async\" class=\"alignnone size-full wp-image-294227\" src=\"https:\/\/www.tgrthaber.com\/mavikadin\/wp-content\/uploads\/2026\/01\/irem-helvacioglu-2-1.jpg\" alt=\"\u0130rem Helvac\u0131o\u011flu\u2019ndan bo\u015fanma iddialar\u0131 sonras\u0131 dikkat \u00e7eken payla\u015f\u0131m! \u2018\u0130lk defa y\u00fcz\u00fcm g\u00fcld\u00fc\u2019\" width=\"1208\" height=\"680\" title=\"\" srcset=\"https:\/\/www.tgrthaber.com\/mavikadin\/wp-content\/uploads\/2026\/01\/irem-helvacioglu-2-1.jpg 1208w, https:\/\/www.tgrthaber.com\/mavikadin\/wp-content\/uploads\/2026\/01\/irem-helvacioglu-2-1-300x169.jpg 300w, https:\/\/www.tgrthaber.com\/mavikadin\/wp-content\/uploads\/2026\/01\/irem-helvacioglu-2-1-1024x576.jpg 1024w, https:\/\/www.tgrthaber.com\/mavikadin\/wp-content\/uploads\/2026\/01\/irem-helvacioglu-2-1-768x432.jpg 768w\" sizes=\"(max-width: 1208px) 100vw, 1208px\" \/><\/h3>\n<hr \/>\n<h3>\u2018\u0130LK DEFA Y\u00dcZ\u00dcM G\u00dcLD\u00dc\u2019<\/h3>\n<p>Oynad\u0131\u011f\u0131 yap\u0131mlarla dikkatleri \u00fczerine \u00e7eken <a href=\"https:\/\/www.tgrthaber.com\/mavikadin\/irem-helvacioglu-kaza-gecirdi-unlu-oyuncu-bebegi-ve-esiyle-olumden-dondu\/\">\u0130rem Helvac\u0131o\u011flu<\/a>, e\u015fi Ural Kaspar ile ilk evlatlar\u0131n\u0131 ge\u00e7ti\u011fimiz aylarda kucaklar\u0131na alm\u0131\u015flard\u0131. Yeni anne ve baba olan \u00e7ift, bo\u015fanma iddialar\u0131yla da magazin g\u00fcndeminde s\u0131kl\u0131kla yer al\u0131rken konu hakk\u0131nda a\u00e7\u0131klama yapmamalar\u0131 dikkatlerden ka\u00e7mad\u0131.<\/p>\n<p><img loading=\"lazy\" decoding=\"async\" class=\"alignnone size-full wp-image-294226\" src=\"https:\/\/www.tgrthaber.com\/mavikadin\/wp-content\/uploads\/2026\/01\/irem-helvacioglu-1.jpg\" alt=\"\u0130rem Helvac\u0131o\u011flu\u2019ndan bo\u015fanma iddialar\u0131 sonras\u0131 dikkat \u00e7eken payla\u015f\u0131m! \u2018\u0130lk defa y\u00fcz\u00fcm g\u00fcld\u00fc\u2019\" width=\"1208\" height=\"680\" title=\"\" srcset=\"https:\/\/www.tgrthaber.com\/mavikadin\/wp-content\/uploads\/2026\/01\/irem-helvacioglu-1.jpg 1208w, https:\/\/www.tgrthaber.com\/mavikadin\/wp-content\/uploads\/2026\/01\/irem-helvacioglu-1-300x169.jpg 300w, https:\/\/www.tgrthaber.com\/mavikadin\/wp-content\/uploads\/2026\/01\/irem-helvacioglu-1-1024x576.jpg 1024w, https:\/\/www.tgrthaber.com\/mavikadin\/wp-content\/uploads\/2026\/01\/irem-helvacioglu-1-768x432.jpg 768w\" sizes=\"(max-width: 1208px) 100vw, 1208px\" \/><\/p>\n<hr \/>\n<p><a href=\"https:\/\/www.tgrthaber.com\/mavikadin\/bebegini-kucagina-almak-icin-gun-sayan-irem-helvacioglu-duygularini-anlatti-merak-heyecan-sukur\/\">\u0130rem Helvac\u0131o\u011flu<\/a> ise ge\u00e7ti\u011fimiz saatlerde kendi sosyal medyas\u0131ndan yapm\u0131\u015f oldu\u011fu bir payla\u015f\u0131mla dikkatleri \u00fczerine \u00e7ekti. Yapm\u0131\u015f oldu\u011fu payla\u015f\u0131mda k\u0131z\u0131 Sora\u2019n\u0131n \u00fc\u00e7\u00fcnc\u00fc ay \u00e7ekimlerinden kareler payla\u015fan \u0130rem Helvac\u0131o\u011flu, \u2018Asla yapmam demeyin\u2019 diyerek payla\u015f\u0131mlar\u0131na y\u00fcz\u00fcn\u00fcn g\u00fcld\u00fc\u011f\u00fc anlar oldu\u011funu ifade etti.<\/p>\n<p><img loading=\"lazy\" decoding=\"async\" class=\"alignnone size-full wp-image-294225\" src=\"https:\/\/www.tgrthaber.com\/mavikadin\/wp-content\/uploads\/2026\/01\/irem-helvacioglu-7.jpg\" alt=\"\u0130rem Helvac\u0131o\u011flu\u2019ndan bo\u015fanma iddialar\u0131 sonras\u0131 dikkat \u00e7eken payla\u015f\u0131m! \u2018\u0130lk defa y\u00fcz\u00fcm g\u00fcld\u00fc\u2019\" width=\"1208\" height=\"680\" title=\"\" srcset=\"https:\/\/www.tgrthaber.com\/mavikadin\/wp-content\/uploads\/2026\/01\/irem-helvacioglu-7.jpg 1208w, https:\/\/www.tgrthaber.com\/mavikadin\/wp-content\/uploads\/2026\/01\/irem-helvacioglu-7-300x169.jpg 300w, https:\/\/www.tgrthaber.com\/mavikadin\/wp-content\/uploads\/2026\/01\/irem-helvacioglu-7-1024x576.jpg 1024w, https:\/\/www.tgrthaber.com\/mavikadin\/wp-content\/uploads\/2026\/01\/irem-helvacioglu-7-768x432.jpg 768w\" sizes=\"(max-width: 1208px) 100vw, 1208px\" \/><\/p>\n<hr \/>\n<p>Helvac\u0131o\u011flu, &#8220;Asla yapmam! \u0130nsanlar b\u00f6yle \u015feyleri nas\u0131l yap\u0131yor?&#8221; diye konu\u015fmay\u0131n, \u00e7\u00fcnk\u00fc evren mutlaka bu b\u00fcy\u00fck c\u00fcmleleri size yediriyor. \u015eimdi size, yarg\u0131lad\u0131\u011f\u0131m ama yapt\u0131\u011f\u0131m ve bu sorular\u0131n kar\u015f\u0131l\u0131\u011f\u0131nda ilk defa y\u00fcz\u00fcm\u00fc g\u00fcld\u00fcren bir \u015feyi payla\u015faca\u011f\u0131m.&#8221; ifadelerini kulland\u0131. Bu ifadelerden sonra \u0130rem Helvac\u0131o\u011flu\u2019nun payla\u015f\u0131m\u0131 manidar bulunurken, ak\u0131llara bo\u015fanaca\u011f\u0131 iddia edilen e\u015fi Ural Kaspar geldi.<\/p>\n","protected":false},"excerpt":{"rendered":"<p>\u00dcnl\u00fc oyuncu \u0130rem Helvac\u0131o\u011flu, s\u0131k s\u0131k magazin g\u00fcndeminde yerini almaya devam ediyor. \u0130ki Ay \u00f6nce ilk evlad\u0131n\u0131 kuca\u011f\u0131na alan \u0130rem Helvac\u0131o\u011flu, e\u015fi Ural Kaspar\u2019dan bo\u015fanaca\u011f\u0131 y\u00f6n\u00fcndeki iddialardan sonra yapm\u0131\u015f oldu\u011fu payla\u015f\u0131mla dikkatleri \u00fczerine \u00e7ekti. \u0130\u015fte detaylar\u2026<\/p>\n","protected":false},"author":34,"featured_media":294231,"comment_status":"closed","ping_status":"closed","sticky":false,"template":"","format":"standard","meta":{"rank_math_lock_modified_date":false,"footnotes":""},"categories":[76],"tags":[3188,69650,71317,2218],"class_list":["post-294224","post","type-post","status-publish","format-standard","has-post-thumbnail","hentry","category-magazin","tag-irem-helvacioglu","tag-irem-helvacioglu-bosanma-iddiasi","tag-irem-helvacioglu-sosyal-medya-paylasimi","tag-magazin-haberleri"],"_links":{"self":[{"href":"https:\/\/www.tgrthaber.com\/mavikadin\/wp-json\/wp\/v2\/posts\/294224"}],"collection":[{"href":"https:\/\/www.tgrthaber.com\/mavikadin\/wp-json\/wp\/v2\/posts"}],"about":[{"href":"https:\/\/www.tgrthaber.com\/mavikadin\/wp-json\/wp\/v2\/types\/post"}],"author":[{"embeddable":true,"href":"https:\/\/www.tgrthaber.com\/mavikadin\/wp-json\/wp\/v2\/users\/34"}],"replies":[{"embeddable":true,"href":"https:\/\/www.tgrthaber.com\/mavikadin\/wp-json\/wp\/v2\/comments?post=294224"}],"version-history":[{"count":2,"href":"https:\/\/www.tgrthaber.com\/mavikadin\/wp-json\/wp\/v2\/posts\/294224\/revisions"}],"predecessor-version":[{"id":294233,"href":"https:\/\/www.tgrthaber.com\/mavikadin\/wp-json\/wp\/v2\/posts\/294224\/revisions\/294233"}],"wp:featuredmedia":[{"embeddable":true,"href":"https:\/\/www.tgrthaber.com\/mavikadin\/wp-json\/wp\/v2\/media\/294231"}],"wp:attachment":[{"href":"https:\/\/www.tgrthaber.com\/mavikadin\/wp-json\/wp\/v2\/media?parent=294224"}],"wp:term":[{"taxonomy":"category","embeddable":true,"href":"https:\/\/www.tgrthaber.com\/mavikadin\/wp-json\/wp\/v2\/categories?post=294224"},{"taxonomy":"post_tag","embeddable":true,"href":"https:\/\/www.tgrthaber.com\/mavikadin\/wp-json\/wp\/v2\/tags?post=294224"}],"curies":[{"name":"wp","href":"https:\/\/api.w.org\/{rel}","templated":true}]}}